{"id":905,"date":"2020-10-13T12:30:15","date_gmt":"2020-10-13T12:30:15","guid":{"rendered":"https:\/\/www.skechers.com.tr\/blog\/?p=905"},"modified":"2021-05-24T16:39:57","modified_gmt":"2021-05-24T16:39:57","slug":"skechers-ic-astar-yirtigi","status":"publish","type":"post","link":"https:\/\/www.skechers.com.tr\/blog\/skechers-ic-astar-yirtigi\/","title":{"rendered":"Skechers \u0130\u00e7 Astar Y\u0131rt\u0131\u011f\u0131"},"content":{"rendered":"<p><span style=\"font-weight: 400;\">Skechers \u00fcr\u00fcnleri; kaliteli materyalleri, \u015f\u0131k tasar\u0131mlar\u0131 ve uzun \u00f6m\u00fcrl\u00fc \u00f6zellikleriyle kullan\u0131c\u0131lar\u0131n tercihi oluyor. Ancak yanl\u0131\u015f ayakkab\u0131 se\u00e7imi ve kullan\u0131m\u0131 \u00fcr\u00fcnlerde deformasyon yaratabiliyor. Skechers ayakkab\u0131lar\u0131n kullan\u0131m \u00f6nerilerini dikkate alarak ayakkab\u0131lar\u0131n ilk g\u00fcnk\u00fc formuyla uzun s\u00fcre sana e\u015flik etmesini sa\u011flayabilirsin. \u00dcr\u00fcnleri kullanmadan \u00f6nce bak\u0131m ve kullan\u0131m talimatlar\u0131n\u0131 dikkatle incelemen yeterli oluyor. Hem g\u00fcnl\u00fck hayatta hem de egzersiz s\u0131ras\u0131nda konfor vadeden ayakkab\u0131lar, kullan\u0131m \u00f6nerileri dikkate al\u0131nd\u0131\u011f\u0131nda \u00e7ok daha uzun s\u00fcre ilk g\u00fcnk\u00fc formunda kullan\u0131labiliyor. Sayas\u0131ndan i\u00e7 taban\u0131na, kal\u0131b\u0131ndan taban\u0131na dek kaliteli materyaller ve tasar\u0131m detaylar\u0131yla donat\u0131lan modellerin her biri, en mutlu anlar\u0131nda seninle olmak i\u00e7in haz\u0131rlan\u0131yor. Uzun g\u00fcnler, yorucu \u00e7al\u0131\u015fma saatleri, yo\u011fun antrenmanlar s\u0131ras\u0131nda bile ayaklar\u0131nda varl\u0131\u011f\u0131n\u0131 hissettirmeyecek kadar hafif ve rahat olan Skechers ayakkab\u0131 modellerini hak ediyorsun. Kim bu konfordan k\u0131sa s\u00fcrede \u00f6d\u00fcn vermek ister ki? Kullan\u0131c\u0131 hatas\u0131ndan kaynaklanan problemlerden dolay\u0131 ayakkab\u0131lar\u0131n\u0131n zarar g\u00f6rmemesi i\u00e7in onlar\u0131 daha yak\u0131ndan tan\u0131mal\u0131 ve ayakkab\u0131lar\u0131na \u00f6zen g\u00f6stermeyi ihmal etmemelisin. \u00dcstelik sorunlar\u0131n \u00f6n\u00fcne ge\u00e7mek i\u00e7in sadece k\u00fc\u00e7\u00fck detaylara dikkat etmek yeterli oluyor.\u00a0<\/span><\/p>\n<h2><b>Skechers \u0130\u00e7 Astar\u0131 Nas\u0131ld\u0131r?<\/b><\/h2>\n<p><span style=\"font-weight: 400;\">Skechers ayakkab\u0131lar\u0131n t\u00fcm k\u0131s\u0131mlar\u0131, \u00fcst\u00fcn kalitedeki malzemelerden yap\u0131l\u0131yor. Saya da taban da ayn\u0131 \u00f6zenle, dikkat ve i\u015f\u00e7ilik kalitesi ile tasarlan\u0131yor. Peki i\u00e7 astar? Ayakkab\u0131lar\u0131n i\u00e7 taban\u0131n\u0131n ve fort k\u0131sm\u0131n\u0131n \u00fczerinde p\u00fcr\u00fczs\u00fcz astar yer al\u0131yor. \u00dcst\u00fcn kalitedeki kuma\u015ftan olu\u015fan astar\u0131 daha iyi tan\u0131mak i\u00e7in ayakkab\u0131 anatomisine yak\u0131ndan bakmal\u0131s\u0131n. Ayakkab\u0131lar\u0131n d\u0131\u015f b\u00f6l\u00fcm\u00fc saya, alt k\u0131sm\u0131 taban olarak an\u0131l\u0131yor. Fort, ise ayakkab\u0131n\u0131n sayas\u0131nda bulunuyor. Modellerin arka k\u0131sm\u0131n\u0131n dik durmas\u0131n\u0131 sa\u011flayan b\u00f6l\u00fcme deniyor. Ayakkab\u0131n\u0131n formunu korumas\u0131 i\u00e7in d\u0131\u015f b\u00f6l\u00fcm ile astar aras\u0131na koyulan par\u00e7a, sertli\u011fi ile dik duru\u015f sa\u011fl\u0131yor. Bu b\u00f6l\u00fcm\u00fc daha iyi anlaman i\u00e7in bir\u00e7ok ki\u015finin ayakkab\u0131lar\u0131 giymeden arka k\u0131sm\u0131n\u0131 i\u00e7eri k\u0131v\u0131r\u0131p \u00fcst\u00fcne bast\u0131\u011f\u0131 alan diyebiliriz. Estetik a\u00e7\u0131dan k\u00f6t\u00fc bir g\u00f6r\u00fcnt\u00fc olu\u015fturan bu hamle, ayn\u0131 zamanda ayakkab\u0131n\u0131n sa\u011fl\u0131\u011f\u0131 i\u00e7in yap\u0131lacak en kusurlu hareketlerden biri oluyor. Fort k\u0131sm\u0131n\u0131n \u00fcst\u00fcne basmak, bu sert b\u00f6l\u00fcm\u00fc i\u00e7eri do\u011fru k\u0131v\u0131rmak, k\u0131r\u0131lmaya yol a\u00e7t\u0131\u011f\u0131 i\u00e7in bir daha telafi edilemez sorunlar ortaya \u00e7\u0131k\u0131yor. \u00dcst\u00fc astarla kapl\u0131 olan fort k\u0131sm\u0131n\u0131n yan\u0131 s\u0131ra i\u00e7 taban\u0131n \u00fcst\u00fcnde de astar yer al\u0131yor. Skechers\u2019\u0131n ikonik i\u00e7 tabanlar\u0131n\u0131n en \u00fcst katman\u0131na astar deniyor. \u0130\u00e7 taban\u0131 kaplayan astarlar Memory Foam, Air Cooled Memory Foam gibi Skechers\u2019a \u00f6zel haf\u0131zal\u0131 s\u00fcnger tabanlar ile ayak y\u00fczeyi aras\u0131nda kendine yer buluyor.\u00a0<\/span><\/p>\n<h3><b>Skechers \u0130\u00e7 Astar\u0131 Y\u0131rt\u0131l\u0131yor mu?<\/b><\/h3>\n<p><span style=\"font-weight: 400;\">Skechers modellerinde yer alan astar, en kaliteli malzemelerden yap\u0131lsa, en iyi i\u015f\u00e7ilikle tasarlansa dahi yanl\u0131\u015f kullan\u0131m nedeniyle y\u0131rt\u0131labiliyor. Fort k\u0131sm\u0131ndaki i\u00e7 astar\u0131n y\u0131rt\u0131lmas\u0131na iki farkl\u0131 hata neden oluyor. Ayakkab\u0131n\u0131 kerata kullan\u0131lmadan giyilmesi deformasyonun olu\u015fmas\u0131na zemin haz\u0131rl\u0131yor. Fort, yani ayakkab\u0131n\u0131n arka deste\u011fi, \u00fczerinde yer alan astar, \u00e7ekecek kullan\u0131lmad\u0131\u011f\u0131nda olu\u015fan fazla s\u00fcrt\u00fcnme nedeniyle zaman i\u00e7inde y\u0131pran\u0131yor. Ayakkab\u0131lar\u0131 her giyi\u015fte olu\u015fan s\u00fcrt\u00fcnme kuvveti, y\u00fczeyi h\u0131zla a\u015f\u0131nd\u0131r\u0131yor. Oysa sadece \u00e7ekecek kullanmay\u0131 al\u0131\u015fkanl\u0131k haline getirerek bu sorunun \u00f6n\u00fcne ge\u00e7ebilirsin.\u00a0<\/span><\/p>\n<p><span style=\"font-weight: 400;\">Arka b\u00f6l\u00fcmdeki astar\u0131n y\u0131rt\u0131lmas\u0131n\u0131n bir di\u011fer sebebi ise ayakkab\u0131lar\u0131n fort k\u0131sm\u0131na bas\u0131larak giyilmesi ile ili\u015fkilendiriliyor. Ayakkab\u0131lar\u0131 aya\u011f\u0131na ge\u00e7irmeden, arka k\u0131sm\u0131 k\u0131rarak giydi\u011finde yaln\u0131z sert b\u00f6l\u00fcm zarar g\u00f6rm\u00fcyor, astar kuma\u015flar da y\u0131rt\u0131l\u0131yor. Zaman i\u00e7inde, fortu kaplayan sayan\u0131n da d\u0131\u015far\u0131dan g\u00f6r\u00fcn\u00fcr \u015fekilde deforme oldu\u011funu g\u00f6rebilirsin. \u00d6zellikle <a href=\"https:\/\/www.skechers.com.tr\/erkek-kosu-ayakkabilari-c-2005?utm_source=blog&amp;utm_medium=content&amp;utm_campaign=skechers-ic-astar-yirtigi&amp;utm_term=2005\">ko\u015fu ayakkab\u0131s\u0131<\/a> modellerinde, plastik t\u00fcrevi fortlar i\u00e7 astara de\u011fil de d\u0131\u015far\u0131dan g\u00f6r\u00fcnecek \u015fekilde, ayakkab\u0131lar\u0131n sayas\u0131na yap\u0131\u015ft\u0131r\u0131l\u0131yor. Bu tasar\u0131m, i\u00e7 astar\u0131n y\u0131rt\u0131lmas\u0131n\u0131 \u00f6nl\u00fcyor ancak yanl\u0131\u015f kullan\u0131m bu kez fortun ba\u015flang\u0131\u00e7 ve biti\u015f noktalar\u0131nda y\u0131rt\u0131lmalar meydana getiriyor. Yanl\u0131\u015f kullan\u0131m\u0131n uzun s\u00fcre tekrarlanmas\u0131 halinde, fort b\u00f6l\u00fcm\u00fcn\u00fcn s\u0131n\u0131rlar\u0131 b\u00fcy\u00fck oranda deforme oluyor.\u00a0<\/span><\/p>\n<figure id=\"attachment_907\" aria-describedby=\"caption-attachment-907\" style=\"width: 480px\" class=\"wp-caption aligncenter\"><img decoding=\"async\" loading=\"lazy\" class=\"size-full wp-image-907\" src=\"https:\/\/www.skechers.com.tr\/blog\/wp-content\/uploads\/2020\/10\/04-1.jpg\" alt=\"\" width=\"480\" height=\"600\" srcset=\"https:\/\/www.skechers.com.tr\/blog\/wp-content\/uploads\/2020\/10\/04-1.jpg 480w, https:\/\/www.skechers.com.tr\/blog\/wp-content\/uploads\/2020\/10\/04-1-240x300.jpg 240w\" sizes=\"(max-width: 480px) 100vw, 480px\" \/><figcaption id=\"caption-attachment-907\" class=\"wp-caption-text\">Skechers \u0130\u00e7 Astar\u0131 Y\u0131rt\u0131l\u0131yor mu?<\/figcaption><\/figure>\n<h3><b>Skechers Topuk \u0130\u00e7 Astar Y\u0131rt\u0131lmas\u0131<\/b><\/h3>\n<p><span style=\"font-weight: 400;\">Kimi kullan\u0131c\u0131lar, spor ayakkab\u0131 modellerinin topuklar\u0131nda olu\u015fan i\u00e7 astar y\u0131rt\u0131\u011f\u0131ndan \u015fikayet edebiliyor. Oysa do\u011fru ayakkab\u0131 se\u00e7ildi\u011finde, kullan\u0131m \u00f6nerilerine uyuldu\u011funda, deformasyonun kolayl\u0131kla \u00f6n\u00fcne ge\u00e7iliyor. \u0130\u00e7 taban \u00fczerindeki astar\u0131n y\u0131rt\u0131lmamas\u0131 i\u00e7in ayakkab\u0131n\u0131n aya\u011f\u0131na uygun oldu\u011fundan emin olmal\u0131s\u0131n. E\u011fer al\u0131nan ayakkab\u0131 ayak yap\u0131s\u0131na uygun de\u011filse, i\u00e7 astar\u0131n topuk b\u00f6l\u00fcm\u00fc a\u015f\u0131n\u0131yor. \u00d6rne\u011fin e\u011fer aya\u011f\u0131n tarakl\u0131ysa ve ayak anatomine uygun rahat bir ayakkab\u0131 se\u00e7mediysen, topuklar\u0131n astar\u0131n\u0131n a\u015f\u0131nd\u0131\u011f\u0131n\u0131 g\u00f6rebilirsin. Ayakkab\u0131n\u0131n ayak \u00e7evresini nazik\u00e7e sarmas\u0131, aya\u011f\u0131n konforla hareket etmesi, yap\u0131lan egzersize ve bas\u0131\u015f tipine uygun modellerin giyilmesi, astar\u0131n korunmas\u0131n\u0131n da garanti veriyor.\u00a0<\/span><\/p>\n<p><span style=\"font-weight: 400;\">Benzer sorunlar, ayaklarda a\u015f\u0131r\u0131 terleme oldu\u011funda da meydana geliyor. Ayakkab\u0131n\u0131n i\u00e7indeki nem, buhar, \u0131s\u0131 ve terle yay\u0131lan bakteriler, yeterli havaland\u0131rma olmad\u0131\u011f\u0131nda ayakkab\u0131n\u0131n i\u00e7inde hem koku hem de deformasyona neden oluyor. Skechers, bu nedenle g\u00fcn a\u015f\u0131r\u0131 giyme kural\u0131n\u0131 kullan\u0131c\u0131lar\u0131na hat\u0131rlat\u0131yor. Yani spor ayakkab\u0131y\u0131 giydikten sonra 1 g\u00fcn a\u00e7\u0131k havada havaland\u0131rmaya \u00f6zen g\u00f6stermeli, verdi\u011fin bir g\u00fcn aran\u0131n ard\u0131ndan yeniden ayakkab\u0131y\u0131 kullanmaya ba\u015flamal\u0131s\u0131n. B\u00f6ylece i\u00e7 y\u00fczeydeki nem, bakteri ve ter ortadan kalk\u0131yor. Oysa, her g\u00fcn giyilen, havaland\u0131r\u0131lmayan modeller, daha \u00e7abuk a\u015f\u0131n\u0131yor. Terle \u0131slanan ayakkab\u0131lar, kullan\u0131m s\u0131ras\u0131ndaki a\u015f\u0131nma ve iplik atmaya ba\u011fl\u0131 olarak i\u00e7 astarda y\u0131rt\u0131lma olu\u015fturuyor. \u00dcstelik bu deformasyon k\u00f6t\u00fc kokuyu da beraberinde getiriyor. Ayakkab\u0131 astar\u0131n\u0131n nemlenmesini azaltmak i\u00e7in modelleri \u00e7oraps\u0131z giymemeye de \u00f6zen g\u00f6stermelisin. \u00c7\u0131plak ayakla giyilen ayakkab\u0131lar\u0131n i\u00e7inde \u00f6l\u00fc deriler ve ter deformasyon olu\u015fumuna h\u0131z veriyor. Sen de ayakkab\u0131n\u0131n astar\u0131n\u0131n p\u00fcr\u00fczs\u00fczl\u00fc\u011f\u00fcn\u00fc korumas\u0131 ve konfor vadetmeye devam etmesi i\u00e7in Skechers\u2019a kulak verebilir, t\u00fcm \u00f6nerileri uygulayarak uzun s\u00fcre ayakkab\u0131lar\u0131n\u0131 keyifle giymeyi s\u00fcrd\u00fcrebilirsin.<\/span><\/p>\n<figure id=\"attachment_906\" aria-describedby=\"caption-attachment-906\" style=\"width: 480px\" class=\"wp-caption aligncenter\"><img decoding=\"async\" loading=\"lazy\" class=\"size-full wp-image-906\" src=\"https:\/\/www.skechers.com.tr\/blog\/wp-content\/uploads\/2020\/10\/01-2.jpg\" alt=\"\" width=\"480\" height=\"600\" srcset=\"https:\/\/www.skechers.com.tr\/blog\/wp-content\/uploads\/2020\/10\/01-2.jpg 480w, https:\/\/www.skechers.com.tr\/blog\/wp-content\/uploads\/2020\/10\/01-2-240x300.jpg 240w\" sizes=\"(max-width: 480px) 100vw, 480px\" \/><figcaption id=\"caption-attachment-906\" class=\"wp-caption-text\">Skechers \u0130\u00e7 Astar\u0131 Nas\u0131ld\u0131r?<\/figcaption><\/figure>\n<h3><b>Skechers \u0130\u00e7 Astar Y\u0131rt\u0131lmas\u0131 Tamiri<\/b><\/h3>\n<p><span style=\"font-weight: 400;\">Skechers ayakkab\u0131larda astar y\u0131rt\u0131lmas\u0131 sorunu ya\u015fand\u0131\u011f\u0131nda t\u00fcketiciler, \u00fcr\u00fcnleri inceleme i\u00e7in Skechers\u2019a g\u00f6nderebiliyor. Marka, sorunun \u00fcretimden mi yoksa yukar\u0131da bahsedilen kullan\u0131c\u0131 hatalar\u0131ndan m\u0131 kaynakland\u0131\u011f\u0131n\u0131 inceleyerek raporluyor.\u00a0 Ancak belirtilmesi gereken birka\u00e7 \u00f6nemli nokta bulunuyor. Skechers, fort k\u0131sm\u0131 k\u0131r\u0131lan ayakkab\u0131lara<\/span><span style=\"font-weight: 400;\"> hi\u00e7bir ko\u015fulda m\u00fcdahale etmiyor. Direkt t\u00fcketici hatas\u0131n\u0131n i\u015fareti olan bu sorunun yan\u0131 s\u0131ra inceleme esnas\u0131nda \u00fcr\u00fcn kullan\u0131m \u00f6nerilerine uyulup uyulmad\u0131\u011f\u0131 da belirlenebiliyor. <\/span><span style=\"font-weight: 400;\">T\u00fcketicilere, edinilen bilgiler \u0131\u015f\u0131\u011f\u0131nda d\u00f6n\u00fc\u015f sa\u011flan\u0131yor. Skechers, \u00fcretim kaynakl\u0131 problemlerde \u00fcr\u00fcn de\u011fi\u015fimi yoluna gidebiliyor ancak sorun, kullan\u0131c\u0131 hatalar\u0131ndan, yanl\u0131\u015f \u00fcr\u00fcn se\u00e7iminden kaynaklan\u0131yorsa, marka taraf\u0131ndan herhangi bir aksiyon al\u0131nm\u0131yor. T\u00fcketiciler, i\u00e7 astar y\u0131rt\u0131lmas\u0131 problemlerini kendi imkanlar\u0131yla, ayakkab\u0131 tamircileri vas\u0131tas\u0131yla kamufle etmeyi tercih etse de konfor a\u00e7\u0131s\u0131ndan Skechers tasar\u0131mlar\u0131n\u0131n, materyallerinin yeri tutulam\u0131yor. Astar y\u0131rt\u0131\u011f\u0131 i\u00e7 tabanda oldu\u011funda, bir\u00e7ok ki\u015fi tabanl\u0131k de\u011fi\u015fimi yaparak, sorunu ortadan kald\u0131rmaya \u00e7al\u0131\u015f\u0131yor. Bu durumda da Skechers\u2019\u0131n orijinal haf\u0131zal\u0131 taban teknolojilerinin rahatl\u0131\u011f\u0131 bulunam\u0131yor. T\u00fcketiciler, yeni ayakkab\u0131lar alarak al\u0131\u015ft\u0131klar\u0131 rahatl\u0131\u011fa yeniden ula\u015fabiliyor.\u00a0<\/span><\/p>\n<p><span style=\"font-weight: 400;\">En rahat ayakkab\u0131lar\u0131 giymek, hayat\u0131n en konforlu halini deneyimlemek i\u00e7in vakit kaybetmene gerek yok. Biraz \u00f6zen ve dikkatle, Skechers sneakerlar\u0131n\u0131 \u00e7ok daha uzun s\u00fcre ilk g\u00fcnk\u00fc formuyla kullanabilirsin. Onlardan vazge\u00e7mek, bu rahatl\u0131\u011fa biraz ara vermek \u00e7ok zor\u2026 Ancak bir g\u00fcn kulland\u0131ktan sonra ayakkab\u0131lar\u0131n\u0131 bir g\u00fcn dinlendirerek onlarla ge\u00e7irece\u011fin y\u00fczlerce yeni g\u00fcn\u00fc kendine arma\u011fan edebilirsin. Ayakkab\u0131lar\u0131 her zaman tam olarak aya\u011fa ge\u00e7irmek zor gelebiliyor, \u00e7ekecek ta\u015f\u0131mak yerine ayakkab\u0131y\u0131 zorlayarak aya\u011fa ge\u00e7irmek daha kolay g\u00f6r\u00fcnebiliyor. Ayakkab\u0131 giyerken \u00fcst\u00fcne basmak yerine birka\u00e7 saniye daha ay\u0131rarak ba\u011fc\u0131klar\u0131 gev\u015fetebilir ve ayakkab\u0131y\u0131 h\u0131zla giyebilirsin. \u00dcstelik Skechers\u2019lar\u0131n \u00e7ekme halkalar\u0131 ve quick fit \u00f6zellikleri de giyimi kolayla\u015ft\u0131r\u0131yor. Sen de Skechers ayakkab\u0131 modellerini inceleyerek diledi\u011fin \u00fcr\u00fcn\u00fc sipari\u015f verebilir, kullan\u0131m y\u00f6nergelerine uyarak herhangi bir deformasyon problemi ya\u015famadan konforun keyfini s\u00fcrebilirsin.\u00a0<\/span><\/p>\n","protected":false},"excerpt":{"rendered":"<p>Skechers \u00fcr\u00fcnleri; kaliteli materyalleri, \u015f\u0131k tasar\u0131mlar\u0131 ve uzun \u00f6m\u00fcrl\u00fc \u00f6zellikleriyle kullan\u0131c\u0131lar\u0131n tercihi oluyor. Ancak yanl\u0131\u015f ayakkab\u0131 se\u00e7imi ve kullan\u0131m\u0131 \u00fcr\u00fcnlerde deformasyon yaratabiliyor. Skechers ayakkab\u0131lar\u0131n kullan\u0131m \u00f6nerilerini dikkate alarak ayakkab\u0131lar\u0131n ilk g\u00fcnk\u00fc formuyla uzun s\u00fcre sana e\u015flik etmesini sa\u011flayabilirsin. \u00dcr\u00fcnleri kullanmadan \u00f6nce bak\u0131m ve kullan\u0131m talimatlar\u0131n\u0131 dikkatle incelemen yeterli oluyor. Hem g\u00fcnl\u00fck hayatta hem de egzersiz [&hellip;]<\/p>\n","protected":false},"author":1,"featured_media":908,"comment_status":"open","ping_status":"open","sticky":false,"template":"","format":"standard","meta":[],"categories":[4],"tags":[],"yoast_head":"<!-- This site is optimized with the Yoast SEO plugin v18.5.1 - https:\/\/yoast.com\/wordpress\/plugins\/seo\/ -->\n<title>Skechers \u0130\u00e7 Astar Y\u0131rt\u0131\u011f\u0131 - Skechers Blog | Skechers \u0130\u00e7 Astar\u0131 Nas\u0131ld\u0131r?<\/title>\n<meta name=\"description\" content=\"Skechers i\u00e7 astar y\u0131rt\u0131\u011f\u0131 sorunu neden olur, nas\u0131l \u00f6nlenir, Skechers i\u00e7 astar\u0131 nas\u0131ld\u0131r t\u00fcm detaylar\u0131 \u00f6\u011frenmek i\u00e7inhemen t\u0131kla.\" \/>\n<meta name=\"robots\" content=\"index, follow, max-snippet:-1, max-image-preview:large, max-video-preview:-1\" \/>\n<link rel=\"canonical\" href=\"https:\/\/www.skechers.com.tr\/blog\/skechers-ic-astar-yirtigi\/\" \/>\n<meta property=\"og:locale\" content=\"tr_TR\" \/>\n<meta property=\"og:type\" content=\"article\" \/>\n<meta property=\"og:title\" content=\"Skechers \u0130\u00e7 Astar Y\u0131rt\u0131\u011f\u0131 - Skechers Blog | Skechers \u0130\u00e7 Astar\u0131 Nas\u0131ld\u0131r?\" \/>\n<meta property=\"og:description\" content=\"Skechers i\u00e7 astar y\u0131rt\u0131\u011f\u0131 sorunu neden olur, nas\u0131l \u00f6nlenir, Skechers i\u00e7 astar\u0131 nas\u0131ld\u0131r t\u00fcm detaylar\u0131 \u00f6\u011frenmek i\u00e7inhemen t\u0131kla.\" \/>\n<meta property=\"og:url\" content=\"https:\/\/www.skechers.com.tr\/blog\/skechers-ic-astar-yirtigi\/\" \/>\n<meta property=\"og:site_name\" content=\"Skechers Blog\" \/>\n<meta property=\"article:published_time\" content=\"2020-10-13T12:30:15+00:00\" \/>\n<meta property=\"article:modified_time\" content=\"2021-05-24T16:39:57+00:00\" \/>\n<meta property=\"og:image\" content=\"https:\/\/www.skechers.com.tr\/blog\/wp-content\/uploads\/2020\/10\/MRKTG_SP20_W_SPORT_SHOELACE_36x18_V1-1.jpg\" \/>\n\t<meta property=\"og:image:width\" content=\"750\" \/>\n\t<meta property=\"og:image:height\" content=\"375\" \/>\n\t<meta property=\"og:image:type\" content=\"image\/jpeg\" \/>\n<meta name=\"twitter:card\" content=\"summary_large_image\" \/>\n<meta name=\"twitter:label1\" content=\"Yazan:\" \/>\n\t<meta name=\"twitter:data1\" content=\"Skechers T\u00fcrkiye\" \/>\n\t<meta name=\"twitter:label2\" content=\"Tahmini okuma s\u00fcresi\" \/>\n\t<meta name=\"twitter:data2\" content=\"5 dakika\" \/>\n<script type=\"application\/ld+json\" class=\"yoast-schema-graph\">{\"@context\":\"https:\/\/schema.org\",\"@graph\":[{\"@type\":\"WebSite\",\"@id\":\"https:\/\/www.skechers.com.tr\/blog\/#website\",\"url\":\"https:\/\/www.skechers.com.tr\/blog\/\",\"name\":\"Skechers Blog\",\"description\":\"Skechers\",\"potentialAction\":[{\"@type\":\"SearchAction\",\"target\":{\"@type\":\"EntryPoint\",\"urlTemplate\":\"https:\/\/www.skechers.com.tr\/blog\/?s={search_term_string}\"},\"query-input\":\"required name=search_term_string\"}],\"inLanguage\":\"tr\"},{\"@type\":\"ImageObject\",\"@id\":\"https:\/\/www.skechers.com.tr\/blog\/skechers-ic-astar-yirtigi\/#primaryimage\",\"inLanguage\":\"tr\",\"url\":\"https:\/\/www.skechers.com.tr\/blog\/wp-content\/uploads\/2020\/10\/MRKTG_SP20_W_SPORT_SHOELACE_36x18_V1-1.jpg\",\"contentUrl\":\"https:\/\/www.skechers.com.tr\/blog\/wp-content\/uploads\/2020\/10\/MRKTG_SP20_W_SPORT_SHOELACE_36x18_V1-1.jpg\",\"width\":750,\"height\":375,\"caption\":\"Skechers \u0130\u00e7 Astar\u0131 Y\u0131rt\u0131l\u0131yor mu?\"},{\"@type\":\"WebPage\",\"@id\":\"https:\/\/www.skechers.com.tr\/blog\/skechers-ic-astar-yirtigi\/#webpage\",\"url\":\"https:\/\/www.skechers.com.tr\/blog\/skechers-ic-astar-yirtigi\/\",\"name\":\"Skechers \u0130\u00e7 Astar Y\u0131rt\u0131\u011f\u0131 - Skechers Blog | Skechers \u0130\u00e7 Astar\u0131 Nas\u0131ld\u0131r?\",\"isPartOf\":{\"@id\":\"https:\/\/www.skechers.com.tr\/blog\/#website\"},\"primaryImageOfPage\":{\"@id\":\"https:\/\/www.skechers.com.tr\/blog\/skechers-ic-astar-yirtigi\/#primaryimage\"},\"datePublished\":\"2020-10-13T12:30:15+00:00\",\"dateModified\":\"2021-05-24T16:39:57+00:00\",\"author\":{\"@id\":\"https:\/\/www.skechers.com.tr\/blog\/#\/schema\/person\/6d09a0595696524814757d23d22b4c33\"},\"description\":\"Skechers i\u00e7 astar y\u0131rt\u0131\u011f\u0131 sorunu neden olur, nas\u0131l \u00f6nlenir, Skechers i\u00e7 astar\u0131 nas\u0131ld\u0131r t\u00fcm detaylar\u0131 \u00f6\u011frenmek i\u00e7inhemen t\u0131kla.\",\"breadcrumb\":{\"@id\":\"https:\/\/www.skechers.com.tr\/blog\/skechers-ic-astar-yirtigi\/#breadcrumb\"},\"inLanguage\":\"tr\",\"potentialAction\":[{\"@type\":\"ReadAction\",\"target\":[\"https:\/\/www.skechers.com.tr\/blog\/skechers-ic-astar-yirtigi\/\"]}]},{\"@type\":\"BreadcrumbList\",\"@id\":\"https:\/\/www.skechers.com.tr\/blog\/skechers-ic-astar-yirtigi\/#breadcrumb\",\"itemListElement\":[{\"@type\":\"ListItem\",\"position\":1,\"name\":\"Skechers \u0130\u00e7 Astar Y\u0131rt\u0131\u011f\u0131\"}]},{\"@type\":\"Person\",\"@id\":\"https:\/\/www.skechers.com.tr\/blog\/#\/schema\/person\/6d09a0595696524814757d23d22b4c33\",\"name\":\"Skechers T\u00fcrkiye\",\"image\":{\"@type\":\"ImageObject\",\"@id\":\"https:\/\/www.skechers.com.tr\/blog\/#personlogo\",\"inLanguage\":\"tr\",\"url\":\"https:\/\/secure.gravatar.com\/avatar\/0fc2191869a9a020b4606acf264338ae?s=96&d=mm&r=g\",\"contentUrl\":\"https:\/\/secure.gravatar.com\/avatar\/0fc2191869a9a020b4606acf264338ae?s=96&d=mm&r=g\",\"caption\":\"Skechers T\u00fcrkiye\"},\"description\":\"Skechers spor ayakkab\u0131 \u00fcr\u00fcnleri ile rahatl\u0131\u011f\u0131 ve kaliteyi hisset!\"}]}<\/script>\n<!-- \/ Yoast SEO plugin. -->","yoast_head_json":{"title":"Skechers \u0130\u00e7 Astar Y\u0131rt\u0131\u011f\u0131 - Skechers Blog | Skechers \u0130\u00e7 Astar\u0131 Nas\u0131ld\u0131r?","description":"Skechers i\u00e7 astar y\u0131rt\u0131\u011f\u0131 sorunu neden olur, nas\u0131l \u00f6nlenir, Skechers i\u00e7 astar\u0131 nas\u0131ld\u0131r t\u00fcm detaylar\u0131 \u00f6\u011frenmek i\u00e7inhemen t\u0131kla.","robots":{"index":"index","follow":"follow","max-snippet":"max-snippet:-1","max-image-preview":"max-image-preview:large","max-video-preview":"max-video-preview:-1"},"canonical":"https:\/\/www.skechers.com.tr\/blog\/skechers-ic-astar-yirtigi\/","og_locale":"tr_TR","og_type":"article","og_title":"Skechers \u0130\u00e7 Astar Y\u0131rt\u0131\u011f\u0131 - Skechers Blog | Skechers \u0130\u00e7 Astar\u0131 Nas\u0131ld\u0131r?","og_description":"Skechers i\u00e7 astar y\u0131rt\u0131\u011f\u0131 sorunu neden olur, nas\u0131l \u00f6nlenir, Skechers i\u00e7 astar\u0131 nas\u0131ld\u0131r t\u00fcm detaylar\u0131 \u00f6\u011frenmek i\u00e7inhemen t\u0131kla.","og_url":"https:\/\/www.skechers.com.tr\/blog\/skechers-ic-astar-yirtigi\/","og_site_name":"Skechers Blog","article_published_time":"2020-10-13T12:30:15+00:00","article_modified_time":"2021-05-24T16:39:57+00:00","og_image":[{"width":750,"height":375,"url":"https:\/\/www.skechers.com.tr\/blog\/wp-content\/uploads\/2020\/10\/MRKTG_SP20_W_SPORT_SHOELACE_36x18_V1-1.jpg","type":"image\/jpeg"}],"twitter_card":"summary_large_image","twitter_misc":{"Yazan:":"Skechers T\u00fcrkiye","Tahmini okuma s\u00fcresi":"5 dakika"},"schema":{"@context":"https:\/\/schema.org","@graph":[{"@type":"WebSite","@id":"https:\/\/www.skechers.com.tr\/blog\/#website","url":"https:\/\/www.skechers.com.tr\/blog\/","name":"Skechers Blog","description":"Skechers","potentialAction":[{"@type":"SearchAction","target":{"@type":"EntryPoint","urlTemplate":"https:\/\/www.skechers.com.tr\/blog\/?s={search_term_string}"},"query-input":"required name=search_term_string"}],"inLanguage":"tr"},{"@type":"ImageObject","@id":"https:\/\/www.skechers.com.tr\/blog\/skechers-ic-astar-yirtigi\/#primaryimage","inLanguage":"tr","url":"https:\/\/www.skechers.com.tr\/blog\/wp-content\/uploads\/2020\/10\/MRKTG_SP20_W_SPORT_SHOELACE_36x18_V1-1.jpg","contentUrl":"https:\/\/www.skechers.com.tr\/blog\/wp-content\/uploads\/2020\/10\/MRKTG_SP20_W_SPORT_SHOELACE_36x18_V1-1.jpg","width":750,"height":375,"caption":"Skechers \u0130\u00e7 Astar\u0131 Y\u0131rt\u0131l\u0131yor mu?"},{"@type":"WebPage","@id":"https:\/\/www.skechers.com.tr\/blog\/skechers-ic-astar-yirtigi\/#webpage","url":"https:\/\/www.skechers.com.tr\/blog\/skechers-ic-astar-yirtigi\/","name":"Skechers \u0130\u00e7 Astar Y\u0131rt\u0131\u011f\u0131 - Skechers Blog | Skechers \u0130\u00e7 Astar\u0131 Nas\u0131ld\u0131r?","isPartOf":{"@id":"https:\/\/www.skechers.com.tr\/blog\/#website"},"primaryImageOfPage":{"@id":"https:\/\/www.skechers.com.tr\/blog\/skechers-ic-astar-yirtigi\/#primaryimage"},"datePublished":"2020-10-13T12:30:15+00:00","dateModified":"2021-05-24T16:39:57+00:00","author":{"@id":"https:\/\/www.skechers.com.tr\/blog\/#\/schema\/person\/6d09a0595696524814757d23d22b4c33"},"description":"Skechers i\u00e7 astar y\u0131rt\u0131\u011f\u0131 sorunu neden olur, nas\u0131l \u00f6nlenir, Skechers i\u00e7 astar\u0131 nas\u0131ld\u0131r t\u00fcm detaylar\u0131 \u00f6\u011frenmek i\u00e7inhemen t\u0131kla.","breadcrumb":{"@id":"https:\/\/www.skechers.com.tr\/blog\/skechers-ic-astar-yirtigi\/#breadcrumb"},"inLanguage":"tr","potentialAction":[{"@type":"ReadAction","target":["https:\/\/www.skechers.com.tr\/blog\/skechers-ic-astar-yirtigi\/"]}]},{"@type":"BreadcrumbList","@id":"https:\/\/www.skechers.com.tr\/blog\/skechers-ic-astar-yirtigi\/#breadcrumb","itemListElement":[{"@type":"ListItem","position":1,"name":"Skechers \u0130\u00e7 Astar Y\u0131rt\u0131\u011f\u0131"}]},{"@type":"Person","@id":"https:\/\/www.skechers.com.tr\/blog\/#\/schema\/person\/6d09a0595696524814757d23d22b4c33","name":"Skechers T\u00fcrkiye","image":{"@type":"ImageObject","@id":"https:\/\/www.skechers.com.tr\/blog\/#personlogo","inLanguage":"tr","url":"https:\/\/secure.gravatar.com\/avatar\/0fc2191869a9a020b4606acf264338ae?s=96&d=mm&r=g","contentUrl":"https:\/\/secure.gravatar.com\/avatar\/0fc2191869a9a020b4606acf264338ae?s=96&d=mm&r=g","caption":"Skechers T\u00fcrkiye"},"description":"Skechers spor ayakkab\u0131 \u00fcr\u00fcnleri ile rahatl\u0131\u011f\u0131 ve kaliteyi hisset!"}]}},"_links":{"self":[{"href":"https:\/\/www.skechers.com.tr\/blog\/wp-json\/wp\/v2\/posts\/905"}],"collection":[{"href":"https:\/\/www.skechers.com.tr\/blog\/wp-json\/wp\/v2\/posts"}],"about":[{"href":"https:\/\/www.skechers.com.tr\/blog\/wp-json\/wp\/v2\/types\/post"}],"author":[{"embeddable":true,"href":"https:\/\/www.skechers.com.tr\/blog\/wp-json\/wp\/v2\/users\/1"}],"replies":[{"embeddable":true,"href":"https:\/\/www.skechers.com.tr\/blog\/wp-json\/wp\/v2\/comments?post=905"}],"version-history":[{"count":3,"href":"https:\/\/www.skechers.com.tr\/blog\/wp-json\/wp\/v2\/posts\/905\/revisions"}],"predecessor-version":[{"id":1753,"href":"https:\/\/www.skechers.com.tr\/blog\/wp-json\/wp\/v2\/posts\/905\/revisions\/1753"}],"wp:featuredmedia":[{"embeddable":true,"href":"https:\/\/www.skechers.com.tr\/blog\/wp-json\/wp\/v2\/media\/908"}],"wp:attachment":[{"href":"https:\/\/www.skechers.com.tr\/blog\/wp-json\/wp\/v2\/media?parent=905"}],"wp:term":[{"taxonomy":"category","embeddable":true,"href":"https:\/\/www.skechers.com.tr\/blog\/wp-json\/wp\/v2\/categories?post=905"},{"taxonomy":"post_tag","embeddable":true,"href":"https:\/\/www.skechers.com.tr\/blog\/wp-json\/wp\/v2\/tags?post=905"}],"curies":[{"name":"wp","href":"https:\/\/api.w.org\/{rel}","templated":true}]}}