{"id":699,"date":"2019-04-02T08:02:47","date_gmt":"2019-04-02T08:02:47","guid":{"rendered":"http:\/\/www.skechers.com.tr\/blog\/?p=699"},"modified":"2021-06-28T12:30:18","modified_gmt":"2021-06-28T12:30:18","slug":"cocugunuz-skechers-isikli-ayakkabilara-bayilacak","status":"publish","type":"post","link":"https:\/\/www.skechers.com.tr\/blog\/cocugunuz-skechers-isikli-ayakkabilara-bayilacak\/","title":{"rendered":"\u00c7ocu\u011funuz Skechers I\u015f\u0131kl\u0131 Ayakkab\u0131lara Bay\u0131lacak"},"content":{"rendered":"<p>S\u00f6z konusu \u00e7ocuklar oldu\u011funda her ailenin hassasla\u015ft\u0131\u011f\u0131n\u0131 ve ebeveynlerin \u00e7ocuklar\u0131 i\u00e7in al\u0131\u015fveri\u015f yaparken onlara her \u015feyin en iyisini almak istediklerini s\u00f6ylemek m\u00fcmk\u00fcnd\u00fcr. \u00d6zellikle ayakkab\u0131 al\u0131rken \u00e7ocuklar\u0131n\u0131n <strong>ayak sa\u011fl\u0131\u011f\u0131<\/strong>n\u0131 d\u00fc\u015f\u00fcnerek daha b\u00fcy\u00fck hassasiyetle hareket eden ebeveynlere bu yaz\u0131m\u0131z arac\u0131l\u0131\u011f\u0131yla \u00e7ocuklar\u0131n\u0131n sevece\u011fi Skechers \u0131\u015f\u0131kl\u0131 ayakkab\u0131lar\u0131 anlataca\u011f\u0131z.<\/p>\n<h2>\u00c7ocuklar \u0130\u00e7in I\u015f\u0131kl\u0131 Ayakkab\u0131<\/h2>\n<p>Renkli g\u00f6r\u00fcn\u00fcme sahip \u015feyler \u00e7ocuklar\u0131n ilgisini \u00e7eker demek do\u011fru olacakt\u0131r. \u00c7\u00fcnk\u00fc \u00e7ocuklar\u0131n hayal g\u00fc\u00e7lerinin izleriyle dolu d\u00fcnyalar\u0131nda renkler \u00e7ok \u00f6nemli bir yere sahiptir. Renkli manzaralar, resimler ve g\u00f6r\u00fcnt\u00fcler onlar\u0131n mutlu olmas\u0131n\u0131 sa\u011flayacak ve hayal g\u00fc\u00e7lerini beslemeye yard\u0131mc\u0131 olacakt\u0131r. T\u00fcm bu anlat\u0131lanlardan yola \u00e7\u0131karak; \u00e7ocu\u011funuz i\u00e7in ayakkab\u0131 al\u0131\u015fveri\u015fi yaparken ona \u0131\u015f\u0131kl\u0131 ayakkab\u0131 alman\u0131z mini\u011finizi fazlas\u0131yla mutlu edecektir. \u00c7\u00fcnk\u00fc renklerden ho\u015flanan \u00e7ocuklar, bu ayakkab\u0131lar\u0131n renkli ve \u0131\u015f\u0131lt\u0131l\u0131 g\u00f6r\u00fcn\u00fcmleri sayesinde tam kendilerine g\u00f6re bir e\u015fyaya sahip olduklar\u0131n\u0131 d\u00fc\u015f\u00fcneceklerdir. Ayakkab\u0131lar\u0131n\u0131 keyifle ve mutlulukla giyecek, onunla lo\u015f koridorlarda ko\u015farak e\u011flenecek ve ayakkab\u0131s\u0131nda yanan \u0131\u015f\u0131klar\u0131n b\u00fcy\u00fcs\u00fcne kap\u0131larak \u00e7\u0131lg\u0131nca dans edeceklerdir.<\/p>\n<p><center><a title=\"K\u0131z \u00c7ocuk I\u015f\u0131kl\u0131 Ayakkab\u0131 Modelleri\" href=\"https:\/\/www.skechers.com.tr\/kiz-cocuk-isikli-ayakkabilar-c-3003\"><img decoding=\"async\" class=\"alignleft\" src=\"https:\/\/www.skechers.com.tr\/blog\/wp-content\/uploads\/2021\/05\/isikli-ayakkabi-blog-cta.jpg\" \/><\/a><\/center><\/p>\n<h3><\/h3>\n<h3><\/h3>\n<p>&nbsp;<\/p>\n<p>&nbsp;<\/p>\n<h3><\/h3>\n<h3><\/h3>\n<h3>I\u015f\u0131kl\u0131 Ayakkab\u0131lar Nas\u0131l \u00c7al\u0131\u015f\u0131r?<\/h3>\n<p>Ebeveynlerin \u00e7ocuklar\u0131na \u0131\u015f\u0131kl\u0131 ayakkab\u0131 almadan \u00f6nce merak ettikleri \u00f6ncelikli etmen bu ayakkab\u0131lar\u0131n nas\u0131l \u00e7al\u0131\u015ft\u0131\u011f\u0131d\u0131r. \u00c7\u00fcnk\u00fc belirtti\u011fimiz gibi ebeveynler \u00e7ocuklar\u0131 i\u00e7in al\u0131\u015fveri\u015f yaparken olduk\u00e7a hassasla\u015f\u0131rlar ve ald\u0131klar\u0131 \u00fcr\u00fcn\u00fcn miniklerinin sa\u011fl\u0131\u011f\u0131n\u0131 k\u00f6t\u00fc etkilemesi olas\u0131l\u0131\u011f\u0131ndan korkarlar. I\u015f\u0131kl\u0131 ayakkab\u0131lar pille \u00e7al\u0131\u015f\u0131r. \u00d6zellikle 90\u2019larda moda olan bu ayakkab\u0131larda kullan at piller kullan\u0131l\u0131rken \u015fu an geli\u015fen teknolojinin de etkisiyle \u015farjl\u0131 piller kullan\u0131lmaktad\u0131r. Ayn\u0131 zamanda bu ayakkab\u0131larda ayakkab\u0131n\u0131n ne zaman \u0131\u015f\u0131k verece\u011fini belirlemenizi sa\u011flayan bir a\u00e7ma kapama d\u00fc\u011fmesi bulunmaktad\u0131r. Bu d\u00fc\u011fme sayesinde ayakkab\u0131n\u0131n ne kadar enerji harcayaca\u011f\u0131na karar verebilirsiniz.<\/p>\n<h3>I\u015f\u0131kl\u0131 Ayakkab\u0131 Nas\u0131l Temizlenir?<\/h3>\n<p>Pille \u00e7al\u0131\u015ft\u0131\u011f\u0131 ve \u015farj edilebildi\u011fi i\u00e7in \u0131\u015f\u0131kl\u0131 spor ayakkab\u0131lar\u0131n nas\u0131l temizlenmesi gerekti\u011fi merak konusudur. I\u015f\u0131kl\u0131 ayakkab\u0131lar\u0131 temizlerken kullanman\u0131z gereken en \u00f6nemli ara\u00e7; bir di\u015f f\u0131r\u00e7as\u0131d\u0131r. Ayakkab\u0131n\u0131n kirlilik miktar\u0131na g\u00f6re lekeli yerleri ya sabunla ya da aseton gibi daha g\u00fc\u00e7l\u00fc lekeler i\u00e7in tercih edilmesi gereken bir maddeyle di\u015f f\u0131r\u00e7an\u0131z arac\u0131l\u0131\u011f\u0131yla f\u0131r\u00e7alamal\u0131s\u0131n\u0131z. \u00d6nerilen y\u00f6ntemi kullanmak \u0131\u015f\u0131kl\u0131 ayakkab\u0131ya zarar vermeyecektir.<\/p>\n<h4>\u00c7ocuklar \u0130\u00e7in <strong>I\u015f\u0131kl\u0131 Ayakkab\u0131 Skechers<\/strong><\/h4>\n<p>D\u00fcnyaca \u00fcnl\u00fc ayakkab\u0131 markam\u0131z Skechers, koleksiyonunda yer alan ve \u00e7ocuklar\u0131n hayal g\u00fcc\u00fcnden yola \u00e7\u0131karak tasarlad\u0131\u011f\u0131 renkli \u0131\u015f\u0131kl\u0131 ayakkab\u0131lar\u0131yla dikkat \u00e7ekmeye devam ediyor. \u00d6zellikle tasar\u0131m\u0131ndaki ayak sa\u011fl\u0131\u011f\u0131na ve fiziksel geli\u015fime uygun detaylarla ebeveynlerin de be\u011fenisini kazanan Skechers \u0131\u015f\u0131kl\u0131 ayakkab\u0131lar, her birinin kenar\u0131nda konumlanan S logosuyla da g\u00f6rsel a\u00e7\u0131dan \u00f6zelle\u015fiyor.<\/p>\n<p>Skechers \u0131\u015f\u0131kl\u0131 ayakkab\u0131lar\u0131n ebeveynlerin i\u00e7ini rahatlatan \u00f6zellikleri ise \u015f\u00f6yle;<\/p>\n<ul>\n<li>I\u015f\u0131kl\u0131 ayakkab\u0131lar\u0131n hepsinde sa\u011flam yer tutu\u015fu sa\u011flayan tabanlar kullan\u0131lm\u0131\u015ft\u0131r. Bu tabanlar\u0131n ba\u015far\u0131s\u0131 sayesinde \u00e7ocu\u011funuz yere daha sa\u011flam basacakt\u0131r ve daha sa\u011flam basma yetene\u011fi de beraberinde d\u00fc\u015fme olas\u0131l\u0131klar\u0131n\u0131n azalmas\u0131n\u0131 getiren bir detay olacakt\u0131r. Bu detay sayesinde anne ve babalar\u0131n i\u00e7leri \u00e7ocuklar\u0131n\u0131n fiziksel geli\u015fimine dair daha rahat olacakt\u0131r.<\/li>\n<li>I\u015f\u0131kl\u0131 spor ayakkab\u0131larda darbe etkisini azaltan orta taban kullan\u0131lm\u0131\u015ft\u0131r. Darbe etkisini azaltan taban sayesinde \u00e7ocuklar\u0131n\u0131z\u0131n ayaklar\u0131 daha rahat edecektir ve \u00e7ocuklar\u0131n\u0131z\u0131n ayaklar\u0131n\u0131 daha rahat hissetmesi onlar\u0131n ayak sa\u011fl\u0131\u011f\u0131 a\u00e7\u0131s\u0131ndan son derece olumlu bir durumdur.<\/li>\n<li>Skechers \u0131\u015f\u0131kl\u0131 spor ayakkab\u0131larda yumu\u015fak ve hafif kuma\u015flar kullan\u0131lmaktad\u0131r. \u00c7\u00fcnk\u00fc ayakkab\u0131n\u0131n mini\u011finizin aya\u011f\u0131n\u0131 terletmesi olas\u0131l\u0131\u011f\u0131 onun hasta olmas\u0131na neden olabiir. Bu durum da \u00e7ocu\u011funun sa\u011fl\u0131\u011f\u0131na \u00f6nem veren aileler a\u00e7\u0131s\u0131ndan olduk\u00e7a \u00fcz\u00fcc\u00fc bir durum olacakt\u0131r. K\u0131sacas\u0131 Skechers \u0131\u015f\u0131kl\u0131 ayakkab\u0131lar\u0131nda \u00e7ocuk ayak sa\u011fl\u0131\u011f\u0131na en uygun malzemeleri kullanarak onun hastalanma olas\u0131l\u0131\u011f\u0131n\u0131n minimize olmas\u0131na \u00f6nc\u00fcl\u00fck etmi\u015ftir.<\/li>\n<li>Ayakkab\u0131lar\u0131n aileler taraf\u0131ndan be\u011feni kazanan bir di\u011fer \u00f6zelli\u011fi de kolay giyilebilir yap\u0131da olmalar\u0131d\u0131r. \u00c7\u00fcnk\u00fc \u00e7ocuklar zor giyilen ayakkab\u0131lar\u0131 ayaklar\u0131na ge\u00e7irmekte zorlanabilirler ve ayakkab\u0131lar\u0131n\u0131 sizin onlara giydirmenizi bekleyebilirler. Bu durum onlar\u0131n el ve g\u00f6z koordinasyonlar\u0131n\u0131n geli\u015fmesi a\u00e7\u0131s\u0131ndan olumsuzdur.<\/li>\n<\/ul>\n<p>G\u00f6r\u00fcld\u00fc\u011f\u00fc \u00fczere <a href=\"https:\/\/www.skechers.com.tr\/c\/cocuk-392?specs=2516\"><strong>Skechers \u0131\u015f\u0131kl\u0131 ayakkab\u0131lar\u0131<\/strong><\/a> \u00e7ocu\u011funuza alman\u0131z i\u00e7in birden \u00e7ok sebep vard\u0131r. Ama unutmay\u0131n ki bu ayakkab\u0131lar\u0131 \u00e7ocu\u011funuza alman\u0131z i\u00e7in en \u00f6nemli sebep \u00e7ocu\u011funuzun bu ayakkab\u0131lara bay\u0131lacak olmas\u0131d\u0131r! Skechers koleksiyonunda <a href=\"https:\/\/www.skechers.com.tr\/kiz-cocuk-sandalet-c-3004?utm_source=blog&amp;utm_medium=content&amp;utm_campaign=cocugunuz-skechers-isikli-ayakkabilara-bayilacak&amp;utm_term=3004\">k\u0131z \u00e7ocuk sandalet<\/a> ve <a href=\"https:\/\/www.skechers.com.tr\/kiz-cocuk-spor-ayakkabilari-c-3002?utm_source=blog&amp;utm_medium=content&amp;utm_campaign=cocugunuz-skechers-isikli-ayakkabilara-bayilacak&amp;utm_term=3002\">k\u0131z \u00e7ocuk spor ayakkab\u0131<\/a> modellerini de bulabilirsiniz.<\/p>\n<p><center><a title=\"K\u0131z \u00c7ocuk I\u015f\u0131kl\u0131 Ayakkab\u0131 Modelleri\" href=\"https:\/\/www.skechers.com.tr\/kiz-cocuk-isikli-ayakkabilar-c-3003\"><img decoding=\"async\" class=\"alignleft\" src=\"https:\/\/www.skechers.com.tr\/blog\/wp-content\/uploads\/2021\/05\/isikli-ayakkabi-blog-cta.jpg\" \/><\/a><\/center><\/p>\n","protected":false},"excerpt":{"rendered":"<p>S\u00f6z konusu \u00e7ocuklar oldu\u011funda her ailenin hassasla\u015ft\u0131\u011f\u0131n\u0131 ve ebeveynlerin \u00e7ocuklar\u0131 i\u00e7in al\u0131\u015fveri\u015f yaparken onlara her \u015feyin en iyisini almak istediklerini s\u00f6ylemek m\u00fcmk\u00fcnd\u00fcr. \u00d6zellikle ayakkab\u0131 al\u0131rken \u00e7ocuklar\u0131n\u0131n ayak sa\u011fl\u0131\u011f\u0131n\u0131 d\u00fc\u015f\u00fcnerek daha b\u00fcy\u00fck hassasiyetle hareket eden ebeveynlere bu yaz\u0131m\u0131z arac\u0131l\u0131\u011f\u0131yla \u00e7ocuklar\u0131n\u0131n sevece\u011fi Skechers \u0131\u015f\u0131kl\u0131 ayakkab\u0131lar\u0131 anlataca\u011f\u0131z. \u00c7ocuklar \u0130\u00e7in I\u015f\u0131kl\u0131 Ayakkab\u0131 Renkli g\u00f6r\u00fcn\u00fcme sahip \u015feyler \u00e7ocuklar\u0131n ilgisini \u00e7eker [&hellip;]<\/p>\n","protected":false},"author":1,"featured_media":733,"comment_status":"open","ping_status":"open","sticky":false,"template":"","format":"standard","meta":[],"categories":[26],"tags":[31,89,51,88,91,90],"yoast_head":"<!-- This site is optimized with the Yoast SEO plugin v18.5.1 - https:\/\/yoast.com\/wordpress\/plugins\/seo\/ -->\n<title>\u00c7ocular i\u00e7in I\u015f\u0131kl\u0131 Ayakkab\u0131 &amp; I\u015f\u0131kl\u0131 Ayakkab\u0131 Nas\u0131l Temizlenir, Nas\u0131l \u00c7al\u0131\u015f\u0131r?<\/title>\n<meta name=\"description\" content=\"Bu yaz\u0131m\u0131zda ayakkab\u0131 al\u0131rken \u00e7ocuklar\u0131n\u0131n sa\u011fl\u0131\u011f\u0131n\u0131 d\u00fc\u015f\u00fcnen ebeveynlere \u00e7ocuklar\u0131n\u0131n \u00e7ok sevece\u011fi ve keyifle giyece\u011fi Skechers ayakkab\u0131lar\u0131 anlataca\u011f\u0131z.\" \/>\n<meta name=\"robots\" content=\"index, follow, max-snippet:-1, max-image-preview:large, max-video-preview:-1\" \/>\n<link rel=\"canonical\" href=\"https:\/\/www.skechers.com.tr\/blog\/cocugunuz-skechers-isikli-ayakkabilara-bayilacak\/\" \/>\n<meta property=\"og:locale\" content=\"tr_TR\" \/>\n<meta property=\"og:type\" content=\"article\" \/>\n<meta property=\"og:title\" content=\"\u00c7ocular i\u00e7in I\u015f\u0131kl\u0131 Ayakkab\u0131 &amp; I\u015f\u0131kl\u0131 Ayakkab\u0131 Nas\u0131l Temizlenir, Nas\u0131l \u00c7al\u0131\u015f\u0131r?\" \/>\n<meta property=\"og:description\" content=\"Bu yaz\u0131m\u0131zda ayakkab\u0131 al\u0131rken \u00e7ocuklar\u0131n\u0131n sa\u011fl\u0131\u011f\u0131n\u0131 d\u00fc\u015f\u00fcnen ebeveynlere \u00e7ocuklar\u0131n\u0131n \u00e7ok sevece\u011fi ve keyifle giyece\u011fi Skechers ayakkab\u0131lar\u0131 anlataca\u011f\u0131z.\" \/>\n<meta property=\"og:url\" content=\"https:\/\/www.skechers.com.tr\/blog\/cocugunuz-skechers-isikli-ayakkabilara-bayilacak\/\" \/>\n<meta property=\"og:site_name\" content=\"Skechers Blog\" \/>\n<meta property=\"article:published_time\" content=\"2019-04-02T08:02:47+00:00\" \/>\n<meta property=\"article:modified_time\" content=\"2021-06-28T12:30:18+00:00\" \/>\n<meta property=\"og:image\" content=\"https:\/\/www.skechers.com.tr\/blog\/wp-content\/uploads\/2019\/06\/kids2.jpg\" \/>\n\t<meta property=\"og:image:width\" content=\"715\" \/>\n\t<meta property=\"og:image:height\" content=\"421\" \/>\n\t<meta property=\"og:image:type\" content=\"image\/jpeg\" \/>\n<meta name=\"twitter:card\" content=\"summary_large_image\" \/>\n<meta name=\"twitter:label1\" content=\"Yazan:\" \/>\n\t<meta name=\"twitter:data1\" content=\"Skechers T\u00fcrkiye\" \/>\n\t<meta name=\"twitter:label2\" content=\"Tahmini okuma s\u00fcresi\" \/>\n\t<meta name=\"twitter:data2\" content=\"3 dakika\" \/>\n<script type=\"application\/ld+json\" class=\"yoast-schema-graph\">{\"@context\":\"https:\/\/schema.org\",\"@graph\":[{\"@type\":\"WebSite\",\"@id\":\"https:\/\/www.skechers.com.tr\/blog\/#website\",\"url\":\"https:\/\/www.skechers.com.tr\/blog\/\",\"name\":\"Skechers Blog\",\"description\":\"Skechers\",\"potentialAction\":[{\"@type\":\"SearchAction\",\"target\":{\"@type\":\"EntryPoint\",\"urlTemplate\":\"https:\/\/www.skechers.com.tr\/blog\/?s={search_term_string}\"},\"query-input\":\"required name=search_term_string\"}],\"inLanguage\":\"tr\"},{\"@type\":\"ImageObject\",\"@id\":\"https:\/\/www.skechers.com.tr\/blog\/cocugunuz-skechers-isikli-ayakkabilara-bayilacak\/#primaryimage\",\"inLanguage\":\"tr\",\"url\":\"https:\/\/www.skechers.com.tr\/blog\/wp-content\/uploads\/2019\/06\/kids2.jpg\",\"contentUrl\":\"https:\/\/www.skechers.com.tr\/blog\/wp-content\/uploads\/2019\/06\/kids2.jpg\",\"width\":715,\"height\":421},{\"@type\":\"WebPage\",\"@id\":\"https:\/\/www.skechers.com.tr\/blog\/cocugunuz-skechers-isikli-ayakkabilara-bayilacak\/#webpage\",\"url\":\"https:\/\/www.skechers.com.tr\/blog\/cocugunuz-skechers-isikli-ayakkabilara-bayilacak\/\",\"name\":\"\u00c7ocular i\u00e7in I\u015f\u0131kl\u0131 Ayakkab\u0131 & I\u015f\u0131kl\u0131 Ayakkab\u0131 Nas\u0131l Temizlenir, Nas\u0131l \u00c7al\u0131\u015f\u0131r?\",\"isPartOf\":{\"@id\":\"https:\/\/www.skechers.com.tr\/blog\/#website\"},\"primaryImageOfPage\":{\"@id\":\"https:\/\/www.skechers.com.tr\/blog\/cocugunuz-skechers-isikli-ayakkabilara-bayilacak\/#primaryimage\"},\"datePublished\":\"2019-04-02T08:02:47+00:00\",\"dateModified\":\"2021-06-28T12:30:18+00:00\",\"author\":{\"@id\":\"https:\/\/www.skechers.com.tr\/blog\/#\/schema\/person\/6d09a0595696524814757d23d22b4c33\"},\"description\":\"Bu yaz\u0131m\u0131zda ayakkab\u0131 al\u0131rken \u00e7ocuklar\u0131n\u0131n sa\u011fl\u0131\u011f\u0131n\u0131 d\u00fc\u015f\u00fcnen ebeveynlere \u00e7ocuklar\u0131n\u0131n \u00e7ok sevece\u011fi ve keyifle giyece\u011fi Skechers ayakkab\u0131lar\u0131 anlataca\u011f\u0131z.\",\"breadcrumb\":{\"@id\":\"https:\/\/www.skechers.com.tr\/blog\/cocugunuz-skechers-isikli-ayakkabilara-bayilacak\/#breadcrumb\"},\"inLanguage\":\"tr\",\"potentialAction\":[{\"@type\":\"ReadAction\",\"target\":[\"https:\/\/www.skechers.com.tr\/blog\/cocugunuz-skechers-isikli-ayakkabilara-bayilacak\/\"]}]},{\"@type\":\"BreadcrumbList\",\"@id\":\"https:\/\/www.skechers.com.tr\/blog\/cocugunuz-skechers-isikli-ayakkabilara-bayilacak\/#breadcrumb\",\"itemListElement\":[{\"@type\":\"ListItem\",\"position\":1,\"name\":\"\u00c7ocu\u011funuz Skechers I\u015f\u0131kl\u0131 Ayakkab\u0131lara Bay\u0131lacak\"}]},{\"@type\":\"Person\",\"@id\":\"https:\/\/www.skechers.com.tr\/blog\/#\/schema\/person\/6d09a0595696524814757d23d22b4c33\",\"name\":\"Skechers T\u00fcrkiye\",\"image\":{\"@type\":\"ImageObject\",\"@id\":\"https:\/\/www.skechers.com.tr\/blog\/#personlogo\",\"inLanguage\":\"tr\",\"url\":\"https:\/\/secure.gravatar.com\/avatar\/0fc2191869a9a020b4606acf264338ae?s=96&d=mm&r=g\",\"contentUrl\":\"https:\/\/secure.gravatar.com\/avatar\/0fc2191869a9a020b4606acf264338ae?s=96&d=mm&r=g\",\"caption\":\"Skechers T\u00fcrkiye\"},\"description\":\"Skechers spor ayakkab\u0131 \u00fcr\u00fcnleri ile rahatl\u0131\u011f\u0131 ve kaliteyi hisset!\"}]}<\/script>\n<!-- \/ Yoast SEO plugin. -->","yoast_head_json":{"title":"\u00c7ocular i\u00e7in I\u015f\u0131kl\u0131 Ayakkab\u0131 & I\u015f\u0131kl\u0131 Ayakkab\u0131 Nas\u0131l Temizlenir, Nas\u0131l \u00c7al\u0131\u015f\u0131r?","description":"Bu yaz\u0131m\u0131zda ayakkab\u0131 al\u0131rken \u00e7ocuklar\u0131n\u0131n sa\u011fl\u0131\u011f\u0131n\u0131 d\u00fc\u015f\u00fcnen ebeveynlere \u00e7ocuklar\u0131n\u0131n \u00e7ok sevece\u011fi ve keyifle giyece\u011fi Skechers ayakkab\u0131lar\u0131 anlataca\u011f\u0131z.","robots":{"index":"index","follow":"follow","max-snippet":"max-snippet:-1","max-image-preview":"max-image-preview:large","max-video-preview":"max-video-preview:-1"},"canonical":"https:\/\/www.skechers.com.tr\/blog\/cocugunuz-skechers-isikli-ayakkabilara-bayilacak\/","og_locale":"tr_TR","og_type":"article","og_title":"\u00c7ocular i\u00e7in I\u015f\u0131kl\u0131 Ayakkab\u0131 & I\u015f\u0131kl\u0131 Ayakkab\u0131 Nas\u0131l Temizlenir, Nas\u0131l \u00c7al\u0131\u015f\u0131r?","og_description":"Bu yaz\u0131m\u0131zda ayakkab\u0131 al\u0131rken \u00e7ocuklar\u0131n\u0131n sa\u011fl\u0131\u011f\u0131n\u0131 d\u00fc\u015f\u00fcnen ebeveynlere \u00e7ocuklar\u0131n\u0131n \u00e7ok sevece\u011fi ve keyifle giyece\u011fi Skechers ayakkab\u0131lar\u0131 anlataca\u011f\u0131z.","og_url":"https:\/\/www.skechers.com.tr\/blog\/cocugunuz-skechers-isikli-ayakkabilara-bayilacak\/","og_site_name":"Skechers Blog","article_published_time":"2019-04-02T08:02:47+00:00","article_modified_time":"2021-06-28T12:30:18+00:00","og_image":[{"width":715,"height":421,"url":"https:\/\/www.skechers.com.tr\/blog\/wp-content\/uploads\/2019\/06\/kids2.jpg","type":"image\/jpeg"}],"twitter_card":"summary_large_image","twitter_misc":{"Yazan:":"Skechers T\u00fcrkiye","Tahmini okuma s\u00fcresi":"3 dakika"},"schema":{"@context":"https:\/\/schema.org","@graph":[{"@type":"WebSite","@id":"https:\/\/www.skechers.com.tr\/blog\/#website","url":"https:\/\/www.skechers.com.tr\/blog\/","name":"Skechers Blog","description":"Skechers","potentialAction":[{"@type":"SearchAction","target":{"@type":"EntryPoint","urlTemplate":"https:\/\/www.skechers.com.tr\/blog\/?s={search_term_string}"},"query-input":"required name=search_term_string"}],"inLanguage":"tr"},{"@type":"ImageObject","@id":"https:\/\/www.skechers.com.tr\/blog\/cocugunuz-skechers-isikli-ayakkabilara-bayilacak\/#primaryimage","inLanguage":"tr","url":"https:\/\/www.skechers.com.tr\/blog\/wp-content\/uploads\/2019\/06\/kids2.jpg","contentUrl":"https:\/\/www.skechers.com.tr\/blog\/wp-content\/uploads\/2019\/06\/kids2.jpg","width":715,"height":421},{"@type":"WebPage","@id":"https:\/\/www.skechers.com.tr\/blog\/cocugunuz-skechers-isikli-ayakkabilara-bayilacak\/#webpage","url":"https:\/\/www.skechers.com.tr\/blog\/cocugunuz-skechers-isikli-ayakkabilara-bayilacak\/","name":"\u00c7ocular i\u00e7in I\u015f\u0131kl\u0131 Ayakkab\u0131 & I\u015f\u0131kl\u0131 Ayakkab\u0131 Nas\u0131l Temizlenir, Nas\u0131l \u00c7al\u0131\u015f\u0131r?","isPartOf":{"@id":"https:\/\/www.skechers.com.tr\/blog\/#website"},"primaryImageOfPage":{"@id":"https:\/\/www.skechers.com.tr\/blog\/cocugunuz-skechers-isikli-ayakkabilara-bayilacak\/#primaryimage"},"datePublished":"2019-04-02T08:02:47+00:00","dateModified":"2021-06-28T12:30:18+00:00","author":{"@id":"https:\/\/www.skechers.com.tr\/blog\/#\/schema\/person\/6d09a0595696524814757d23d22b4c33"},"description":"Bu yaz\u0131m\u0131zda ayakkab\u0131 al\u0131rken \u00e7ocuklar\u0131n\u0131n sa\u011fl\u0131\u011f\u0131n\u0131 d\u00fc\u015f\u00fcnen ebeveynlere \u00e7ocuklar\u0131n\u0131n \u00e7ok sevece\u011fi ve keyifle giyece\u011fi Skechers ayakkab\u0131lar\u0131 anlataca\u011f\u0131z.","breadcrumb":{"@id":"https:\/\/www.skechers.com.tr\/blog\/cocugunuz-skechers-isikli-ayakkabilara-bayilacak\/#breadcrumb"},"inLanguage":"tr","potentialAction":[{"@type":"ReadAction","target":["https:\/\/www.skechers.com.tr\/blog\/cocugunuz-skechers-isikli-ayakkabilara-bayilacak\/"]}]},{"@type":"BreadcrumbList","@id":"https:\/\/www.skechers.com.tr\/blog\/cocugunuz-skechers-isikli-ayakkabilara-bayilacak\/#breadcrumb","itemListElement":[{"@type":"ListItem","position":1,"name":"\u00c7ocu\u011funuz Skechers I\u015f\u0131kl\u0131 Ayakkab\u0131lara Bay\u0131lacak"}]},{"@type":"Person","@id":"https:\/\/www.skechers.com.tr\/blog\/#\/schema\/person\/6d09a0595696524814757d23d22b4c33","name":"Skechers T\u00fcrkiye","image":{"@type":"ImageObject","@id":"https:\/\/www.skechers.com.tr\/blog\/#personlogo","inLanguage":"tr","url":"https:\/\/secure.gravatar.com\/avatar\/0fc2191869a9a020b4606acf264338ae?s=96&d=mm&r=g","contentUrl":"https:\/\/secure.gravatar.com\/avatar\/0fc2191869a9a020b4606acf264338ae?s=96&d=mm&r=g","caption":"Skechers T\u00fcrkiye"},"description":"Skechers spor ayakkab\u0131 \u00fcr\u00fcnleri ile rahatl\u0131\u011f\u0131 ve kaliteyi hisset!"}]}},"_links":{"self":[{"href":"https:\/\/www.skechers.com.tr\/blog\/wp-json\/wp\/v2\/posts\/699"}],"collection":[{"href":"https:\/\/www.skechers.com.tr\/blog\/wp-json\/wp\/v2\/posts"}],"about":[{"href":"https:\/\/www.skechers.com.tr\/blog\/wp-json\/wp\/v2\/types\/post"}],"author":[{"embeddable":true,"href":"https:\/\/www.skechers.com.tr\/blog\/wp-json\/wp\/v2\/users\/1"}],"replies":[{"embeddable":true,"href":"https:\/\/www.skechers.com.tr\/blog\/wp-json\/wp\/v2\/comments?post=699"}],"version-history":[{"count":5,"href":"https:\/\/www.skechers.com.tr\/blog\/wp-json\/wp\/v2\/posts\/699\/revisions"}],"predecessor-version":[{"id":1853,"href":"https:\/\/www.skechers.com.tr\/blog\/wp-json\/wp\/v2\/posts\/699\/revisions\/1853"}],"wp:featuredmedia":[{"embeddable":true,"href":"https:\/\/www.skechers.com.tr\/blog\/wp-json\/wp\/v2\/media\/733"}],"wp:attachment":[{"href":"https:\/\/www.skechers.com.tr\/blog\/wp-json\/wp\/v2\/media?parent=699"}],"wp:term":[{"taxonomy":"category","embeddable":true,"href":"https:\/\/www.skechers.com.tr\/blog\/wp-json\/wp\/v2\/categories?post=699"},{"taxonomy":"post_tag","embeddable":true,"href":"https:\/\/www.skechers.com.tr\/blog\/wp-json\/wp\/v2\/tags?post=699"}],"curies":[{"name":"wp","href":"https:\/\/api.w.org\/{rel}","templated":true}]}}