{"id":564,"date":"2018-09-17T13:03:21","date_gmt":"2018-09-17T13:03:21","guid":{"rendered":"http:\/\/www.skechers.com.tr\/blog\/?p=564"},"modified":"2021-08-16T06:46:06","modified_gmt":"2021-08-16T06:46:06","slug":"okula-donus-basladi","status":"publish","type":"post","link":"https:\/\/www.skechers.com.tr\/blog\/okula-donus-basladi\/","title":{"rendered":"Okula D\u00f6n\u00fc\u015f Ba\u015flad\u0131!"},"content":{"rendered":"<p>Yaza vedan\u0131n ard\u0131ndan bizi kar\u015f\u0131layan sonbahar bir\u00e7ok ki\u015fi i\u00e7in ayn\u0131 anlam\u0131 ta\u015f\u0131r; okula d\u00f6n\u00fc\u015f!<\/p>\n<p>Stresli bir d\u00f6nem oldu\u011fu kadar i\u00e7 g\u0131d\u0131klay\u0131c\u0131 heyecanlara da gebedir ayn\u0131 zamanda. Aram\u0131zda mutlaka, bu heyecan\u0131 daha \u00f6nce tatm\u0131\u015f deneyimli ebeveynler oldu\u011fu gibi hen\u00fcz ne yapaca\u011f\u0131n\u0131 bilmeyen toy ebeveynler de bulunuyordur. \u0130\u015finize yarayaca\u011f\u0131ndan \u00e7ok\u00e7a emin oldu\u011fumuz yap\u0131lacaklar listesine bir g\u00f6z atal\u0131m.<\/p>\n<p><strong>\u015eimdi Okullu Olduk!<\/strong><br \/>\n\u00c7ocu\u011funuz okula yeni ba\u015fl\u0131yorsa, psikolojik olarak onu baz\u0131 durumlara kar\u015f\u0131 haz\u0131rlaman\u0131z gerekir. Onu motive edecek konu\u015fmalar yapabilir, uyum sorunu ya\u015fay\u0131p ya\u015famad\u0131\u011f\u0131n\u0131 anlayabilmek i\u00e7in g\u00f6zlemleyebilir ve \u00f6\u011fretmeniyle ileti\u015fim kurabilirsiniz. Okula yeni ba\u015flayan \u00e7ocuklar\u0131n heyecan\u0131, bir yandan k\u0131rtasiye al\u0131\u015fveri\u015fi bir yandan giyim al\u0131\u015fveri\u015fi ile birlikte art\u0131\u015f g\u00f6sterebilir. Unutmay\u0131n, minik ayaklar\u0131n okulda rahat etmesi gerekir. <strong>Okul ayakkab\u0131s\u0131<\/strong> tercih ederken dikkatli davranmak gerekiyor. T\u00fcm g\u00fcn okulda akranlar\u0131 ile olacak \u00e7ocuklar i\u00e7in ayak sa\u011fl\u0131\u011f\u0131 \u00e7ok \u00f6nemlidir. Skechers <a href=\"https:\/\/www.skechers.com.tr\/c\/cocuk-392?orderby=20\">#BacktoSchool<\/a> koleksiyonuna g\u00f6z atabilir, \u00e7ocu\u011funuz i\u00e7in uygun okul ayakkab\u0131s\u0131n\u0131 se\u00e7ebilirsiniz. Hatta ayakkab\u0131lar\u0131 birbirinden \u015f\u0131k <a href=\"https:\/\/www.skechers.com.tr\/cocuk-sirt-cantasi-c-3202?utm_source=blog&amp;utm_medium=content&amp;utm_campaign=okula-donus-basladi&amp;utm_term=3202\">\u00e7ocuk s\u0131rt \u00e7antas\u0131<\/a> modelleri ile kombinleyerek okulun en haval\u0131 stilini olu\u015fturabilirsiniz.<\/p>\n<figure id=\"attachment_571\" aria-describedby=\"caption-attachment-571\" style=\"width: 800px\" class=\"wp-caption alignnone\"><img decoding=\"async\" loading=\"lazy\" class=\"size-full wp-image-571\" src=\"http:\/\/www.skechers.com.tr\/blog\/wp-content\/uploads\/2018\/09\/Ads\u0131z-tasar\u0131m.png\" alt=\"okul spor ayakkab\u0131s\u0131-skechers\" width=\"800\" height=\"600\" srcset=\"https:\/\/www.skechers.com.tr\/blog\/wp-content\/uploads\/2018\/09\/Ads\u0131z-tasar\u0131m.png 800w, https:\/\/www.skechers.com.tr\/blog\/wp-content\/uploads\/2018\/09\/Ads\u0131z-tasar\u0131m-300x225.png 300w, https:\/\/www.skechers.com.tr\/blog\/wp-content\/uploads\/2018\/09\/Ads\u0131z-tasar\u0131m-768x576.png 768w\" sizes=\"(max-width: 800px) 100vw, 800px\" \/><figcaption id=\"caption-attachment-571\" class=\"wp-caption-text\">Okul ayakkab\u0131s\u0131 | Skechers<\/figcaption><\/figure>\n<p><strong>Alt\u0131n Kural; Beslenme.<\/strong><br \/>\nOkulda, beslenme en \u00f6nemli konulardan biridir. G\u00fcn\u00fcm\u00fczde bir\u00e7ok okul beslenme men\u00fclerini ailelere iletiyor. Fakat yine de bu listeye sa\u011fl\u0131kl\u0131 birka\u00e7 takviye yapabiliriz. Kuru meyveler, \u00e7ocuklar i\u00e7in m\u00fcthi\u015f at\u0131\u015ft\u0131rmal\u0131klard\u0131r. Hi\u00e7 kimse \u00e7ocu\u011funun bisk\u00fcvi, kraker gibi at\u0131\u015ft\u0131rmal\u0131klarla a\u00e7l\u0131\u011f\u0131n\u0131 bast\u0131rmas\u0131n\u0131 istemez. Bu y\u00fczden \u00e7antas\u0131na muhakkak kuru meyve ve kuru yemi\u015f koyun. Hem enerjisini artt\u0131racak, hem de i\u00e7eri\u011findeki sa\u011fl\u0131kl\u0131 ya\u011flar ile besleyici olacaklard\u0131r. Ba\u011f\u0131\u015f\u0131kl\u0131k sisteminin kuvvetli olmas\u0131 i\u00e7in s\u00fct \u00fcr\u00fcnlerinin faydalar\u0131 tart\u0131\u015f\u0131lmaz. K\u00fc\u00e7\u00fck yo\u011furtlar ya da k\u00fc\u00e7\u00fck s\u00fctler, geli\u015fimi i\u00e7in olduk\u00e7a faydal\u0131 olacakt\u0131r.<\/p>\n<p><strong>Okul Giyimi Nas\u0131l Olmal\u0131?<\/strong><br \/>\n\u00c7ocu\u011funuz, k\u0131yafetlerinin i\u00e7inde kendini ne kadar rahat hissederse o \u00f6l\u00e7\u00fcde bunu d\u0131\u015far\u0131ya yans\u0131tacakt\u0131r. Terleyip \u00fc\u015f\u00fcmesini engellemek ad\u0131na k\u0131yafet se\u00e7erken \u00fcr\u00fcnlerin i\u00e7 etiketini okuman\u0131z gerekmektedir. Y\u00fcnl\u00fc ve pamuklu \u00fcr\u00fcnler tercih etmek teri emme ve sa\u011fl\u0131k konusunda daha elveri\u015fli se\u00e7eneklerdir. Polyester, naylon ve akrilik gibi kuma\u015flar, bu konuda olduk\u00e7a ba\u015far\u0131s\u0131zd\u0131r ve v\u00fccut \u0131s\u0131s\u0131n\u0131n dengesini bozar. Bu tarz \u00fcr\u00fcnler g\u00f6rece daha d\u00fc\u015f\u00fck maliyetli oldu\u011fu ve \u00fct\u00fc konusunda daha sorunsuz oldu\u011fu i\u00e7in tercih edilebilir. Fakat hastal\u0131klara zemin haz\u0131rlad\u0131\u011f\u0131n\u0131 g\u00f6zden ka\u00e7\u0131rmamak gerekiyor. Pamuklu kuma\u015flar genellikle zor \u00fct\u00fc tutarlar, bu \u015fekilde kolayca ayr\u0131m yapabilirsiniz.<\/p>\n<figure id=\"attachment_570\" aria-describedby=\"caption-attachment-570\" style=\"width: 800px\" class=\"wp-caption alignnone\"><img decoding=\"async\" loading=\"lazy\" class=\"size-full wp-image-570\" src=\"http:\/\/www.skechers.com.tr\/blog\/wp-content\/uploads\/2018\/09\/Ads\u0131z-tasar\u0131m-1.png\" alt=\"okul spor ayakkab\u0131s\u0131-skechers\" width=\"800\" height=\"600\" srcset=\"https:\/\/www.skechers.com.tr\/blog\/wp-content\/uploads\/2018\/09\/Ads\u0131z-tasar\u0131m-1.png 800w, https:\/\/www.skechers.com.tr\/blog\/wp-content\/uploads\/2018\/09\/Ads\u0131z-tasar\u0131m-1-300x225.png 300w, https:\/\/www.skechers.com.tr\/blog\/wp-content\/uploads\/2018\/09\/Ads\u0131z-tasar\u0131m-1-768x576.png 768w\" sizes=\"(max-width: 800px) 100vw, 800px\" \/><figcaption id=\"caption-attachment-570\" class=\"wp-caption-text\">Okul ayakkab\u0131s\u0131 | Skechers<\/figcaption><\/figure>\n<p><strong>Kar\u015f\u0131 Konulmaz K\u0131rtasiye Al\u0131\u015fveri\u015fi!<\/strong><br \/>\nRengarenk boyalar, defterler, ara\u00e7 ve gere\u00e7ler&#8230; Hepsi olduk\u00e7a ba\u015ftan \u00e7\u0131kar\u0131c\u0131 duruyor. Ama durun! Ne yaz\u0131k ki, t\u00fcm k\u0131rtasiye \u00fcr\u00fcnleri temiz i\u00e7erikli \u00fcr\u00fcnler de\u011fil. K\u0131rtasiye malzemesi al\u0131rken dikkat edilmesi gereken birka\u00e7 husus mevcut. \u00d6zellikle i\u00e7eri\u011finde kanserojen madde bar\u0131nd\u0131ran azo boyal\u0131 \u00fcr\u00fcnlerden uzak durmal\u0131s\u0131n\u0131z. A\u011f\u0131r metal i\u00e7erikli boyalar\u0131 tercih etmemeye \u00f6zen g\u00f6sterin. Ke\u00e7eli kalem ihtiyac\u0131n\u0131z varsa etil asetat \u00e7\u00f6z\u00fcc\u00fc bar\u0131nd\u0131rmamas\u0131na dikkat edin. \u00c7ocuklar bay\u0131l\u0131rlar fakat, kokulu kalem ve silgiler onlar i\u00e7in \u00e7ok tehlikelidir. \u201cBu a\u011f\u0131r kimyasallar i\u00e7eriyor ve sa\u011fl\u0131\u011f\u0131m\u0131z i\u00e7in \u00e7ok zararl\u0131. Bunu kullanmamal\u0131y\u0131z.\u201d gibi a\u00e7\u0131klamalar yaparak ona durumu anlat\u0131n. Anlay\u0131\u015fl\u0131 olacakt\u0131r.<\/p>\n<p><strong>Lise\u2019de Cool Olmak<\/strong><br \/>\nCool olmak gibi bir idealiniz varsa, bunun rahat olmaktan ge\u00e7ti\u011fini de bilirsiniz. Rahats\u0131z bir ayakkab\u0131da cool g\u00f6r\u00fcn\u00fcm sa\u011flamaya \u00e7al\u0131\u015f\u0131rsan\u0131z, muhtemelen bu i\u015f ba\u015far\u0131s\u0131zl\u0131kla sonu\u00e7lanacakt\u0131r. Ayakkab\u0131lar\u0131n y\u00fcr\u00fcy\u00fc\u015f\u00fcn\u00fczden, duru\u015funuza her \u015feyi etkiledi\u011fini unutmay\u0131n. <a href=\"https:\/\/www.skechers.com.tr\/c\/yeni-gelenler\">Birbirinden konforlu ve \u015f\u0131k Skechers modellerine, <\/a>ayakkab\u0131 ve erkek &#8211; <a href=\"https:\/\/www.skechers.com.tr\/kiz-cocuk-terlik-c-3007?utm_source=blog&amp;utm_medium=content&amp;utm_campaign=okula-donus-basladi&amp;utm_term=3007\">k\u0131z \u00e7ocuk terlik<\/a> tasar\u0131mlar\u0131na bir g\u00f6z at\u0131n. Arad\u0131\u011f\u0131n\u0131zdan daha fazlas\u0131n\u0131 bulacaks\u0131n\u0131z!<\/p>\n<p>Yeni okul d\u00f6neminin herkese ba\u015far\u0131 ve mutluluk getirmesi dile\u011fiyle! Skechers koleksiyonunda ayr\u0131ca \u00e7ocuklar\u0131n severek giyece\u011fi <a href=\"https:\/\/www.skechers.com.tr\/kiz-cocuk-sandalet-c-3004?utm_source=blog&amp;utm_medium=content&amp;utm_campaign=okula-donus-basladi&amp;utm_term=3004\">k\u0131z \u00e7ocuk sandalet<\/a>, <a href=\"https:\/\/www.skechers.com.tr\/kiz-cocuk-spor-ayakkabilari-c-3002?utm_source=blog&amp;utm_medium=content&amp;utm_campaign=okula-donus-basladi&amp;utm_term=3002\">k\u0131z \u00e7ocuk spor ayakkab\u0131<\/a> modellerini bulabilirsiniz.<\/p>\n<p>&nbsp;<\/p>\n<p><a href=\"https:\/\/www.skechers.com.tr\/ozel-gunler-okula-donus-c-9006\" target=\"_blank\" rel=\"noopener\"><img decoding=\"async\" loading=\"lazy\" class=\"size-full wp-image-1981 alignleft\" src=\"https:\/\/www.skechers.com.tr\/blog\/wp-content\/uploads\/2018\/09\/COCUK-blog-cta.png\" alt=\"\" width=\"550\" height=\"117\" srcset=\"https:\/\/www.skechers.com.tr\/blog\/wp-content\/uploads\/2018\/09\/COCUK-blog-cta.png 550w, https:\/\/www.skechers.com.tr\/blog\/wp-content\/uploads\/2018\/09\/COCUK-blog-cta-300x64.png 300w\" sizes=\"(max-width: 550px) 100vw, 550px\" \/><\/a><\/p>\n","protected":false},"excerpt":{"rendered":"<p>Yaza vedan\u0131n ard\u0131ndan bizi kar\u015f\u0131layan sonbahar bir\u00e7ok ki\u015fi i\u00e7in ayn\u0131 anlam\u0131 ta\u015f\u0131r; okula d\u00f6n\u00fc\u015f! Stresli bir d\u00f6nem oldu\u011fu kadar i\u00e7 g\u0131d\u0131klay\u0131c\u0131 heyecanlara da gebedir ayn\u0131 zamanda. Aram\u0131zda mutlaka, bu heyecan\u0131 daha \u00f6nce tatm\u0131\u015f deneyimli ebeveynler oldu\u011fu gibi hen\u00fcz ne yapaca\u011f\u0131n\u0131 bilmeyen toy ebeveynler de bulunuyordur. \u0130\u015finize yarayaca\u011f\u0131ndan \u00e7ok\u00e7a emin oldu\u011fumuz yap\u0131lacaklar listesine bir g\u00f6z atal\u0131m. [&hellip;]<\/p>\n","protected":false},"author":1,"featured_media":575,"comment_status":"open","ping_status":"open","sticky":false,"template":"","format":"standard","meta":[],"categories":[26],"tags":[48,46,49,47,50],"yoast_head":"<!-- This site is optimized with the Yoast SEO plugin v18.5.1 - https:\/\/yoast.com\/wordpress\/plugins\/seo\/ -->\n<title>Okula D\u00f6n\u00fc\u015f Ba\u015flad\u0131! | #BackToSchool-Skechers Blog<\/title>\n<meta name=\"description\" content=\"Yaza vedan\u0131n ard\u0131ndan bizi kar\u015f\u0131layan sonbahar bir\u00e7ok ki\u015fi i\u00e7in ayn\u0131 anlam\u0131 ta\u015f\u0131r; okula d\u00f6n\u00fc\u015f! \u0130\u015finize yarayaca\u011f\u0131ndan \u00e7ok\u00e7a emin oldu\u011fumuz yap\u0131lacaklar listesine bir g\u00f6z atal\u0131m.\" \/>\n<meta name=\"robots\" content=\"index, follow, max-snippet:-1, max-image-preview:large, max-video-preview:-1\" \/>\n<link rel=\"canonical\" href=\"https:\/\/www.skechers.com.tr\/blog\/okula-donus-basladi\/\" \/>\n<meta property=\"og:locale\" content=\"tr_TR\" \/>\n<meta property=\"og:type\" content=\"article\" \/>\n<meta property=\"og:title\" content=\"Okula D\u00f6n\u00fc\u015f Ba\u015flad\u0131! | #BackToSchool-Skechers Blog\" \/>\n<meta property=\"og:description\" content=\"Yaza vedan\u0131n ard\u0131ndan bizi kar\u015f\u0131layan sonbahar bir\u00e7ok ki\u015fi i\u00e7in ayn\u0131 anlam\u0131 ta\u015f\u0131r; okula d\u00f6n\u00fc\u015f! \u0130\u015finize yarayaca\u011f\u0131ndan \u00e7ok\u00e7a emin oldu\u011fumuz yap\u0131lacaklar listesine bir g\u00f6z atal\u0131m.\" \/>\n<meta property=\"og:url\" content=\"https:\/\/www.skechers.com.tr\/blog\/okula-donus-basladi\/\" \/>\n<meta property=\"og:site_name\" content=\"Skechers Blog\" \/>\n<meta property=\"article:published_time\" content=\"2018-09-17T13:03:21+00:00\" \/>\n<meta property=\"article:modified_time\" content=\"2021-08-16T06:46:06+00:00\" \/>\n<meta property=\"og:image\" content=\"https:\/\/www.skechers.com.tr\/blog\/wp-content\/uploads\/2018\/09\/Ads\u0131z-tasar\u0131m-5.png\" \/>\n\t<meta property=\"og:image:width\" content=\"800\" \/>\n\t<meta property=\"og:image:height\" content=\"600\" \/>\n\t<meta property=\"og:image:type\" content=\"image\/png\" \/>\n<meta name=\"twitter:card\" content=\"summary_large_image\" \/>\n<meta name=\"twitter:label1\" content=\"Yazan:\" \/>\n\t<meta name=\"twitter:data1\" content=\"Skechers T\u00fcrkiye\" \/>\n\t<meta name=\"twitter:label2\" content=\"Tahmini okuma s\u00fcresi\" \/>\n\t<meta name=\"twitter:data2\" content=\"3 dakika\" \/>\n<script type=\"application\/ld+json\" class=\"yoast-schema-graph\">{\"@context\":\"https:\/\/schema.org\",\"@graph\":[{\"@type\":\"WebSite\",\"@id\":\"https:\/\/www.skechers.com.tr\/blog\/#website\",\"url\":\"https:\/\/www.skechers.com.tr\/blog\/\",\"name\":\"Skechers Blog\",\"description\":\"Skechers\",\"potentialAction\":[{\"@type\":\"SearchAction\",\"target\":{\"@type\":\"EntryPoint\",\"urlTemplate\":\"https:\/\/www.skechers.com.tr\/blog\/?s={search_term_string}\"},\"query-input\":\"required name=search_term_string\"}],\"inLanguage\":\"tr\"},{\"@type\":\"ImageObject\",\"@id\":\"https:\/\/www.skechers.com.tr\/blog\/okula-donus-basladi\/#primaryimage\",\"inLanguage\":\"tr\",\"url\":\"https:\/\/www.skechers.com.tr\/blog\/wp-content\/uploads\/2018\/09\/Ads\u0131z-tasar\u0131m-5.png\",\"contentUrl\":\"https:\/\/www.skechers.com.tr\/blog\/wp-content\/uploads\/2018\/09\/Ads\u0131z-tasar\u0131m-5.png\",\"width\":800,\"height\":600,\"caption\":\"back to school-Skechers\"},{\"@type\":\"WebPage\",\"@id\":\"https:\/\/www.skechers.com.tr\/blog\/okula-donus-basladi\/#webpage\",\"url\":\"https:\/\/www.skechers.com.tr\/blog\/okula-donus-basladi\/\",\"name\":\"Okula D\u00f6n\u00fc\u015f Ba\u015flad\u0131! | #BackToSchool-Skechers Blog\",\"isPartOf\":{\"@id\":\"https:\/\/www.skechers.com.tr\/blog\/#website\"},\"primaryImageOfPage\":{\"@id\":\"https:\/\/www.skechers.com.tr\/blog\/okula-donus-basladi\/#primaryimage\"},\"datePublished\":\"2018-09-17T13:03:21+00:00\",\"dateModified\":\"2021-08-16T06:46:06+00:00\",\"author\":{\"@id\":\"https:\/\/www.skechers.com.tr\/blog\/#\/schema\/person\/6d09a0595696524814757d23d22b4c33\"},\"description\":\"Yaza vedan\u0131n ard\u0131ndan bizi kar\u015f\u0131layan sonbahar bir\u00e7ok ki\u015fi i\u00e7in ayn\u0131 anlam\u0131 ta\u015f\u0131r; okula d\u00f6n\u00fc\u015f! \u0130\u015finize yarayaca\u011f\u0131ndan \u00e7ok\u00e7a emin oldu\u011fumuz yap\u0131lacaklar listesine bir g\u00f6z atal\u0131m.\",\"breadcrumb\":{\"@id\":\"https:\/\/www.skechers.com.tr\/blog\/okula-donus-basladi\/#breadcrumb\"},\"inLanguage\":\"tr\",\"potentialAction\":[{\"@type\":\"ReadAction\",\"target\":[\"https:\/\/www.skechers.com.tr\/blog\/okula-donus-basladi\/\"]}]},{\"@type\":\"BreadcrumbList\",\"@id\":\"https:\/\/www.skechers.com.tr\/blog\/okula-donus-basladi\/#breadcrumb\",\"itemListElement\":[{\"@type\":\"ListItem\",\"position\":1,\"name\":\"Okula D\u00f6n\u00fc\u015f Ba\u015flad\u0131!\"}]},{\"@type\":\"Person\",\"@id\":\"https:\/\/www.skechers.com.tr\/blog\/#\/schema\/person\/6d09a0595696524814757d23d22b4c33\",\"name\":\"Skechers T\u00fcrkiye\",\"image\":{\"@type\":\"ImageObject\",\"@id\":\"https:\/\/www.skechers.com.tr\/blog\/#personlogo\",\"inLanguage\":\"tr\",\"url\":\"https:\/\/secure.gravatar.com\/avatar\/0fc2191869a9a020b4606acf264338ae?s=96&d=mm&r=g\",\"contentUrl\":\"https:\/\/secure.gravatar.com\/avatar\/0fc2191869a9a020b4606acf264338ae?s=96&d=mm&r=g\",\"caption\":\"Skechers T\u00fcrkiye\"},\"description\":\"Skechers spor ayakkab\u0131 \u00fcr\u00fcnleri ile rahatl\u0131\u011f\u0131 ve kaliteyi hisset!\"}]}<\/script>\n<!-- \/ Yoast SEO plugin. -->","yoast_head_json":{"title":"Okula D\u00f6n\u00fc\u015f Ba\u015flad\u0131! | #BackToSchool-Skechers Blog","description":"Yaza vedan\u0131n ard\u0131ndan bizi kar\u015f\u0131layan sonbahar bir\u00e7ok ki\u015fi i\u00e7in ayn\u0131 anlam\u0131 ta\u015f\u0131r; okula d\u00f6n\u00fc\u015f! \u0130\u015finize yarayaca\u011f\u0131ndan \u00e7ok\u00e7a emin oldu\u011fumuz yap\u0131lacaklar listesine bir g\u00f6z atal\u0131m.","robots":{"index":"index","follow":"follow","max-snippet":"max-snippet:-1","max-image-preview":"max-image-preview:large","max-video-preview":"max-video-preview:-1"},"canonical":"https:\/\/www.skechers.com.tr\/blog\/okula-donus-basladi\/","og_locale":"tr_TR","og_type":"article","og_title":"Okula D\u00f6n\u00fc\u015f Ba\u015flad\u0131! | #BackToSchool-Skechers Blog","og_description":"Yaza vedan\u0131n ard\u0131ndan bizi kar\u015f\u0131layan sonbahar bir\u00e7ok ki\u015fi i\u00e7in ayn\u0131 anlam\u0131 ta\u015f\u0131r; okula d\u00f6n\u00fc\u015f! \u0130\u015finize yarayaca\u011f\u0131ndan \u00e7ok\u00e7a emin oldu\u011fumuz yap\u0131lacaklar listesine bir g\u00f6z atal\u0131m.","og_url":"https:\/\/www.skechers.com.tr\/blog\/okula-donus-basladi\/","og_site_name":"Skechers Blog","article_published_time":"2018-09-17T13:03:21+00:00","article_modified_time":"2021-08-16T06:46:06+00:00","og_image":[{"width":800,"height":600,"url":"https:\/\/www.skechers.com.tr\/blog\/wp-content\/uploads\/2018\/09\/Ads\u0131z-tasar\u0131m-5.png","type":"image\/png"}],"twitter_card":"summary_large_image","twitter_misc":{"Yazan:":"Skechers T\u00fcrkiye","Tahmini okuma s\u00fcresi":"3 dakika"},"schema":{"@context":"https:\/\/schema.org","@graph":[{"@type":"WebSite","@id":"https:\/\/www.skechers.com.tr\/blog\/#website","url":"https:\/\/www.skechers.com.tr\/blog\/","name":"Skechers Blog","description":"Skechers","potentialAction":[{"@type":"SearchAction","target":{"@type":"EntryPoint","urlTemplate":"https:\/\/www.skechers.com.tr\/blog\/?s={search_term_string}"},"query-input":"required name=search_term_string"}],"inLanguage":"tr"},{"@type":"ImageObject","@id":"https:\/\/www.skechers.com.tr\/blog\/okula-donus-basladi\/#primaryimage","inLanguage":"tr","url":"https:\/\/www.skechers.com.tr\/blog\/wp-content\/uploads\/2018\/09\/Ads\u0131z-tasar\u0131m-5.png","contentUrl":"https:\/\/www.skechers.com.tr\/blog\/wp-content\/uploads\/2018\/09\/Ads\u0131z-tasar\u0131m-5.png","width":800,"height":600,"caption":"back to school-Skechers"},{"@type":"WebPage","@id":"https:\/\/www.skechers.com.tr\/blog\/okula-donus-basladi\/#webpage","url":"https:\/\/www.skechers.com.tr\/blog\/okula-donus-basladi\/","name":"Okula D\u00f6n\u00fc\u015f Ba\u015flad\u0131! | #BackToSchool-Skechers Blog","isPartOf":{"@id":"https:\/\/www.skechers.com.tr\/blog\/#website"},"primaryImageOfPage":{"@id":"https:\/\/www.skechers.com.tr\/blog\/okula-donus-basladi\/#primaryimage"},"datePublished":"2018-09-17T13:03:21+00:00","dateModified":"2021-08-16T06:46:06+00:00","author":{"@id":"https:\/\/www.skechers.com.tr\/blog\/#\/schema\/person\/6d09a0595696524814757d23d22b4c33"},"description":"Yaza vedan\u0131n ard\u0131ndan bizi kar\u015f\u0131layan sonbahar bir\u00e7ok ki\u015fi i\u00e7in ayn\u0131 anlam\u0131 ta\u015f\u0131r; okula d\u00f6n\u00fc\u015f! \u0130\u015finize yarayaca\u011f\u0131ndan \u00e7ok\u00e7a emin oldu\u011fumuz yap\u0131lacaklar listesine bir g\u00f6z atal\u0131m.","breadcrumb":{"@id":"https:\/\/www.skechers.com.tr\/blog\/okula-donus-basladi\/#breadcrumb"},"inLanguage":"tr","potentialAction":[{"@type":"ReadAction","target":["https:\/\/www.skechers.com.tr\/blog\/okula-donus-basladi\/"]}]},{"@type":"BreadcrumbList","@id":"https:\/\/www.skechers.com.tr\/blog\/okula-donus-basladi\/#breadcrumb","itemListElement":[{"@type":"ListItem","position":1,"name":"Okula D\u00f6n\u00fc\u015f Ba\u015flad\u0131!"}]},{"@type":"Person","@id":"https:\/\/www.skechers.com.tr\/blog\/#\/schema\/person\/6d09a0595696524814757d23d22b4c33","name":"Skechers T\u00fcrkiye","image":{"@type":"ImageObject","@id":"https:\/\/www.skechers.com.tr\/blog\/#personlogo","inLanguage":"tr","url":"https:\/\/secure.gravatar.com\/avatar\/0fc2191869a9a020b4606acf264338ae?s=96&d=mm&r=g","contentUrl":"https:\/\/secure.gravatar.com\/avatar\/0fc2191869a9a020b4606acf264338ae?s=96&d=mm&r=g","caption":"Skechers T\u00fcrkiye"},"description":"Skechers spor ayakkab\u0131 \u00fcr\u00fcnleri ile rahatl\u0131\u011f\u0131 ve kaliteyi hisset!"}]}},"_links":{"self":[{"href":"https:\/\/www.skechers.com.tr\/blog\/wp-json\/wp\/v2\/posts\/564"}],"collection":[{"href":"https:\/\/www.skechers.com.tr\/blog\/wp-json\/wp\/v2\/posts"}],"about":[{"href":"https:\/\/www.skechers.com.tr\/blog\/wp-json\/wp\/v2\/types\/post"}],"author":[{"embeddable":true,"href":"https:\/\/www.skechers.com.tr\/blog\/wp-json\/wp\/v2\/users\/1"}],"replies":[{"embeddable":true,"href":"https:\/\/www.skechers.com.tr\/blog\/wp-json\/wp\/v2\/comments?post=564"}],"version-history":[{"count":10,"href":"https:\/\/www.skechers.com.tr\/blog\/wp-json\/wp\/v2\/posts\/564\/revisions"}],"predecessor-version":[{"id":2008,"href":"https:\/\/www.skechers.com.tr\/blog\/wp-json\/wp\/v2\/posts\/564\/revisions\/2008"}],"wp:featuredmedia":[{"embeddable":true,"href":"https:\/\/www.skechers.com.tr\/blog\/wp-json\/wp\/v2\/media\/575"}],"wp:attachment":[{"href":"https:\/\/www.skechers.com.tr\/blog\/wp-json\/wp\/v2\/media?parent=564"}],"wp:term":[{"taxonomy":"category","embeddable":true,"href":"https:\/\/www.skechers.com.tr\/blog\/wp-json\/wp\/v2\/categories?post=564"},{"taxonomy":"post_tag","embeddable":true,"href":"https:\/\/www.skechers.com.tr\/blog\/wp-json\/wp\/v2\/tags?post=564"}],"curies":[{"name":"wp","href":"https:\/\/api.w.org\/{rel}","templated":true}]}}