{"id":3269,"date":"2025-09-04T11:56:52","date_gmt":"2025-09-04T11:56:52","guid":{"rendered":"https:\/\/www.skechers.com.tr\/blog\/?p=3269"},"modified":"2025-09-04T11:56:52","modified_gmt":"2025-09-04T11:56:52","slug":"cocuklar-icin-ilk-spor-ayakkabisi-nasil-secilir","status":"publish","type":"post","link":"https:\/\/www.skechers.com.tr\/blog\/cocuklar-icin-ilk-spor-ayakkabisi-nasil-secilir\/","title":{"rendered":"\u00c7ocuklar \u0130\u00e7in \u0130lk Spor Ayakkab\u0131s\u0131 Nas\u0131l Se\u00e7ilir?"},"content":{"rendered":"<p><span style=\"font-weight: 400;\">\u00c7ocuklar\u0131n hayat\u0131ndaki ilk spor ayakkab\u0131, yaln\u0131zca bir giyim e\u015fyas\u0131 de\u011fil; onlar\u0131n ba\u011f\u0131ms\u0131z hareket etmeye, \u00f6zg\u00fcven kazanmaya ve g\u00fcvenle d\u00fcnyay\u0131 ke\u015ffetmeye att\u0131\u011f\u0131 en \u00f6nemli ad\u0131mlardan biridir. Do\u011fru ayakkab\u0131 se\u00e7imi, minik ayaklar\u0131n geli\u015fimini desteklerken hem konfor hem de g\u00fcvenlik sunar. Yanl\u0131\u015f se\u00e7imler ise ayak sa\u011fl\u0131\u011f\u0131n\u0131 olumsuz etkileyebilir ve hareket \u00f6zg\u00fcrl\u00fc\u011f\u00fcn\u00fc k\u0131s\u0131tlayabilir. Bu nedenle \u201c\u00e7ocuk spor ayakkab\u0131s\u0131 nas\u0131l se\u00e7ilir\u201d sorusunun cevab\u0131, her ebeveyn i\u00e7in kritik \u00f6nemdedir.<\/span><\/p>\n<p><a href=\"https:\/\/www.skechers.com.tr\/erkek-cocuk-spor-ayakkabilari-c-3102\"><span style=\"font-weight: 400;\">Erkek \u00e7ocuk spor ayakkab\u0131<\/span><\/a><span style=\"font-weight: 400;\"> al\u0131rken dayan\u0131kl\u0131l\u0131k \u00f6ne \u00e7\u0131karken, k\u0131z \u00e7ocuk spor ayakkab\u0131s\u0131 se\u00e7iminde nefes alabilirlik veya \u015f\u0131kl\u0131k daha \u00e7ok \u00f6n planda olabilir. Ancak her durumda ortak nokta; kaymaz taban, do\u011fru numara \u00f6l\u00e7\u00fcm\u00fc ve \u00e7ocuklar\u0131n ba\u011f\u0131ms\u0131zca giyip \u00e7\u0131karabilece\u011fi pratik kapan\u0131\u015f sistemleridir. \u0130\u015fte bu yaz\u0131da, Skechers\u2019\u0131n uzman yakla\u015f\u0131m\u0131yla ad\u0131m ad\u0131m ilk spor ayakkab\u0131s\u0131 se\u00e7menin p\u00fcf noktalar\u0131n\u0131 ke\u015ffedecek ve \u00e7ocu\u011funuzun her g\u00fcn\u00fcn\u00fc daha konforlu hale getirecek ipu\u00e7lar\u0131 bulacaks\u0131n\u0131z. Skechers Kids koleksiyonundaki <\/span><a href=\"https:\/\/www.skechers.com.tr\/isikli-ayakkabilar-c-6011\"><span style=\"font-weight: 400;\">\u0131\u015f\u0131kl\u0131 ayakkab\u0131<\/span><\/a><span style=\"font-weight: 400;\"> ve Slip-ins modellerini incele, \u00e7ocu\u011fun i\u00e7in do\u011fru se\u00e7imi kolayca yap!<\/span><\/p>\n<h2><span style=\"font-weight: 400;\">5 Ad\u0131mda Do\u011fru Se\u00e7im<\/span><\/h2>\n<p><span style=\"font-weight: 400;\">\u00c7ocu\u011funuz i\u00e7in ilk spor ayakkab\u0131s\u0131n\u0131 se\u00e7mek g\u00f6z korkutucu g\u00f6r\u00fcnebilir, ama asl\u0131nda birka\u00e7 basit ad\u0131mla bu s\u00fcreci hem keyifli hem de pratik hale getirmek m\u00fcmk\u00fcn. Do\u011fru \u00f6l\u00e7\u00fcmden zemine uygun tabana, kapan\u0131\u015f tipinden nefes alabilirli\u011fe kadar dikkat edilmesi gereken noktalar\u0131 bilmek, ayakkab\u0131 al\u0131\u015fveri\u015fini \u00e7ok daha kolayla\u015ft\u0131r\u0131r. \u0130\u015fte minik ayaklara hem g\u00fcven hem de konfor kazand\u0131racak, Skechers\u2019\u0131n \u00f6nerdi\u011fi 5 ad\u0131mda do\u011fru se\u00e7im rehberi\u2026<\/span><\/p>\n<h3><span style=\"font-weight: 400;\">Aya\u011f\u0131 Do\u011fru \u00d6l\u00e7 (Evde Kolay Y\u00f6ntem)<\/span><\/h3>\n<p><span style=\"font-weight: 400;\">\u00c7ocuk ayakkab\u0131 numaras\u0131 \u00f6l\u00e7me i\u015flemi i\u00e7in evde basit bir y\u00f6ntem var: Ayaklar\u0131n\u0131 beyaz bir k\u00e2\u011f\u0131da bast\u0131r\u0131n, parmak ucundan topu\u011fa kadar \u00e7izin ve cetvelle \u00f6l\u00e7\u00fcn. Ortaya \u00e7\u0131kan santimetreyi numara tablosuyla e\u015fle\u015ftirin. Unutmay\u0131n, ayaklar g\u00fcn i\u00e7inde \u015fi\u015febilir; \u00f6l\u00e7\u00fcm\u00fc ak\u015fam saatlerinde yapmak en do\u011frusudur.<\/span><\/p>\n<h3><span style=\"font-weight: 400;\">Zemin &amp; Kullan\u0131m Senaryosu<\/span><\/h3>\n<p><span style=\"font-weight: 400;\">Okul, park veya beden e\u011fitimi gibi farkl\u0131 kullan\u0131m alanlar\u0131 i\u00e7in ayakkab\u0131n\u0131n taban\u0131 ve dayan\u0131kl\u0131l\u0131\u011f\u0131 de\u011fi\u015fir. Parkta kaymaz taban \u00e7ocuk ayakkab\u0131s\u0131 \u00f6ncelikliyken, okulda g\u00fcn boyu rahatl\u0131k sa\u011flayan yast\u0131klama \u00f6nem kazan\u0131r.<\/span><\/p>\n<h3><span style=\"font-weight: 400;\">Kapan\u0131\u015f Tipi<\/span><\/h3>\n<ul>\n<li style=\"font-weight: 400;\" aria-level=\"1\"><span style=\"font-weight: 400;\">C\u0131rt c\u0131rtl\u0131: K\u00fc\u00e7\u00fck ya\u015flarda en pratik se\u00e7enek.<\/span><\/li>\n<li style=\"font-weight: 400;\" aria-level=\"1\"><span style=\"font-weight: 400;\">Elastik ba\u011fc\u0131kl\u0131: Hem \u015f\u0131k hem kolay.<\/span><\/li>\n<li style=\"font-weight: 400;\" aria-level=\"1\"><span style=\"font-weight: 400;\">Hands Free Slip-ins: \u00c7ocu\u011funuz tek ba\u015f\u0131na ayakkab\u0131s\u0131n\u0131 giymeyi \u00f6\u011frenirken m\u00fckemmel destek.<\/span><\/li>\n<\/ul>\n<h3><span style=\"font-weight: 400;\">Taban &amp; Kavrama<\/span><\/h3>\n<p><span style=\"font-weight: 400;\">Hafif yast\u0131klama ve kaymaz desen, ko\u015farken d\u00fc\u015fmeleri \u00f6nler. \u00d6zellikle beden e\u011fitimi derslerinde, kavrama g\u00fcc\u00fc y\u00fcksek bir taban \u00e7ok fark yarat\u0131r.<\/span><\/p>\n<h3><span style=\"font-weight: 400;\">Saya &amp; Konfor<\/span><\/h3>\n<p><span style=\"font-weight: 400;\">Nefes alabilir file saya ve diki\u015fsiz yap\u0131, minik ayaklar\u0131n terlemesini \u00f6nler. Yumu\u015fak astarl\u0131 i\u00e7 k\u0131s\u0131m, g\u00fcn boyu konfor sa\u011flar.<\/span><\/p>\n<h2><span style=\"font-weight: 400;\">Evde Ayak \u00d6l\u00e7\u00fcm\u00fc<\/span><\/h2>\n<p><span style=\"font-weight: 400;\">\u00c7ocu\u011funuz i\u00e7in do\u011fru ayakkab\u0131y\u0131 se\u00e7menin ilk ad\u0131m\u0131, ayak \u00f6l\u00e7\u00fcs\u00fcn\u00fc do\u011fru yapmakt\u0131r. Ma\u011fazaya gitmeden \u00f6nce evde uygulayabilece\u011finiz basit y\u00f6ntemlerle ayak uzunlu\u011funu kolayca hesaplayabilir, b\u00f6ylece hem zaman kazan\u0131r hem de yanl\u0131\u015f numara riskini en aza indirirsiniz. \u00d6zellikle h\u0131zl\u0131 b\u00fcy\u00fcyen minik ayaklar i\u00e7in d\u00fczenli \u00f6l\u00e7\u00fcm yapmak, konfor ve sa\u011fl\u0131k a\u00e7\u0131s\u0131ndan b\u00fcy\u00fck \u00f6nem ta\u015f\u0131r.<\/span><\/p>\n<ul>\n<li style=\"font-weight: 400;\" aria-level=\"1\"><span style=\"font-weight: 400;\">\u00c7ocu\u011fun aya\u011f\u0131n\u0131 \u00e7orapla birlikte d\u00fcz bir k\u00e2\u011f\u0131da bast\u0131r\u0131n.<\/span><\/li>\n<li style=\"font-weight: 400;\" aria-level=\"1\"><span style=\"font-weight: 400;\">En uzun parmak ucunu ve topu\u011fu i\u015faretleyin.<\/span><\/li>\n<li style=\"font-weight: 400;\" aria-level=\"1\"><span style=\"font-weight: 400;\">Cetvelle \u00f6l\u00e7\u00fcm yap\u0131n ve sonu\u00e7lar\u0131 tabloya g\u00f6re de\u011ferlendirin.<\/span><\/li>\n<li style=\"font-weight: 400;\" aria-level=\"1\"><span style=\"font-weight: 400;\">Her iki aya\u011f\u0131 da \u00f6l\u00e7\u00fcn; b\u00fcy\u00fck olan\u0131 referans al\u0131n.<\/span><\/li>\n<li style=\"font-weight: 400;\" aria-level=\"1\"><span style=\"font-weight: 400;\">Yakla\u015f\u0131k 1 cm bo\u015fluk b\u0131rakarak numara se\u00e7in.<\/span><\/li>\n<\/ul>\n<p><span style=\"font-weight: 400;\">\u00c7ocuklar\u0131n ayaklar\u0131 h\u0131zla b\u00fcy\u00fcd\u00fc\u011f\u00fc i\u00e7in ayakkab\u0131lar\u0131n\u0131 3\u20136 ayda bir kontrol etmeyi unutmay\u0131n.<\/span><\/p>\n<h2><span style=\"font-weight: 400;\">Ya\u015fa G\u00f6re \u0130lk Ayakkab\u0131 \u0130pu\u00e7lar\u0131<\/span><\/h2>\n<p><span style=\"font-weight: 400;\">Her ya\u015f\u0131n ayak yap\u0131s\u0131 ve ihtiya\u00e7lar\u0131 farkl\u0131d\u0131r; bu y\u00fczden tek tip bir ayakkab\u0131 se\u00e7imi t\u00fcm \u00e7ocuklar i\u00e7in do\u011fru olmayabilir. \u0130lk ad\u0131mlar\u0131n\u0131 atan bir bebek ile okulun ilk y\u0131llar\u0131na ba\u015flayan bir \u00e7ocu\u011fun ayakkab\u0131dan beklentisi ayn\u0131 de\u011fildir. Geli\u015fim d\u00f6nemine g\u00f6re tasarlanm\u0131\u015f modeller, hem konforu hem de g\u00fcvenli\u011fi garanti alt\u0131na al\u0131rken, miniklerin \u00f6zg\u00fcvenle hareket etmesini de destekler.<\/span><\/p>\n<h3><span style=\"font-weight: 400;\">1\u20133 Ya\u015f (\u0130lk Ad\u0131mlar &amp; Toddler)<\/span><\/h3>\n<ul>\n<li style=\"font-weight: 400;\" aria-level=\"1\"><span style=\"font-weight: 400;\">Ayakkab\u0131: Esnek, hafif taban; yuvarlat\u0131lm\u0131\u015f burun; geni\u015f a\u00e7\u0131lan a\u011f\u0131z<\/span><\/li>\n<li style=\"font-weight: 400;\" aria-level=\"1\"><span style=\"font-weight: 400;\">Kapan\u0131\u015f: \u00c7ift c\u0131rt c\u0131rt veya Slip-ins (ebeveyn yard\u0131m\u0131yla kolay giydirme)<\/span><\/li>\n<li style=\"font-weight: 400;\" aria-level=\"1\"><span style=\"font-weight: 400;\">Aksesuar: Teri atan k\u0131sa spor \u00e7orap<\/span><span style=\"font-weight: 400;\">\n<p><\/span><\/li>\n<\/ul>\n<p><span style=\"font-weight: 400;\">Bu ya\u015f grubunda \u00f6ncelik, minik ad\u0131mlar\u0131n g\u00fcvenle at\u0131lmas\u0131d\u0131r. Ayakkab\u0131n\u0131n sert olmamas\u0131, aya\u011f\u0131n do\u011fal hareketini destekler.<\/span><\/p>\n<h3><span style=\"font-weight: 400;\">4\u20136 Ya\u015f (Anaokulu\/Okul \u00d6ncesi)<\/span><\/h3>\n<ul>\n<li style=\"font-weight: 400;\" aria-level=\"1\"><span style=\"font-weight: 400;\">Ayakkab\u0131: Kaymaz taban, burun korumas\u0131, nefes alabilir saya<\/span><\/li>\n<li style=\"font-weight: 400;\" aria-level=\"1\"><span style=\"font-weight: 400;\">Kapan\u0131\u015f: Tek\/\u00e7ift c\u0131rt; Slip-ins ba\u011f\u0131ms\u0131z giyinmeyi destekler<\/span><\/li>\n<li style=\"font-weight: 400;\" aria-level=\"1\"><span style=\"font-weight: 400;\">Bonus: Motivasyon i\u00e7in \u0131\u015f\u0131kl\u0131 ayakkab\u0131 (\u00f6rn. S-Lights) \u2013 okul politikas\u0131 uygunsa<\/span><\/li>\n<\/ul>\n<p><span style=\"font-weight: 400;\">Bu ya\u015flarda \u00e7ocuklar art\u0131k kendi ayakkab\u0131lar\u0131n\u0131 giymeyi \u00f6\u011frenir. I\u015f\u0131kl\u0131 modeller motivasyonu art\u0131r\u0131rken, pratik kapan\u0131\u015f sistemleri g\u00fcnl\u00fck rutini kolayla\u015ft\u0131r\u0131r.<\/span><\/p>\n<h3><span style=\"font-weight: 400;\">7\u20138 Ya\u015f (\u0130lkokul \u0130lk Y\u0131llar)<\/span><\/h3>\n<ul>\n<li style=\"font-weight: 400;\" aria-level=\"1\"><span style=\"font-weight: 400;\">Ayakkab\u0131: G\u00fcn boyu rahat yast\u0131klama, sa\u011flam topuk kilidi<\/span><\/li>\n<li style=\"font-weight: 400;\" aria-level=\"1\"><span style=\"font-weight: 400;\">Kapan\u0131\u015f: Elastik ba\u011fc\u0131k + c\u0131rt veya ba\u011fc\u0131kl\u0131 (ba\u011flama \u00f6\u011frenenler i\u00e7in)<\/span><\/li>\n<li style=\"font-weight: 400;\" aria-level=\"1\"><span style=\"font-weight: 400;\">\u0130kinci \u00e7ift: Beden e\u011fitimi i\u00e7in hafif antrenman modeli<\/span><\/li>\n<\/ul>\n<p><span style=\"font-weight: 400;\">Bu d\u00f6nemde \u00e7ocuklar hem oyun hem de ders aras\u0131nda yo\u011fun tempoya girer. Bu nedenle bir \u00e7ift g\u00fcnl\u00fck ayakkab\u0131 yan\u0131nda, spor dersleri i\u00e7in ayr\u0131 bir <\/span><a href=\"https:\/\/www.skechers.com.tr\/erkek-cocuk-spor-ayakkabilari-c-3102\"><span style=\"font-weight: 400;\">erkek \u00e7ocuk spor ayakkab\u0131<\/span><\/a><span style=\"font-weight: 400;\"> veya <\/span><a href=\"https:\/\/www.skechers.com.tr\/kiz-cocuk-spor-ayakkabilari-c-3002\"><span style=\"font-weight: 400;\">k\u0131z \u00e7ocuk spor ayakkab\u0131<\/span><\/a><span style=\"font-weight: 400;\"> bulundurmak iyi bir fikirdir.<\/span><\/p>\n<h3><span style=\"font-weight: 400;\">Minik Ayaklara B\u00fcy\u00fck Destek<\/span><\/h3>\n<p><span style=\"font-weight: 400;\">\u00c7ocuklar\u0131n ilk spor ayakkab\u0131s\u0131, sadece bug\u00fcn\u00fcn de\u011fil, gelecekteki ad\u0131mlar\u0131n\u0131n da temelini olu\u015fturur. Do\u011fru \u00f6l\u00e7\u00fcm, kaymaz taban, nefes alabilir saya ve pratik kapan\u0131\u015f se\u00e7enekleriyle onlar\u0131n hem g\u00fcvenli\u011fini hem de ba\u011f\u0131ms\u0131zl\u0131\u011f\u0131n\u0131 destekleyebilirsiniz. Her ad\u0131m, \u00e7ocuklar\u0131n d\u00fcnyay\u0131 ke\u015ffetme yolculu\u011funda yeni bir kap\u0131 aralar. Do\u011fru se\u00e7ilmi\u015f bir spor <\/span><a href=\"https:\/\/www.skechers.com.tr\/ayakkabi-c-6001\"><span style=\"font-weight: 400;\">ayakkab\u0131<\/span><\/a><span style=\"font-weight: 400;\"> ise bu yolculu\u011fun en g\u00fcvenilir yol arkada\u015f\u0131d\u0131r. Kaymaz taban\u0131yla g\u00fcven, nefes alabilir yap\u0131s\u0131yla konfor ve pratik giyimiyle \u00f6zg\u00fcven kazand\u0131ran modeller, minik ayaklar\u0131n b\u00fcy\u00fck hayallerine e\u015flik eder. Skechers\u2019\u0131n \u00e7ocuklara \u00f6zel koleksiyonuyla, her ad\u0131m\u0131 daha keyifli, daha sa\u011fl\u0131kl\u0131 ve daha \u00f6zg\u00fcr hale getirmek art\u0131k \u00e7ok kolay.<\/span><\/p>\n<p><span style=\"font-weight: 400;\">Skechers Kids koleksiyonu, esnek tabanl\u0131 toddler modellerinden ba\u011f\u0131ms\u0131z giyimi kolayla\u015ft\u0131ran Slip-ins se\u00e7eneklerine ve \u0131\u015f\u0131kl\u0131 ayakkab\u0131lara kadar geni\u015f bir yelpaze sunuyor. \u0130ster k\u0131z ister erkek \u00e7ocuk spor ayakkab\u0131s\u0131 aray\u0131n, do\u011fru se\u00e7imle onlar\u0131n her ad\u0131m\u0131 daha keyifli ve g\u00fcvenli olacak.<\/span><\/p>\n<p><span style=\"font-weight: 400;\">Sen de Skechers\u2019\u0131n \u00e7ocuk spor ayakkab\u0131s\u0131 koleksiyonunu ke\u015ffet, \u00e7ocu\u011fun i\u00e7in ilk ad\u0131mlar\u0131 do\u011fru ayakkab\u0131yla at!<\/span><\/p>\n","protected":false},"excerpt":{"rendered":"<p>\u00c7ocuklar\u0131n hayat\u0131ndaki ilk spor ayakkab\u0131, yaln\u0131zca bir giyim e\u015fyas\u0131 de\u011fil; onlar\u0131n ba\u011f\u0131ms\u0131z hareket etmeye, \u00f6zg\u00fcven kazanmaya ve g\u00fcvenle d\u00fcnyay\u0131 ke\u015ffetmeye att\u0131\u011f\u0131 en \u00f6nemli ad\u0131mlardan biridir. Do\u011fru ayakkab\u0131 se\u00e7imi, minik ayaklar\u0131n geli\u015fimini desteklerken hem konfor hem de g\u00fcvenlik sunar. Yanl\u0131\u015f se\u00e7imler ise ayak sa\u011fl\u0131\u011f\u0131n\u0131 olumsuz etkileyebilir ve hareket \u00f6zg\u00fcrl\u00fc\u011f\u00fcn\u00fc k\u0131s\u0131tlayabilir. Bu nedenle \u201c\u00e7ocuk spor ayakkab\u0131s\u0131 nas\u0131l [&hellip;]<\/p>\n","protected":false},"author":1,"featured_media":3270,"comment_status":"open","ping_status":"open","sticky":false,"template":"","format":"standard","meta":[],"categories":[1],"tags":[],"yoast_head":"<!-- This site is optimized with the Yoast SEO plugin v18.5.1 - https:\/\/yoast.com\/wordpress\/plugins\/seo\/ -->\n<title>\u00c7ocuklar \u0130\u00e7in \u0130lk Spor Ayakkab\u0131s\u0131 Nas\u0131l Se\u00e7ilir? - Skechers Blog<\/title>\n<meta name=\"description\" content=\"\u0130lk sneaker\u2019\u0131 se\u00e7erken \u00f6l\u00e7\u00fcm, zemin ve konfor ipu\u00e7lar\u0131. Kaymaz taban, kolay giyilen se\u00e7enekler ve numara rehberi burada.\" \/>\n<meta name=\"robots\" content=\"index, follow, max-snippet:-1, max-image-preview:large, max-video-preview:-1\" \/>\n<link rel=\"canonical\" href=\"https:\/\/www.skechers.com.tr\/blog\/cocuklar-icin-ilk-spor-ayakkabisi-nasil-secilir\/\" \/>\n<meta property=\"og:locale\" content=\"tr_TR\" \/>\n<meta property=\"og:type\" content=\"article\" \/>\n<meta property=\"og:title\" content=\"\u00c7ocuklar \u0130\u00e7in \u0130lk Spor Ayakkab\u0131s\u0131 Nas\u0131l Se\u00e7ilir? - Skechers Blog\" \/>\n<meta property=\"og:description\" content=\"\u0130lk sneaker\u2019\u0131 se\u00e7erken \u00f6l\u00e7\u00fcm, zemin ve konfor ipu\u00e7lar\u0131. Kaymaz taban, kolay giyilen se\u00e7enekler ve numara rehberi burada.\" \/>\n<meta property=\"og:url\" content=\"https:\/\/www.skechers.com.tr\/blog\/cocuklar-icin-ilk-spor-ayakkabisi-nasil-secilir\/\" \/>\n<meta property=\"og:site_name\" content=\"Skechers Blog\" \/>\n<meta property=\"article:published_time\" content=\"2025-09-04T11:56:52+00:00\" \/>\n<meta property=\"og:image\" content=\"https:\/\/www.skechers.com.tr\/blog\/wp-content\/uploads\/2025\/09\/spor-ayakkabi-modelleri.jpg\" \/>\n\t<meta property=\"og:image:width\" content=\"770\" \/>\n\t<meta property=\"og:image:height\" content=\"512\" \/>\n\t<meta property=\"og:image:type\" content=\"image\/jpeg\" \/>\n<meta name=\"twitter:card\" content=\"summary_large_image\" \/>\n<meta name=\"twitter:label1\" content=\"Yazan:\" \/>\n\t<meta name=\"twitter:data1\" content=\"Skechers T\u00fcrkiye\" \/>\n\t<meta name=\"twitter:label2\" content=\"Tahmini okuma s\u00fcresi\" \/>\n\t<meta name=\"twitter:data2\" content=\"6 dakika\" \/>\n<script type=\"application\/ld+json\" class=\"yoast-schema-graph\">{\"@context\":\"https:\/\/schema.org\",\"@graph\":[{\"@type\":\"WebSite\",\"@id\":\"https:\/\/www.skechers.com.tr\/blog\/#website\",\"url\":\"https:\/\/www.skechers.com.tr\/blog\/\",\"name\":\"Skechers Blog\",\"description\":\"Skechers\",\"potentialAction\":[{\"@type\":\"SearchAction\",\"target\":{\"@type\":\"EntryPoint\",\"urlTemplate\":\"https:\/\/www.skechers.com.tr\/blog\/?s={search_term_string}\"},\"query-input\":\"required name=search_term_string\"}],\"inLanguage\":\"tr\"},{\"@type\":\"ImageObject\",\"@id\":\"https:\/\/www.skechers.com.tr\/blog\/cocuklar-icin-ilk-spor-ayakkabisi-nasil-secilir\/#primaryimage\",\"inLanguage\":\"tr\",\"url\":\"https:\/\/www.skechers.com.tr\/blog\/wp-content\/uploads\/2025\/09\/spor-ayakkabi-modelleri.jpg\",\"contentUrl\":\"https:\/\/www.skechers.com.tr\/blog\/wp-content\/uploads\/2025\/09\/spor-ayakkabi-modelleri.jpg\",\"width\":770,\"height\":512,\"caption\":\"spor ayakkab\u0131 modelleri\"},{\"@type\":\"WebPage\",\"@id\":\"https:\/\/www.skechers.com.tr\/blog\/cocuklar-icin-ilk-spor-ayakkabisi-nasil-secilir\/#webpage\",\"url\":\"https:\/\/www.skechers.com.tr\/blog\/cocuklar-icin-ilk-spor-ayakkabisi-nasil-secilir\/\",\"name\":\"\u00c7ocuklar \u0130\u00e7in \u0130lk Spor Ayakkab\u0131s\u0131 Nas\u0131l Se\u00e7ilir? - Skechers Blog\",\"isPartOf\":{\"@id\":\"https:\/\/www.skechers.com.tr\/blog\/#website\"},\"primaryImageOfPage\":{\"@id\":\"https:\/\/www.skechers.com.tr\/blog\/cocuklar-icin-ilk-spor-ayakkabisi-nasil-secilir\/#primaryimage\"},\"datePublished\":\"2025-09-04T11:56:52+00:00\",\"dateModified\":\"2025-09-04T11:56:52+00:00\",\"author\":{\"@id\":\"https:\/\/www.skechers.com.tr\/blog\/#\/schema\/person\/6d09a0595696524814757d23d22b4c33\"},\"description\":\"\u0130lk sneaker\u2019\u0131 se\u00e7erken \u00f6l\u00e7\u00fcm, zemin ve konfor ipu\u00e7lar\u0131. Kaymaz taban, kolay giyilen se\u00e7enekler ve numara rehberi burada.\",\"breadcrumb\":{\"@id\":\"https:\/\/www.skechers.com.tr\/blog\/cocuklar-icin-ilk-spor-ayakkabisi-nasil-secilir\/#breadcrumb\"},\"inLanguage\":\"tr\",\"potentialAction\":[{\"@type\":\"ReadAction\",\"target\":[\"https:\/\/www.skechers.com.tr\/blog\/cocuklar-icin-ilk-spor-ayakkabisi-nasil-secilir\/\"]}]},{\"@type\":\"BreadcrumbList\",\"@id\":\"https:\/\/www.skechers.com.tr\/blog\/cocuklar-icin-ilk-spor-ayakkabisi-nasil-secilir\/#breadcrumb\",\"itemListElement\":[{\"@type\":\"ListItem\",\"position\":1,\"name\":\"\u00c7ocuklar \u0130\u00e7in \u0130lk Spor Ayakkab\u0131s\u0131 Nas\u0131l Se\u00e7ilir?\"}]},{\"@type\":\"Person\",\"@id\":\"https:\/\/www.skechers.com.tr\/blog\/#\/schema\/person\/6d09a0595696524814757d23d22b4c33\",\"name\":\"Skechers T\u00fcrkiye\",\"image\":{\"@type\":\"ImageObject\",\"@id\":\"https:\/\/www.skechers.com.tr\/blog\/#personlogo\",\"inLanguage\":\"tr\",\"url\":\"https:\/\/secure.gravatar.com\/avatar\/0fc2191869a9a020b4606acf264338ae?s=96&d=mm&r=g\",\"contentUrl\":\"https:\/\/secure.gravatar.com\/avatar\/0fc2191869a9a020b4606acf264338ae?s=96&d=mm&r=g\",\"caption\":\"Skechers T\u00fcrkiye\"},\"description\":\"Skechers spor ayakkab\u0131 \u00fcr\u00fcnleri ile rahatl\u0131\u011f\u0131 ve kaliteyi hisset!\"}]}<\/script>\n<!-- \/ Yoast SEO plugin. -->","yoast_head_json":{"title":"\u00c7ocuklar \u0130\u00e7in \u0130lk Spor Ayakkab\u0131s\u0131 Nas\u0131l Se\u00e7ilir? - Skechers Blog","description":"\u0130lk sneaker\u2019\u0131 se\u00e7erken \u00f6l\u00e7\u00fcm, zemin ve konfor ipu\u00e7lar\u0131. Kaymaz taban, kolay giyilen se\u00e7enekler ve numara rehberi burada.","robots":{"index":"index","follow":"follow","max-snippet":"max-snippet:-1","max-image-preview":"max-image-preview:large","max-video-preview":"max-video-preview:-1"},"canonical":"https:\/\/www.skechers.com.tr\/blog\/cocuklar-icin-ilk-spor-ayakkabisi-nasil-secilir\/","og_locale":"tr_TR","og_type":"article","og_title":"\u00c7ocuklar \u0130\u00e7in \u0130lk Spor Ayakkab\u0131s\u0131 Nas\u0131l Se\u00e7ilir? - Skechers Blog","og_description":"\u0130lk sneaker\u2019\u0131 se\u00e7erken \u00f6l\u00e7\u00fcm, zemin ve konfor ipu\u00e7lar\u0131. Kaymaz taban, kolay giyilen se\u00e7enekler ve numara rehberi burada.","og_url":"https:\/\/www.skechers.com.tr\/blog\/cocuklar-icin-ilk-spor-ayakkabisi-nasil-secilir\/","og_site_name":"Skechers Blog","article_published_time":"2025-09-04T11:56:52+00:00","og_image":[{"width":770,"height":512,"url":"https:\/\/www.skechers.com.tr\/blog\/wp-content\/uploads\/2025\/09\/spor-ayakkabi-modelleri.jpg","type":"image\/jpeg"}],"twitter_card":"summary_large_image","twitter_misc":{"Yazan:":"Skechers T\u00fcrkiye","Tahmini okuma s\u00fcresi":"6 dakika"},"schema":{"@context":"https:\/\/schema.org","@graph":[{"@type":"WebSite","@id":"https:\/\/www.skechers.com.tr\/blog\/#website","url":"https:\/\/www.skechers.com.tr\/blog\/","name":"Skechers Blog","description":"Skechers","potentialAction":[{"@type":"SearchAction","target":{"@type":"EntryPoint","urlTemplate":"https:\/\/www.skechers.com.tr\/blog\/?s={search_term_string}"},"query-input":"required name=search_term_string"}],"inLanguage":"tr"},{"@type":"ImageObject","@id":"https:\/\/www.skechers.com.tr\/blog\/cocuklar-icin-ilk-spor-ayakkabisi-nasil-secilir\/#primaryimage","inLanguage":"tr","url":"https:\/\/www.skechers.com.tr\/blog\/wp-content\/uploads\/2025\/09\/spor-ayakkabi-modelleri.jpg","contentUrl":"https:\/\/www.skechers.com.tr\/blog\/wp-content\/uploads\/2025\/09\/spor-ayakkabi-modelleri.jpg","width":770,"height":512,"caption":"spor ayakkab\u0131 modelleri"},{"@type":"WebPage","@id":"https:\/\/www.skechers.com.tr\/blog\/cocuklar-icin-ilk-spor-ayakkabisi-nasil-secilir\/#webpage","url":"https:\/\/www.skechers.com.tr\/blog\/cocuklar-icin-ilk-spor-ayakkabisi-nasil-secilir\/","name":"\u00c7ocuklar \u0130\u00e7in \u0130lk Spor Ayakkab\u0131s\u0131 Nas\u0131l Se\u00e7ilir? - Skechers Blog","isPartOf":{"@id":"https:\/\/www.skechers.com.tr\/blog\/#website"},"primaryImageOfPage":{"@id":"https:\/\/www.skechers.com.tr\/blog\/cocuklar-icin-ilk-spor-ayakkabisi-nasil-secilir\/#primaryimage"},"datePublished":"2025-09-04T11:56:52+00:00","dateModified":"2025-09-04T11:56:52+00:00","author":{"@id":"https:\/\/www.skechers.com.tr\/blog\/#\/schema\/person\/6d09a0595696524814757d23d22b4c33"},"description":"\u0130lk sneaker\u2019\u0131 se\u00e7erken \u00f6l\u00e7\u00fcm, zemin ve konfor ipu\u00e7lar\u0131. Kaymaz taban, kolay giyilen se\u00e7enekler ve numara rehberi burada.","breadcrumb":{"@id":"https:\/\/www.skechers.com.tr\/blog\/cocuklar-icin-ilk-spor-ayakkabisi-nasil-secilir\/#breadcrumb"},"inLanguage":"tr","potentialAction":[{"@type":"ReadAction","target":["https:\/\/www.skechers.com.tr\/blog\/cocuklar-icin-ilk-spor-ayakkabisi-nasil-secilir\/"]}]},{"@type":"BreadcrumbList","@id":"https:\/\/www.skechers.com.tr\/blog\/cocuklar-icin-ilk-spor-ayakkabisi-nasil-secilir\/#breadcrumb","itemListElement":[{"@type":"ListItem","position":1,"name":"\u00c7ocuklar \u0130\u00e7in \u0130lk Spor Ayakkab\u0131s\u0131 Nas\u0131l Se\u00e7ilir?"}]},{"@type":"Person","@id":"https:\/\/www.skechers.com.tr\/blog\/#\/schema\/person\/6d09a0595696524814757d23d22b4c33","name":"Skechers T\u00fcrkiye","image":{"@type":"ImageObject","@id":"https:\/\/www.skechers.com.tr\/blog\/#personlogo","inLanguage":"tr","url":"https:\/\/secure.gravatar.com\/avatar\/0fc2191869a9a020b4606acf264338ae?s=96&d=mm&r=g","contentUrl":"https:\/\/secure.gravatar.com\/avatar\/0fc2191869a9a020b4606acf264338ae?s=96&d=mm&r=g","caption":"Skechers T\u00fcrkiye"},"description":"Skechers spor ayakkab\u0131 \u00fcr\u00fcnleri ile rahatl\u0131\u011f\u0131 ve kaliteyi hisset!"}]}},"_links":{"self":[{"href":"https:\/\/www.skechers.com.tr\/blog\/wp-json\/wp\/v2\/posts\/3269"}],"collection":[{"href":"https:\/\/www.skechers.com.tr\/blog\/wp-json\/wp\/v2\/posts"}],"about":[{"href":"https:\/\/www.skechers.com.tr\/blog\/wp-json\/wp\/v2\/types\/post"}],"author":[{"embeddable":true,"href":"https:\/\/www.skechers.com.tr\/blog\/wp-json\/wp\/v2\/users\/1"}],"replies":[{"embeddable":true,"href":"https:\/\/www.skechers.com.tr\/blog\/wp-json\/wp\/v2\/comments?post=3269"}],"version-history":[{"count":1,"href":"https:\/\/www.skechers.com.tr\/blog\/wp-json\/wp\/v2\/posts\/3269\/revisions"}],"predecessor-version":[{"id":3271,"href":"https:\/\/www.skechers.com.tr\/blog\/wp-json\/wp\/v2\/posts\/3269\/revisions\/3271"}],"wp:featuredmedia":[{"embeddable":true,"href":"https:\/\/www.skechers.com.tr\/blog\/wp-json\/wp\/v2\/media\/3270"}],"wp:attachment":[{"href":"https:\/\/www.skechers.com.tr\/blog\/wp-json\/wp\/v2\/media?parent=3269"}],"wp:term":[{"taxonomy":"category","embeddable":true,"href":"https:\/\/www.skechers.com.tr\/blog\/wp-json\/wp\/v2\/categories?post=3269"},{"taxonomy":"post_tag","embeddable":true,"href":"https:\/\/www.skechers.com.tr\/blog\/wp-json\/wp\/v2\/tags?post=3269"}],"curies":[{"name":"wp","href":"https:\/\/api.w.org\/{rel}","templated":true}]}}