{"id":319,"date":"2018-05-14T07:21:53","date_gmt":"2018-05-14T07:21:53","guid":{"rendered":"http:\/\/www.skechers.com.tr\/blog\/?p=319"},"modified":"2021-05-10T10:08:02","modified_gmt":"2021-05-10T10:08:02","slug":"cocuk-spor-ayakkabisi-alirken-dikkat-edilmesi-gerekenler","status":"publish","type":"post","link":"https:\/\/www.skechers.com.tr\/blog\/cocuk-spor-ayakkabisi-alirken-dikkat-edilmesi-gerekenler\/","title":{"rendered":"\u00c7ocuk Ayakkab\u0131s\u0131 Al\u0131rken Bu P\u00fcf Noktalara Dikkat Edin!"},"content":{"rendered":"<p>[et_pb_section fb_built=&#8221;1&#8243; background_color=&#8221;rgba(255,255,255,0.28)&#8221; _builder_version=&#8221;3.0.100&#8243; use_background_color_gradient=&#8221;on&#8221; background_color_gradient_start=&#8221;rgba(22,22,22,0.87)&#8221; background_color_gradient_end=&#8221;#d14097&#8243; background_color_gradient_direction=&#8221;1deg&#8221;][et_pb_row _builder_version=&#8221;3.0.47&#8243; background_size=&#8221;initial&#8221; background_position=&#8221;top_left&#8221; background_repeat=&#8221;repeat&#8221;][et_pb_column type=&#8221;4_4&#8243; _builder_version=&#8221;3.0.47&#8243; parallax=&#8221;off&#8221; parallax_method=&#8221;on&#8221;][et_pb_text _builder_version=&#8221;3.0.100&#8243; text_font_size=&#8221;17px&#8221; text_text_color=&#8221;#ffffff&#8221; animation_style=&#8221;slide&#8221; animation_direction=&#8221;right&#8221; animation_duration=&#8221;2000ms&#8221;]<\/p>\n<h1 style=\"text-align: center;\">\u00c7ocuklar\u0131n\u0131z\u0131n Ayak Sa\u011fl\u0131\u011f\u0131na Dikkat Edin<\/h1>\n<p>V\u00fccudun t\u00fcm y\u00fck\u00fcn\u00fc ta\u015f\u0131yan ayaklar\u0131n sa\u011fl\u0131\u011f\u0131 her ya\u015fta \u00f6nemlidir. Bebeklik ve <strong>\u00e7ocukluk d\u00f6neminde ayak sa\u011fl\u0131\u011f\u0131<\/strong> i\u00e7in \u00f6zellikle ayakkab\u0131 se\u00e7imi b\u00fcy\u00fck \u00f6nem ta\u015f\u0131yor. Kal\u0131tsal bir s\u0131k\u0131nt\u0131 olmad\u0131\u011f\u0131 s\u00fcrece, ayak sa\u011fl\u0131\u011f\u0131, \u00e7ocukluktan itibaren ayakkab\u0131 se\u00e7imiyle do\u011frudan orant\u0131l\u0131d\u0131r.<\/p>\n<p>Y\u00fcr\u00fcmeye ba\u015flad\u0131klar\u0131 andan itibaren \u00f6zellikle ebeveynlerde ayakkab\u0131 se\u00e7me tela\u015f\u0131 ba\u015flar. Bu tela\u015fla g\u00f6zlerine g\u00fczel gelen her ayakkab\u0131y\u0131 almak gibi bir hataya d\u00fc\u015febilirler. <strong>\u00c7ocuklar\u0131n ayak sa\u011fl\u0131\u011f\u0131<\/strong> i\u00e7in bu gibi durumlara dikkat edilmelidir. Y\u00fcr\u00fcmeye ba\u015flad\u0131ktan sonra yakla\u015f\u0131k iki ya\u015f\u0131na kadar ayaklar\u0131n\u0131n do\u011fal s\u00fcrecinde geli\u015fmesi i\u00e7in \u00f6zellikle i\u00e7eride, ayakkab\u0131 yerine sade bir \u00e7orapla y\u00fcr\u00fct\u00fclmelidir. D\u0131\u015far\u0131 \u00e7\u0131k\u0131ld\u0131\u011f\u0131nda ise, yumu\u015fak ve yuvarlak hatl\u0131 olan ayakkab\u0131lar tercih edilmelidir.<\/p>\n<p>\u00c7ocuklar i\u00e7in ayakkab\u0131 se\u00e7mek her zaman \u00f6zenli olunmas\u0131 gereken bir konudur. S\u00fcrekli hareket halinde ve enerjik olan \u00e7ocuklar\u0131n hareket \u00f6zg\u00fcrl\u00fc\u011f\u00fcn\u00fc k\u0131s\u0131tlamayacak ve ayak sa\u011fl\u0131\u011f\u0131n\u0131 olumsuz \u015fekilde etkilemeyecek olan bir ayakkab\u0131 tercih etmek gerekiyor.<\/p>\n<p>\u00c7ocuklar\u0131n\u0131z i\u00e7in en uygun ayakkab\u0131 se\u00e7iminizde size yard\u0131mc\u0131 olmak i\u00e7in <strong>Skechers<\/strong> olarak birka\u00e7 tavsiyemiz olacak\u2026<br \/>\n[\/et_pb_text][\/et_pb_column][\/et_pb_row][et_pb_row _builder_version=&#8221;3.0.100&#8243;][et_pb_column type=&#8221;1_2&#8243; _builder_version=&#8221;3.0.47&#8243; parallax=&#8221;off&#8221; parallax_method=&#8221;on&#8221;][et_pb_text _builder_version=&#8221;3.0.100&#8243; text_font_size=&#8221;16px&#8221; text_text_color=&#8221;#ffffff&#8221; text_orientation=&#8221;justified&#8221; animation_style=&#8221;slide&#8221; animation_direction=&#8221;left&#8221; animation_duration=&#8221;2000ms&#8221;]*\u00c7ocu\u011funuz i\u00e7in ayakkab\u0131 se\u00e7erken, onun da yan\u0131n\u0131zda olmas\u0131na \u00f6zen g\u00f6sterin. Ayaklar\u0131nda ayakkab\u0131y\u0131 denemeden almaman\u0131z\u0131 \u00f6neririz.<\/p>\n<p>*Ayakkab\u0131 denerken \u00e7ocu\u011funuzun aya\u011f\u0131nda mutlaka \u00e7orap olmas\u0131na \u00f6zen g\u00f6sterin.<\/p>\n<p>*Zamanla a\u00e7\u0131l\u0131r diye d\u00fc\u015f\u00fcnerek aya\u011f\u0131n\u0131 s\u0131kan bir ayakkab\u0131y\u0131 almay\u0131n, kaliteli bir ayakkab\u0131 zamanla a\u00e7\u0131lmaz.<\/p>\n<p>*Ayakkab\u0131 al\u0131\u015fveri\u015fi i\u00e7in sabah saatlerini de\u011fil de \u00f6\u011flen saatlerini tercih etmenizde fayda var. \u00c7\u00fcnk\u00fc sabah saatlerinde \u00e7ocu\u011funuzun aya\u011f\u0131nda \u015fi\u015fkinlik olabilir.<\/p>\n<p>*\u00c7ocu\u011funuzun iki ayak yap\u0131s\u0131 ve b\u00fcy\u00fckl\u00fc\u011f\u00fc farkl\u0131 olabilir. Bu nedenle ayakkab\u0131y\u0131 b\u00fcy\u00fck olan ayak numaras\u0131na g\u00f6re al\u0131n.<\/p>\n<p>*Ayak parmaklar\u0131n\u0131n uzunlu\u011funa dikkat edin. Ayakkab\u0131n\u0131n i\u00e7inde ayaklar\u0131n\u0131n rahat etmesi ve daha esnek hareket etmesi \u00f6nemlidir. Bu nedenle \u00e7ocu\u011funuzun ayak parma\u011f\u0131n\u0131n en uzun olan\u0131na g\u00f6re ayakkab\u0131 bo\u015flu\u011funa dikkat etmelisiniz. Ayakkab\u0131n\u0131n \u00f6n k\u0131sm\u0131nda 1 santimetre bo\u015fluk olmas\u0131na dikkat edin\u2026<br \/>\n[\/et_pb_text][\/et_pb_column][et_pb_column type=&#8221;1_2&#8243; _builder_version=&#8221;3.0.47&#8243; parallax=&#8221;off&#8221; parallax_method=&#8221;on&#8221;][et_pb_image src=&#8221;http:\/\/www.skechers.com.tr\/blog\/wp-content\/uploads\/2018\/05\/MRKTG_SP18_KIDS_GIRLS_ENERGY_LIGHTS_24x42.jpg&#8221; _builder_version=&#8221;3.0.100&#8243; animation_style=&#8221;zoom&#8221; animation_duration=&#8221;2000ms&#8221;]\u00a0<br \/>\n[\/et_pb_image][\/et_pb_column][\/et_pb_row][et_pb_row background_color=&#8221;rgba(255,255,255,0)&#8221; _builder_version=&#8221;3.0.100&#8243;][et_pb_column type=&#8221;4_4&#8243; _builder_version=&#8221;3.0.47&#8243; parallax=&#8221;off&#8221; parallax_method=&#8221;on&#8221;][et_pb_text _builder_version=&#8221;3.0.100&#8243; text_font_size=&#8221;17px&#8221; text_text_color=&#8221;#ffffff&#8221; animation_style=&#8221;slide&#8221; animation_direction=&#8221;top&#8221; animation_duration=&#8221;2000ms&#8221;]*Aya\u011f\u0131n\u0131 terletmeyecek ayakkab\u0131lar se\u00e7in. Alaca\u011f\u0131n\u0131z ayakkab\u0131n\u0131n kolay temizlenebilir olmas\u0131 \u00f6zellikle yaz aylar\u0131nda \u00a0son derecede \u00f6nemlidir. Yaz\u0131n terleyen ayakkab\u0131lar \u00e7ocu\u011funuzu rahats\u0131z edebilir.<\/p>\n<p>*Hafif ayakkab\u0131lar se\u00e7meniz, hareketli olan \u00e7ocu\u011funuz i\u00e7in hayat\u0131 daha fazla kolayla\u015ft\u0131r\u0131r.<\/p>\n<p>*Son olarak ayakkab\u0131n\u0131n sat\u0131\u015f ko\u015fullar\u0131na dikkat edin. Uzun s\u00fcre g\u00fcne\u015f \u0131\u015f\u0131\u011f\u0131nda kalan ayakkab\u0131 esnemi\u015f ve y\u0131pranm\u0131\u015f olur.<br \/>\n[\/et_pb_text][et_pb_text _builder_version=&#8221;3.0.100&#8243; text_font_size=&#8221;17px&#8221; text_text_color=&#8221;#ffffff&#8221; text_orientation=&#8221;justified&#8221; animation_style=&#8221;slide&#8221; animation_direction=&#8221;right&#8221;]T\u00fcm bu bilgilerin ve p\u00fcf noktalar\u0131n \u0131\u015f\u0131\u011f\u0131nda \u00e7ocu\u011funuz i\u00e7in arad\u0131\u011f\u0131n\u0131z \u00f6zellikte bir ayakkab\u0131 tavsiye edecek olursak <strong>Skechers <\/strong>\u00e7ocuk ayakkab\u0131lar\u0131 serisinden <a href=\"https:\/\/www.skechers.com.tr\/p\/skech-air-mega-azide-97735l-bccl\" target=\"_blank\" rel=\"noopener\"><strong>Skech-Air Mega- Az\u0131de<\/strong><\/a> ayakkab\u0131y\u0131 \u00f6nerebiliriz. Bu \u00f6zel ayakkab\u0131 \u00e7ocu\u011funuz i\u00e7in olabilecek en rahat \u00a0\u00f6zelliklere sahiptir. Hava alan kuma\u015f yap\u0131s\u0131yla ayak terlemesini ve dolay\u0131s\u0131yla ayak kokusunu \u00f6nleyerek konforlu bir deneyim sunar.<br \/>\n[\/et_pb_text][\/et_pb_column][\/et_pb_row][et_pb_row _builder_version=&#8221;3.0.100&#8243; background_size=&#8221;initial&#8221; background_position=&#8221;top_left&#8221; background_repeat=&#8221;repeat&#8221; module_alignment=&#8221;center&#8221;][et_pb_column type=&#8221;2_3&#8243; _builder_version=&#8221;3.0.47&#8243; parallax=&#8221;off&#8221; parallax_method=&#8221;on&#8221;][et_pb_text _builder_version=&#8221;3.0.100&#8243; text_font_size=&#8221;17px&#8221; text_text_color=&#8221;#ffffff&#8221; animation_style=&#8221;slide&#8221; animation_direction=&#8221;left&#8221; animation_duration=&#8221;2000ms&#8221;]Hareketli olan \u00e7ocu\u011funuz i\u00e7in dayan\u0131kl\u0131 olma \u00f6zelli\u011fi ile uzun s\u00fcre kullan\u0131m sa\u011flar. Y\u0131pranma s\u00fcresi di\u011fer ayakkab\u0131lara oranla \u00e7ok daha uzundur. \u00c7ocu\u011funuz bu ayakkab\u0131 ile hafifli\u011fin verdi\u011fi rahatl\u0131\u011f\u0131 ya\u015far. Kolay temizlenebilir yap\u0131s\u0131n\u0131 da \u00f6zelliklerine eklersek, \u00e7ocu\u011funuz i\u00e7in bulabilece\u011finiz en sa\u011fl\u0131kl\u0131 ve rahat ayakkab\u0131n\u0131n <strong>Skech-Air Mega &#8211; Az\u0131de <\/strong>oldu\u011funu deneyimleyebilirsiniz. \u00c7ocu\u011funuzun ayak sa\u011fl\u0131\u011f\u0131 kadar sizin i\u00e7inde bir o kadar \u00f6nemli olan ayakkab\u0131 se\u00e7iminde <strong><a href=\"http:\/\/www.skechers.com.tr\/blog\/gun-icinde-uzun-sure-ayakta-kalanlar-icin-tavsiyeler\/\" target=\"_blank\" rel=\"noopener\"><u>g\u00fcn i\u00e7inde uzun s\u00fcre ayakta kalan sizler<\/u><\/a> i\u00e7in de haz\u0131rlad\u0131\u011f\u0131m\u0131z yaz\u0131m\u0131za bir g\u00f6z at\u0131n.<\/strong><br \/>\n[\/et_pb_text][\/et_pb_column][et_pb_column type=&#8221;1_3&#8243; _builder_version=&#8221;3.0.47&#8243; parallax=&#8221;off&#8221; parallax_method=&#8221;on&#8221;][et_pb_image src=&#8221;http:\/\/www.skechers.com.tr\/blog\/wp-content\/uploads\/2018\/05\/12-1-1.png&#8221; _builder_version=&#8221;3.0.100&#8243; animation_style=&#8221;roll&#8221; animation_duration=&#8221;2000ms&#8221;]\u00a0<br \/>\n[\/et_pb_image][\/et_pb_column][\/et_pb_row][et_pb_row _builder_version=&#8221;3.0.100&#8243; background_size=&#8221;initial&#8221; background_position=&#8221;top_left&#8221; background_repeat=&#8221;repeat&#8221; module_alignment=&#8221;right&#8221;][et_pb_column type=&#8221;4_4&#8243; _builder_version=&#8221;3.0.47&#8243; parallax=&#8221;off&#8221; parallax_method=&#8221;on&#8221;][et_pb_image src=&#8221;https:\/\/www.skechers.com.tr\/blog\/wp-content\/uploads\/2018\/05\/cocuk-ayakkabi-blog-cta.png&#8221; url=&#8221;https:\/\/www.skechers.com.tr\/isikli-ayakkabilar-c-6011&#8243; _builder_version=&#8221;3.0.100&#8243; align=&#8221;center&#8221;][\/et_pb_image][\/et_pb_column][\/et_pb_row][\/et_pb_section]<\/p>\n","protected":false},"excerpt":{"rendered":"<p>[et_pb_section fb_built=&#8221;1&#8243; background_color=&#8221;rgba(255,255,255,0.28)&#8221; _builder_version=&#8221;3.0.100&#8243; use_background_color_gradient=&#8221;on&#8221; background_color_gradient_start=&#8221;rgba(22,22,22,0.87)&#8221; background_color_gradient_end=&#8221;#d14097&#8243; background_color_gradient_direction=&#8221;1deg&#8221;][et_pb_row _builder_version=&#8221;3.0.47&#8243; background_size=&#8221;initial&#8221; background_position=&#8221;top_left&#8221; background_repeat=&#8221;repeat&#8221;][et_pb_column type=&#8221;4_4&#8243; _builder_version=&#8221;3.0.47&#8243; parallax=&#8221;off&#8221; parallax_method=&#8221;on&#8221;][et_pb_text _builder_version=&#8221;3.0.100&#8243; text_font_size=&#8221;17px&#8221; text_text_color=&#8221;#ffffff&#8221; animation_style=&#8221;slide&#8221; animation_direction=&#8221;right&#8221; animation_duration=&#8221;2000ms&#8221;] \u00c7ocuklar\u0131n\u0131z\u0131n Ayak Sa\u011fl\u0131\u011f\u0131na Dikkat Edin V\u00fccudun t\u00fcm y\u00fck\u00fcn\u00fc ta\u015f\u0131yan ayaklar\u0131n sa\u011fl\u0131\u011f\u0131 her ya\u015fta \u00f6nemlidir. Bebeklik ve \u00e7ocukluk d\u00f6neminde ayak sa\u011fl\u0131\u011f\u0131 i\u00e7in \u00f6zellikle ayakkab\u0131 se\u00e7imi b\u00fcy\u00fck \u00f6nem ta\u015f\u0131yor. Kal\u0131tsal bir s\u0131k\u0131nt\u0131 olmad\u0131\u011f\u0131 s\u00fcrece, ayak [&hellip;]<\/p>\n","protected":false},"author":1,"featured_media":321,"comment_status":"open","ping_status":"open","sticky":false,"template":"","format":"standard","meta":[],"categories":[26],"tags":[31,30,27,13,29,28],"yoast_head":"<!-- This site is optimized with the Yoast SEO plugin v18.5.1 - https:\/\/yoast.com\/wordpress\/plugins\/seo\/ -->\n<title>\u00c7ocuk Ayakkab\u0131s\u0131 Al\u0131rken Bu P\u00fcf Noktalara Dikkat Edin! - Skechers Blog<\/title>\n<meta name=\"robots\" content=\"index, follow, max-snippet:-1, max-image-preview:large, max-video-preview:-1\" \/>\n<link rel=\"canonical\" href=\"https:\/\/www.skechers.com.tr\/blog\/cocuk-spor-ayakkabisi-alirken-dikkat-edilmesi-gerekenler\/\" \/>\n<meta property=\"og:locale\" content=\"tr_TR\" \/>\n<meta property=\"og:type\" content=\"article\" \/>\n<meta property=\"og:title\" content=\"\u00c7ocuk Ayakkab\u0131s\u0131 Al\u0131rken Bu P\u00fcf Noktalara Dikkat Edin! - Skechers Blog\" \/>\n<meta property=\"og:description\" content=\"[et_pb_section fb_built=&#8221;1&#8243; background_color=&#8221;rgba(255,255,255,0.28)&#8221; _builder_version=&#8221;3.0.100&#8243; use_background_color_gradient=&#8221;on&#8221; background_color_gradient_start=&#8221;rgba(22,22,22,0.87)&#8221; background_color_gradient_end=&#8221;#d14097&#8243; background_color_gradient_direction=&#8221;1deg&#8221;][et_pb_row _builder_version=&#8221;3.0.47&#8243; background_size=&#8221;initial&#8221; background_position=&#8221;top_left&#8221; background_repeat=&#8221;repeat&#8221;][et_pb_column type=&#8221;4_4&#8243; _builder_version=&#8221;3.0.47&#8243; parallax=&#8221;off&#8221; parallax_method=&#8221;on&#8221;][et_pb_text _builder_version=&#8221;3.0.100&#8243; text_font_size=&#8221;17px&#8221; text_text_color=&#8221;#ffffff&#8221; animation_style=&#8221;slide&#8221; animation_direction=&#8221;right&#8221; animation_duration=&#8221;2000ms&#8221;] \u00c7ocuklar\u0131n\u0131z\u0131n Ayak Sa\u011fl\u0131\u011f\u0131na Dikkat Edin V\u00fccudun t\u00fcm y\u00fck\u00fcn\u00fc ta\u015f\u0131yan ayaklar\u0131n sa\u011fl\u0131\u011f\u0131 her ya\u015fta \u00f6nemlidir. Bebeklik ve \u00e7ocukluk d\u00f6neminde ayak sa\u011fl\u0131\u011f\u0131 i\u00e7in \u00f6zellikle ayakkab\u0131 se\u00e7imi b\u00fcy\u00fck \u00f6nem ta\u015f\u0131yor. Kal\u0131tsal bir s\u0131k\u0131nt\u0131 olmad\u0131\u011f\u0131 s\u00fcrece, ayak [&hellip;]\" \/>\n<meta property=\"og:url\" content=\"https:\/\/www.skechers.com.tr\/blog\/cocuk-spor-ayakkabisi-alirken-dikkat-edilmesi-gerekenler\/\" \/>\n<meta property=\"og:site_name\" content=\"Skechers Blog\" \/>\n<meta property=\"article:published_time\" content=\"2018-05-14T07:21:53+00:00\" \/>\n<meta property=\"article:modified_time\" content=\"2021-05-10T10:08:02+00:00\" \/>\n<meta property=\"og:image\" content=\"https:\/\/www.skechers.com.tr\/blog\/wp-content\/uploads\/2018\/05\/MRKTG_SP18_SKECHAIR_KIDS_B_36x18_V1.jpg\" \/>\n\t<meta property=\"og:image:width\" content=\"5400\" \/>\n\t<meta property=\"og:image:height\" content=\"2700\" \/>\n\t<meta property=\"og:image:type\" content=\"image\/jpeg\" \/>\n<meta name=\"twitter:card\" content=\"summary_large_image\" \/>\n<meta name=\"twitter:label1\" content=\"Yazan:\" \/>\n\t<meta name=\"twitter:data1\" content=\"Skechers T\u00fcrkiye\" \/>\n\t<meta name=\"twitter:label2\" content=\"Tahmini okuma s\u00fcresi\" \/>\n\t<meta name=\"twitter:data2\" content=\"5 dakika\" \/>\n<script type=\"application\/ld+json\" class=\"yoast-schema-graph\">{\"@context\":\"https:\/\/schema.org\",\"@graph\":[{\"@type\":\"WebSite\",\"@id\":\"https:\/\/www.skechers.com.tr\/blog\/#website\",\"url\":\"https:\/\/www.skechers.com.tr\/blog\/\",\"name\":\"Skechers Blog\",\"description\":\"Skechers\",\"potentialAction\":[{\"@type\":\"SearchAction\",\"target\":{\"@type\":\"EntryPoint\",\"urlTemplate\":\"https:\/\/www.skechers.com.tr\/blog\/?s={search_term_string}\"},\"query-input\":\"required name=search_term_string\"}],\"inLanguage\":\"tr\"},{\"@type\":\"ImageObject\",\"@id\":\"https:\/\/www.skechers.com.tr\/blog\/cocuk-spor-ayakkabisi-alirken-dikkat-edilmesi-gerekenler\/#primaryimage\",\"inLanguage\":\"tr\",\"url\":\"https:\/\/www.skechers.com.tr\/blog\/wp-content\/uploads\/2018\/05\/MRKTG_SP18_SKECHAIR_KIDS_B_36x18_V1.jpg\",\"contentUrl\":\"https:\/\/www.skechers.com.tr\/blog\/wp-content\/uploads\/2018\/05\/MRKTG_SP18_SKECHAIR_KIDS_B_36x18_V1.jpg\",\"width\":5400,\"height\":2700,\"caption\":\"Skechers Rahat \u00c7ocuk Ayakkab\u0131lar\u0131\"},{\"@type\":\"WebPage\",\"@id\":\"https:\/\/www.skechers.com.tr\/blog\/cocuk-spor-ayakkabisi-alirken-dikkat-edilmesi-gerekenler\/#webpage\",\"url\":\"https:\/\/www.skechers.com.tr\/blog\/cocuk-spor-ayakkabisi-alirken-dikkat-edilmesi-gerekenler\/\",\"name\":\"\u00c7ocuk Ayakkab\u0131s\u0131 Al\u0131rken Bu P\u00fcf Noktalara Dikkat Edin! - Skechers Blog\",\"isPartOf\":{\"@id\":\"https:\/\/www.skechers.com.tr\/blog\/#website\"},\"primaryImageOfPage\":{\"@id\":\"https:\/\/www.skechers.com.tr\/blog\/cocuk-spor-ayakkabisi-alirken-dikkat-edilmesi-gerekenler\/#primaryimage\"},\"datePublished\":\"2018-05-14T07:21:53+00:00\",\"dateModified\":\"2021-05-10T10:08:02+00:00\",\"author\":{\"@id\":\"https:\/\/www.skechers.com.tr\/blog\/#\/schema\/person\/6d09a0595696524814757d23d22b4c33\"},\"breadcrumb\":{\"@id\":\"https:\/\/www.skechers.com.tr\/blog\/cocuk-spor-ayakkabisi-alirken-dikkat-edilmesi-gerekenler\/#breadcrumb\"},\"inLanguage\":\"tr\",\"potentialAction\":[{\"@type\":\"ReadAction\",\"target\":[\"https:\/\/www.skechers.com.tr\/blog\/cocuk-spor-ayakkabisi-alirken-dikkat-edilmesi-gerekenler\/\"]}]},{\"@type\":\"BreadcrumbList\",\"@id\":\"https:\/\/www.skechers.com.tr\/blog\/cocuk-spor-ayakkabisi-alirken-dikkat-edilmesi-gerekenler\/#breadcrumb\",\"itemListElement\":[{\"@type\":\"ListItem\",\"position\":1,\"name\":\"\u00c7ocuk Ayakkab\u0131s\u0131 Al\u0131rken Bu P\u00fcf Noktalara Dikkat Edin!\"}]},{\"@type\":\"Person\",\"@id\":\"https:\/\/www.skechers.com.tr\/blog\/#\/schema\/person\/6d09a0595696524814757d23d22b4c33\",\"name\":\"Skechers T\u00fcrkiye\",\"image\":{\"@type\":\"ImageObject\",\"@id\":\"https:\/\/www.skechers.com.tr\/blog\/#personlogo\",\"inLanguage\":\"tr\",\"url\":\"https:\/\/secure.gravatar.com\/avatar\/0fc2191869a9a020b4606acf264338ae?s=96&d=mm&r=g\",\"contentUrl\":\"https:\/\/secure.gravatar.com\/avatar\/0fc2191869a9a020b4606acf264338ae?s=96&d=mm&r=g\",\"caption\":\"Skechers T\u00fcrkiye\"},\"description\":\"Skechers spor ayakkab\u0131 \u00fcr\u00fcnleri ile rahatl\u0131\u011f\u0131 ve kaliteyi hisset!\"}]}<\/script>\n<!-- \/ Yoast SEO plugin. -->","yoast_head_json":{"title":"\u00c7ocuk Ayakkab\u0131s\u0131 Al\u0131rken Bu P\u00fcf Noktalara Dikkat Edin! - Skechers Blog","robots":{"index":"index","follow":"follow","max-snippet":"max-snippet:-1","max-image-preview":"max-image-preview:large","max-video-preview":"max-video-preview:-1"},"canonical":"https:\/\/www.skechers.com.tr\/blog\/cocuk-spor-ayakkabisi-alirken-dikkat-edilmesi-gerekenler\/","og_locale":"tr_TR","og_type":"article","og_title":"\u00c7ocuk Ayakkab\u0131s\u0131 Al\u0131rken Bu P\u00fcf Noktalara Dikkat Edin! - Skechers Blog","og_description":"[et_pb_section fb_built=&#8221;1&#8243; background_color=&#8221;rgba(255,255,255,0.28)&#8221; _builder_version=&#8221;3.0.100&#8243; use_background_color_gradient=&#8221;on&#8221; background_color_gradient_start=&#8221;rgba(22,22,22,0.87)&#8221; background_color_gradient_end=&#8221;#d14097&#8243; background_color_gradient_direction=&#8221;1deg&#8221;][et_pb_row _builder_version=&#8221;3.0.47&#8243; background_size=&#8221;initial&#8221; background_position=&#8221;top_left&#8221; background_repeat=&#8221;repeat&#8221;][et_pb_column type=&#8221;4_4&#8243; _builder_version=&#8221;3.0.47&#8243; parallax=&#8221;off&#8221; parallax_method=&#8221;on&#8221;][et_pb_text _builder_version=&#8221;3.0.100&#8243; text_font_size=&#8221;17px&#8221; text_text_color=&#8221;#ffffff&#8221; animation_style=&#8221;slide&#8221; animation_direction=&#8221;right&#8221; animation_duration=&#8221;2000ms&#8221;] \u00c7ocuklar\u0131n\u0131z\u0131n Ayak Sa\u011fl\u0131\u011f\u0131na Dikkat Edin V\u00fccudun t\u00fcm y\u00fck\u00fcn\u00fc ta\u015f\u0131yan ayaklar\u0131n sa\u011fl\u0131\u011f\u0131 her ya\u015fta \u00f6nemlidir. Bebeklik ve \u00e7ocukluk d\u00f6neminde ayak sa\u011fl\u0131\u011f\u0131 i\u00e7in \u00f6zellikle ayakkab\u0131 se\u00e7imi b\u00fcy\u00fck \u00f6nem ta\u015f\u0131yor. Kal\u0131tsal bir s\u0131k\u0131nt\u0131 olmad\u0131\u011f\u0131 s\u00fcrece, ayak [&hellip;]","og_url":"https:\/\/www.skechers.com.tr\/blog\/cocuk-spor-ayakkabisi-alirken-dikkat-edilmesi-gerekenler\/","og_site_name":"Skechers Blog","article_published_time":"2018-05-14T07:21:53+00:00","article_modified_time":"2021-05-10T10:08:02+00:00","og_image":[{"width":5400,"height":2700,"url":"https:\/\/www.skechers.com.tr\/blog\/wp-content\/uploads\/2018\/05\/MRKTG_SP18_SKECHAIR_KIDS_B_36x18_V1.jpg","type":"image\/jpeg"}],"twitter_card":"summary_large_image","twitter_misc":{"Yazan:":"Skechers T\u00fcrkiye","Tahmini okuma s\u00fcresi":"5 dakika"},"schema":{"@context":"https:\/\/schema.org","@graph":[{"@type":"WebSite","@id":"https:\/\/www.skechers.com.tr\/blog\/#website","url":"https:\/\/www.skechers.com.tr\/blog\/","name":"Skechers Blog","description":"Skechers","potentialAction":[{"@type":"SearchAction","target":{"@type":"EntryPoint","urlTemplate":"https:\/\/www.skechers.com.tr\/blog\/?s={search_term_string}"},"query-input":"required name=search_term_string"}],"inLanguage":"tr"},{"@type":"ImageObject","@id":"https:\/\/www.skechers.com.tr\/blog\/cocuk-spor-ayakkabisi-alirken-dikkat-edilmesi-gerekenler\/#primaryimage","inLanguage":"tr","url":"https:\/\/www.skechers.com.tr\/blog\/wp-content\/uploads\/2018\/05\/MRKTG_SP18_SKECHAIR_KIDS_B_36x18_V1.jpg","contentUrl":"https:\/\/www.skechers.com.tr\/blog\/wp-content\/uploads\/2018\/05\/MRKTG_SP18_SKECHAIR_KIDS_B_36x18_V1.jpg","width":5400,"height":2700,"caption":"Skechers Rahat \u00c7ocuk Ayakkab\u0131lar\u0131"},{"@type":"WebPage","@id":"https:\/\/www.skechers.com.tr\/blog\/cocuk-spor-ayakkabisi-alirken-dikkat-edilmesi-gerekenler\/#webpage","url":"https:\/\/www.skechers.com.tr\/blog\/cocuk-spor-ayakkabisi-alirken-dikkat-edilmesi-gerekenler\/","name":"\u00c7ocuk Ayakkab\u0131s\u0131 Al\u0131rken Bu P\u00fcf Noktalara Dikkat Edin! - Skechers Blog","isPartOf":{"@id":"https:\/\/www.skechers.com.tr\/blog\/#website"},"primaryImageOfPage":{"@id":"https:\/\/www.skechers.com.tr\/blog\/cocuk-spor-ayakkabisi-alirken-dikkat-edilmesi-gerekenler\/#primaryimage"},"datePublished":"2018-05-14T07:21:53+00:00","dateModified":"2021-05-10T10:08:02+00:00","author":{"@id":"https:\/\/www.skechers.com.tr\/blog\/#\/schema\/person\/6d09a0595696524814757d23d22b4c33"},"breadcrumb":{"@id":"https:\/\/www.skechers.com.tr\/blog\/cocuk-spor-ayakkabisi-alirken-dikkat-edilmesi-gerekenler\/#breadcrumb"},"inLanguage":"tr","potentialAction":[{"@type":"ReadAction","target":["https:\/\/www.skechers.com.tr\/blog\/cocuk-spor-ayakkabisi-alirken-dikkat-edilmesi-gerekenler\/"]}]},{"@type":"BreadcrumbList","@id":"https:\/\/www.skechers.com.tr\/blog\/cocuk-spor-ayakkabisi-alirken-dikkat-edilmesi-gerekenler\/#breadcrumb","itemListElement":[{"@type":"ListItem","position":1,"name":"\u00c7ocuk Ayakkab\u0131s\u0131 Al\u0131rken Bu P\u00fcf Noktalara Dikkat Edin!"}]},{"@type":"Person","@id":"https:\/\/www.skechers.com.tr\/blog\/#\/schema\/person\/6d09a0595696524814757d23d22b4c33","name":"Skechers T\u00fcrkiye","image":{"@type":"ImageObject","@id":"https:\/\/www.skechers.com.tr\/blog\/#personlogo","inLanguage":"tr","url":"https:\/\/secure.gravatar.com\/avatar\/0fc2191869a9a020b4606acf264338ae?s=96&d=mm&r=g","contentUrl":"https:\/\/secure.gravatar.com\/avatar\/0fc2191869a9a020b4606acf264338ae?s=96&d=mm&r=g","caption":"Skechers T\u00fcrkiye"},"description":"Skechers spor ayakkab\u0131 \u00fcr\u00fcnleri ile rahatl\u0131\u011f\u0131 ve kaliteyi hisset!"}]}},"_links":{"self":[{"href":"https:\/\/www.skechers.com.tr\/blog\/wp-json\/wp\/v2\/posts\/319"}],"collection":[{"href":"https:\/\/www.skechers.com.tr\/blog\/wp-json\/wp\/v2\/posts"}],"about":[{"href":"https:\/\/www.skechers.com.tr\/blog\/wp-json\/wp\/v2\/types\/post"}],"author":[{"embeddable":true,"href":"https:\/\/www.skechers.com.tr\/blog\/wp-json\/wp\/v2\/users\/1"}],"replies":[{"embeddable":true,"href":"https:\/\/www.skechers.com.tr\/blog\/wp-json\/wp\/v2\/comments?post=319"}],"version-history":[{"count":85,"href":"https:\/\/www.skechers.com.tr\/blog\/wp-json\/wp\/v2\/posts\/319\/revisions"}],"predecessor-version":[{"id":1585,"href":"https:\/\/www.skechers.com.tr\/blog\/wp-json\/wp\/v2\/posts\/319\/revisions\/1585"}],"wp:featuredmedia":[{"embeddable":true,"href":"https:\/\/www.skechers.com.tr\/blog\/wp-json\/wp\/v2\/media\/321"}],"wp:attachment":[{"href":"https:\/\/www.skechers.com.tr\/blog\/wp-json\/wp\/v2\/media?parent=319"}],"wp:term":[{"taxonomy":"category","embeddable":true,"href":"https:\/\/www.skechers.com.tr\/blog\/wp-json\/wp\/v2\/categories?post=319"},{"taxonomy":"post_tag","embeddable":true,"href":"https:\/\/www.skechers.com.tr\/blog\/wp-json\/wp\/v2\/tags?post=319"}],"curies":[{"name":"wp","href":"https:\/\/api.w.org\/{rel}","templated":true}]}}