{"id":3125,"date":"2024-11-27T22:59:29","date_gmt":"2024-11-27T22:59:29","guid":{"rendered":"https:\/\/www.skechers.com.tr\/blog\/?p=3125"},"modified":"2024-11-27T22:59:29","modified_gmt":"2024-11-27T22:59:29","slug":"black-friday-alisverisinde-skechers-ile-stilinizi-tamamlayin","status":"publish","type":"post","link":"https:\/\/www.skechers.com.tr\/blog\/black-friday-alisverisinde-skechers-ile-stilinizi-tamamlayin\/","title":{"rendered":"Black Friday Al\u0131\u015fveri\u015finde Skechers ile Stilinizi Tamamlay\u0131n"},"content":{"rendered":"<p><a href=\"https:\/\/www.skechers.com.tr\/ozel-gunler-black-friday-c-9003\"><span style=\"font-weight: 400;\">Black Friday<\/span><\/a><span style=\"font-weight: 400;\">, al\u0131\u015fveri\u015fin kalbinin att\u0131\u011f\u0131 g\u00fcnlerden biri ve Skechers, bu f\u0131rsattan yararlanmak isteyen herkes i\u00e7in harika bir se\u00e7enek sunuyor. Skechers&#8217;\u0131n sundu\u011fu konforlu ve \u015f\u0131k tasar\u0131mlar, sadece stilinizi tamamlamakla kalm\u0131yor; ayn\u0131 zamanda ayak sa\u011fl\u0131\u011f\u0131n\u0131z\u0131 da d\u00fc\u015f\u00fcn\u00fcyor. Bu d\u00f6nemde Skechers al\u0131\u015fveri\u015finin fark\u0131, sadece indirimlerle s\u0131n\u0131rl\u0131 de\u011fil. Kendinizi iyi hissetmenizi sa\u011flayacak enerjik, rahat ve g\u00fcncel tasar\u0131mlar bulmak m\u00fcmk\u00fcn.<\/span><\/p>\n<p><span style=\"font-weight: 400;\">Black Friday Skechers f\u0131rsatlar\u0131 ile daha da e\u011flenceli hale d\u00f6n\u00fc\u015f\u00fcyor. Skechers, <\/span><a href=\"https:\/\/www.skechers.com.tr\/ayakkabi-c-6001\"><span style=\"font-weight: 400;\">ayakkab\u0131<\/span><\/a><span style=\"font-weight: 400;\"> modellerinde sundu\u011fu \u00f6zg\u00fcn rahatl\u0131k ve destek sayesinde sizi asla yar\u0131 yolda b\u0131rakm\u0131yor. \u00d6zel tasar\u0131mlar ve renk se\u00e7enekleri ile her tarza uygun bir Skechers modeli bulmak hi\u00e7 de zor de\u011fil. Yani Black Friday\u2019de sadece bir ayakkab\u0131 almakla kalmayacak, stilinize de katk\u0131da bulunacaks\u0131n\u0131z!<\/span><\/p>\n<h2><span style=\"font-weight: 400;\">Black Friday\u2019de Skechers Al\u0131\u015fveri\u015finin Fark\u0131<\/span><\/h2>\n<p><span style=\"font-weight: 400;\">Skechers indirimleri ile tarz\u0131n\u0131z\u0131 ba\u015ftan yarat\u0131n. G\u00fcnl\u00fck hayatta, i\u015fe giderken ya da spor salonunda, Skechers\u2019dan al\u0131nan bir \u00e7ift ayakkab\u0131 veya <\/span><a href=\"https:\/\/www.skechers.com.tr\/kadin-esofman-altlari-c-1104\"><span style=\"font-weight: 400;\">kad\u0131n e\u015fofman alt\u0131<\/span><\/a><span style=\"font-weight: 400;\"> ile g\u00fcn\u00fcn\u00fcz\u00fc rahat\u00e7a ge\u00e7irebilirsiniz. \u00d6zel tasar\u0131m teknolojileri sayesinde, ayaklar\u0131n\u0131za m\u00fckemmel bir destek sa\u011flar.\u00a0<\/span><\/p>\n<p><span style=\"font-weight: 400;\">Memory foam k\u00f6p\u00fck tabanlara sahip Skechers spor ayakkab\u0131 modelleriyle her ad\u0131mda yumu\u015fak bir hissiyat sunarak, g\u00fcn boyu hareket etmenizi kolayla\u015ft\u0131r\u0131r. \u00dcstelik, bu konforu sa\u011flarken stilinizi de g\u00f6z ard\u0131 etmez; \u015f\u0131k ve modern desenlerle dolu geni\u015f bir koleksiyona sahiptir.<\/span><\/p>\n<h2><span style=\"font-weight: 400;\">Black Friday Al\u0131\u015fveri\u015fine Haz\u0131rl\u0131k: \u0130htiya\u00e7 Listesi<\/span><\/h2>\n<p><span style=\"font-weight: 400;\">Black Friday zaman\u0131 al\u0131\u015fveri\u015fin heyecan\u0131 her yerde! Bu al\u0131\u015fveri\u015f haz\u0131rl\u0131\u011f\u0131 belirli bir ihtiya\u00e7 listesi yapmakla ba\u015flar. Skechers \u00fcr\u00fcnleri al\u0131\u015fveri\u015finde nelere dikkat etmen gerekti\u011fini belirlemek \u00f6nemli. Sezonun trendlerine g\u00f6re, k\u0131\u015f aylar\u0131n\u0131n ihtiya\u00e7lar\u0131na uygun Black Friday bot \u00f6nerileri sayesinde birbirinden \u015f\u0131k ayakkab\u0131 modellerine sahip olabilirsin.\u00a0<\/span><\/p>\n<p><span style=\"font-weight: 400;\">Ayakkab\u0131n\u0131n tarz\u0131 kadar konforu da \u00f6nemli, \u00f6zellikle de so\u011fuk g\u00fcnlerde. Kendin i\u00e7in olu\u015fturaca\u011f\u0131n Black Friday al\u0131\u015fveri\u015f rehberi ile y\u00fcz binlerce \u00fcr\u00fcn aras\u0131nda kaybolmadan do\u011fru al\u0131\u015fveri\u015fi yapman\u0131n keyfini \u00e7\u0131karacaks\u0131n.\u00a0<\/span><\/p>\n<h2><span style=\"font-weight: 400;\">Black Friday\u2019de Skechers Bot ve \u00c7izmeler<\/span><\/h2>\n<p><span style=\"font-weight: 400;\">Skechers\u2019\u0131n \u015f\u0131k ve fonksiyonel botlar\u0131 ve \u00e7izmeleri ile k\u0131\u015f tarz\u0131n\u0131z\u0131 tamamlamaya haz\u0131r olun. K\u0131\u015f\u0131n so\u011fuk g\u00fcnlerinde hem s\u0131cak kalmak hem de \u015f\u0131kl\u0131\u011f\u0131 \u00f6n planda tutmak istiyorsan\u0131z, Skechers\u2019\u0131n geni\u015f model yelpazesini ke\u015ffetmelisiniz.<\/span><\/p>\n<p><span style=\"font-weight: 400;\">G\u00fcndelik hayatta, y\u00fcr\u00fcy\u00fc\u015flerde ya da k\u0131\u015f aktivitelerinde rahat\u00e7a giyebilece\u011finiz m\u00fckemmel se\u00e7enekler bulabilirsiniz. Tasar\u0131mlar\u0131, hem g\u00fcnl\u00fck hem de spor giyimde sizi olduk\u00e7a \u015f\u0131k g\u00f6sterecek. K\u0131\u015f aylar\u0131n\u0131n vazge\u00e7ilmezi olan bu modeller, <\/span><a href=\"https:\/\/www.skechers.com.tr\/su-gecirmez-ayakkabilar-c-6012\"><span style=\"font-weight: 400;\">su ge\u00e7irmez ayakkab\u0131lar\u0131<\/span><\/a><span style=\"font-weight: 400;\"> ile de \u015f\u0131kl\u0131\u011f\u0131 ve korumay\u0131 bir arada sunar.<\/span><\/p>\n<h2><span style=\"font-weight: 400;\">Black Friday\u2019de Skechers ile \u015e\u0131k ve Dayan\u0131kl\u0131 K\u0131\u015fl\u0131k Ayakkab\u0131lar<\/span><\/h2>\n<p><span style=\"font-weight: 400;\">K\u0131\u015f aylar\u0131nda \u015f\u0131k ve dayan\u0131kl\u0131 ayakkab\u0131lar bulmak bazen zorlay\u0131c\u0131 olabilir. Black Friday f\u0131rsatlar\u0131 sayesinde, k\u0131\u015f\u0131n so\u011fuk g\u00fcnlerinde stilinizi tamamen de\u011fi\u015ftirecek ayakkab\u0131lar alabilirsiniz. Skechers\u2019\u0131n sundu\u011fu bu k\u0131\u015fl\u0131k alternatifler, d\u0131\u015f mekan etkinliklerinde ve g\u00fcnl\u00fck kullan\u0131mda rahatl\u0131kla giyilebiliyor. Unutmay\u0131n, bu Black Friday&#8217;de k\u0131\u015fl\u0131k ayakkab\u0131lara g\u00f6z atmak, stilinizi g\u00fc\u00e7lendirmenin en iyi yolu!<\/span><\/p>\n<h2><span style=\"font-weight: 400;\">Black Friday Al\u0131\u015fveri\u015f Hatalar\u0131n\u0131 \u00d6nleyin<\/span><\/h2>\n<p><span style=\"font-weight: 400;\">Black Friday al\u0131\u015fveri\u015fi, harika f\u0131rsatlar yakalamak i\u00e7in m\u00fckemmel bir f\u0131rsat olsa da, baz\u0131 hatalar\u0131 \u00f6nlemek en az\u0131ndan cebinizdeki paran\u0131n korunmas\u0131 a\u00e7\u0131s\u0131ndan \u00e7ok \u00f6nemli. \u00d6ncelikle, aceleci kararlar vermekten ka\u00e7\u0131n\u0131n. Black Friday\u2019de kendinizi kaybetmek olduk\u00e7a kolay; haz\u0131r indirimler ve s\u0131n\u0131rl\u0131 stoklar, dikkatli d\u00fc\u015f\u00fcnmeden al\u0131\u015fveri\u015f yapmaya itebilir. Ancak bu, ihtiyac\u0131n\u0131z olmayan \u00fcr\u00fcnleri almakla sonu\u00e7lanabilir.\u00a0<\/span><\/p>\n<p><span style=\"font-weight: 400;\">Al\u0131\u015fveri\u015f yapmadan \u00f6nce bir ihtiya\u00e7 listesi olu\u015fturmak iyi bir fikir. Bu, hem ne almak istedi\u011finizi bilmenizi sa\u011flar hem de gereksiz harcamalar\u0131n \u00f6n\u00fcne ge\u00e7er. Unutmay\u0131n, indirim yap\u0131l\u0131yor diye her \u00fcr\u00fcn\u00fc almak zorunda de\u011filsiniz; sadece ger\u00e7ekten ihtiyac\u0131n\u0131z olan \u015feylere odaklanmal\u0131s\u0131n\u0131z.<\/span><\/p>\n<h2><span style=\"font-weight: 400;\">Skechers \u00dcr\u00fcnlerinde Black Friday \u0130ndirimlerini Ka\u00e7\u0131rmay\u0131n!<\/span><\/h2>\n<p><span style=\"font-weight: 400;\">Black Friday, Skechers hayranlar\u0131 i\u00e7in ger\u00e7ekten heyecan verici bir d\u00f6nem! Bu d\u00f6nemde, Skechers \u00fcr\u00fcnlerini alman\u0131n tam zaman\u0131; \u00e7\u00fcnk\u00fc indirimler, harika f\u0131rsatlar sunuyor. Neden mi? \u00c7\u00fcnk\u00fc konfor ve \u015f\u0131kl\u0131\u011f\u0131 m\u00fckemmel fiyatlarla sat\u0131n alma \u015fans\u0131n\u0131z var!<\/span><\/p>\n<p><span style=\"font-weight: 400;\">\u00d6zellikle k\u0131\u015f sezonu i\u00e7in ayakkab\u0131 almak istiyorsan\u0131z, bu f\u0131rsatlar\u0131 de\u011ferlendirmek \u00e7ok \u00f6nemli. Skechers\u2019\u0131n s\u0131cak tutan, su ge\u00e7irmeyen botlar\u0131 ve \u00e7izmeleriyle so\u011fuk havalarda bile stilinizi koruyabilirsiniz. Black Friday indirimleri, sadece k\u0131yafet de\u011fil, sportif ayakkab\u0131larda da b\u00fcy\u00fck f\u0131rsatlar sunuyor. D\u00fc\u015f\u00fck maliyetlerle, g\u00fcnl\u00fck kullan\u0131mda ve spor aktivitelerinde m\u00fckemmel performans g\u00f6sterecek ayakkab\u0131lara sahip olabilirsiniz.<\/span><\/p>\n","protected":false},"excerpt":{"rendered":"<p>Black Friday, al\u0131\u015fveri\u015fin kalbinin att\u0131\u011f\u0131 g\u00fcnlerden biri ve Skechers, bu f\u0131rsattan yararlanmak isteyen herkes i\u00e7in harika bir se\u00e7enek sunuyor. Skechers&#8217;\u0131n sundu\u011fu konforlu ve \u015f\u0131k tasar\u0131mlar, sadece stilinizi tamamlamakla kalm\u0131yor; ayn\u0131 zamanda ayak sa\u011fl\u0131\u011f\u0131n\u0131z\u0131 da d\u00fc\u015f\u00fcn\u00fcyor. Bu d\u00f6nemde Skechers al\u0131\u015fveri\u015finin fark\u0131, sadece indirimlerle s\u0131n\u0131rl\u0131 de\u011fil. Kendinizi iyi hissetmenizi sa\u011flayacak enerjik, rahat ve g\u00fcncel tasar\u0131mlar bulmak m\u00fcmk\u00fcn. [&hellip;]<\/p>\n","protected":false},"author":1,"featured_media":3126,"comment_status":"open","ping_status":"open","sticky":false,"template":"","format":"standard","meta":[],"categories":[1],"tags":[],"yoast_head":"<!-- This site is optimized with the Yoast SEO plugin v18.5.1 - https:\/\/yoast.com\/wordpress\/plugins\/seo\/ -->\n<title>Black Friday Al\u0131\u015fveri\u015finde Skechers ile Stilinizi Tamamlay\u0131n - Skechers Blog<\/title>\n<meta name=\"description\" content=\"Black Friday\u2019de Skechers ile konfor ve \u015f\u0131kl\u0131\u011f\u0131 yakalaman\u0131n yollar\u0131n\u0131 ke\u015ffedin. Spor ve g\u00fcnl\u00fck kombin \u00f6nerileriyle stilinizi tamamlay\u0131n!\" \/>\n<meta name=\"robots\" content=\"index, follow, max-snippet:-1, max-image-preview:large, max-video-preview:-1\" \/>\n<link rel=\"canonical\" href=\"https:\/\/www.skechers.com.tr\/blog\/black-friday-alisverisinde-skechers-ile-stilinizi-tamamlayin\/\" \/>\n<meta property=\"og:locale\" content=\"tr_TR\" \/>\n<meta property=\"og:type\" content=\"article\" \/>\n<meta property=\"og:title\" content=\"Black Friday Al\u0131\u015fveri\u015finde Skechers ile Stilinizi Tamamlay\u0131n - Skechers Blog\" \/>\n<meta property=\"og:description\" content=\"Black Friday\u2019de Skechers ile konfor ve \u015f\u0131kl\u0131\u011f\u0131 yakalaman\u0131n yollar\u0131n\u0131 ke\u015ffedin. Spor ve g\u00fcnl\u00fck kombin \u00f6nerileriyle stilinizi tamamlay\u0131n!\" \/>\n<meta property=\"og:url\" content=\"https:\/\/www.skechers.com.tr\/blog\/black-friday-alisverisinde-skechers-ile-stilinizi-tamamlayin\/\" \/>\n<meta property=\"og:site_name\" content=\"Skechers Blog\" \/>\n<meta property=\"article:published_time\" content=\"2024-11-27T22:59:29+00:00\" \/>\n<meta property=\"og:image\" content=\"https:\/\/www.skechers.com.tr\/blog\/wp-content\/uploads\/2024\/11\/black_friday.jpg\" \/>\n\t<meta property=\"og:image:width\" content=\"770\" \/>\n\t<meta property=\"og:image:height\" content=\"512\" \/>\n\t<meta property=\"og:image:type\" content=\"image\/jpeg\" \/>\n<meta name=\"twitter:card\" content=\"summary_large_image\" \/>\n<meta name=\"twitter:label1\" content=\"Yazan:\" \/>\n\t<meta name=\"twitter:data1\" content=\"Skechers T\u00fcrkiye\" \/>\n\t<meta name=\"twitter:label2\" content=\"Tahmini okuma s\u00fcresi\" \/>\n\t<meta name=\"twitter:data2\" content=\"4 dakika\" \/>\n<script type=\"application\/ld+json\" class=\"yoast-schema-graph\">{\"@context\":\"https:\/\/schema.org\",\"@graph\":[{\"@type\":\"WebSite\",\"@id\":\"https:\/\/www.skechers.com.tr\/blog\/#website\",\"url\":\"https:\/\/www.skechers.com.tr\/blog\/\",\"name\":\"Skechers Blog\",\"description\":\"Skechers\",\"potentialAction\":[{\"@type\":\"SearchAction\",\"target\":{\"@type\":\"EntryPoint\",\"urlTemplate\":\"https:\/\/www.skechers.com.tr\/blog\/?s={search_term_string}\"},\"query-input\":\"required name=search_term_string\"}],\"inLanguage\":\"tr\"},{\"@type\":\"ImageObject\",\"@id\":\"https:\/\/www.skechers.com.tr\/blog\/black-friday-alisverisinde-skechers-ile-stilinizi-tamamlayin\/#primaryimage\",\"inLanguage\":\"tr\",\"url\":\"https:\/\/www.skechers.com.tr\/blog\/wp-content\/uploads\/2024\/11\/black_friday.jpg\",\"contentUrl\":\"https:\/\/www.skechers.com.tr\/blog\/wp-content\/uploads\/2024\/11\/black_friday.jpg\",\"width\":770,\"height\":512,\"caption\":\"black_friday\"},{\"@type\":\"WebPage\",\"@id\":\"https:\/\/www.skechers.com.tr\/blog\/black-friday-alisverisinde-skechers-ile-stilinizi-tamamlayin\/#webpage\",\"url\":\"https:\/\/www.skechers.com.tr\/blog\/black-friday-alisverisinde-skechers-ile-stilinizi-tamamlayin\/\",\"name\":\"Black Friday Al\u0131\u015fveri\u015finde Skechers ile Stilinizi Tamamlay\u0131n - Skechers Blog\",\"isPartOf\":{\"@id\":\"https:\/\/www.skechers.com.tr\/blog\/#website\"},\"primaryImageOfPage\":{\"@id\":\"https:\/\/www.skechers.com.tr\/blog\/black-friday-alisverisinde-skechers-ile-stilinizi-tamamlayin\/#primaryimage\"},\"datePublished\":\"2024-11-27T22:59:29+00:00\",\"dateModified\":\"2024-11-27T22:59:29+00:00\",\"author\":{\"@id\":\"https:\/\/www.skechers.com.tr\/blog\/#\/schema\/person\/6d09a0595696524814757d23d22b4c33\"},\"description\":\"Black Friday\u2019de Skechers ile konfor ve \u015f\u0131kl\u0131\u011f\u0131 yakalaman\u0131n yollar\u0131n\u0131 ke\u015ffedin. Spor ve g\u00fcnl\u00fck kombin \u00f6nerileriyle stilinizi tamamlay\u0131n!\",\"breadcrumb\":{\"@id\":\"https:\/\/www.skechers.com.tr\/blog\/black-friday-alisverisinde-skechers-ile-stilinizi-tamamlayin\/#breadcrumb\"},\"inLanguage\":\"tr\",\"potentialAction\":[{\"@type\":\"ReadAction\",\"target\":[\"https:\/\/www.skechers.com.tr\/blog\/black-friday-alisverisinde-skechers-ile-stilinizi-tamamlayin\/\"]}]},{\"@type\":\"BreadcrumbList\",\"@id\":\"https:\/\/www.skechers.com.tr\/blog\/black-friday-alisverisinde-skechers-ile-stilinizi-tamamlayin\/#breadcrumb\",\"itemListElement\":[{\"@type\":\"ListItem\",\"position\":1,\"name\":\"Black Friday Al\u0131\u015fveri\u015finde Skechers ile Stilinizi Tamamlay\u0131n\"}]},{\"@type\":\"Person\",\"@id\":\"https:\/\/www.skechers.com.tr\/blog\/#\/schema\/person\/6d09a0595696524814757d23d22b4c33\",\"name\":\"Skechers T\u00fcrkiye\",\"image\":{\"@type\":\"ImageObject\",\"@id\":\"https:\/\/www.skechers.com.tr\/blog\/#personlogo\",\"inLanguage\":\"tr\",\"url\":\"https:\/\/secure.gravatar.com\/avatar\/0fc2191869a9a020b4606acf264338ae?s=96&d=mm&r=g\",\"contentUrl\":\"https:\/\/secure.gravatar.com\/avatar\/0fc2191869a9a020b4606acf264338ae?s=96&d=mm&r=g\",\"caption\":\"Skechers T\u00fcrkiye\"},\"description\":\"Skechers spor ayakkab\u0131 \u00fcr\u00fcnleri ile rahatl\u0131\u011f\u0131 ve kaliteyi hisset!\"}]}<\/script>\n<!-- \/ Yoast SEO plugin. -->","yoast_head_json":{"title":"Black Friday Al\u0131\u015fveri\u015finde Skechers ile Stilinizi Tamamlay\u0131n - Skechers Blog","description":"Black Friday\u2019de Skechers ile konfor ve \u015f\u0131kl\u0131\u011f\u0131 yakalaman\u0131n yollar\u0131n\u0131 ke\u015ffedin. Spor ve g\u00fcnl\u00fck kombin \u00f6nerileriyle stilinizi tamamlay\u0131n!","robots":{"index":"index","follow":"follow","max-snippet":"max-snippet:-1","max-image-preview":"max-image-preview:large","max-video-preview":"max-video-preview:-1"},"canonical":"https:\/\/www.skechers.com.tr\/blog\/black-friday-alisverisinde-skechers-ile-stilinizi-tamamlayin\/","og_locale":"tr_TR","og_type":"article","og_title":"Black Friday Al\u0131\u015fveri\u015finde Skechers ile Stilinizi Tamamlay\u0131n - Skechers Blog","og_description":"Black Friday\u2019de Skechers ile konfor ve \u015f\u0131kl\u0131\u011f\u0131 yakalaman\u0131n yollar\u0131n\u0131 ke\u015ffedin. Spor ve g\u00fcnl\u00fck kombin \u00f6nerileriyle stilinizi tamamlay\u0131n!","og_url":"https:\/\/www.skechers.com.tr\/blog\/black-friday-alisverisinde-skechers-ile-stilinizi-tamamlayin\/","og_site_name":"Skechers Blog","article_published_time":"2024-11-27T22:59:29+00:00","og_image":[{"width":770,"height":512,"url":"https:\/\/www.skechers.com.tr\/blog\/wp-content\/uploads\/2024\/11\/black_friday.jpg","type":"image\/jpeg"}],"twitter_card":"summary_large_image","twitter_misc":{"Yazan:":"Skechers T\u00fcrkiye","Tahmini okuma s\u00fcresi":"4 dakika"},"schema":{"@context":"https:\/\/schema.org","@graph":[{"@type":"WebSite","@id":"https:\/\/www.skechers.com.tr\/blog\/#website","url":"https:\/\/www.skechers.com.tr\/blog\/","name":"Skechers Blog","description":"Skechers","potentialAction":[{"@type":"SearchAction","target":{"@type":"EntryPoint","urlTemplate":"https:\/\/www.skechers.com.tr\/blog\/?s={search_term_string}"},"query-input":"required name=search_term_string"}],"inLanguage":"tr"},{"@type":"ImageObject","@id":"https:\/\/www.skechers.com.tr\/blog\/black-friday-alisverisinde-skechers-ile-stilinizi-tamamlayin\/#primaryimage","inLanguage":"tr","url":"https:\/\/www.skechers.com.tr\/blog\/wp-content\/uploads\/2024\/11\/black_friday.jpg","contentUrl":"https:\/\/www.skechers.com.tr\/blog\/wp-content\/uploads\/2024\/11\/black_friday.jpg","width":770,"height":512,"caption":"black_friday"},{"@type":"WebPage","@id":"https:\/\/www.skechers.com.tr\/blog\/black-friday-alisverisinde-skechers-ile-stilinizi-tamamlayin\/#webpage","url":"https:\/\/www.skechers.com.tr\/blog\/black-friday-alisverisinde-skechers-ile-stilinizi-tamamlayin\/","name":"Black Friday Al\u0131\u015fveri\u015finde Skechers ile Stilinizi Tamamlay\u0131n - Skechers Blog","isPartOf":{"@id":"https:\/\/www.skechers.com.tr\/blog\/#website"},"primaryImageOfPage":{"@id":"https:\/\/www.skechers.com.tr\/blog\/black-friday-alisverisinde-skechers-ile-stilinizi-tamamlayin\/#primaryimage"},"datePublished":"2024-11-27T22:59:29+00:00","dateModified":"2024-11-27T22:59:29+00:00","author":{"@id":"https:\/\/www.skechers.com.tr\/blog\/#\/schema\/person\/6d09a0595696524814757d23d22b4c33"},"description":"Black Friday\u2019de Skechers ile konfor ve \u015f\u0131kl\u0131\u011f\u0131 yakalaman\u0131n yollar\u0131n\u0131 ke\u015ffedin. Spor ve g\u00fcnl\u00fck kombin \u00f6nerileriyle stilinizi tamamlay\u0131n!","breadcrumb":{"@id":"https:\/\/www.skechers.com.tr\/blog\/black-friday-alisverisinde-skechers-ile-stilinizi-tamamlayin\/#breadcrumb"},"inLanguage":"tr","potentialAction":[{"@type":"ReadAction","target":["https:\/\/www.skechers.com.tr\/blog\/black-friday-alisverisinde-skechers-ile-stilinizi-tamamlayin\/"]}]},{"@type":"BreadcrumbList","@id":"https:\/\/www.skechers.com.tr\/blog\/black-friday-alisverisinde-skechers-ile-stilinizi-tamamlayin\/#breadcrumb","itemListElement":[{"@type":"ListItem","position":1,"name":"Black Friday Al\u0131\u015fveri\u015finde Skechers ile Stilinizi Tamamlay\u0131n"}]},{"@type":"Person","@id":"https:\/\/www.skechers.com.tr\/blog\/#\/schema\/person\/6d09a0595696524814757d23d22b4c33","name":"Skechers T\u00fcrkiye","image":{"@type":"ImageObject","@id":"https:\/\/www.skechers.com.tr\/blog\/#personlogo","inLanguage":"tr","url":"https:\/\/secure.gravatar.com\/avatar\/0fc2191869a9a020b4606acf264338ae?s=96&d=mm&r=g","contentUrl":"https:\/\/secure.gravatar.com\/avatar\/0fc2191869a9a020b4606acf264338ae?s=96&d=mm&r=g","caption":"Skechers T\u00fcrkiye"},"description":"Skechers spor ayakkab\u0131 \u00fcr\u00fcnleri ile rahatl\u0131\u011f\u0131 ve kaliteyi hisset!"}]}},"_links":{"self":[{"href":"https:\/\/www.skechers.com.tr\/blog\/wp-json\/wp\/v2\/posts\/3125"}],"collection":[{"href":"https:\/\/www.skechers.com.tr\/blog\/wp-json\/wp\/v2\/posts"}],"about":[{"href":"https:\/\/www.skechers.com.tr\/blog\/wp-json\/wp\/v2\/types\/post"}],"author":[{"embeddable":true,"href":"https:\/\/www.skechers.com.tr\/blog\/wp-json\/wp\/v2\/users\/1"}],"replies":[{"embeddable":true,"href":"https:\/\/www.skechers.com.tr\/blog\/wp-json\/wp\/v2\/comments?post=3125"}],"version-history":[{"count":1,"href":"https:\/\/www.skechers.com.tr\/blog\/wp-json\/wp\/v2\/posts\/3125\/revisions"}],"predecessor-version":[{"id":3127,"href":"https:\/\/www.skechers.com.tr\/blog\/wp-json\/wp\/v2\/posts\/3125\/revisions\/3127"}],"wp:featuredmedia":[{"embeddable":true,"href":"https:\/\/www.skechers.com.tr\/blog\/wp-json\/wp\/v2\/media\/3126"}],"wp:attachment":[{"href":"https:\/\/www.skechers.com.tr\/blog\/wp-json\/wp\/v2\/media?parent=3125"}],"wp:term":[{"taxonomy":"category","embeddable":true,"href":"https:\/\/www.skechers.com.tr\/blog\/wp-json\/wp\/v2\/categories?post=3125"},{"taxonomy":"post_tag","embeddable":true,"href":"https:\/\/www.skechers.com.tr\/blog\/wp-json\/wp\/v2\/tags?post=3125"}],"curies":[{"name":"wp","href":"https:\/\/api.w.org\/{rel}","templated":true}]}}