{"id":3021,"date":"2024-04-30T14:11:08","date_gmt":"2024-04-30T14:11:08","guid":{"rendered":"https:\/\/www.skechers.com.tr\/blog\/?p=3021"},"modified":"2024-04-30T14:11:08","modified_gmt":"2024-04-30T14:11:08","slug":"skechers-montunun-rengi-solar-mi","status":"publish","type":"post","link":"https:\/\/www.skechers.com.tr\/blog\/skechers-montunun-rengi-solar-mi\/","title":{"rendered":"Skechers Montunun Rengi Solar M\u0131?"},"content":{"rendered":"<p><span style=\"font-weight: 400;\">Kullan\u0131m\u0131na \u00f6zellikle sonbahar ve k\u0131\u015f mevsimlerinden a\u015fina oldu\u011fumuz montlar\u0131m\u0131z, cennet \u00fclkemizin co\u011frafyas\u0131n\u0131n b\u00fcy\u00fck bir k\u0131sm\u0131n\u0131 etkisi alt\u0131na alm\u0131\u015f olan karasal iklim sa\u011folsun art\u0131k mevsimler \u00fcst\u00fc kullan\u0131lmaya ba\u015flamas\u0131 ile hayatlar\u0131m\u0131z\u0131n bir \u00e7ok alan\u0131na en \u00e7ok <\/span><a href=\"https:\/\/www.skechers.com.tr\/spor-montlar-c-6105\"><span style=\"font-weight: 400;\">spor mont kullan\u0131m<\/span><\/a><span style=\"font-weight: 400;\"> se\u00e7ene\u011fi ile girmi\u015f bulunmakta. Mevsim ve kullan\u0131m amac\u0131 fark etmeksizin kullanacak oldu\u011funuz spor montlar\u0131 sat\u0131n al\u0131p kullanmaya ba\u015flamadan \u00f6ncesinde mutlaka bilmeniz gereken birka\u00e7 \u00f6nemli husus vard\u0131r. \u00c7\u00fcnk\u00fc do\u011fru spor mont se\u00e7imi yapmak hem tarz\u0131m\u0131z\u0131 yans\u0131tmas\u0131, hem de i\u015flevselli\u011fi ile hayat\u0131m\u0131z\u0131 kolayla\u015ft\u0131rmas\u0131 a\u00e7\u0131s\u0131ndan d\u00f6n\u00fcm noktas\u0131 niteli\u011fi ta\u015f\u0131yan bir karar olacakt\u0131r.\u00a0<\/span><\/p>\n<p><span style=\"font-weight: 400;\">Bu konuda biz, rahatl\u0131k ve kaliteyi en b\u00fcy\u00fck felsefesi edinmi\u015f Skechers ailesi olarak her mevsim oldu\u011fu gibi bu mevsimde de hem sizi i\u00e7erisinde s\u0131ms\u0131cak tutacak olan hem de herkesin spor tarz\u0131na uygun kaliteyi ve zaman \u00fcst\u00fc spor teknolojilerini i\u00e7erisinde bulundurmas\u0131 ile k\u0131\u015f\u0131n\u0131z\u0131 da bahar\u0131n\u0131z\u0131 da g\u00fczelle\u015ftirecek \u00fcst\u00fcn teknoloji montlar\u0131m\u0131z ile hizmetinizdeyiz.\u00a0<\/span><\/p>\n<h2><span style=\"font-weight: 400;\">Skechers D\u0131\u015f Giyim \u00dcr\u00fcnleri Hakk\u0131nda Bilmeniz Gerekenler<\/span><\/h2>\n<p><span style=\"font-weight: 400;\">Rahat ve tarz g\u00f6r\u00fcn\u00fcm\u00fcn \u015fifresi <\/span><a href=\"https:\/\/www.skechers.com.tr\/erkek-ceketler-ve-montlar-c-2106\"><span style=\"font-weight: 400;\">erkek spor mont<\/span><\/a><span style=\"font-weight: 400;\"> modelleri stilinize sportif bir dokunu\u015f yapabilirsiniz. Hepimiz rahat olman\u0131n yan\u0131 s\u0131ra tarz olman\u0131n tad\u0131n\u0131 ayn\u0131 anda \u00e7\u0131kartmak isteriz. Skechers olarak bunun bilincinde olarak siz de\u011ferli m\u00fc\u015fterilerimize sportif giyimden \u00f6zel g\u00fcnlerinizde kullan\u0131m sa\u011flayabilece\u011finiz konfor ve kalite anlay\u0131\u015f\u0131 ile \u00fcretilmi\u015f geni\u015f kullan\u0131m skalas\u0131nda bir\u00e7ok \u00fcr\u00fcn\u00fc bir arada sunuyor olmaktan mutluluk duyuyoruz. Di\u011fer \u00fcr\u00fcnlerimizle ayn\u0131 niteliklere sahip d\u0131\u015f giyim koleksiyonumuzda da i\u015flevsellik ve \u015f\u0131kl\u0131k anlay\u0131\u015f\u0131n\u0131 bir araya sizler i\u00e7in getirdik. \u0130\u015fte d\u0131\u015f giyim \u00fcr\u00fcnlerimiz hakk\u0131nda bilmeniz gerekenler;<\/span><b><\/b><\/p>\n<ul>\n<li aria-level=\"1\"><b>So\u011fu\u011fa Ge\u00e7i\u015f Yok<\/b><\/li>\n<\/ul>\n<p><span style=\"font-weight: 400;\">\u00c7o\u011fu ki\u015fi kulland\u0131\u011f\u0131 mont veya di\u011fer d\u0131\u015f giyim \u00fcr\u00fcnlerinin beklendi\u011finden daha k\u0131sa bir zaman diliminde soldu\u011fundan ve eski kalitesini yitirdi\u011finden yak\u0131n\u0131r. Bunun en \u00f6nemli sebebi, kullan\u0131lan d\u0131\u015f giyim \u00fcr\u00fcn\u00fcn\u00fcn s\u0131v\u0131 ile temas\u0131 halinde s\u0131v\u0131y\u0131 emer \u00f6zelli\u011fe sahip olmas\u0131d\u0131r. Bu s\u0131v\u0131dan kast\u0131m\u0131z sadece ya\u011fmur suyu de\u011fildir. Bu s\u0131v\u0131 v\u00fccudumuzun \u00fcretti\u011fi ter ya da \u00fczerimize d\u00f6k\u00fclen bir i\u00e7ecek de olabilir. Bu \u00f6zellik mant\u0131ken de kulland\u0131\u011f\u0131m\u0131z \u00fcr\u00fcn\u00fcn yap\u0131s\u0131n\u0131n zaman i\u00e7inde y\u0131pranarak bozulmas\u0131na sebebiyet verecektir. Fakat bundan sonra endi\u015felenmenize gerek kalmad\u0131 \u00e7\u00fcnk\u00fc Skechers d\u0131\u015f giyim \u00fcr\u00fcnleri %100 polyesterden \u00fcretilmi\u015f olup v\u00fccut \u0131s\u0131s\u0131n\u0131 i\u00e7erisinde muhafaza ederek r\u00fczgar\u0131n etkisini azaltacak \u015fekilde tasarland\u0131. B\u00f6ylelikle m\u00fc\u015fterilerimiz so\u011fuk k\u0131\u015f aylar\u0131nda bile hayatlar\u0131na s\u0131cak ve konforlar\u0131n\u0131 yitirmeden kald\u0131\u011f\u0131 yerden devam edebilecekleri e\u015fsiz bir deneyim ya\u015fam\u0131\u015f olurlar.\u00a0<\/span><\/p>\n<p><span style=\"font-weight: 400;\">Sadece bununla da s\u0131n\u0131rl\u0131 de\u011fil, %100 polyester ipliklerden \u00fcretilmi\u015f d\u0131\u015f giyim \u00fcr\u00fcnlerimiz polyesterin su itici \u00f6zelli\u011fi sayesinde ya\u011fmur ve karl\u0131 havalarda \u0131slanman\u0131z\u0131 engeller. Bu \u00f6zelli\u011fi detayl\u0131 olarak a\u00e7\u0131klamam\u0131z gerekirse; Su itici apre maddeleri kuma\u015f ile hava aras\u0131ndaki y\u00fczey enerjisini azaltarak \u00fcr\u00fcn\u00fcn\u00fcze temas eden s\u0131v\u0131 ile \u00fcr\u00fcn\u00fcn\u00fcz\u00fcn kuma\u015f\u0131 aras\u0131nda bulunan gerilimi artt\u0131rmas\u0131 ile kuma\u015f\u0131n y\u00fczeyine temas eden s\u0131v\u0131lar\u0131n sizi \u0131slatarak rahats\u0131z etmesini engellenmi\u015f olur. Siz de d\u0131\u015f giyimde bu \u00fcst\u00fcn teknolojiyi \u00fcr\u00fcnlerinde kullanan Skechers\u2019\u0131 tercih ederek yaz, k\u0131\u015f demeden polyester ile so\u011fu\u011fa ge\u00e7i\u015f vermeyenlerden olun.<\/span><b><\/b><\/p>\n<ul>\n<li aria-level=\"1\"><b>Her Yere Herkese Skechers<\/b><\/li>\n<\/ul>\n<p><span style=\"font-weight: 400;\">Hayatta nerede oldu\u011funuz de\u011fil nas\u0131l oldu\u011funuz \u00f6nem ta\u015f\u0131r. Bizler de her duruma, her tarza \u00f6zel tasar\u0131mlar\u0131m\u0131z ile hayat\u0131n her alan\u0131nda rahatl\u0131k ile \u015f\u0131kl\u0131\u011f\u0131 bir arada ya\u015fay\u0131n diye size \u00f6zel hissettirmek i\u00e7in tasarlanm\u0131\u015f d\u0131\u015f giyim \u00fcr\u00fcnlerimizle hayat\u0131n her alan\u0131nda, her yere, herkese Skechers!<\/span><b><\/b><\/p>\n<ul>\n<li aria-level=\"1\"><b>Hem S\u0131cak Hem Terletmeyen mi? Nas\u0131l?<\/b><\/li>\n<\/ul>\n<p><span style=\"font-weight: 400;\">Evet, kula\u011fa ola\u011fan\u00fcst\u00fc geliyor de\u011fil mi? \u00c7\u00fcnk\u00fc hepimiz bir zamanlar \u00fc\u015f\u00fcmeyelim diye ecel terleri d\u00f6kt\u00fck. \u00dcst\u00fcm\u00fczdeki d\u0131\u015f giysiyi \u00e7\u0131kard\u0131\u011f\u0131m\u0131zda \u00fc\u015f\u00fcyor, giydi\u011fimizde de s\u0131caktan pi\u015fiyorduk. Giysek bir dert giymesek ayr\u0131 bir dertti a\u00e7\u0131k\u00e7as\u0131. Fakat o g\u00fcnler art\u0131k milad\u0131 dolmu\u015f gibi g\u00f6z\u00fck\u00fcyor \u00e7\u00fcnk\u00fc Skechers olarak devrimi seviyoruz ve sizleri bu dertten kurtarmak i\u00e7in d\u0131\u015f giyim \u00fcr\u00fcnlerimizde hem s\u0131v\u0131 ge\u00e7irmez hem de nefes ald\u0131ran kuma\u015flar kullanarak sizi terleme derdinden kurtar\u0131yoruz.<\/span><b><\/b><\/p>\n<ul>\n<li aria-level=\"1\"><b>Skechers \u0130le \u0130stedi\u011fini Yapmakta \u00d6zg\u00fcrs\u00fcn!<\/b><\/li>\n<\/ul>\n<p><span style=\"font-weight: 400;\">\u00dcst\u00fcn d\u0131\u015f giyim teknolojilerimiz sadece bununla da s\u0131n\u0131rl\u0131 de\u011fil, terlemeyi \u00f6nleyen ama ayn\u0131 zamanda nefes de ald\u0131ran kuma\u015flar\u0131m\u0131z\u0131n yan\u0131 s\u0131ra konfor alan\u0131n\u0131zdan \u00e7\u0131kmadan \u00f6zg\u00fcrce hareket etmenizi sa\u011flayacak esnek kuma\u015flar\u0131m\u0131zdan elde edilmi\u015f d\u0131\u015f giyim \u00fcr\u00fcnlerimizin i\u00e7erisinde kendinizi ku\u015flar gibi \u00f6zg\u00fcr hissetmemeniz hayal de\u011fil, sorgulanamayacak bir ger\u00e7ek.<\/span><b><\/b><\/p>\n<ul>\n<li aria-level=\"1\"><b>D\u00fcnya Standartlar\u0131na Uygun Testler<\/b><\/li>\n<\/ul>\n<p><span style=\"font-weight: 400;\">Skechers montlar\u0131n \u00fcretiminde d\u00fcnya standartlar\u0131na uygun testler uygulanmaktad\u0131r. Teste tabi tutulan \u00fcr\u00fcnler \u0131\u015f\u0131k hasl\u0131\u011f\u0131 testi, y\u0131kama hasl\u0131\u011f\u0131 testi gibi testlerden ge\u00e7mektedir. Bir rengin hasl\u0131\u011f\u0131, boyan\u0131n t\u00fcr\u00fcne, kullan\u0131lan renk tonuna, renk derinli\u011fine ve boyama i\u015fleminin ne kadar iyi y\u00fcr\u00fct\u00fcld\u00fc\u011f\u00fcne g\u00f6re de\u011fi\u015febilir.<\/span><\/p>\n<h3><span style=\"font-weight: 400;\">Skechers Montunun Rengi Solar M\u0131?<\/span><\/h3>\n<p><span style=\"font-weight: 400;\">Skechers, fonksiyonlar\u0131 olduk\u00e7a y\u00fcksek kuma\u015flar\u0131 sayesinde size e\u015fsiz derecede rahat bir \u015f\u0131kl\u0131k deneyimi sunar. Ancak ki\u015fisel kullan\u0131ma ba\u011fl\u0131 olarak \u00e7e\u015fitli deformasyonlar g\u00f6r\u00fclme ihtimali de vard\u0131r. Bu tarz durumlar ya\u015famamak ve \u00fcr\u00fcn\u00fcn\u00fcz\u00fcn ilk g\u00fcnk\u00fc gibi yeni kalmas\u0131n\u0131 sa\u011flamak i\u00e7in ise yap\u0131lmas\u0131 kolay ama gerekli \u015feyler vard\u0131r. \u0130\u015fte k\u0131saca yapman\u0131z gerekenler;<\/span><\/p>\n<h3><span style=\"font-weight: 400;\">Y\u0131kama Talimatlar\u0131 \u00d6nemli<\/span><\/h3>\n<p><span style=\"font-weight: 400;\">Evet, hem de olduk\u00e7a! Sat\u0131n ald\u0131\u011f\u0131n\u0131z d\u0131\u015f giyim \u00fcr\u00fcn\u00fcn\u00fcn etiketinde yer alan y\u0131kama talimatlar\u0131na uyman\u0131z, \u00fcr\u00fcn\u00fcn\u00fcz\u00fcn solmamas\u0131 ve renginin korunmas\u0131 i\u00e7in b\u00fcy\u00fck \u00f6nem ta\u015f\u0131yor. \u00dcr\u00fcnden \u00fcr\u00fcne de\u011fi\u015fiklik olaca\u011f\u0131n\u0131n g\u00f6z \u00f6n\u00fcnde bulundurulmas\u0131 unutulmadan, genelde so\u011fuk suda ve \u00fcr\u00fcn\u00fcn\u00fcz ile benzer renklere sahip \u00fcr\u00fcnlerle y\u0131kaman\u0131z \u00f6nerilir.<\/span><\/p>\n<h3><span style=\"font-weight: 400;\">G\u00fcne\u015ften Koruyun<\/span><\/h3>\n<p><span style=\"font-weight: 400;\">Biliyoruz \u00f6zellikle yaz aylar\u0131nda a\u00e7\u0131k havada spor yapmay\u0131 veya sahilde deniz havas\u0131n\u0131 i\u00e7ine \u00e7eke \u00e7eke y\u00fcr\u00fcy\u00fc\u015fler yapmay\u0131 sevenlerimiz i\u00e7in bu zor olacakt\u0131r. Fakat kulland\u0131\u011f\u0131n\u0131z \u00fcr\u00fcn\u00fcn %100 polyesterden olu\u015ftu\u011funu ve bu y\u00fczden ne kadar uzun s\u00fcre g\u00fcne\u015f alt\u0131nda durursan\u0131z en az o kadar de\u011fi\u015fime u\u011frayaca\u011f\u0131n\u0131 unutmay\u0131n. \u00dcr\u00fcn\u00fcn\u00fcz\u00fc g\u00fcne\u015f alt\u0131nda kurutmak yerine g\u00f6lge alan ve havadar bir alanda kurumaya b\u0131rak\u0131n. \u00dcr\u00fcn\u00fcn\u00fcz\u00fc s\u0131cak kurutma makineleri ile kurutmaya \u00e7al\u0131\u015fmak ya da y\u00fcksek \u0131s\u0131 i\u00e7eren \u00e7ama\u015f\u0131r makinesindeki kurutucu benzeri yerlerde kurutmak da en az g\u00fcne\u015f alt\u0131nda tutmak kadar zarar verecektir. Ayr\u0131ca d\u0131\u015f giyim \u00fcr\u00fcn\u00fcn\u00fcz\u00fc ters \u00e7evirerek kurutmak renginin korunmas\u0131nda etkili olacakt\u0131r.<\/span><\/p>\n<h3><span style=\"font-weight: 400;\">Leke \u00c7\u0131kar\u0131c\u0131lara Dikkat<\/span><\/h3>\n<p><span style=\"font-weight: 400;\">Skechers\u2019tan ald\u0131\u011f\u0131n\u0131z d\u0131\u015f giyim \u00fcr\u00fcn\u00fcn\u00fcz %100 polyester ipliklerinden olu\u015fmu\u015f olaca\u011f\u0131 i\u00e7in su itici \u00f6zelli\u011fe sahiptir bu y\u00fczden lekelenme durumlar\u0131nda leke kullan\u0131c\u0131 kullanmadan \u00f6nce mutlaka kullanmad\u0131\u011f\u0131n\u0131z bir kuma\u015fta veya benzer bir \u00fcr\u00fcnde kullanaca\u011f\u0131n\u0131z leke kullan\u0131c\u0131y\u0131 test edin. Baz\u0131 leke \u00e7\u0131kar\u0131c\u0131lar sadece renk solmas\u0131na neden olmakla kalm\u0131yor, \u00fcr\u00fcn\u00fcn y\u0131pranmas\u0131na da sebebiyet verebiliyorlar, bizden s\u00f6ylemesi.<\/span><\/p>\n<h3><span style=\"font-weight: 400;\">Skechers Montu Y\u0131karken Dikkat Edilmesi Gerekenler<\/span><\/h3>\n<p><span style=\"font-weight: 400;\">D\u0131\u015f giyim \u00fcr\u00fcnlerinin \u00e7o\u011funda yap\u0131lan ve sonucunda renk solmas\u0131 ve y\u0131pranmaya sebebiyet veren hatalardan bir tanesi de kesinlikle \u00fcr\u00fcn\u00fc do\u011fru saklayamamakt\u0131r. \u00dcr\u00fcn\u00fc uzun vadede kullanabilmek i\u00e7in \u00fcr\u00fcn\u00fcn\u00fcz\u00fcn \u00f6zelliklerini bilerek hareket etmeniz bu konuda sizlere yard\u0131mc\u0131 olaca\u011f\u0131ndan ald\u0131\u011f\u0131n\u0131z \u00fcr\u00fcn\u00fcn kullanma k\u0131lavuzunu mutlaka incelemeniz \u00f6nem arz eder. Mutlaka havadar, g\u00f6lgeli bir ortamda ask\u0131ya as\u0131l\u0131 bir \u015fekilde muhafaza etmelisiniz. \u00dcr\u00fcn\u00fcn\u00fcz\u00fc katl\u0131 bir \u015fekilde muhafaza etmeniz kesinlikle \u00f6nerilmez.<\/span><\/p>\n<h3><span style=\"font-weight: 400;\">D\u00fczenli Bak\u0131m Onlar\u0131n Da Hakk\u0131<\/span><\/h3>\n<p><span style=\"font-weight: 400;\">Nas\u0131l ki organlar\u0131m\u0131z\u0131 korudu\u011fu i\u00e7in cildimize d\u00fczenli bak\u0131m yap\u0131yor ve bunun \u00f6neminin fark\u0131nda isek, organlar\u0131m\u0131z\u0131 koruyan cildimizi koruyan d\u0131\u015f giysilerimiz de ayn\u0131 bak\u0131m ve \u00f6zen g\u00f6sterilmeyi hak etmez mi? E\u011fer montunuzu uzun y\u0131llar ilk g\u00fcnk\u00fc gibi kullanmaya devam etmek istiyorsan\u0131z bu bak\u0131m\u0131 yapman\u0131z\u0131 \u00f6neririz.<\/span><\/p>\n<h3><span style=\"font-weight: 400;\">Yapman\u0131z Gerekenler<\/span><\/h3>\n<p><span style=\"font-weight: 400;\">Bir f\u0131r\u00e7a ile d\u00fczenli olarak d\u0131\u015f giysinizin \u00fczerinde biriken iplik, toz ve pislik benzeri \u015feylerden montunuzu temizlemek. \u0130\u015fte d\u0131\u015f giysinizi ilk g\u00fcnk\u00fc gibi temiz ve canl\u0131 tutmak bu kadar kolay!<\/span><\/p>\n<h3><span style=\"font-weight: 400;\">Skechers Mont Garanti Kapsam\u0131<\/span><\/h3>\n<p><span style=\"font-weight: 400;\">Skechers web sitesi \u00fczerinden al\u0131m\u0131 sa\u011flanan her \u00fcr\u00fcn gibi Skechers d\u0131\u015f giyim ve mont \u00fcr\u00fcnleri de %100 orijinal Skechers \u00fcr\u00fcn\u00fcd\u00fcr ve teslimat\u0131 faturas\u0131 ile birlikte yap\u0131l\u0131r.<\/span><\/p>\n<h3><span style=\"font-weight: 400;\">Skechers Mont Garanti S\u00fcresi<\/span><\/h3>\n<p><span style=\"font-weight: 400;\">Skechers D\u0131\u015f Giyim ve Mont \u00fcr\u00fcnlerinde web sitemiz ve size ula\u015ft\u0131r\u0131lan faturan\u0131zda da belirtildi\u011fi gibi \u00fcr\u00fcn\u00fcn\u00fc teslim ald\u0131\u011f\u0131n g\u00fcnden itibaren ilk 30 g\u00fcn boyunca faturan\u0131 kan\u0131tlamak kayd\u0131yla \u00fccretsiz bir \u015fekilde iade edebilirsin. Skechers rahatl\u0131\u011f\u0131nda tarz\u0131n\u0131 ya\u015famak hi\u00e7 bu kadar kolay olmam\u0131\u015ft\u0131.<\/span><\/p>\n","protected":false},"excerpt":{"rendered":"<p>Kullan\u0131m\u0131na \u00f6zellikle sonbahar ve k\u0131\u015f mevsimlerinden a\u015fina oldu\u011fumuz montlar\u0131m\u0131z, cennet \u00fclkemizin co\u011frafyas\u0131n\u0131n b\u00fcy\u00fck bir k\u0131sm\u0131n\u0131 etkisi alt\u0131na alm\u0131\u015f olan karasal iklim sa\u011folsun art\u0131k mevsimler \u00fcst\u00fc kullan\u0131lmaya ba\u015flamas\u0131 ile hayatlar\u0131m\u0131z\u0131n bir \u00e7ok alan\u0131na en \u00e7ok spor mont kullan\u0131m se\u00e7ene\u011fi ile girmi\u015f bulunmakta. Mevsim ve kullan\u0131m amac\u0131 fark etmeksizin kullanacak oldu\u011funuz spor montlar\u0131 sat\u0131n al\u0131p kullanmaya ba\u015flamadan [&hellip;]<\/p>\n","protected":false},"author":1,"featured_media":3022,"comment_status":"open","ping_status":"open","sticky":false,"template":"","format":"standard","meta":[],"categories":[4],"tags":[],"yoast_head":"<!-- This site is optimized with the Yoast SEO plugin v18.5.1 - https:\/\/yoast.com\/wordpress\/plugins\/seo\/ -->\n<title>Skechers Montunun Rengi Solar M\u0131? - Skechers Blog<\/title>\n<meta name=\"description\" content=\"Skechers mont rengi solma sorunu neden olur, nas\u0131l \u00f6nlenir? Skechers mont renginin solmamas\u0131 i\u00e7in neler yapman\u0131z gerekti\u011fini \u00f6\u011frenmek i\u00e7in t\u0131klay\u0131n.\" \/>\n<meta name=\"robots\" content=\"index, follow, max-snippet:-1, max-image-preview:large, max-video-preview:-1\" \/>\n<link rel=\"canonical\" href=\"https:\/\/www.skechers.com.tr\/blog\/skechers-montunun-rengi-solar-mi\/\" \/>\n<meta property=\"og:locale\" content=\"tr_TR\" \/>\n<meta property=\"og:type\" content=\"article\" \/>\n<meta property=\"og:title\" content=\"Skechers Montunun Rengi Solar M\u0131? - Skechers Blog\" \/>\n<meta property=\"og:description\" content=\"Skechers mont rengi solma sorunu neden olur, nas\u0131l \u00f6nlenir? Skechers mont renginin solmamas\u0131 i\u00e7in neler yapman\u0131z gerekti\u011fini \u00f6\u011frenmek i\u00e7in t\u0131klay\u0131n.\" \/>\n<meta property=\"og:url\" content=\"https:\/\/www.skechers.com.tr\/blog\/skechers-montunun-rengi-solar-mi\/\" \/>\n<meta property=\"og:site_name\" content=\"Skechers Blog\" \/>\n<meta property=\"article:published_time\" content=\"2024-04-30T14:11:08+00:00\" \/>\n<meta property=\"og:image\" content=\"https:\/\/www.skechers.com.tr\/blog\/wp-content\/uploads\/2024\/04\/skechers-mont.jpg\" \/>\n\t<meta property=\"og:image:width\" content=\"1800\" \/>\n\t<meta property=\"og:image:height\" content=\"1040\" \/>\n\t<meta property=\"og:image:type\" content=\"image\/jpeg\" \/>\n<meta name=\"twitter:card\" content=\"summary_large_image\" \/>\n<meta name=\"twitter:label1\" content=\"Yazan:\" \/>\n\t<meta name=\"twitter:data1\" content=\"Skechers T\u00fcrkiye\" \/>\n\t<meta name=\"twitter:label2\" content=\"Tahmini okuma s\u00fcresi\" \/>\n\t<meta name=\"twitter:data2\" content=\"8 dakika\" \/>\n<script type=\"application\/ld+json\" class=\"yoast-schema-graph\">{\"@context\":\"https:\/\/schema.org\",\"@graph\":[{\"@type\":\"WebSite\",\"@id\":\"https:\/\/www.skechers.com.tr\/blog\/#website\",\"url\":\"https:\/\/www.skechers.com.tr\/blog\/\",\"name\":\"Skechers Blog\",\"description\":\"Skechers\",\"potentialAction\":[{\"@type\":\"SearchAction\",\"target\":{\"@type\":\"EntryPoint\",\"urlTemplate\":\"https:\/\/www.skechers.com.tr\/blog\/?s={search_term_string}\"},\"query-input\":\"required name=search_term_string\"}],\"inLanguage\":\"tr\"},{\"@type\":\"ImageObject\",\"@id\":\"https:\/\/www.skechers.com.tr\/blog\/skechers-montunun-rengi-solar-mi\/#primaryimage\",\"inLanguage\":\"tr\",\"url\":\"https:\/\/www.skechers.com.tr\/blog\/wp-content\/uploads\/2024\/04\/skechers-mont.jpg\",\"contentUrl\":\"https:\/\/www.skechers.com.tr\/blog\/wp-content\/uploads\/2024\/04\/skechers-mont.jpg\",\"width\":1800,\"height\":1040,\"caption\":\"skechers mont\"},{\"@type\":\"WebPage\",\"@id\":\"https:\/\/www.skechers.com.tr\/blog\/skechers-montunun-rengi-solar-mi\/#webpage\",\"url\":\"https:\/\/www.skechers.com.tr\/blog\/skechers-montunun-rengi-solar-mi\/\",\"name\":\"Skechers Montunun Rengi Solar M\u0131? - Skechers Blog\",\"isPartOf\":{\"@id\":\"https:\/\/www.skechers.com.tr\/blog\/#website\"},\"primaryImageOfPage\":{\"@id\":\"https:\/\/www.skechers.com.tr\/blog\/skechers-montunun-rengi-solar-mi\/#primaryimage\"},\"datePublished\":\"2024-04-30T14:11:08+00:00\",\"dateModified\":\"2024-04-30T14:11:08+00:00\",\"author\":{\"@id\":\"https:\/\/www.skechers.com.tr\/blog\/#\/schema\/person\/6d09a0595696524814757d23d22b4c33\"},\"description\":\"Skechers mont rengi solma sorunu neden olur, nas\u0131l \u00f6nlenir? Skechers mont renginin solmamas\u0131 i\u00e7in neler yapman\u0131z gerekti\u011fini \u00f6\u011frenmek i\u00e7in t\u0131klay\u0131n.\",\"breadcrumb\":{\"@id\":\"https:\/\/www.skechers.com.tr\/blog\/skechers-montunun-rengi-solar-mi\/#breadcrumb\"},\"inLanguage\":\"tr\",\"potentialAction\":[{\"@type\":\"ReadAction\",\"target\":[\"https:\/\/www.skechers.com.tr\/blog\/skechers-montunun-rengi-solar-mi\/\"]}]},{\"@type\":\"BreadcrumbList\",\"@id\":\"https:\/\/www.skechers.com.tr\/blog\/skechers-montunun-rengi-solar-mi\/#breadcrumb\",\"itemListElement\":[{\"@type\":\"ListItem\",\"position\":1,\"name\":\"Skechers Montunun Rengi Solar M\u0131?\"}]},{\"@type\":\"Person\",\"@id\":\"https:\/\/www.skechers.com.tr\/blog\/#\/schema\/person\/6d09a0595696524814757d23d22b4c33\",\"name\":\"Skechers T\u00fcrkiye\",\"image\":{\"@type\":\"ImageObject\",\"@id\":\"https:\/\/www.skechers.com.tr\/blog\/#personlogo\",\"inLanguage\":\"tr\",\"url\":\"https:\/\/secure.gravatar.com\/avatar\/0fc2191869a9a020b4606acf264338ae?s=96&d=mm&r=g\",\"contentUrl\":\"https:\/\/secure.gravatar.com\/avatar\/0fc2191869a9a020b4606acf264338ae?s=96&d=mm&r=g\",\"caption\":\"Skechers T\u00fcrkiye\"},\"description\":\"Skechers spor ayakkab\u0131 \u00fcr\u00fcnleri ile rahatl\u0131\u011f\u0131 ve kaliteyi hisset!\"}]}<\/script>\n<!-- \/ Yoast SEO plugin. -->","yoast_head_json":{"title":"Skechers Montunun Rengi Solar M\u0131? - Skechers Blog","description":"Skechers mont rengi solma sorunu neden olur, nas\u0131l \u00f6nlenir? Skechers mont renginin solmamas\u0131 i\u00e7in neler yapman\u0131z gerekti\u011fini \u00f6\u011frenmek i\u00e7in t\u0131klay\u0131n.","robots":{"index":"index","follow":"follow","max-snippet":"max-snippet:-1","max-image-preview":"max-image-preview:large","max-video-preview":"max-video-preview:-1"},"canonical":"https:\/\/www.skechers.com.tr\/blog\/skechers-montunun-rengi-solar-mi\/","og_locale":"tr_TR","og_type":"article","og_title":"Skechers Montunun Rengi Solar M\u0131? - Skechers Blog","og_description":"Skechers mont rengi solma sorunu neden olur, nas\u0131l \u00f6nlenir? Skechers mont renginin solmamas\u0131 i\u00e7in neler yapman\u0131z gerekti\u011fini \u00f6\u011frenmek i\u00e7in t\u0131klay\u0131n.","og_url":"https:\/\/www.skechers.com.tr\/blog\/skechers-montunun-rengi-solar-mi\/","og_site_name":"Skechers Blog","article_published_time":"2024-04-30T14:11:08+00:00","og_image":[{"width":1800,"height":1040,"url":"https:\/\/www.skechers.com.tr\/blog\/wp-content\/uploads\/2024\/04\/skechers-mont.jpg","type":"image\/jpeg"}],"twitter_card":"summary_large_image","twitter_misc":{"Yazan:":"Skechers T\u00fcrkiye","Tahmini okuma s\u00fcresi":"8 dakika"},"schema":{"@context":"https:\/\/schema.org","@graph":[{"@type":"WebSite","@id":"https:\/\/www.skechers.com.tr\/blog\/#website","url":"https:\/\/www.skechers.com.tr\/blog\/","name":"Skechers Blog","description":"Skechers","potentialAction":[{"@type":"SearchAction","target":{"@type":"EntryPoint","urlTemplate":"https:\/\/www.skechers.com.tr\/blog\/?s={search_term_string}"},"query-input":"required name=search_term_string"}],"inLanguage":"tr"},{"@type":"ImageObject","@id":"https:\/\/www.skechers.com.tr\/blog\/skechers-montunun-rengi-solar-mi\/#primaryimage","inLanguage":"tr","url":"https:\/\/www.skechers.com.tr\/blog\/wp-content\/uploads\/2024\/04\/skechers-mont.jpg","contentUrl":"https:\/\/www.skechers.com.tr\/blog\/wp-content\/uploads\/2024\/04\/skechers-mont.jpg","width":1800,"height":1040,"caption":"skechers mont"},{"@type":"WebPage","@id":"https:\/\/www.skechers.com.tr\/blog\/skechers-montunun-rengi-solar-mi\/#webpage","url":"https:\/\/www.skechers.com.tr\/blog\/skechers-montunun-rengi-solar-mi\/","name":"Skechers Montunun Rengi Solar M\u0131? - Skechers Blog","isPartOf":{"@id":"https:\/\/www.skechers.com.tr\/blog\/#website"},"primaryImageOfPage":{"@id":"https:\/\/www.skechers.com.tr\/blog\/skechers-montunun-rengi-solar-mi\/#primaryimage"},"datePublished":"2024-04-30T14:11:08+00:00","dateModified":"2024-04-30T14:11:08+00:00","author":{"@id":"https:\/\/www.skechers.com.tr\/blog\/#\/schema\/person\/6d09a0595696524814757d23d22b4c33"},"description":"Skechers mont rengi solma sorunu neden olur, nas\u0131l \u00f6nlenir? Skechers mont renginin solmamas\u0131 i\u00e7in neler yapman\u0131z gerekti\u011fini \u00f6\u011frenmek i\u00e7in t\u0131klay\u0131n.","breadcrumb":{"@id":"https:\/\/www.skechers.com.tr\/blog\/skechers-montunun-rengi-solar-mi\/#breadcrumb"},"inLanguage":"tr","potentialAction":[{"@type":"ReadAction","target":["https:\/\/www.skechers.com.tr\/blog\/skechers-montunun-rengi-solar-mi\/"]}]},{"@type":"BreadcrumbList","@id":"https:\/\/www.skechers.com.tr\/blog\/skechers-montunun-rengi-solar-mi\/#breadcrumb","itemListElement":[{"@type":"ListItem","position":1,"name":"Skechers Montunun Rengi Solar M\u0131?"}]},{"@type":"Person","@id":"https:\/\/www.skechers.com.tr\/blog\/#\/schema\/person\/6d09a0595696524814757d23d22b4c33","name":"Skechers T\u00fcrkiye","image":{"@type":"ImageObject","@id":"https:\/\/www.skechers.com.tr\/blog\/#personlogo","inLanguage":"tr","url":"https:\/\/secure.gravatar.com\/avatar\/0fc2191869a9a020b4606acf264338ae?s=96&d=mm&r=g","contentUrl":"https:\/\/secure.gravatar.com\/avatar\/0fc2191869a9a020b4606acf264338ae?s=96&d=mm&r=g","caption":"Skechers T\u00fcrkiye"},"description":"Skechers spor ayakkab\u0131 \u00fcr\u00fcnleri ile rahatl\u0131\u011f\u0131 ve kaliteyi hisset!"}]}},"_links":{"self":[{"href":"https:\/\/www.skechers.com.tr\/blog\/wp-json\/wp\/v2\/posts\/3021"}],"collection":[{"href":"https:\/\/www.skechers.com.tr\/blog\/wp-json\/wp\/v2\/posts"}],"about":[{"href":"https:\/\/www.skechers.com.tr\/blog\/wp-json\/wp\/v2\/types\/post"}],"author":[{"embeddable":true,"href":"https:\/\/www.skechers.com.tr\/blog\/wp-json\/wp\/v2\/users\/1"}],"replies":[{"embeddable":true,"href":"https:\/\/www.skechers.com.tr\/blog\/wp-json\/wp\/v2\/comments?post=3021"}],"version-history":[{"count":1,"href":"https:\/\/www.skechers.com.tr\/blog\/wp-json\/wp\/v2\/posts\/3021\/revisions"}],"predecessor-version":[{"id":3023,"href":"https:\/\/www.skechers.com.tr\/blog\/wp-json\/wp\/v2\/posts\/3021\/revisions\/3023"}],"wp:featuredmedia":[{"embeddable":true,"href":"https:\/\/www.skechers.com.tr\/blog\/wp-json\/wp\/v2\/media\/3022"}],"wp:attachment":[{"href":"https:\/\/www.skechers.com.tr\/blog\/wp-json\/wp\/v2\/media?parent=3021"}],"wp:term":[{"taxonomy":"category","embeddable":true,"href":"https:\/\/www.skechers.com.tr\/blog\/wp-json\/wp\/v2\/categories?post=3021"},{"taxonomy":"post_tag","embeddable":true,"href":"https:\/\/www.skechers.com.tr\/blog\/wp-json\/wp\/v2\/tags?post=3021"}],"curies":[{"name":"wp","href":"https:\/\/api.w.org\/{rel}","templated":true}]}}