{"id":3019,"date":"2024-04-30T13:48:24","date_gmt":"2024-04-30T13:48:24","guid":{"rendered":"https:\/\/www.skechers.com.tr\/blog\/?p=3019"},"modified":"2024-04-30T13:48:24","modified_gmt":"2024-04-30T13:48:24","slug":"erkekler-ve-kadinlar-icin-2024-plaj-giyim-trendleri","status":"publish","type":"post","link":"https:\/\/www.skechers.com.tr\/blog\/erkekler-ve-kadinlar-icin-2024-plaj-giyim-trendleri\/","title":{"rendered":"Erkekler ve Kad\u0131nlar \u0130\u00e7in 2024 Plaj Giyim Trendleri"},"content":{"rendered":"<p><span style=\"font-weight: 400;\">2024 yaz sezonu, erkek plaj modas\u0131nda Skechers markas\u0131n\u0131n yenilik\u00e7i dokunu\u015flar\u0131yla yeni bir \u00e7\u0131\u011f\u0131r a\u00e7acak. Skechers, konfor ve \u015f\u0131kl\u0131\u011f\u0131 harmanlayarak haz\u0131rlad\u0131\u011f\u0131 bu ayakkab\u0131 koleksiyonu ile plajda ge\u00e7irilen her an\u0131n keyfini art\u0131rmay\u0131 hedefliyor. Koleksiyonda dikkat \u00e7eken hafif malzemeler, s\u0131cak yaz g\u00fcnleri i\u00e7in ideal bir se\u00e7enek sunuyor. Bu malzemeler, tercih edildi\u011finde kullan\u0131c\u0131ya hafiflik ve konfor sa\u011flayarak plaj modas\u0131na yeni bir soluk getiriyor.<\/span><\/p>\n<p><span style=\"font-weight: 400;\">Skechers\u2019\u0131n sunmu\u015f oldu\u011fu bu koleksiyon, dayan\u0131kl\u0131l\u0131k ve uzun \u00f6m\u00fcrl\u00fc kullan\u0131m\u0131n yan\u0131 s\u0131ra, g\u00fcn\u00fcm\u00fcz estetik anlay\u0131\u015f\u0131n\u0131 yans\u0131tan dikkat \u00e7ekici tasar\u0131mlar sunuyor. Her bir \u00fcr\u00fcn, sadece g\u00f6rsel a\u00e7\u0131dan de\u011fil, ayn\u0131 zamanda fonksiyonellik a\u00e7\u0131s\u0131ndan da \u00fcst\u00fcn nitelikler ta\u015f\u0131yor. Markan\u0131n arkas\u0131ndaki vizyon, moday\u0131 s\u00fcrd\u00fcr\u00fclebilirlik ve inovasyonla b\u00fct\u00fcnle\u015ftirmek. Bu sayede, plaj giyiminde sadece tarz sahibi de\u011fil, ayn\u0131 zamanda \u00e7evre dostu bir tutum sergilenmesi te\u015fvik ediliyor. Malzemelerin se\u00e7imi ve \u00fcretim s\u00fcre\u00e7leri \u00f6zenle y\u00f6netilerek, \u00e7evreye zarar veren etkiler en aza indirgeniyor.<\/span><\/p>\n<h2><span style=\"font-weight: 400;\">Erkeklerin Yaz Plaj Modas\u0131 2024\u00a0<\/span><\/h2>\n<p><span style=\"font-weight: 400;\">Yaz 2024 i\u00e7in Skechers\u2019\u0131n haz\u0131rlad\u0131\u011f\u0131 bu plaj modas\u0131 koleksiyonu, sad\u0131k m\u00fc\u015fteri kitlesinin beklentilerini a\u015farak, konfor ve stilin m\u00fckemmel uyumunu sunuyor. Skechers\u2019\u0131n yenilik\u00e7i yakla\u015f\u0131m\u0131 ve s\u00fcrd\u00fcr\u00fclebilir \u00fcretim anlay\u0131\u015f\u0131, m\u00fc\u015fteri yorumlar\u0131nda s\u0131k\u00e7a \u00f6vg\u00fcyle kar\u015f\u0131lan\u0131yor. Koleksiyonun estetik a\u00e7\u0131dan \u00fcst\u00fcn tasar\u0131mlar\u0131 ve \u00e7ok y\u00f6nl\u00fc kullan\u0131m\u0131, t\u00fcketicilerin yo\u011fun ilgisini \u00e7ekece\u011fi bekleniyor.\u00a0<\/span><\/p>\n<p><span style=\"font-weight: 400;\">2024 Yaz Sezonu i\u00e7in Skechers\u2019\u0131n sundu\u011fu erkek plaj modas\u0131 koleksiyonu, sadece yenilik\u00e7i tasar\u0131mlarla de\u011fil, ayn\u0131 zamanda s\u00fcrd\u00fcr\u00fclebilirlik vizyonuyla da sekt\u00f6rde fark yaratmay\u0131 hedefliyor. Koleksiyon, <\/span><a href=\"https:\/\/www.skechers.com.tr\/erkek-deniz-sortu-c-2109\"><span style=\"font-weight: 400;\">deniz \u015fortu<\/span><\/a><span style=\"font-weight: 400;\"> gibi rahatl\u0131k ve fonksiyonelli\u011fi modern estetikle birle\u015ftirerek, erkek plaj modas\u0131nda \u00f6ne \u00e7\u0131kan par\u00e7alardan olu\u015fuyor.\u00a0<\/span><\/p>\n<h3><span style=\"font-weight: 400;\">Skechers Erkek Deniz Mayo Se\u00e7enekleri\u00a0<\/span><\/h3>\n<p><span style=\"font-weight: 400;\">Skechers, erkek deniz mayo koleksiyonu ile plaj modas\u0131na sadece yenilik\u00e7i bir yorum getirmekle kalm\u0131yor ayn\u0131 zamanda konfor ve stili \u00f6zg\u00fcn tasar\u0131mlarla harmanl\u0131yor. Bu koleksiyon, plajda vakit ge\u00e7iren erkeklerin kar\u015f\u0131la\u015ft\u0131klar\u0131 \u00e7e\u015fitli ihtiya\u00e7 ve beklentilere y\u00f6nelik geni\u015f bir model yelpazesi sunuyor.\u00a0<\/span><\/p>\n<p><span style=\"font-weight: 400;\">Skechers erkek deniz \u015fortu, su itici teknoloji ve h\u0131zl\u0131 kuruyan kuma\u015flar gibi yenilik\u00e7i \u00f6zelliklerle donat\u0131larak, suya girenler i\u00e7in benzersiz bir kullan\u0131m deneyimi sunar. Bu teknolojiler sayesinde, mayo su i\u00e7inde a\u011f\u0131rla\u015fmaz ve y\u00fcz\u00fcc\u00fclerin performans\u0131n\u0131 olumsuz y\u00f6nde etkilemez; su \u00fczerine \u00e7\u0131k\u0131ld\u0131\u011f\u0131nda ise mayo h\u0131zla kuruyarak deniz veya havuz kenar\u0131nda ge\u00e7irilen zaman\u0131n konforunu art\u0131r\u0131r. Tasar\u0131mlar\u0131n hem spor aktiviteleri hem de rahat bir g\u00fcn ge\u00e7irmeyi hedefleyenler i\u00e7in i\u015flevsellik ve esteti\u011fi bir arada sunabilmesi, Skechers markas\u0131n\u0131 di\u011ferlerinden ay\u0131ran \u00f6nemli bir \u00f6zelliktir. Bu \u00e7ok y\u00f6nl\u00fcl\u00fck, koleksiyonun sadece plajda de\u011fil, g\u00fcnl\u00fck ya\u015fam\u0131n bir par\u00e7as\u0131 olarak kullan\u0131lmas\u0131n\u0131 ideal k\u0131lar.<\/span><\/p>\n<h3><span style=\"font-weight: 400;\">Erkekler \u0130\u00e7in En \u0130yi Parmak Aras\u0131 Terlik Se\u00e7enekleri\u00a0<\/span><\/h3>\n<p><span style=\"font-weight: 400;\">Skechers, erkekler i\u00e7in \u00f6zel olarak tasarlad\u0131\u011f\u0131 parmak aras\u0131 terlik koleksiyonunda konfor ve \u015f\u0131kl\u0131\u011f\u0131 \u00fcst\u00fcn bir uyumla birle\u015ftirerek g\u00f6z dolduruyor. Yaz\u0131n kavurucu s\u0131caklar\u0131nda erkeklerin ayaklar\u0131n\u0131 serin ve rahat tutmay\u0131 hedefleyen <\/span><a href=\"https:\/\/www.skechers.com.tr\/parmak-arasi-terlik-c-8093\"><span style=\"font-weight: 400;\">parmak aras\u0131 terlik<\/span><\/a><span style=\"font-weight: 400;\">, s\u0131radan bir yaz ayakkab\u0131s\u0131ndan \u00e7ok daha fazlas\u0131n\u0131 vadediyor. Ergonomik tasar\u0131mlar\u0131 sayesinde g\u00fcn boyu s\u00fcren rahatl\u0131k sunan bu terlikler, kullan\u0131c\u0131lar\u0131n be\u011fenisini toplayarak, ayak sa\u011fl\u0131\u011f\u0131na da \u00f6nem verdi\u011fini ortaya koymaktad\u0131r.<\/span><\/p>\n<p><span style=\"font-weight: 400;\">Bu koleksiyondaki terliklerin en dikkat \u00e7ekici \u00f6zelli\u011fi, Memory Foam taban teknolojisinin kullan\u0131lmas\u0131d\u0131r. Bu sayede, terlikler ayaklar\u0131n her bir hatas\u0131na m\u00fckemmel \u015fekilde uyum sa\u011flayarak, uzun kullan\u0131mlarda bile ayaklar\u0131n yorgunluk hissetmemesine yard\u0131mc\u0131 olur. Memory Foam, her ad\u0131mda ayaklara maksimum destek ve rahatl\u0131k sunan bir materyal olarak \u00f6ne \u00e7\u0131karken, terliklerin su ge\u00e7irmez kuma\u015flar\u0131 ve kaymaz tabanlar\u0131 ise d\u0131\u015f mekanda g\u00fcvenli ve konforlu bir kullan\u0131m imk\u00e2n\u0131 tan\u0131r. Bu \u00f6zelliklerle donat\u0131lm\u0131\u015f terlikler, fonksiyonellikleriyle de \u00f6n plana \u00e7\u0131kar.<\/span><\/p>\n<p><span style=\"font-weight: 400;\">Skechers&#8217;\u0131n erkekler i\u00e7in haz\u0131rlad\u0131\u011f\u0131 bu terlik koleksiyonu, yaz gard\u0131robunda olmazsa olmaz bir par\u00e7a olarak kendini g\u00f6stermektedir. M\u00fckemmel malzeme kalitesi, \u00fcst\u00fcn i\u015f\u00e7ili\u011fi ve ergonomik tasar\u0131m\u0131 sayesinde her ad\u0131mda konfor sunan bu terlikler, yaz ay\u0131n\u0131n rahatl\u0131\u011f\u0131n\u0131 ve \u015f\u0131kl\u0131\u011f\u0131n\u0131 bir arada arayan modern erkekler i\u00e7in vazge\u00e7ilmez bir se\u00e7enek haline gelmi\u015ftir. Skechers, bu koleksiyon arac\u0131l\u0131\u011f\u0131yla, modern erke\u011fin hem rahatl\u0131\u011f\u0131n\u0131 hem de stilini \u00f6n planda tutarak yaz aylar\u0131n\u0131n keyfini \u00e7\u0131karmas\u0131 i\u00e7in ihtiya\u00e7 duydu\u011fu her detay\u0131 d\u00fc\u015f\u00fcnm\u00fc\u015ft\u00fcr.<\/span><\/p>\n<h3><span style=\"font-weight: 400;\">Plaj Stili \u0130le Uyumlu Erkek Spor Ti\u015f\u00f6rtleri\u00a0<\/span><\/h3>\n<p><span style=\"font-weight: 400;\">Skechers markas\u0131n\u0131n <\/span><a href=\"https:\/\/www.skechers.com.tr\/erkek-spor-tisort-c-2102\"><span style=\"font-weight: 400;\">erkek spor ti\u015f\u00f6rt<\/span><\/a><span style=\"font-weight: 400;\"> modelleri, sahildeki rahat g\u00fcnler i\u00e7in tasarland\u0131\u011f\u0131nda, plaj modas\u0131 ile olan uyumlar\u0131 g\u00f6z \u00f6n\u00fcnde bulundurularak \u00f6zenle se\u00e7ilmi\u015f detaylarla bezendirilmi\u015f. Markan\u0131n bu \u00f6zel koleksiyonunun en dikkat \u00e7eken \u00f6zellikleri aras\u0131nda, hafif ve nefes alan kuma\u015flar\u0131n kullan\u0131m\u0131 yer al\u0131yor. Bu \u00f6zellikler sayesinde ti\u015f\u00f6rtler, s\u0131cak yaz g\u00fcnlerinde bile kullan\u0131c\u0131lar\u0131na maksimum konfor sunmay\u0131 ba\u015far\u0131yor.<\/span><\/p>\n<p><span style=\"font-weight: 400;\">Plaj modas\u0131n\u0131n vazge\u00e7ilmez \u00f6gelerinden biri olan renk ve desen uyumu, Skechers erkek spor ti\u015f\u00f6rtlerinde de \u00f6n planda. Marka, mavi, turkuaz, sar\u0131 gibi canl\u0131 ve yaz\u0131 simgeleyen renklerin yan\u0131 s\u0131ra, deniz temal\u0131 desenlerle de koleksiyonunu zenginle\u015ftiriyor.\u00a0<\/span><\/p>\n<p><span style=\"font-weight: 400;\">Kullan\u0131lan malzemelerin kalitesi ve i\u015f\u00e7ilik, Skechers&#8217;\u0131n ti\u015f\u00f6rtlerini plaj modas\u0131yla b\u00fct\u00fcnle\u015ftiren en \u00f6nemli fakt\u00f6rlerden. Teri emen ve h\u0131zla kuruyan kuma\u015flar, uzun saatler boyunca g\u00fcne\u015f alt\u0131nda vakit ge\u00e7irenler i\u00e7in b\u00fcy\u00fck rahatl\u0131k sa\u011fl\u0131yor. Ayr\u0131ca, bu ti\u015f\u00f6rtlerin dayan\u0131kl\u0131l\u0131\u011f\u0131 sayesinde, s\u0131k y\u0131kanmalara ra\u011fmen formunu uzun s\u00fcre koruyabiliyor ve b\u00f6ylece kullan\u0131c\u0131lar\u0131na uzun vadeli bir kullan\u0131m sunuyor.<\/span><\/p>\n<p><span style=\"font-weight: 400;\">Skechers erkek spor ti\u015f\u00f6rtleri, sadece plaj aktiviteleri i\u00e7in de\u011fil, ayn\u0131 zamanda g\u00fcnl\u00fck kullan\u0131m i\u00e7in de b\u00fcy\u00fck bir rahatl\u0131k sa\u011fl\u0131yor. Geni\u015f kesim se\u00e7enekleri ve esnek kuma\u015f yap\u0131lar\u0131 ile g\u00fcnl\u00fck aktivitelerde \u00f6zg\u00fcrce hareket etme imkan\u0131 tan\u0131yor. Bu ti\u015f\u00f6rtler, a\u00e7\u0131k hava etkinlikleri, spor salonu seanslar\u0131 ya da arkada\u015flarla ge\u00e7irilen rahat bir ak\u015fam i\u00e7in de m\u00fckemmel bir se\u00e7enek haline geliyor.\u00a0<\/span><\/p>\n<h2><span style=\"font-weight: 400;\">Kad\u0131nlar \u0130\u00e7in En Trend Plaj Giyim \u00d6nerileri\u00a0<\/span><\/h2>\n<p><span style=\"font-weight: 400;\">Skechers markas\u0131, plaj giyimi koleksiyonuyla tatil stilinize modern ve rahat bir dokunu\u015f kat\u0131yor. Bu e\u015fsiz koleksiyon, sadece konfor ve \u015f\u0131kl\u0131k de\u011fil, ayn\u0131 zamanda dayan\u0131kl\u0131l\u0131k ve s\u00fcrd\u00fcr\u00fclebilirlik gibi \u00f6nemli de\u011ferleri de kullan\u0131c\u0131lar\u0131na sunmak amac\u0131yla \u00f6zenle tasarlanm\u0131\u015ft\u0131r. Kad\u0131nlar i\u00e7in haz\u0131rlanan en trend plaj giyim par\u00e7alar\u0131, zarif tasar\u0131mlar\u0131n yan\u0131 s\u0131ra \u00e7evre dostu malzemeler kullan\u0131larak \u00fcretilmi\u015f ve g\u00fcn boyunca \u00fcst\u00fcn rahatl\u0131k sunarken, g\u00f6z al\u0131c\u0131 detaylar\u0131yla da fark yarat\u0131yor. Skechers, plaj giyiminin sadece stil ve konfor ile s\u0131n\u0131rl\u0131 olmad\u0131\u011f\u0131n\u0131n alt\u0131n\u0131 \u00e7izerek, giyim end\u00fcstrisinde yeni bir \u00e7\u0131\u011f\u0131r a\u00e7\u0131yor.<\/span><\/p>\n<p><span style=\"font-weight: 400;\">Skechers&#8217;\u0131n plaj ayakkab\u0131lar\u0131 ve sandalet se\u00e7enekleri, her biri bir hikayeye sahip olan tasar\u0131mlarla dikkat \u00e7ekiyor. Ayakkab\u0131lar\u0131n tasar\u0131m\u0131nda kullan\u0131lan biyo-tabanl\u0131 malzemeler, uzun y\u00fcr\u00fcy\u00fc\u015flerde bile ayaklar\u0131n\u0131z\u0131 rahat ettirecek ve do\u011fa ile uyum i\u00e7inde olman\u0131z\u0131 sa\u011flayacak \u015fekildedir. <\/span><a href=\"https:\/\/www.skechers.com.tr\/kadin-sandalet-c-1008\"><span style=\"font-weight: 400;\">Kad\u0131n sandalet<\/span><\/a><span style=\"font-weight: 400;\"> modelleri, sadece plajda veya deniz kenar\u0131nda y\u00fcr\u00fcy\u00fc\u015fler i\u00e7in de\u011fil, ayn\u0131 zamanda s\u00fcrd\u00fcr\u00fclebilir bir ya\u015fam tarz\u0131n\u0131 benimseyenler i\u00e7in de idealdir. Her bir model, yaz s\u0131caklar\u0131nda ayaklar\u0131n\u0131z\u0131n nefes almas\u0131n\u0131 sa\u011flayacak, ayn\u0131 zamanda \u00e7evreye olan zarar\u0131n\u0131 en aza indirecek \u015fekilde tasarlanm\u0131\u015ft\u0131r.<\/span><\/p>\n<p><span style=\"font-weight: 400;\">Plaj \u00e7antalar\u0131 ve \u015fapkalar gibi aksesuarlar, plaj stilinizi b\u00fct\u00fcnleyen unsurlardan \u00e7ok daha fazlas\u0131n\u0131 sunuyor. Skechers&#8217;\u0131n plaj \u00e7antalar\u0131, yenilik\u00e7i suya dayan\u0131kl\u0131 malzemeleri sayesinde, plajda veya havuz kenar\u0131nda ihtiyac\u0131n\u0131z olan her \u015feyi yan\u0131n\u0131zda ta\u015f\u0131man\u0131za olanak tan\u0131rken, \u015fapkalar g\u00fcne\u015fin zararl\u0131 \u0131\u015f\u0131nlar\u0131ndan korunman\u0131z\u0131 sa\u011flar. Ayr\u0131ca, bu aksesuarlar, tasar\u0131mlar\u0131ndaki yenilik\u00e7i \u00f6zellikler sayesinde, tatil deneyiminizi daha keyifli ve rahat bir hale getirirken, \u00e7evre bilincine de katk\u0131da bulunuyor.<\/span><\/p>\n<h3><span style=\"font-weight: 400;\">Stilinizi Tamamlayacak \u015e\u0131k Detaylar\u00a0<\/span><\/h3>\n<p><span style=\"font-weight: 400;\">Plaj modas\u0131n\u0131n kalbinde, ayaklar\u0131m\u0131z\u0131n rahatl\u0131\u011f\u0131yla birlikte \u015f\u0131kl\u0131\u011fa da \u00f6nem verilmesi gerekti\u011fine dair bir bilin\u00e7 yatmaktad\u0131r. Skechers ayakkab\u0131lar\u0131, plaj\u0131n s\u0131cak kumlar\u0131nda ad\u0131m atanlar i\u00e7in hem konfor hem de stil sunarak bu iki kritik ihtiyac\u0131 ustal\u0131kla kar\u015f\u0131l\u0131yor. Plaj etkinliklerinin, g\u00fcne\u015flenmek ve y\u00fczmekten ibaret olmad\u0131\u011f\u0131n\u0131 bilmek, se\u00e7ece\u011fimiz ayakkab\u0131n\u0131n \u00f6nemini g\u00f6zler \u00f6n\u00fcne seriyor. Skechers, hafiflik ve nefes alabilirlik gibi \u00f6zelliklerle donat\u0131lm\u0131\u015f tasar\u0131mlar\u0131 sayesinde ayaklar\u0131m\u0131za yaz\u0131n en kavurucu g\u00fcnlerinde bile serinlik ve rahatl\u0131k vaad ederken, geni\u015f renk ve model se\u00e7enekleri ile her t\u00fcrl\u00fc plaj k\u0131yafetine uyum sa\u011flay\u0131p stilimizi tamaml\u0131yor.<\/span><\/p>\n<p><span style=\"font-weight: 400;\">Skechers&#8217;\u0131n plaj giyimine y\u00f6nelik sundu\u011fu yenilik\u00e7i ayakkab\u0131 se\u00e7enekleri, g\u00fcndelik kombinlerden \u015f\u0131k g\u00f6r\u00fcn\u00fcmlere kadar geni\u015f bir se\u00e7enek yelpazesi sunuyor. \u00dcr\u00fcn yelpazesi spor ayakkab\u0131lardan sandaletlere kadar uzan\u0131rken, bu geni\u015f \u00e7e\u015fitlilik plajda ge\u00e7irdi\u011fimiz her an\u0131n hem rahat hem de \u015f\u0131k olmas\u0131n\u0131 sa\u011flamaktad\u0131r. Skechers slip-on spor ayakkab\u0131lar\u0131, kolayl\u0131kla giyilip \u00e7\u0131kar\u0131labilir yap\u0131lar\u0131 ve hafiflikleri sayesinde konforlu bir y\u00fcr\u00fcy\u00fc\u015f sunarken, sandalet ve terlik modelleri ise ayaklar\u0131m\u0131za deniz kenar\u0131nda serinletici bir esinti sa\u011flayarak nefes almas\u0131na imkan tan\u0131yor.<\/span><\/p>\n<h3><span style=\"font-weight: 400;\">Plajda Sandalet Se\u00e7erken Nelere Dikkat Etmeli?\u00a0<\/span><\/h3>\n<p><span style=\"font-weight: 400;\">Yaz aylar\u0131n\u0131n alt\u0131n \u0131\u015f\u0131klar\u0131 alt\u0131nda, plajlar; g\u00fcne\u015fin, denizin ve kumun bir arada ya\u015fatt\u0131\u011f\u0131 benzersiz anlar\u0131n tad\u0131n\u0131 \u00e7\u0131karabilece\u011fimiz e\u015fsiz yerlerdir. Bu \u00f6zel anlar\u0131 daha da unutulmaz k\u0131lan ise ku\u015fkusuz do\u011fru bir sandalet se\u00e7imidir. Plajda arad\u0131\u011f\u0131m\u0131z rahatl\u0131k, dayan\u0131kl\u0131l\u0131k ve suya kar\u015f\u0131 diren\u00e7 gibi \u00f6zellikler, sandalet tercihimizde mutlaka bulunmas\u0131 gereken temel unsurlard\u0131r. Skechers markas\u0131n\u0131n bu noktada \u00f6ne \u00e7\u0131kmas\u0131, hafiflik, esneklik ve aya\u011f\u0131 m\u00fckemmel bir \u015fekilde sarabilme yetene\u011fi gibi sundu\u011fu \u00fcst\u00fcn \u00f6zelliklerle alakal\u0131d\u0131r. Skechers sandaletlerinin, y\u00fcr\u00fcy\u00fc\u015ften su sporlar\u0131na, g\u00fcnl\u00fck kullan\u0131mdan \u00f6zel plaj partilerine kadar geni\u015f bir kullan\u0131m yelpazesi sunmas\u0131, bu markay\u0131 farkl\u0131 plaj aktiviteleri i\u00e7in ideal bir tercih haline getirir.<\/span><\/p>\n<p><span style=\"font-weight: 400;\">Sandaletlerin malzeme kalitesi, aya\u011f\u0131 d\u0131\u015f etkenlere kar\u015f\u0131 koruyabilme kapasitesi, uzun s\u00fcreli kullan\u0131mlar boyunca dahi sa\u011flad\u0131\u011f\u0131 \u00fcst\u00fcn konfor, bu tarz ayakkab\u0131lar\u0131n se\u00e7iminde kritik rol oynar. Ayak sa\u011fl\u0131\u011f\u0131, beden uyumu ve estetik gibi \u00e7e\u015fitli fakt\u00f6rler, ideal bir plaj deneyiminin olmazsa olmazlar\u0131d\u0131r. Skechers bu noktada, stilden renk se\u00e7eneklerine, modayla i\u015flevselli\u011fi birle\u015ftiren tasar\u0131mlar\u0131yla, plaj \u015f\u0131kl\u0131\u011f\u0131n\u0131 yeni bir boyuta ta\u015f\u0131r. Bu tasar\u0131mlar, yaz\u0131n canland\u0131r\u0131c\u0131 enerjisini ayaklar\u0131m\u0131za ta\u015f\u0131yarak, plajda ge\u00e7irdi\u011fimiz her an\u0131 hem konforlu hem de tarz sahibi k\u0131lmay\u0131 ba\u015far\u0131r.<\/span><\/p>\n<p><span style=\"font-weight: 400;\">Pop\u00fclerli\u011fin \u00f6tesinde, Skechers sandaletlerinin, farkl\u0131 y\u00fczey ve ko\u015fullara m\u00fckemmel uyum sa\u011flayabilen teknolojik yap\u0131s\u0131, bu ayakkab\u0131lar\u0131 vazge\u00e7ilmez k\u0131lar. Kumdan kayal\u0131k patikalara, \u0131slak dokulardan s\u0131cak kald\u0131r\u0131mlara kadar her t\u00fcrl\u00fc ortamda g\u00fcven veren kullan\u0131m\u0131yla \u00f6ne \u00e7\u0131karlar. Esnek yap\u0131lar\u0131, aya\u011f\u0131n\u0131z\u0131n \u015fekline g\u00f6re m\u00fckemmel uyum sa\u011flayarak, g\u00fcn boyunca s\u00fcren aktivitelerde bile benzersiz bir rahatl\u0131k sunar. Su ile dost tasar\u0131mlar\u0131 ise, deniz kenar\u0131nda veya havuz ba\u015f\u0131nda vakit ge\u00e7irirken, onlar\u0131 g\u00f6n\u00fcl rahatl\u0131\u011f\u0131yla tercih etme olana\u011f\u0131 sunar.<\/span><\/p>\n","protected":false},"excerpt":{"rendered":"<p>2024 yaz sezonu, erkek plaj modas\u0131nda Skechers markas\u0131n\u0131n yenilik\u00e7i dokunu\u015flar\u0131yla yeni bir \u00e7\u0131\u011f\u0131r a\u00e7acak. Skechers, konfor ve \u015f\u0131kl\u0131\u011f\u0131 harmanlayarak haz\u0131rlad\u0131\u011f\u0131 bu ayakkab\u0131 koleksiyonu ile plajda ge\u00e7irilen her an\u0131n keyfini art\u0131rmay\u0131 hedefliyor. Koleksiyonda dikkat \u00e7eken hafif malzemeler, s\u0131cak yaz g\u00fcnleri i\u00e7in ideal bir se\u00e7enek sunuyor. Bu malzemeler, tercih edildi\u011finde kullan\u0131c\u0131ya hafiflik ve konfor sa\u011flayarak plaj modas\u0131na [&hellip;]<\/p>\n","protected":false},"author":1,"featured_media":3002,"comment_status":"open","ping_status":"open","sticky":false,"template":"","format":"standard","meta":[],"categories":[1],"tags":[],"yoast_head":"<!-- This site is optimized with the Yoast SEO plugin v18.5.1 - https:\/\/yoast.com\/wordpress\/plugins\/seo\/ -->\n<title>Erkekler ve Kad\u0131nlar \u0130\u00e7in 2024 Plaj Giyim Trendleri - Skechers Blog<\/title>\n<meta name=\"description\" content=\"Erkekler ve kad\u0131nlar i\u00e7in 2024 plaj giyim trendlerinden bahsettik. 2024 plaj giyim trendlerini \u00f6\u011frenmek i\u00e7in hemen t\u0131klay\u0131n.\" \/>\n<meta name=\"robots\" content=\"index, follow, max-snippet:-1, max-image-preview:large, max-video-preview:-1\" \/>\n<link rel=\"canonical\" href=\"https:\/\/www.skechers.com.tr\/blog\/erkekler-ve-kadinlar-icin-2024-plaj-giyim-trendleri\/\" \/>\n<meta property=\"og:locale\" content=\"tr_TR\" \/>\n<meta property=\"og:type\" content=\"article\" \/>\n<meta property=\"og:title\" content=\"Erkekler ve Kad\u0131nlar \u0130\u00e7in 2024 Plaj Giyim Trendleri - Skechers Blog\" \/>\n<meta property=\"og:description\" content=\"Erkekler ve kad\u0131nlar i\u00e7in 2024 plaj giyim trendlerinden bahsettik. 2024 plaj giyim trendlerini \u00f6\u011frenmek i\u00e7in hemen t\u0131klay\u0131n.\" \/>\n<meta property=\"og:url\" content=\"https:\/\/www.skechers.com.tr\/blog\/erkekler-ve-kadinlar-icin-2024-plaj-giyim-trendleri\/\" \/>\n<meta property=\"og:site_name\" content=\"Skechers Blog\" \/>\n<meta property=\"article:published_time\" content=\"2024-04-30T13:48:24+00:00\" \/>\n<meta name=\"twitter:card\" content=\"summary_large_image\" \/>\n<meta name=\"twitter:image\" content=\"https:\/\/www.skechers.com.tr\/blog\/wp-content\/uploads\/2024\/04\/erkek-deniz-sort.webp\" \/>\n<meta name=\"twitter:label1\" content=\"Yazan:\" \/>\n\t<meta name=\"twitter:data1\" content=\"Skechers T\u00fcrkiye\" \/>\n\t<meta name=\"twitter:label2\" content=\"Tahmini okuma s\u00fcresi\" \/>\n\t<meta name=\"twitter:data2\" content=\"10 dakika\" \/>\n<script type=\"application\/ld+json\" class=\"yoast-schema-graph\">{\"@context\":\"https:\/\/schema.org\",\"@graph\":[{\"@type\":\"WebSite\",\"@id\":\"https:\/\/www.skechers.com.tr\/blog\/#website\",\"url\":\"https:\/\/www.skechers.com.tr\/blog\/\",\"name\":\"Skechers Blog\",\"description\":\"Skechers\",\"potentialAction\":[{\"@type\":\"SearchAction\",\"target\":{\"@type\":\"EntryPoint\",\"urlTemplate\":\"https:\/\/www.skechers.com.tr\/blog\/?s={search_term_string}\"},\"query-input\":\"required name=search_term_string\"}],\"inLanguage\":\"tr\"},{\"@type\":\"ImageObject\",\"@id\":\"https:\/\/www.skechers.com.tr\/blog\/erkekler-ve-kadinlar-icin-2024-plaj-giyim-trendleri\/#primaryimage\",\"inLanguage\":\"tr\",\"url\":\"https:\/\/www.skechers.com.tr\/blog\/wp-content\/uploads\/2024\/04\/erkek-deniz-sort.webp\",\"contentUrl\":\"https:\/\/www.skechers.com.tr\/blog\/wp-content\/uploads\/2024\/04\/erkek-deniz-sort.webp\",\"width\":1800,\"height\":2248,\"caption\":\"erkek deniz \u015fort\"},{\"@type\":\"WebPage\",\"@id\":\"https:\/\/www.skechers.com.tr\/blog\/erkekler-ve-kadinlar-icin-2024-plaj-giyim-trendleri\/#webpage\",\"url\":\"https:\/\/www.skechers.com.tr\/blog\/erkekler-ve-kadinlar-icin-2024-plaj-giyim-trendleri\/\",\"name\":\"Erkekler ve Kad\u0131nlar \u0130\u00e7in 2024 Plaj Giyim Trendleri - Skechers Blog\",\"isPartOf\":{\"@id\":\"https:\/\/www.skechers.com.tr\/blog\/#website\"},\"primaryImageOfPage\":{\"@id\":\"https:\/\/www.skechers.com.tr\/blog\/erkekler-ve-kadinlar-icin-2024-plaj-giyim-trendleri\/#primaryimage\"},\"datePublished\":\"2024-04-30T13:48:24+00:00\",\"dateModified\":\"2024-04-30T13:48:24+00:00\",\"author\":{\"@id\":\"https:\/\/www.skechers.com.tr\/blog\/#\/schema\/person\/6d09a0595696524814757d23d22b4c33\"},\"description\":\"Erkekler ve kad\u0131nlar i\u00e7in 2024 plaj giyim trendlerinden bahsettik. 2024 plaj giyim trendlerini \u00f6\u011frenmek i\u00e7in hemen t\u0131klay\u0131n.\",\"breadcrumb\":{\"@id\":\"https:\/\/www.skechers.com.tr\/blog\/erkekler-ve-kadinlar-icin-2024-plaj-giyim-trendleri\/#breadcrumb\"},\"inLanguage\":\"tr\",\"potentialAction\":[{\"@type\":\"ReadAction\",\"target\":[\"https:\/\/www.skechers.com.tr\/blog\/erkekler-ve-kadinlar-icin-2024-plaj-giyim-trendleri\/\"]}]},{\"@type\":\"BreadcrumbList\",\"@id\":\"https:\/\/www.skechers.com.tr\/blog\/erkekler-ve-kadinlar-icin-2024-plaj-giyim-trendleri\/#breadcrumb\",\"itemListElement\":[{\"@type\":\"ListItem\",\"position\":1,\"name\":\"Erkekler ve Kad\u0131nlar \u0130\u00e7in 2024 Plaj Giyim Trendleri\"}]},{\"@type\":\"Person\",\"@id\":\"https:\/\/www.skechers.com.tr\/blog\/#\/schema\/person\/6d09a0595696524814757d23d22b4c33\",\"name\":\"Skechers T\u00fcrkiye\",\"image\":{\"@type\":\"ImageObject\",\"@id\":\"https:\/\/www.skechers.com.tr\/blog\/#personlogo\",\"inLanguage\":\"tr\",\"url\":\"https:\/\/secure.gravatar.com\/avatar\/0fc2191869a9a020b4606acf264338ae?s=96&d=mm&r=g\",\"contentUrl\":\"https:\/\/secure.gravatar.com\/avatar\/0fc2191869a9a020b4606acf264338ae?s=96&d=mm&r=g\",\"caption\":\"Skechers T\u00fcrkiye\"},\"description\":\"Skechers spor ayakkab\u0131 \u00fcr\u00fcnleri ile rahatl\u0131\u011f\u0131 ve kaliteyi hisset!\"}]}<\/script>\n<!-- \/ Yoast SEO plugin. -->","yoast_head_json":{"title":"Erkekler ve Kad\u0131nlar \u0130\u00e7in 2024 Plaj Giyim Trendleri - Skechers Blog","description":"Erkekler ve kad\u0131nlar i\u00e7in 2024 plaj giyim trendlerinden bahsettik. 2024 plaj giyim trendlerini \u00f6\u011frenmek i\u00e7in hemen t\u0131klay\u0131n.","robots":{"index":"index","follow":"follow","max-snippet":"max-snippet:-1","max-image-preview":"max-image-preview:large","max-video-preview":"max-video-preview:-1"},"canonical":"https:\/\/www.skechers.com.tr\/blog\/erkekler-ve-kadinlar-icin-2024-plaj-giyim-trendleri\/","og_locale":"tr_TR","og_type":"article","og_title":"Erkekler ve Kad\u0131nlar \u0130\u00e7in 2024 Plaj Giyim Trendleri - Skechers Blog","og_description":"Erkekler ve kad\u0131nlar i\u00e7in 2024 plaj giyim trendlerinden bahsettik. 2024 plaj giyim trendlerini \u00f6\u011frenmek i\u00e7in hemen t\u0131klay\u0131n.","og_url":"https:\/\/www.skechers.com.tr\/blog\/erkekler-ve-kadinlar-icin-2024-plaj-giyim-trendleri\/","og_site_name":"Skechers Blog","article_published_time":"2024-04-30T13:48:24+00:00","twitter_card":"summary_large_image","twitter_image":"https:\/\/www.skechers.com.tr\/blog\/wp-content\/uploads\/2024\/04\/erkek-deniz-sort.webp","twitter_misc":{"Yazan:":"Skechers T\u00fcrkiye","Tahmini okuma s\u00fcresi":"10 dakika"},"schema":{"@context":"https:\/\/schema.org","@graph":[{"@type":"WebSite","@id":"https:\/\/www.skechers.com.tr\/blog\/#website","url":"https:\/\/www.skechers.com.tr\/blog\/","name":"Skechers Blog","description":"Skechers","potentialAction":[{"@type":"SearchAction","target":{"@type":"EntryPoint","urlTemplate":"https:\/\/www.skechers.com.tr\/blog\/?s={search_term_string}"},"query-input":"required name=search_term_string"}],"inLanguage":"tr"},{"@type":"ImageObject","@id":"https:\/\/www.skechers.com.tr\/blog\/erkekler-ve-kadinlar-icin-2024-plaj-giyim-trendleri\/#primaryimage","inLanguage":"tr","url":"https:\/\/www.skechers.com.tr\/blog\/wp-content\/uploads\/2024\/04\/erkek-deniz-sort.webp","contentUrl":"https:\/\/www.skechers.com.tr\/blog\/wp-content\/uploads\/2024\/04\/erkek-deniz-sort.webp","width":1800,"height":2248,"caption":"erkek deniz \u015fort"},{"@type":"WebPage","@id":"https:\/\/www.skechers.com.tr\/blog\/erkekler-ve-kadinlar-icin-2024-plaj-giyim-trendleri\/#webpage","url":"https:\/\/www.skechers.com.tr\/blog\/erkekler-ve-kadinlar-icin-2024-plaj-giyim-trendleri\/","name":"Erkekler ve Kad\u0131nlar \u0130\u00e7in 2024 Plaj Giyim Trendleri - Skechers Blog","isPartOf":{"@id":"https:\/\/www.skechers.com.tr\/blog\/#website"},"primaryImageOfPage":{"@id":"https:\/\/www.skechers.com.tr\/blog\/erkekler-ve-kadinlar-icin-2024-plaj-giyim-trendleri\/#primaryimage"},"datePublished":"2024-04-30T13:48:24+00:00","dateModified":"2024-04-30T13:48:24+00:00","author":{"@id":"https:\/\/www.skechers.com.tr\/blog\/#\/schema\/person\/6d09a0595696524814757d23d22b4c33"},"description":"Erkekler ve kad\u0131nlar i\u00e7in 2024 plaj giyim trendlerinden bahsettik. 2024 plaj giyim trendlerini \u00f6\u011frenmek i\u00e7in hemen t\u0131klay\u0131n.","breadcrumb":{"@id":"https:\/\/www.skechers.com.tr\/blog\/erkekler-ve-kadinlar-icin-2024-plaj-giyim-trendleri\/#breadcrumb"},"inLanguage":"tr","potentialAction":[{"@type":"ReadAction","target":["https:\/\/www.skechers.com.tr\/blog\/erkekler-ve-kadinlar-icin-2024-plaj-giyim-trendleri\/"]}]},{"@type":"BreadcrumbList","@id":"https:\/\/www.skechers.com.tr\/blog\/erkekler-ve-kadinlar-icin-2024-plaj-giyim-trendleri\/#breadcrumb","itemListElement":[{"@type":"ListItem","position":1,"name":"Erkekler ve Kad\u0131nlar \u0130\u00e7in 2024 Plaj Giyim Trendleri"}]},{"@type":"Person","@id":"https:\/\/www.skechers.com.tr\/blog\/#\/schema\/person\/6d09a0595696524814757d23d22b4c33","name":"Skechers T\u00fcrkiye","image":{"@type":"ImageObject","@id":"https:\/\/www.skechers.com.tr\/blog\/#personlogo","inLanguage":"tr","url":"https:\/\/secure.gravatar.com\/avatar\/0fc2191869a9a020b4606acf264338ae?s=96&d=mm&r=g","contentUrl":"https:\/\/secure.gravatar.com\/avatar\/0fc2191869a9a020b4606acf264338ae?s=96&d=mm&r=g","caption":"Skechers T\u00fcrkiye"},"description":"Skechers spor ayakkab\u0131 \u00fcr\u00fcnleri ile rahatl\u0131\u011f\u0131 ve kaliteyi hisset!"}]}},"_links":{"self":[{"href":"https:\/\/www.skechers.com.tr\/blog\/wp-json\/wp\/v2\/posts\/3019"}],"collection":[{"href":"https:\/\/www.skechers.com.tr\/blog\/wp-json\/wp\/v2\/posts"}],"about":[{"href":"https:\/\/www.skechers.com.tr\/blog\/wp-json\/wp\/v2\/types\/post"}],"author":[{"embeddable":true,"href":"https:\/\/www.skechers.com.tr\/blog\/wp-json\/wp\/v2\/users\/1"}],"replies":[{"embeddable":true,"href":"https:\/\/www.skechers.com.tr\/blog\/wp-json\/wp\/v2\/comments?post=3019"}],"version-history":[{"count":1,"href":"https:\/\/www.skechers.com.tr\/blog\/wp-json\/wp\/v2\/posts\/3019\/revisions"}],"predecessor-version":[{"id":3020,"href":"https:\/\/www.skechers.com.tr\/blog\/wp-json\/wp\/v2\/posts\/3019\/revisions\/3020"}],"wp:featuredmedia":[{"embeddable":true,"href":"https:\/\/www.skechers.com.tr\/blog\/wp-json\/wp\/v2\/media\/3002"}],"wp:attachment":[{"href":"https:\/\/www.skechers.com.tr\/blog\/wp-json\/wp\/v2\/media?parent=3019"}],"wp:term":[{"taxonomy":"category","embeddable":true,"href":"https:\/\/www.skechers.com.tr\/blog\/wp-json\/wp\/v2\/categories?post=3019"},{"taxonomy":"post_tag","embeddable":true,"href":"https:\/\/www.skechers.com.tr\/blog\/wp-json\/wp\/v2\/tags?post=3019"}],"curies":[{"name":"wp","href":"https:\/\/api.w.org\/{rel}","templated":true}]}}