{"id":2931,"date":"2023-10-13T14:22:10","date_gmt":"2023-10-13T14:22:10","guid":{"rendered":"https:\/\/www.skechers.com.tr\/blog\/?p=2931"},"modified":"2023-10-13T14:22:10","modified_gmt":"2023-10-13T14:22:10","slug":"ilk-adim-ayakkabisi-secimi-ve-numara-hesaplama","status":"publish","type":"post","link":"https:\/\/www.skechers.com.tr\/blog\/ilk-adim-ayakkabisi-secimi-ve-numara-hesaplama\/","title":{"rendered":"\u0130lk Ad\u0131m Ayakkab\u0131s\u0131 Se\u00e7imi ve Numara Hesaplama"},"content":{"rendered":"<p><span style=\"font-weight: 400;\">K\u00fc\u00e7\u00fck \u00e7ocu\u011funuz ilk de\u011ferli ad\u0131mlar\u0131n\u0131 dokuz ila on sekiz ay aras\u0131nda atmaya ba\u015flar; bu d\u00f6nemde bebe\u011finize <a href=\"https:\/\/www.skechers.com.tr\/ilk-adim-ayakkabisi-c-3610?utm-source=content&amp;utm_medium=blog&amp;utm-camping=ilk-adim-ayakkabisi-secimi-ve-numara-hesaplama&amp;utm_term=3610\">ilk ad\u0131m ayakkab\u0131s\u0131<\/a> almay\u0131 d\u00fc\u015f\u00fcnebilirsiniz. Y\u00fcr\u00fcmek, k\u00fc\u00e7\u00fck \u00e7ocu\u011funuzun ula\u015faca\u011f\u0131 en \u00f6nemli bebek kilometre ta\u015flar\u0131ndan biridir. Do\u011fru durum i\u00e7in do\u011fru ayakkab\u0131 tipini se\u00e7mek, aya\u011f\u0131n\u0131za tam oturan ayakkab\u0131lara sahip olmak ve d\u00fczenli \u00f6l\u00e7\u00fcm yapt\u0131rmak \u00e7ok \u00f6nemlidir. K\u00fc\u00e7\u00fck \u00e7ocu\u011funuz yard\u0131ms\u0131z ad\u0131m atmaya ba\u015flad\u0131\u011f\u0131nda ilk ayakkab\u0131s\u0131n\u0131 giymeye haz\u0131rd\u0131r. Bu yeterince basit g\u00f6r\u00fcnebilir, ancak Royal College of Podiatry (ayaklarla ilgili akademik otorite) bir ankette Birle\u015fik Krall\u0131k&#8217;ta yakla\u015f\u0131k 4 milyon \u00e7ocu\u011fun aya\u011f\u0131na uymayan ayakkab\u0131lar giydi\u011fini tespit etti. K\u00fc\u00e7\u00fck bir \u00e7ocuk i\u00e7in ayakkab\u0131 se\u00e7erken g\u00f6z \u00f6n\u00fcnde bulundurulmas\u0131 gereken birka\u00e7 \u00f6nemli nokta vard\u0131r; tabii ki en \u00f6nemlisi beden uyumudur, ancak ister bah\u00e7ede ke\u015fif yapmak ister kumsalda y\u00fcr\u00fcmek olsun, ayakkab\u0131lar\u0131na ne i\u00e7in ihtiya\u00e7 duyacaklar\u0131n\u0131 d\u00fc\u015f\u00fcnmek de \u00f6nemlidir. Bebe\u011finiz harekete ge\u00e7ti\u011finde ayakkab\u0131 al\u0131\u015fveri\u015fine \u00e7\u0131kman\u0131n zaman\u0131 geldi demektir! Bebe\u011finizin ilk ad\u0131m ayakkab\u0131s\u0131 i\u00e7in dikkat etmeniz gerekenleri bir araya getirdik. \u00c7ocu\u011funuzun y\u00fcr\u00fcmemesinden endi\u015feleniyorsan\u0131z veya k\u00fc\u00e7\u00fck \u00e7ocu\u011funuz 18 ay sonra hala o titrek ilk ad\u0131mlar\u0131 atmaya ba\u015flamad\u0131ysa, bir doktora g\u00f6r\u00fcnmek iyi bir fikirdir. \u00c7ocu\u011funuzun ayaklar\u0131n\u0131 nas\u0131l sa\u011fl\u0131kl\u0131 tutaca\u011f\u0131n\u0131z konusunda daha fazla tavsiye almak i\u00e7in ayak hastal\u0131klar\u0131 uzman\u0131na gidebilirsiniz.<\/span><\/p>\n<h2><span style=\"font-weight: 400;\">\u0130lk Ad\u0131m Ayakkab\u0131s\u0131 Sat\u0131n Alma Rehberi\u00a0<\/span><\/h2>\n<p><span style=\"font-weight: 400;\">Muhtemelen fark etmeyeceksiniz, ancak bir ila \u00fc\u00e7 ya\u015flar\u0131 aras\u0131nda k\u00fc\u00e7\u00fck \u00e7ocu\u011funuz h\u0131zl\u0131 bir \u015fekilde b\u00fcy\u00fcyecek. Do\u011fru ayakkab\u0131y\u0131 se\u00e7ebilmek i\u00e7in k\u00fc\u00e7\u00fc\u011f\u00fcn\u00fcz\u00fcn ayaklar\u0131n\u0131 sekiz haftada bir \u00f6l\u00e7erek kay\u0131t etmeniz al\u0131\u015fveri\u015fi kolayla\u015ft\u0131racakt\u0131r. Yeti\u015fkinler i\u00e7in ayakkab\u0131 se\u00e7mek pratik ve e\u011flenceli bir durum olabilir. K\u00fc\u00e7\u00fckler de ise i\u015fler biraz daha karma\u015f\u0131kla\u015fabilir. Etraf\u0131n\u0131zdaki herkes ilk ad\u0131m ayakkab\u0131s\u0131 hakk\u0131nda g\u00f6r\u00fc\u015flerini belirtebilir, ancak hangilerinin do\u011fru oldu\u011funu \u00f6\u011frenmek \u00e7ok \u00f6nemli. Ayaklar\u0131n sadece ayak parmaklar\u0131ndan de\u011fil, aya\u011f\u0131n t\u00fcm farkl\u0131 b\u00f6lgelerinden b\u00fcy\u00fcd\u00fc\u011f\u00fcn\u00fc unutmay\u0131n. K\u00fc\u00e7\u00fck \u00e7ocu\u011funuzun ayaklar\u0131n\u0131n uzunlu\u011funu ve geni\u015fli\u011fini \u00f6l\u00e7ecek ve ayakkab\u0131lar\u0131n\u0131n iyi oturdu\u011fundan emin olacakt\u0131r.\u00a0<\/span><\/p>\n<h2><span style=\"font-weight: 400;\">Bebeklerin Ayak Sa\u011fl\u0131\u011f\u0131 Neden \u00d6nemlidir?\u00a0<\/span><\/h2>\n<p><span style=\"font-weight: 400;\">Esnek tabanl\u0131 bir ayakkab\u0131, y\u00fcr\u00fcmeyi yeni \u00f6\u011frenen bebekler i\u00e7in harika bir ayakkab\u0131 t\u00fcr\u00fcd\u00fcr. Bunun nedeni, y\u00fcr\u00fcmeyi \u00f6\u011frenme \u015fekillerini etkilememesi ve yal\u0131nayak y\u00fcr\u00fcmeyi taklit etmeye yard\u0131mc\u0131 olmas\u0131d\u0131r. Ayak parma\u011f\u0131n\u0131n \u00fcst k\u0131sm\u0131 ile ayakkab\u0131n\u0131n ucu aras\u0131nda bir parmak geni\u015fli\u011fi olup olmad\u0131\u011f\u0131n\u0131 da kontrol etmelisiniz. K\u00fc\u00e7\u00fck \u00e7ocu\u011funuzun ayaklar\u0131n\u0131 sadece ayakkab\u0131 alaca\u011f\u0131n\u0131z zaman kontrol etmeyin! T\u0131rnaklar\u0131n etraf\u0131ndaki iltihapl\u0131 dokuyu, ayak parmaklar\u0131n\u0131n k\u00fc\u00e7\u00fck eklemlerinin \u00fcst\u00fcnde, ayak bile\u011fi kemi\u011finin alt\u0131nda ve topu\u011fun arkas\u0131nda k\u0131rm\u0131z\u0131 bas\u0131n\u00e7 izlerini d\u00fczenli olarak kontrol edin. Bunlar\u0131n hepsi ayakkab\u0131lar\u0131n\u0131n do\u011fru \u015fekilde uymad\u0131\u011f\u0131n\u0131n i\u015faretleri. Yeni y\u00fcr\u00fcmeye ba\u015flayan \u00e7ocu\u011funuz size ayaklar\u0131n\u0131n ac\u0131y\u0131p ac\u0131mad\u0131\u011f\u0131n\u0131 veya ayakkab\u0131lar\u0131n\u0131n \u00e7ok s\u0131k\u0131 olup olmad\u0131\u011f\u0131n\u0131 s\u00f6ylemeyecektir. Bu i\u015faretler i\u00e7in ayaklar\u0131na dikkat edin. Ayr\u0131ca her \u015feyin ayakkab\u0131larla ilgili olmad\u0131\u011f\u0131n\u0131 da unutmay\u0131n. \u00c7ocu\u011funuzun \u00e7oraplar\u0131 veya <a href=\"https:\/\/www.skechers.com.tr\/bebek-ayakkabi-2-c-6013?utm-source=content&amp;utm_medium=blog&amp;utm-camping=ilk-adim-ayakkabisi-secimi-ve-numara-hesaplama&amp;utm_term=6013\">bebek ayakkab\u0131s\u0131<\/a> \u00e7ok s\u0131k\u0131ysa, bu da hassas ayaklarda sorunlara neden olabilir. Bebe\u011finizin \u00e7oraplar\u0131n\u0131n i\u00e7inde ayak parmaklar\u0131n\u0131 serbest\u00e7e hareket ettirebildi\u011finden ve ayak parmaklar\u0131n\u0131n s\u0131k\u0131\u015fmad\u0131\u011f\u0131ndan emin olun.<\/span><\/p>\n<h2><span style=\"font-weight: 400;\">Bebek Ayakkab\u0131 Se\u00e7imi Nas\u0131l Olmal\u0131d\u0131r?\u00a0<\/span><\/h2>\n<p><span style=\"font-weight: 400;\">Bebek ayakkab\u0131s\u0131n\u0131n taban\u0131 esnek olmal\u0131, ayakkab\u0131 giymenin amac\u0131n\u0131n y\u00fcr\u00fcme \u015feklinizi de\u011fi\u015ftirmek de\u011fil, aya\u011f\u0131n\u0131z\u0131 korumak oldu\u011funu unutmay\u0131n. Taban\u0131n ayr\u0131ca bebe\u011fin kaymadan y\u00fcr\u00fcyebilmesi i\u00e7in yeterince iyi bir tutu\u015fa sahip olmas\u0131 gerekir.<\/span><\/p>\n<p><span style=\"font-weight: 400;\">Ayakkab\u0131n\u0131n uyumu \u00f6zellikle \u00f6nemlidir \u00e7\u00fcnk\u00fc k\u00f6t\u00fc oturan bir ayakkab\u0131 aya\u011f\u0131n b\u00fcy\u00fcmesini ve \u00e7ocu\u011fun y\u00fcr\u00fcmeyi \u00f6\u011frenme \u015feklini etkileyebilir.<\/span><\/p>\n<p><span style=\"font-weight: 400;\">Ayakkab\u0131 ve botlar\u0131 ba\u011flaman\u0131n birka\u00e7 yolu vard\u0131r ve baz\u0131lar\u0131 \u00e7ocuklar i\u00e7in daha uygundur. \u0130lk ad\u0131m ayakkab\u0131s\u0131na uygun ba\u011flama ya da kapatma y\u00f6ntemlerini ayakkab\u0131y\u0131 sat\u0131n almadan \u00f6nce deneyimleyin. Do\u011fru kapatma y\u00f6ntemi aya\u011f\u0131n do\u011fru pozisyonda sabitlenmesine yard\u0131mc\u0131 olurlar, b\u00f6ylece ayakkab\u0131n\u0131n i\u00e7inde kayarak sorunlara neden olmazlar.<\/span><\/p>\n<p><span style=\"font-weight: 400;\">Kanvastan deriye, plastikten vegan se\u00e7eneklere kadar pek \u00e7ok farkl\u0131 malzeme t\u00fcr\u00fc var. \u00c7ocu\u011fun ayaklar\u0131n\u0131n terlemesini \u00f6nlemeye yard\u0131mc\u0131 olaca\u011f\u0131ndan nefes alabilen bir malzeme se\u00e7in.<\/span><\/p>\n<p><span style=\"font-weight: 400;\">Erken ayakkab\u0131lar i\u00e7in, ayak bile\u011fi \u00e7evresinde dolgulu ayakkab\u0131lar\u0131n olmas\u0131 faydal\u0131 olabilir. Bu, bebe\u011finizin ayak bile\u011fini desteklemeye ve korumaya yard\u0131mc\u0131 olur. Ayakkab\u0131n\u0131n topu\u011funun etraf\u0131ndaki dolgu ayn\u0131 zamanda ayakkab\u0131n\u0131n arka k\u0131sm\u0131n\u0131n aya\u011fa tutulmas\u0131na da yard\u0131mc\u0131 olur.<\/span><\/p>\n<p><span style=\"font-weight: 400;\">Ayak bile\u011fi etraf\u0131ndaki destek \u00e7ocu\u011fa ba\u011fl\u0131 olacakt\u0131r. Dolay\u0131s\u0131yla, bir t\u00fcr hareket bozuklu\u011fu olan bir \u00e7ocu\u011fa bak\u0131yorsak, topuk \u00e7evresinde daha sert bir ayakkab\u0131ya ihtiya\u00e7 duyabilir. Ancak erken y\u00fcr\u00fcmeye ba\u015flayan biri i\u00e7in, yal\u0131nayak aktiviteyi taklit eden daha esnek bir ayakkab\u0131y\u0131 tercih edebilirsiniz.\u00a0<\/span><\/p>\n<h2><span style=\"font-weight: 400;\">Bebeklere Ayakkab\u0131 Ne Zaman Al\u0131nmal\u0131d\u0131r?\u00a0<\/span><\/h2>\n<p><span style=\"font-weight: 400;\">Amerikan Pediatri Akademisi&#8217;ne g\u00f6re bebe\u011finizin y\u00fcr\u00fcmeye ba\u015flayana kadar ayakkab\u0131ya ihtiyac\u0131 yoktur. K\u00fc\u00e7\u00fck bebeklerin ayaklar\u0131nda ihtiya\u00e7 duydu\u011fu tek \u015fey onlar\u0131 s\u0131cak tutacak \u00e7oraplard\u0131r. Ayakkab\u0131ya ihtiya\u00e7 duymaman\u0131n \u00f6tesinde, b\u00fcy\u00fcyen ayaklar\u0131 \u00fczerinde dengede durmay\u0131 yeni \u00f6\u011frenen bebeklere ayakkab\u0131 giymek tam bir engel olabilir. Esnek tabanl\u0131 ayakkab\u0131lar, bebe\u011fin esnemeyi ve y\u00fcr\u00fcmek i\u00e7in ayaklar\u0131n\u0131 hareket ettirmeyi \u00f6\u011frenmesini engelleyebilir. \u00c7ocuk doktorlar\u0131 bebeklerin oturma odas\u0131n\u0131n zemini gibi g\u00fcvenli bir alanda \u00e7\u0131plak ayakla y\u00fcr\u00fcmeyi \u00f6\u011frenmelerini \u00f6nermektedir. Bu, bebe\u011finizin ayaklar\u0131ndaki kaslar\u0131 ve tendonlar\u0131 g\u00fc\u00e7lendirmeye yard\u0131mc\u0131 olacakt\u0131r. Bebe\u011finizin ayakkab\u0131ya ihtiya\u00e7 duyaca\u011f\u0131 belirli bir ya\u015f yoktur, ancak y\u00fcr\u00fcmeyi \u00f6\u011frenene ve aya\u011fa kalkma iste\u011fi belirtileri g\u00f6sterene kadar beklemek iyi bir kurald\u0131r. Bir bebe\u011fin y\u00fcr\u00fcmeye ba\u015flamas\u0131yla ilgili genel kilometre ta\u015f\u0131 k\u0131lavuzu \u015f\u00f6yledir:\u00a0<\/span><\/p>\n<ul>\n<li style=\"font-weight: 400;\" aria-level=\"1\"><span style=\"font-weight: 400;\">6 ila 13 ay aras\u0131nda: Emekleme\u00a0<\/span><\/li>\n<li style=\"font-weight: 400;\" aria-level=\"1\"><span style=\"font-weight: 400;\">9 ila 12 ay aras\u0131nda: Kendini yukar\u0131 \u00e7ekmek\u00a0<\/span><\/li>\n<li style=\"font-weight: 400;\" aria-level=\"1\"><span style=\"font-weight: 400;\">8 ila 18 ay aras\u0131nda: Y\u00fcr\u00fcme<\/span><\/li>\n<\/ul>\n<h2><span style=\"font-weight: 400;\">Uygun \u0130lk Ad\u0131m Ayakkab\u0131s\u0131n\u0131 Se\u00e7erken Dikkat Etmeniz Gerekenler\u00a0<\/span><\/h2>\n<ul>\n<li style=\"font-weight: 400;\" aria-level=\"1\"><span style=\"font-weight: 400;\">Rahat hareket etmelerine ve aya\u011f\u0131n sa\u011fl\u0131kl\u0131 \u015fekilde b\u00fcy\u00fcmesine yard\u0131mc\u0131 olacak uzunluk ve geni\u015flikte olmal\u0131.<\/span><\/li>\n<li style=\"font-weight: 400;\" aria-level=\"1\"><span style=\"font-weight: 400;\">K\u00fc\u00e7\u00fck \u00e7ocu\u011funuzun tak\u0131l\u0131p d\u00fc\u015fmesini \u00f6nlemek i\u00e7in tabanlar\u0131n\u0131n yak\u0131n kesimli oldu\u011fundan emin olun.<\/span><\/li>\n<li style=\"font-weight: 400;\" aria-level=\"1\"><span style=\"font-weight: 400;\">Ayakkab\u0131lar\u0131n yumu\u015fak, nefes alabilen bir malzemeden yap\u0131ld\u0131\u011f\u0131ndan emin olun; deri veya s\u00fcet iyi bir se\u00e7imdir.<\/span><\/li>\n<li style=\"font-weight: 400;\" aria-level=\"1\"><span style=\"font-weight: 400;\">Taban\u0131n\u0131 mutlaka kontrol edin; bu da ayakkab\u0131n\u0131n kendisi kadar \u00f6nemlidir. Y\u00fcr\u00fcme geli\u015fimine yard\u0131mc\u0131 olmak i\u00e7in hafif ve esnek oldu\u011fundan emin olun.<\/span><\/li>\n<li style=\"font-weight: 400;\" aria-level=\"1\"><span style=\"font-weight: 400;\">M\u00fckemmel uyumu bulman\u0131z\u0131 sa\u011flamak i\u00e7in \u00e7e\u015fitli tam ve yar\u0131m bedenlere ve \u00e7e\u015fitli geni\u015flik ba\u011flant\u0131 par\u00e7alar\u0131na sahip bir model se\u00e7meyi deneyin.<\/span><\/li>\n<li style=\"font-weight: 400;\" aria-level=\"1\"><span style=\"font-weight: 400;\">Ayakkab\u0131n\u0131n d\u00fczg\u00fcn bir \u015fekilde oturmas\u0131n\u0131 ve aya\u011f\u0131n d\u0131\u015far\u0131 kaymamas\u0131n\u0131 sa\u011flayan tamamen ayarlanabilir ba\u011flant\u0131 par\u00e7al\u0131 olanlar\u0131 tercih edin.<\/span><\/li>\n<li style=\"font-weight: 400;\" aria-level=\"1\"><span style=\"font-weight: 400;\">Bilek k\u0131sm\u0131 dolgulu olan tasar\u0131mlar\u0131 tercih edin; bu, k\u00fc\u00e7\u00fck \u00e7ocu\u011funuzun ayaklar\u0131n\u0131n korunmas\u0131na ve desteklenmesine yard\u0131mc\u0131 olur.<\/span><\/li>\n<\/ul>\n<h2><span style=\"font-weight: 400;\">Bebek Ayakkab\u0131 Numaras\u0131 Nas\u0131l Hesaplan\u0131r?\u00a0<\/span><\/h2>\n<p><span style=\"font-weight: 400;\">Do\u011fru numara ayakkab\u0131y\u0131 se\u00e7mek i\u00e7in ayak uzunlu\u011funu \u00f6l\u00e7mek en iyisidir. Her ne kadar bebeklerin y\u00fcr\u00fcyebilecek ya\u015fa gelene kadar ayakkab\u0131 giymeleri teknik olarak gerekmese de bir\u00e7ok ebeveyn, bebeklerine g\u00f6r\u00fcn\u00fcm i\u00e7in veya bebeklerinin ayaklar\u0131n\u0131 belirli hava ko\u015fullar\u0131ndan korumak i\u00e7in ayakkab\u0131 giymeyi tercih ediyor. Peki, ayak uzunlu\u011funu nas\u0131l \u00f6l\u00e7ersiniz?<\/span><\/p>\n<ul>\n<li style=\"font-weight: 400;\" aria-level=\"1\"><span style=\"font-weight: 400;\">Topuktan aya\u011fa kadar \u00f6l\u00e7mek i\u00e7in bir cetvel veya \u015ferit metre kullan\u0131n.\u00a0<\/span><\/li>\n<li style=\"font-weight: 400;\" aria-level=\"1\"><span style=\"font-weight: 400;\">\u00a0Uzunlu\u011fa en az 1 cm ekleyin ; \u00d6rne\u011fin uzunluk 10cm ise 1cm ekleyin\u00a0 10cm + 1cm = 11cm\u00a0<\/span><\/li>\n<li style=\"font-weight: 400;\" aria-level=\"1\"><span style=\"font-weight: 400;\">M\u00fcmk\u00fcnse, \u00e7ocu\u011funuz ayakta dururken ayaklar\u0131 \u00f6l\u00e7mek her zaman en iyisidir.\u00a0<\/span><\/li>\n<li style=\"font-weight: 400;\" aria-level=\"1\"><span style=\"font-weight: 400;\">\u00c7ocu\u011funuzun bo\u015f bir ka\u011f\u0131t par\u00e7as\u0131 \u00fczerinde durmas\u0131n\u0131 sa\u011flay\u0131n ve ayak parma\u011f\u0131n\u0131 ve topu\u011fu i\u015faretleyip \u00f6l\u00e7\u00fcn.\u00a0<\/span><\/li>\n<\/ul>\n<h2><span style=\"font-weight: 400;\">6 Ayl\u0131k Bebek Ka\u00e7 Numara Ayakkab\u0131 Giyer?\u00a0<\/span><\/h2>\n<p><span style=\"font-weight: 400;\">K\u00fc\u00e7\u00fcklerle al\u0131\u015fveri\u015f yapmak zor olabilir, ancak yeni ayakkab\u0131 almak i\u00e7in bebe\u011finizi yan\u0131n\u0131zda getirmeniz daha iyi olur.\u00a0<\/span><\/p>\n<p><span style=\"font-weight: 400;\">0- 6 ay aras\u0131 bebeklerin ayak uzunlu\u011fu ortalama 11 cm olur ve ayakkab\u0131 numaralar\u0131 17-18 aras\u0131d\u0131r.<\/span><\/p>\n<h2><span style=\"font-weight: 400;\">1 Ya\u015f\u0131nda Bebek Ka\u00e7 Numara Ayakkab\u0131 Giyer?\u00a0<\/span><\/h2>\n<p><span style=\"font-weight: 400;\">12 \u2013 18 ay aras\u0131 bebeklerin ayak \u00f6l\u00e7\u00fcleri ortalama 14 cm&#8217;e ula\u015f\u0131rken ayakkab\u0131 numaralar\u0131 da 21 \u2013 22 aras\u0131 olacakt\u0131r.<\/span><\/p>\n<h2><span style=\"font-weight: 400;\">2 Ya\u015f\u0131nda Bebek Ka\u00e7 Numara Ayakkab\u0131 Giyer?<\/span><\/h2>\n<p><span style=\"font-weight: 400;\">18 \u2013 27 ay aras\u0131ndaki bebeklerin ayak uzunlu\u011fu ortalama 15 cm\u2019e ula\u015f\u0131r. Ayakkab\u0131 numaralar\u0131 23 \u2013 24&#8217;e y\u00fckselir.<\/span><\/p>\n","protected":false},"excerpt":{"rendered":"<p>K\u00fc\u00e7\u00fck \u00e7ocu\u011funuz ilk de\u011ferli ad\u0131mlar\u0131n\u0131 dokuz ila on sekiz ay aras\u0131nda atmaya ba\u015flar; bu d\u00f6nemde bebe\u011finize ilk ad\u0131m ayakkab\u0131s\u0131 almay\u0131 d\u00fc\u015f\u00fcnebilirsiniz. Y\u00fcr\u00fcmek, k\u00fc\u00e7\u00fck \u00e7ocu\u011funuzun ula\u015faca\u011f\u0131 en \u00f6nemli bebek kilometre ta\u015flar\u0131ndan biridir. Do\u011fru durum i\u00e7in do\u011fru ayakkab\u0131 tipini se\u00e7mek, aya\u011f\u0131n\u0131za tam oturan ayakkab\u0131lara sahip olmak ve d\u00fczenli \u00f6l\u00e7\u00fcm yapt\u0131rmak \u00e7ok \u00f6nemlidir. K\u00fc\u00e7\u00fck \u00e7ocu\u011funuz yard\u0131ms\u0131z ad\u0131m atmaya [&hellip;]<\/p>\n","protected":false},"author":1,"featured_media":2932,"comment_status":"open","ping_status":"open","sticky":false,"template":"","format":"standard","meta":[],"categories":[26],"tags":[],"yoast_head":"<!-- This site is optimized with the Yoast SEO plugin v18.5.1 - https:\/\/yoast.com\/wordpress\/plugins\/seo\/ -->\n<title>\u0130lk Ad\u0131m Ayakkab\u0131s\u0131 Se\u00e7imi ve Numara Hesaplama - Skechers Blog<\/title>\n<meta name=\"description\" content=\"\u0130lk ad\u0131m ayakkab\u0131s\u0131 se\u00e7imi nas\u0131l olmal\u0131d\u0131r? Bebek ayakkab\u0131 numaras\u0131n\u0131n nas\u0131l hesaplanaca\u011f\u0131n\u0131 \u00f6\u011frenmek i\u00e7in hemen t\u0131klay\u0131n.\" \/>\n<meta name=\"robots\" content=\"index, follow, max-snippet:-1, max-image-preview:large, max-video-preview:-1\" \/>\n<link rel=\"canonical\" href=\"https:\/\/www.skechers.com.tr\/blog\/ilk-adim-ayakkabisi-secimi-ve-numara-hesaplama\/\" \/>\n<meta property=\"og:locale\" content=\"tr_TR\" \/>\n<meta property=\"og:type\" content=\"article\" \/>\n<meta property=\"og:title\" content=\"\u0130lk Ad\u0131m Ayakkab\u0131s\u0131 Se\u00e7imi ve Numara Hesaplama - Skechers Blog\" \/>\n<meta property=\"og:description\" content=\"\u0130lk ad\u0131m ayakkab\u0131s\u0131 se\u00e7imi nas\u0131l olmal\u0131d\u0131r? Bebek ayakkab\u0131 numaras\u0131n\u0131n nas\u0131l hesaplanaca\u011f\u0131n\u0131 \u00f6\u011frenmek i\u00e7in hemen t\u0131klay\u0131n.\" \/>\n<meta property=\"og:url\" content=\"https:\/\/www.skechers.com.tr\/blog\/ilk-adim-ayakkabisi-secimi-ve-numara-hesaplama\/\" \/>\n<meta property=\"og:site_name\" content=\"Skechers Blog\" \/>\n<meta property=\"article:published_time\" content=\"2023-10-13T14:22:10+00:00\" \/>\n<meta name=\"twitter:card\" content=\"summary_large_image\" \/>\n<meta name=\"twitter:image\" content=\"https:\/\/www.skechers.com.tr\/blog\/wp-content\/uploads\/2023\/10\/Ilk-Adim-Ayakkabisi-Secimi-ve-Numara-Hesaplama.webp\" \/>\n<meta name=\"twitter:label1\" content=\"Yazan:\" \/>\n\t<meta name=\"twitter:data1\" content=\"Skechers T\u00fcrkiye\" \/>\n\t<meta name=\"twitter:label2\" content=\"Tahmini okuma s\u00fcresi\" \/>\n\t<meta name=\"twitter:data2\" content=\"7 dakika\" \/>\n<script type=\"application\/ld+json\" class=\"yoast-schema-graph\">{\"@context\":\"https:\/\/schema.org\",\"@graph\":[{\"@type\":\"WebSite\",\"@id\":\"https:\/\/www.skechers.com.tr\/blog\/#website\",\"url\":\"https:\/\/www.skechers.com.tr\/blog\/\",\"name\":\"Skechers Blog\",\"description\":\"Skechers\",\"potentialAction\":[{\"@type\":\"SearchAction\",\"target\":{\"@type\":\"EntryPoint\",\"urlTemplate\":\"https:\/\/www.skechers.com.tr\/blog\/?s={search_term_string}\"},\"query-input\":\"required name=search_term_string\"}],\"inLanguage\":\"tr\"},{\"@type\":\"ImageObject\",\"@id\":\"https:\/\/www.skechers.com.tr\/blog\/ilk-adim-ayakkabisi-secimi-ve-numara-hesaplama\/#primaryimage\",\"inLanguage\":\"tr\",\"url\":\"https:\/\/www.skechers.com.tr\/blog\/wp-content\/uploads\/2023\/10\/Ilk-Adim-Ayakkabisi-Secimi-ve-Numara-Hesaplama.webp\",\"contentUrl\":\"https:\/\/www.skechers.com.tr\/blog\/wp-content\/uploads\/2023\/10\/Ilk-Adim-Ayakkabisi-Secimi-ve-Numara-Hesaplama.webp\",\"width\":1125,\"height\":750,\"caption\":\"\u0130lk Ad\u0131m Ayakkab\u0131s\u0131 Se\u00e7imi ve Numara Hesaplama\"},{\"@type\":\"WebPage\",\"@id\":\"https:\/\/www.skechers.com.tr\/blog\/ilk-adim-ayakkabisi-secimi-ve-numara-hesaplama\/#webpage\",\"url\":\"https:\/\/www.skechers.com.tr\/blog\/ilk-adim-ayakkabisi-secimi-ve-numara-hesaplama\/\",\"name\":\"\u0130lk Ad\u0131m Ayakkab\u0131s\u0131 Se\u00e7imi ve Numara Hesaplama - Skechers Blog\",\"isPartOf\":{\"@id\":\"https:\/\/www.skechers.com.tr\/blog\/#website\"},\"primaryImageOfPage\":{\"@id\":\"https:\/\/www.skechers.com.tr\/blog\/ilk-adim-ayakkabisi-secimi-ve-numara-hesaplama\/#primaryimage\"},\"datePublished\":\"2023-10-13T14:22:10+00:00\",\"dateModified\":\"2023-10-13T14:22:10+00:00\",\"author\":{\"@id\":\"https:\/\/www.skechers.com.tr\/blog\/#\/schema\/person\/6d09a0595696524814757d23d22b4c33\"},\"description\":\"\u0130lk ad\u0131m ayakkab\u0131s\u0131 se\u00e7imi nas\u0131l olmal\u0131d\u0131r? Bebek ayakkab\u0131 numaras\u0131n\u0131n nas\u0131l hesaplanaca\u011f\u0131n\u0131 \u00f6\u011frenmek i\u00e7in hemen t\u0131klay\u0131n.\",\"breadcrumb\":{\"@id\":\"https:\/\/www.skechers.com.tr\/blog\/ilk-adim-ayakkabisi-secimi-ve-numara-hesaplama\/#breadcrumb\"},\"inLanguage\":\"tr\",\"potentialAction\":[{\"@type\":\"ReadAction\",\"target\":[\"https:\/\/www.skechers.com.tr\/blog\/ilk-adim-ayakkabisi-secimi-ve-numara-hesaplama\/\"]}]},{\"@type\":\"BreadcrumbList\",\"@id\":\"https:\/\/www.skechers.com.tr\/blog\/ilk-adim-ayakkabisi-secimi-ve-numara-hesaplama\/#breadcrumb\",\"itemListElement\":[{\"@type\":\"ListItem\",\"position\":1,\"name\":\"\u0130lk Ad\u0131m Ayakkab\u0131s\u0131 Se\u00e7imi ve Numara Hesaplama\"}]},{\"@type\":\"Person\",\"@id\":\"https:\/\/www.skechers.com.tr\/blog\/#\/schema\/person\/6d09a0595696524814757d23d22b4c33\",\"name\":\"Skechers T\u00fcrkiye\",\"image\":{\"@type\":\"ImageObject\",\"@id\":\"https:\/\/www.skechers.com.tr\/blog\/#personlogo\",\"inLanguage\":\"tr\",\"url\":\"https:\/\/secure.gravatar.com\/avatar\/0fc2191869a9a020b4606acf264338ae?s=96&d=mm&r=g\",\"contentUrl\":\"https:\/\/secure.gravatar.com\/avatar\/0fc2191869a9a020b4606acf264338ae?s=96&d=mm&r=g\",\"caption\":\"Skechers T\u00fcrkiye\"},\"description\":\"Skechers spor ayakkab\u0131 \u00fcr\u00fcnleri ile rahatl\u0131\u011f\u0131 ve kaliteyi hisset!\"}]}<\/script>\n<!-- \/ Yoast SEO plugin. -->","yoast_head_json":{"title":"\u0130lk Ad\u0131m Ayakkab\u0131s\u0131 Se\u00e7imi ve Numara Hesaplama - Skechers Blog","description":"\u0130lk ad\u0131m ayakkab\u0131s\u0131 se\u00e7imi nas\u0131l olmal\u0131d\u0131r? Bebek ayakkab\u0131 numaras\u0131n\u0131n nas\u0131l hesaplanaca\u011f\u0131n\u0131 \u00f6\u011frenmek i\u00e7in hemen t\u0131klay\u0131n.","robots":{"index":"index","follow":"follow","max-snippet":"max-snippet:-1","max-image-preview":"max-image-preview:large","max-video-preview":"max-video-preview:-1"},"canonical":"https:\/\/www.skechers.com.tr\/blog\/ilk-adim-ayakkabisi-secimi-ve-numara-hesaplama\/","og_locale":"tr_TR","og_type":"article","og_title":"\u0130lk Ad\u0131m Ayakkab\u0131s\u0131 Se\u00e7imi ve Numara Hesaplama - Skechers Blog","og_description":"\u0130lk ad\u0131m ayakkab\u0131s\u0131 se\u00e7imi nas\u0131l olmal\u0131d\u0131r? Bebek ayakkab\u0131 numaras\u0131n\u0131n nas\u0131l hesaplanaca\u011f\u0131n\u0131 \u00f6\u011frenmek i\u00e7in hemen t\u0131klay\u0131n.","og_url":"https:\/\/www.skechers.com.tr\/blog\/ilk-adim-ayakkabisi-secimi-ve-numara-hesaplama\/","og_site_name":"Skechers Blog","article_published_time":"2023-10-13T14:22:10+00:00","twitter_card":"summary_large_image","twitter_image":"https:\/\/www.skechers.com.tr\/blog\/wp-content\/uploads\/2023\/10\/Ilk-Adim-Ayakkabisi-Secimi-ve-Numara-Hesaplama.webp","twitter_misc":{"Yazan:":"Skechers T\u00fcrkiye","Tahmini okuma s\u00fcresi":"7 dakika"},"schema":{"@context":"https:\/\/schema.org","@graph":[{"@type":"WebSite","@id":"https:\/\/www.skechers.com.tr\/blog\/#website","url":"https:\/\/www.skechers.com.tr\/blog\/","name":"Skechers Blog","description":"Skechers","potentialAction":[{"@type":"SearchAction","target":{"@type":"EntryPoint","urlTemplate":"https:\/\/www.skechers.com.tr\/blog\/?s={search_term_string}"},"query-input":"required name=search_term_string"}],"inLanguage":"tr"},{"@type":"ImageObject","@id":"https:\/\/www.skechers.com.tr\/blog\/ilk-adim-ayakkabisi-secimi-ve-numara-hesaplama\/#primaryimage","inLanguage":"tr","url":"https:\/\/www.skechers.com.tr\/blog\/wp-content\/uploads\/2023\/10\/Ilk-Adim-Ayakkabisi-Secimi-ve-Numara-Hesaplama.webp","contentUrl":"https:\/\/www.skechers.com.tr\/blog\/wp-content\/uploads\/2023\/10\/Ilk-Adim-Ayakkabisi-Secimi-ve-Numara-Hesaplama.webp","width":1125,"height":750,"caption":"\u0130lk Ad\u0131m Ayakkab\u0131s\u0131 Se\u00e7imi ve Numara Hesaplama"},{"@type":"WebPage","@id":"https:\/\/www.skechers.com.tr\/blog\/ilk-adim-ayakkabisi-secimi-ve-numara-hesaplama\/#webpage","url":"https:\/\/www.skechers.com.tr\/blog\/ilk-adim-ayakkabisi-secimi-ve-numara-hesaplama\/","name":"\u0130lk Ad\u0131m Ayakkab\u0131s\u0131 Se\u00e7imi ve Numara Hesaplama - Skechers Blog","isPartOf":{"@id":"https:\/\/www.skechers.com.tr\/blog\/#website"},"primaryImageOfPage":{"@id":"https:\/\/www.skechers.com.tr\/blog\/ilk-adim-ayakkabisi-secimi-ve-numara-hesaplama\/#primaryimage"},"datePublished":"2023-10-13T14:22:10+00:00","dateModified":"2023-10-13T14:22:10+00:00","author":{"@id":"https:\/\/www.skechers.com.tr\/blog\/#\/schema\/person\/6d09a0595696524814757d23d22b4c33"},"description":"\u0130lk ad\u0131m ayakkab\u0131s\u0131 se\u00e7imi nas\u0131l olmal\u0131d\u0131r? Bebek ayakkab\u0131 numaras\u0131n\u0131n nas\u0131l hesaplanaca\u011f\u0131n\u0131 \u00f6\u011frenmek i\u00e7in hemen t\u0131klay\u0131n.","breadcrumb":{"@id":"https:\/\/www.skechers.com.tr\/blog\/ilk-adim-ayakkabisi-secimi-ve-numara-hesaplama\/#breadcrumb"},"inLanguage":"tr","potentialAction":[{"@type":"ReadAction","target":["https:\/\/www.skechers.com.tr\/blog\/ilk-adim-ayakkabisi-secimi-ve-numara-hesaplama\/"]}]},{"@type":"BreadcrumbList","@id":"https:\/\/www.skechers.com.tr\/blog\/ilk-adim-ayakkabisi-secimi-ve-numara-hesaplama\/#breadcrumb","itemListElement":[{"@type":"ListItem","position":1,"name":"\u0130lk Ad\u0131m Ayakkab\u0131s\u0131 Se\u00e7imi ve Numara Hesaplama"}]},{"@type":"Person","@id":"https:\/\/www.skechers.com.tr\/blog\/#\/schema\/person\/6d09a0595696524814757d23d22b4c33","name":"Skechers T\u00fcrkiye","image":{"@type":"ImageObject","@id":"https:\/\/www.skechers.com.tr\/blog\/#personlogo","inLanguage":"tr","url":"https:\/\/secure.gravatar.com\/avatar\/0fc2191869a9a020b4606acf264338ae?s=96&d=mm&r=g","contentUrl":"https:\/\/secure.gravatar.com\/avatar\/0fc2191869a9a020b4606acf264338ae?s=96&d=mm&r=g","caption":"Skechers T\u00fcrkiye"},"description":"Skechers spor ayakkab\u0131 \u00fcr\u00fcnleri ile rahatl\u0131\u011f\u0131 ve kaliteyi hisset!"}]}},"_links":{"self":[{"href":"https:\/\/www.skechers.com.tr\/blog\/wp-json\/wp\/v2\/posts\/2931"}],"collection":[{"href":"https:\/\/www.skechers.com.tr\/blog\/wp-json\/wp\/v2\/posts"}],"about":[{"href":"https:\/\/www.skechers.com.tr\/blog\/wp-json\/wp\/v2\/types\/post"}],"author":[{"embeddable":true,"href":"https:\/\/www.skechers.com.tr\/blog\/wp-json\/wp\/v2\/users\/1"}],"replies":[{"embeddable":true,"href":"https:\/\/www.skechers.com.tr\/blog\/wp-json\/wp\/v2\/comments?post=2931"}],"version-history":[{"count":1,"href":"https:\/\/www.skechers.com.tr\/blog\/wp-json\/wp\/v2\/posts\/2931\/revisions"}],"predecessor-version":[{"id":2933,"href":"https:\/\/www.skechers.com.tr\/blog\/wp-json\/wp\/v2\/posts\/2931\/revisions\/2933"}],"wp:featuredmedia":[{"embeddable":true,"href":"https:\/\/www.skechers.com.tr\/blog\/wp-json\/wp\/v2\/media\/2932"}],"wp:attachment":[{"href":"https:\/\/www.skechers.com.tr\/blog\/wp-json\/wp\/v2\/media?parent=2931"}],"wp:term":[{"taxonomy":"category","embeddable":true,"href":"https:\/\/www.skechers.com.tr\/blog\/wp-json\/wp\/v2\/categories?post=2931"},{"taxonomy":"post_tag","embeddable":true,"href":"https:\/\/www.skechers.com.tr\/blog\/wp-json\/wp\/v2\/tags?post=2931"}],"curies":[{"name":"wp","href":"https:\/\/api.w.org\/{rel}","templated":true}]}}