{"id":2919,"date":"2023-10-13T13:31:03","date_gmt":"2023-10-13T13:31:03","guid":{"rendered":"https:\/\/www.skechers.com.tr\/blog\/?p=2919"},"modified":"2023-10-13T13:31:36","modified_gmt":"2023-10-13T13:31:36","slug":"black-friday-alisveris-rehberi-indirimleri-nasil-degerlendirirsiniz","status":"publish","type":"post","link":"https:\/\/www.skechers.com.tr\/blog\/black-friday-alisveris-rehberi-indirimleri-nasil-degerlendirirsiniz\/","title":{"rendered":"Black Friday Al\u0131\u015fveri\u015f Rehberi: \u0130ndirimleri Nas\u0131l De\u011ferlendirirsiniz?"},"content":{"rendered":"<p><span style=\"font-weight: 400;\">Nefesler tutuldu! Y\u0131l\u0131n heyecanla beklenen anlar\u0131ndan birine \u00e7ok yakla\u015ft\u0131k. Uzun zamand\u0131r almak istedi\u011finiz ancak fiyat\u0131ndan dolay\u0131 arada kald\u0131\u011f\u0131n\u0131z \u00fcr\u00fcnlere bir \u015fans verme daha zaman\u0131 geldi. \u00dclkemizi de etkileyen d\u00fcnyan\u0131n al\u0131\u015fveri\u015f \u00e7\u0131lg\u0131nl\u0131\u011f\u0131 <a href=\"https:\/\/www.skechers.com.tr\/blog\/black-friday-ne-zaman-black-friday-nedir\/\">Black Friday<\/a> kapsam\u0131nda yap\u0131lan dev indirimlerden faydalanarak avantajl\u0131 al\u0131\u015fveri\u015f yapabilmek i\u00e7in \u00e7ok az zaman kald\u0131. Spor ayakkab\u0131dan \u00e7antaya, telefondan bilgisayara, monttan bota akl\u0131n\u0131za gelebilecek her \u015feyin fiyat\u0131nda indirime gidilecek. Bu indirimlerden faydalanmak i\u00e7in listenizi ve b\u00fct\u00e7enizi\u00a0 \u015fimdiden haz\u0131rlamal\u0131s\u0131n\u0131z. G\u00fcn\u00fcn sonunda be\u011fendi\u011finiz \u00fcr\u00fcnleri ka\u00e7\u0131rman\u0131z\u0131 istemeyiz!\u00a0<\/span><\/p>\n<h2><span style=\"font-weight: 400;\">Black Friday Nedir?<\/span><\/h2>\n<p><span style=\"font-weight: 400;\"><br \/>\n<\/span><span style=\"font-weight: 400;\">Black Friday yani Kara Cuma, Amerika Birle\u015fik Devletleri\u2019nde ortaya \u00e7\u0131km\u0131\u015f olan bir al\u0131\u015fveri\u015f etkinli\u011fidir. Amerikal\u0131lar, \u015e\u00fckran G\u00fcn\u00fc\u2019nden sonra gelen ilk Cuma g\u00fcn\u00fcn\u00fc Black Friday olarak kutlamaya ba\u015flam\u0131\u015flar. Kara Cuma anlam\u0131na gelen bu etkinlik Amerikal\u0131lar taraf\u0131ndan kutsal bir g\u00fcn ile ba\u011flant\u0131l\u0131 olarak ya\u015fanmaktad\u0131r. Black Friday, ak\u0131m\u0131n ortaya \u00e7\u0131kt\u0131\u011f\u0131 ilk y\u0131llarda belli bir isme sahip de\u011filmi\u015f, 1932\u2019den itibaren Noel al\u0131\u015fveri\u015f sezonunun ba\u015flad\u0131\u011f\u0131n\u0131 simgeleyen Cuma g\u00fcn\u00fc olarak ak\u0131llarda yer edinmeye ba\u015flam\u0131\u015f. 1961\u2019den ba\u015flamak itibariyle ak\u0131llarda kalmaya ba\u015flam\u0131\u015f. Etkinli\u011fin isminin \u201ckara\u201d olmas\u0131 ak\u0131llara hemen olumsuz \u015feyleri \u00e7a\u011fr\u0131\u015ft\u0131r\u0131r.<\/span><span style=\"font-weight: 400;\"><br \/>\n<\/span> <span style=\"font-weight: 400;\"><br \/>\n<\/span><span style=\"font-weight: 400;\">Peki ama neden \u201cKara\u201d? \u015e\u00fckran G\u00fcn\u00fc\u2019nden bir sonraki Cuma g\u00fcn\u00fc ABD\u2019deki marketler ma\u011fazalar\u0131n\u0131 erkenden a\u00e7arlar ve gecenin ilerleyen saatlerine kadar kepenkleri a\u00e7\u0131k tutarlarm\u0131\u015f. Y\u0131llarca s\u00fcren bu etkinli\u011fe \u00e7e\u015fitli indirim kampanyalar\u0131 da eklenmi\u015f ve al\u0131\u015fveri\u015fe olan ilgi katlanarak artmaya devam etmi\u015f. Bu ilgi \u00f6ylesine artm\u0131\u015f ki 1961 y\u0131l\u0131n\u0131n \u015e\u00fckran G\u00fcn\u00fc\u2019nden sonraki Cuma g\u00fcn\u00fcnde, Philadelphia\u2019da insanlar al\u0131\u015fveri\u015f yaparken birbirlerini ezmeye, zarar vermeye ba\u015flam\u0131\u015flar, sokaklarda kalabal\u0131klardan dolay\u0131 ad\u0131m atacak yer kalmam\u0131\u015f, yo\u011funluktan uzun ara\u00e7 kuyruklar\u0131 olu\u015fmu\u015f, \u015fehir merkezi adeta durma noktas\u0131na gelmi\u015f. 1961 y\u0131l\u0131ndaki bu tablodan sonra, etkinlik Black Friday olarak an\u0131lmaya ba\u015flanm\u0131\u015f. ABD, Philadelphia\u2019dan d\u00fcnyaya yay\u0131lan bu ak\u0131m daha sonralar\u0131 \u0130ngiltere ve Kanada\u2019da da kutlanmaya ba\u015flanm\u0131\u015f. 1990\u2019lar ve 2000\u2019lere gidildik\u00e7e yap\u0131lan kampanyalar t\u00fcm ABD\u2019ye yay\u0131lm\u0131\u015f. <a href=\"https:\/\/www.skechers.com.tr\/\">Rahat ayakkab\u0131<\/a> ve e\u015fofmanlar\u0131 ile s\u0131raya giren insanlar istedi\u011fi \u00fcr\u00fcn\u00fc sat\u0131n almak i\u00e7in saatlerce kuyrukta bekliyor. 2011\u2019e geldi\u011fimizde per\u015fembeyi cumaya ba\u011flayan gece saat 24\u2019te d\u00fckkanlar a\u00e7\u0131lmaya ba\u015flanm\u0131\u015f. Bu \u00e7\u0131lg\u0131nl\u0131k, zaman\u0131n ilerlemesi ve i\u015fin i\u00e7ine teknolojinin, al\u0131\u015fveri\u015f sitelerinin de girmesiyle d\u00fcnya \u00e7ap\u0131nda bir anlama sahip olmu\u015f.<\/span><\/p>\n<h2><span style=\"font-weight: 400;\">Black Friday Ne Zaman?<\/span><\/h2>\n<p><span style=\"font-weight: 400;\"><br \/>\n<\/span><span style=\"font-weight: 400;\">Al\u0131\u015fveri\u015f merakl\u0131lar\u0131n\u0131n sab\u0131rs\u0131zl\u0131kla bekledi\u011fi \u00e7\u0131lg\u0131nl\u0131\u011fa \u00e7ok az bir zaman kald\u0131. Bu y\u0131l da ge\u00e7ti\u011fimiz y\u0131llar gibi bir\u00e7ok marka ve ma\u011fazada indirimler havada u\u00e7u\u015facak. Milyonlarca insan\u0131n heyecanla bekledi\u011fi 2023 Black Friday indirimleri i\u00e7in \u00e7ok k\u0131sa s\u00fcre kald\u0131. Her y\u0131l \u015e\u00fckran G\u00fcn\u00fc\u2019nden sonraki ilk Cuma g\u00fcn\u00fc ba\u015flayan indirim \u00e7\u0131lg\u0131nl\u0131\u011f\u0131 bu sene 24 Kas\u0131m Cuma g\u00fcn\u00fcne denk geliyor. <a href=\"https:\/\/www.skechers.com.tr\/ozel-gunler-black-friday-c-9003?utm-source=content&amp;utm_medium=blog&amp;utm-camping=black-friday-alisveris-rehberi-indirimleri-nasil-degerlendirirsiniz&amp;utm_term=9003\">Black Friday indirimleri<\/a> genellikle 24 saat s\u00fcrse de ya\u015fanan yo\u011fun talep ve yo\u011funluklar nedeniyle bir\u00e7ok marka ve ma\u011faza kampanya s\u00fcresini daha uzun tutmakta. Yap\u0131lan indirimler ve kampanyalar genellikle 3-4 g\u00fcn s\u00fcrmekte. \u0130\u00e7inde bulundu\u011fumuz 2023 y\u0131l\u0131n\u0131n 24 Kas\u0131m\u2019a denk gelen hafta ve sonras\u0131nda \u00e7e\u015fitli indirimler t\u00fcketicilerle bulu\u015facak.\u00a0<\/span><\/p>\n<h2><span style=\"font-weight: 400;\">Black Friday Al\u0131\u015fveri\u015fini Ucuza Getirmek \u0130\u00e7in \u00d6neriler<\/span><\/h2>\n<p><span style=\"font-weight: 400;\"><br \/>\n<\/span><span style=\"font-weight: 400;\">\u0130ndirimi herkes sever. Bu seneki Black Friday i\u00e7in say\u0131l\u0131 g\u00fcnler kalm\u0131\u015fken \u00fclkemizde ve d\u00fcnyan\u0131n her yerine markalar ve ma\u011fazalar \u00e7e\u015fitli kampanyalar y\u00fcr\u00fctmekteler. Al\u0131\u015fveri\u015f yaparken indirimler her insan\u0131n kula\u011f\u0131na s\u0131cak gelse de paran\u0131z\u0131 ihtiyac\u0131n\u0131z\u0131n olmad\u0131\u011f\u0131 veya istemedi\u011finiz \u00fcr\u00fcnlere harcamak istemezsiniz. \u0130\u015fte size Black Friday i\u00e7in sa\u011fl\u0131kl\u0131 al\u0131\u015fveri\u015f yapman\u0131za yarayacak baz\u0131 ipu\u00e7lar\u0131:<\/span><\/p>\n<ul>\n<li style=\"font-weight: 400;\" aria-level=\"1\"><span style=\"font-weight: 400;\">Ara\u015ft\u0131rma yaparak i\u015fe ba\u015flay\u0131n<\/span><span style=\"font-weight: 400;\"><br \/>\n<\/span><span style=\"font-weight: 400;\">\u0130nternette istedi\u011finiz ve ihtiyac\u0131n\u0131z olan \u00fcr\u00fcnlerin fiyatlar\u0131na bak\u0131n. Size en iyi fiyat\u0131 sunan ma\u011fazalar\u0131 belirleyin, \u00f6nceli\u011finiz onlar olsun, kalabal\u0131klar i\u00e7inde bo\u015f yere zaman\u0131n\u0131z\u0131 kaybetmeyin. Filtreleme yaparak dikkatinizi de istedi\u011finiz marka ve \u00fcr\u00fcnlere vermi\u015f olursunuz.<\/span><\/li>\n<li style=\"font-weight: 400;\" aria-level=\"1\"><span style=\"font-weight: 400;\">\u00dcr\u00fcnlerin iade imkanlar\u0131n\u0131 ara\u015ft\u0131r\u0131n<\/span><span style=\"font-weight: 400;\"><br \/>\n<\/span><span style=\"font-weight: 400;\">Black Friday i\u00e7in y\u00fcz binlerce \u00fcr\u00fcnde indirim kampanyalar\u0131 yap\u0131laca\u011f\u0131ndan, marka ve ma\u011fazalar\u0131n sunaca\u011f\u0131 iade olanaklar\u0131 alt\u0131n de\u011ferinde. \u00d6zellikle internet al\u0131\u015fveri\u015fleri, se\u00e7ti\u011finiz \u00fcr\u00fcn\u00fcn elinize ula\u015ft\u0131ktan sonra iade ve de\u011fi\u015fim i\u015flemi gerektirebilir. Tercih edece\u011finiz \u00fcr\u00fcnler iade kapsam\u0131 i\u00e7inde olmayabilir. \u0130ade olana\u011f\u0131n\u0131 sunan marka ve ma\u011fazalar\u0131 tercih etmeniz daha olumlu. Bunlar\u0131 \u00f6nceden belirlemeniz faydal\u0131 olacakt\u0131r.<\/span><\/li>\n<li style=\"font-weight: 400;\" aria-level=\"1\"><span style=\"font-weight: 400;\">Ger\u00e7ekten ihtiyac\u0131m var m\u0131? Diye kendinize sorun<\/span><span style=\"font-weight: 400;\"><br \/>\n<\/span><span style=\"font-weight: 400;\">T\u00fcketiciler indirim ile kar\u015f\u0131la\u015ft\u0131\u011f\u0131nda fiyat\u0131 d\u00fc\u015fen t\u00fcm \u00fcr\u00fcnleri alma e\u011filimi hissederler. Alaca\u011f\u0131m \u00fcr\u00fcne ger\u00e7ekten ihtiyac\u0131m var m\u0131 diye kendi kendimize sormal\u0131y\u0131z. \u0130htiyac\u0131m olmayan bir \u00fcr\u00fcn neden dolab\u0131mda yer kaplas\u0131n ki? Bu konuda almak isteyece\u011fimiz \u015feyler konusunda olabildi\u011fince filtreli davranmak faydal\u0131 olacakt\u0131r. Daha al\u0131nacak \u00e7ok g\u00fczel \u00fcr\u00fcnler var\u2026<\/span><\/li>\n<li style=\"font-weight: 400;\" aria-level=\"1\"><span style=\"font-weight: 400;\">Evden \u00e7\u0131kmadan \u00f6nce rahat k\u0131yafetler giyinin<\/span><span style=\"font-weight: 400;\"><br \/>\n<\/span><span style=\"font-weight: 400;\">Ben alaca\u011f\u0131m \u015feyi ellemek, dokunmak istiyorum, denemek istiyorum diyen biriyseniz al\u0131\u015fveri\u015fe \u00e7\u0131kmadan \u00f6nce konforlu, rahat k\u0131yafetler giyinin. Hatta <a href=\"https:\/\/www.skechers.com.tr\/arch-fit-c-4017?utm-source=content&amp;utm_medium=blog&amp;utm-camping=black-friday-alisveris-rehberi-indirimleri-nasil-degerlendirirsiniz&amp;utm_term=4017\">ortopedik ayakkab\u0131<\/a> tabanlar\u0131n\u0131z\u0131n yorulmas\u0131n\u0131 \u00f6nleyecektir. \u00c7\u00fcnk\u00fc her kabinden \u00e7\u0131kt\u0131ktan sonra sizi rahats\u0131z eden bir pantolon, g\u00f6mlek giymek, uzun, sinir bozucu ayakkab\u0131 ba\u011fc\u0131klar\u0131yla u\u011fra\u015fmak motivasyonunuzu a\u015fa\u011f\u0131 \u00e7ekebilir. \u00d6zellikle birden fazla par\u00e7a k\u0131yafet alacaksan\u0131z bu uyar\u0131m\u0131z sizler i\u00e7in \u00f6nemli olabilir.\u00a0<\/span><\/li>\n<li style=\"font-weight: 400;\" aria-level=\"1\"><span style=\"font-weight: 400;\">L\u00fcks ve pahal\u0131 \u00fcr\u00fcnlerdeki indirimleri ka\u00e7\u0131rmak istemeyebilirsiniz<\/span><span style=\"font-weight: 400;\"><br \/>\n<\/span><span style=\"font-weight: 400;\">\u00d6zel tasar\u0131m, pahal\u0131 ve l\u00fcks \u00fcr\u00fcnlerindeki indirim ve kampanyalar di\u011fer \u00fcr\u00fcnlere oranla daha\u00a0 az yap\u0131l\u0131r. Uzun s\u00fcreden beri b\u00f6yle bir \u00fcr\u00fcn almay\u0131 d\u00fc\u015f\u00fcn\u00fcyorsan\u0131z Black Friday\u2019i de\u011ferlendirmek isteyebilirsiniz.<\/span><\/li>\n<li style=\"font-weight: 400;\" aria-level=\"1\"><span style=\"font-weight: 400;\">Erken kalk\u0131n ve al\u0131\u015fveri\u015fe erken ba\u015flay\u0131n<\/span><span style=\"font-weight: 400;\"><br \/>\n<\/span><span style=\"font-weight: 400;\">Baz\u0131 markalar Black Friday g\u00fcn\u00fcne \u00f6zel a\u00e7\u0131l\u0131\u015f ve kapan\u0131\u015f saatlerini di\u011fer g\u00fcnlerden daha farkl\u0131 belirlemektedir. Al\u0131\u015fveri\u015fe \u00e7\u0131kmadan \u00f6nce bu saatleri kontrol etmek faydal\u0131 olacakt\u0131r. Al\u0131\u015fveri\u015f yaparken uzun kuyruklara yakalanmamak i\u00e7in saatinizi erkene kurun, kalabal\u0131klara tak\u0131lmak ho\u015f bir durum olmayabilir.\u00a0<\/span><\/li>\n<li style=\"font-weight: 400;\" aria-level=\"1\"><span style=\"font-weight: 400;\">Al\u0131\u015fveri\u015fin tad\u0131n\u0131 \u00e7\u0131kar\u0131n<\/span><span style=\"font-weight: 400;\"><br \/>\n<\/span><span style=\"font-weight: 400;\">Yukar\u0131da anlatt\u0131\u011f\u0131m\u0131z maddeleri inceleyip \u00f6nceliklerinizi belirlerseniz al\u0131\u015fveri\u015f yapmak keyifli hale gelecek ve sizler i\u00e7in kabus olmaktan \u00e7\u0131kacakt\u0131r. \u0130\u015finizi erken bitirirseniz sevdi\u011finiz bir kahvecide en sevdi\u011finiz kahvenizi yudumlamak isteyebilirsiniz.<\/span><\/li>\n<\/ul>\n<h2><span style=\"font-weight: 400;\">Black Friday \u0130ndirimleri Nas\u0131l Yakalan\u0131r?<\/span><\/h2>\n<p><span style=\"font-weight: 400;\">Black Friday kampanyalar\u0131 ile beraber t\u00fcketicilerin b\u00fcy\u00fck bir k\u0131sm\u0131 \u00f6nemli avantajlar elde ederken, \u00fcst\u00fcnde durulmas\u0131 gereken nokta ger\u00e7ek indirimler oluyor. M\u00fc\u015fterilerin akl\u0131ndaki en \u00f6nemli soru ise yakalan\u0131lan indirimin ger\u00e7ek mi de\u011fil mi sorusu oluyor. Daha \u00f6nce de belirtti\u011fimiz gibi al\u0131\u015fveri\u015fe ba\u015flanmadan \u00f6nce ara\u015ft\u0131rma yap\u0131lmas\u0131 \u00f6nemli bir konu. Black Friday \u00f6ncesi \u00fcr\u00fcnlerin fiyatlar\u0131n\u0131n belirlenmesi bu konuda faydal\u0131 olacak. Kara Cuma ile beraber eski ve yeni fiyatlar\u0131n kar\u015f\u0131la\u015ft\u0131r\u0131lmas\u0131, ger\u00e7ek ve \u201cfake\u201d indirimlerin belirlenmesi konusunda yol g\u00f6sterici olabilir. Baz\u0131 markalar erken indirim f\u0131rsatlar\u0131 yaratarak yeni kampanyalar olu\u015ftururlar, bunlar\u0131n tespit ederek daha faydal\u0131 al\u0131\u015fveri\u015fler yapabiliriz. Markalar\u0131n tercih etti\u011fi indirim y\u00f6ntemlerinden olan ma\u011faza indirim kuponlar\u0131n\u0131 kullanmak isteyebilirsiniz. \u00dccretsiz kargo imkanlar\u0131 da \u00f6zellikle internet \u00fczerinden yap\u0131lan al\u0131\u015fveri\u015flerde fayda sa\u011flayacakt\u0131r. Alaca\u011f\u0131n\u0131z \u00fcr\u00fcnlerin b\u00fct\u00e7elerini \u00f6nceden belirlemek de bilin\u00e7li bir al\u0131\u015fveri\u015f yapman\u0131za olanak sa\u011flayacakt\u0131r.\u00a0<\/span><\/p>\n<h2><span style=\"font-weight: 400;\">Black Friday \u0130ndirimleri Skechers&#8217;ta!<\/span><\/h2>\n<p><span style=\"font-weight: 400;\"><br \/>\n<\/span><span style=\"font-weight: 400;\">Sen de yeni bir Skechers giymek istemez misin? Black Friday indirimleri Skechers\u2019ta! Rahat ve konforlu ayakkab\u0131 giyenlerin tercihi olan Skechers, y\u00fczlerce \u00fcr\u00fcn\u00fcn\u00fc kullan\u0131c\u0131lar\u0131na sunuyor. Bu kez Black Friday indirimleri fark\u0131yla. Sen de arad\u0131\u011f\u0131n \u015f\u0131k, rahat ve ortopedik yeni ayakkab\u0131n\u0131 Skechers\u2019ten al. Hem\u00a0 de bir y\u0131ldan beri beklenen \u00f6zel Black Friday indirimleriyle. Her ya\u015ftan insana hitap eden zamans\u0131z Skechers \u00fcr\u00fcnleri sana yol arkada\u015f\u0131 olacak. Gel ve indirimleri ka\u00e7\u0131rma! Seni de ma\u011fazalar\u0131m\u0131za veya internet sitemize bekliyoruz. Y\u00fcr\u00fcrken ya\u015fad\u0131\u011f\u0131n\u0131 hissedeceksin\u2026<\/span><\/p>\n","protected":false},"excerpt":{"rendered":"<p>Nefesler tutuldu! Y\u0131l\u0131n heyecanla beklenen anlar\u0131ndan birine \u00e7ok yakla\u015ft\u0131k. Uzun zamand\u0131r almak istedi\u011finiz ancak fiyat\u0131ndan dolay\u0131 arada kald\u0131\u011f\u0131n\u0131z \u00fcr\u00fcnlere bir \u015fans verme daha zaman\u0131 geldi. \u00dclkemizi de etkileyen d\u00fcnyan\u0131n al\u0131\u015fveri\u015f \u00e7\u0131lg\u0131nl\u0131\u011f\u0131 Black Friday kapsam\u0131nda yap\u0131lan dev indirimlerden faydalanarak avantajl\u0131 al\u0131\u015fveri\u015f yapabilmek i\u00e7in \u00e7ok az zaman kald\u0131. Spor ayakkab\u0131dan \u00e7antaya, telefondan bilgisayara, monttan bota akl\u0131n\u0131za gelebilecek [&hellip;]<\/p>\n","protected":false},"author":1,"featured_media":2129,"comment_status":"open","ping_status":"open","sticky":false,"template":"","format":"standard","meta":[],"categories":[26],"tags":[],"yoast_head":"<!-- This site is optimized with the Yoast SEO plugin v18.5.1 - https:\/\/yoast.com\/wordpress\/plugins\/seo\/ -->\n<title>Black Friday Al\u0131\u015fveri\u015f Rehberi: \u0130ndirimleri Nas\u0131l De\u011ferlendirirsiniz?<\/title>\n<meta name=\"description\" content=\"Black Friday al\u0131\u015fveri\u015f rehberini yay\u0131nlad\u0131k! \u0130ndirimleri nas\u0131l de\u011ferlendirece\u011fini \u00f6\u011frenmek i\u00e7in hemen t\u0131klay\u0131n.\" \/>\n<meta name=\"robots\" content=\"index, follow, max-snippet:-1, max-image-preview:large, max-video-preview:-1\" \/>\n<link rel=\"canonical\" href=\"https:\/\/www.skechers.com.tr\/blog\/black-friday-alisveris-rehberi-indirimleri-nasil-degerlendirirsiniz\/\" \/>\n<meta property=\"og:locale\" content=\"tr_TR\" \/>\n<meta property=\"og:type\" content=\"article\" \/>\n<meta property=\"og:title\" content=\"Black Friday Al\u0131\u015fveri\u015f Rehberi: \u0130ndirimleri Nas\u0131l De\u011ferlendirirsiniz?\" \/>\n<meta property=\"og:description\" content=\"Black Friday al\u0131\u015fveri\u015f rehberini yay\u0131nlad\u0131k! \u0130ndirimleri nas\u0131l de\u011ferlendirece\u011fini \u00f6\u011frenmek i\u00e7in hemen t\u0131klay\u0131n.\" \/>\n<meta property=\"og:url\" content=\"https:\/\/www.skechers.com.tr\/blog\/black-friday-alisveris-rehberi-indirimleri-nasil-degerlendirirsiniz\/\" \/>\n<meta property=\"og:site_name\" content=\"Skechers Blog\" \/>\n<meta property=\"article:published_time\" content=\"2023-10-13T13:31:03+00:00\" \/>\n<meta property=\"article:modified_time\" content=\"2023-10-13T13:31:36+00:00\" \/>\n<meta property=\"og:image\" content=\"https:\/\/www.skechers.com.tr\/blog\/wp-content\/uploads\/2021\/09\/pexels-max-fischer-5868272.jpg\" \/>\n\t<meta property=\"og:image:width\" content=\"828\" \/>\n\t<meta property=\"og:image:height\" content=\"552\" \/>\n\t<meta property=\"og:image:type\" content=\"image\/jpeg\" \/>\n<meta name=\"twitter:card\" content=\"summary_large_image\" \/>\n<meta name=\"twitter:label1\" content=\"Yazan:\" \/>\n\t<meta name=\"twitter:data1\" content=\"Skechers T\u00fcrkiye\" \/>\n\t<meta name=\"twitter:label2\" content=\"Tahmini okuma s\u00fcresi\" \/>\n\t<meta name=\"twitter:data2\" content=\"7 dakika\" \/>\n<script type=\"application\/ld+json\" class=\"yoast-schema-graph\">{\"@context\":\"https:\/\/schema.org\",\"@graph\":[{\"@type\":\"WebSite\",\"@id\":\"https:\/\/www.skechers.com.tr\/blog\/#website\",\"url\":\"https:\/\/www.skechers.com.tr\/blog\/\",\"name\":\"Skechers Blog\",\"description\":\"Skechers\",\"potentialAction\":[{\"@type\":\"SearchAction\",\"target\":{\"@type\":\"EntryPoint\",\"urlTemplate\":\"https:\/\/www.skechers.com.tr\/blog\/?s={search_term_string}\"},\"query-input\":\"required name=search_term_string\"}],\"inLanguage\":\"tr\"},{\"@type\":\"ImageObject\",\"@id\":\"https:\/\/www.skechers.com.tr\/blog\/black-friday-alisveris-rehberi-indirimleri-nasil-degerlendirirsiniz\/#primaryimage\",\"inLanguage\":\"tr\",\"url\":\"https:\/\/www.skechers.com.tr\/blog\/wp-content\/uploads\/2021\/09\/pexels-max-fischer-5868272.jpg\",\"contentUrl\":\"https:\/\/www.skechers.com.tr\/blog\/wp-content\/uploads\/2021\/09\/pexels-max-fischer-5868272.jpg\",\"width\":828,\"height\":552,\"caption\":\"Black Friday Ne Zaman? Black Friday Nedir?\"},{\"@type\":\"WebPage\",\"@id\":\"https:\/\/www.skechers.com.tr\/blog\/black-friday-alisveris-rehberi-indirimleri-nasil-degerlendirirsiniz\/#webpage\",\"url\":\"https:\/\/www.skechers.com.tr\/blog\/black-friday-alisveris-rehberi-indirimleri-nasil-degerlendirirsiniz\/\",\"name\":\"Black Friday Al\u0131\u015fveri\u015f Rehberi: \u0130ndirimleri Nas\u0131l De\u011ferlendirirsiniz?\",\"isPartOf\":{\"@id\":\"https:\/\/www.skechers.com.tr\/blog\/#website\"},\"primaryImageOfPage\":{\"@id\":\"https:\/\/www.skechers.com.tr\/blog\/black-friday-alisveris-rehberi-indirimleri-nasil-degerlendirirsiniz\/#primaryimage\"},\"datePublished\":\"2023-10-13T13:31:03+00:00\",\"dateModified\":\"2023-10-13T13:31:36+00:00\",\"author\":{\"@id\":\"https:\/\/www.skechers.com.tr\/blog\/#\/schema\/person\/6d09a0595696524814757d23d22b4c33\"},\"description\":\"Black Friday al\u0131\u015fveri\u015f rehberini yay\u0131nlad\u0131k! \u0130ndirimleri nas\u0131l de\u011ferlendirece\u011fini \u00f6\u011frenmek i\u00e7in hemen t\u0131klay\u0131n.\",\"breadcrumb\":{\"@id\":\"https:\/\/www.skechers.com.tr\/blog\/black-friday-alisveris-rehberi-indirimleri-nasil-degerlendirirsiniz\/#breadcrumb\"},\"inLanguage\":\"tr\",\"potentialAction\":[{\"@type\":\"ReadAction\",\"target\":[\"https:\/\/www.skechers.com.tr\/blog\/black-friday-alisveris-rehberi-indirimleri-nasil-degerlendirirsiniz\/\"]}]},{\"@type\":\"BreadcrumbList\",\"@id\":\"https:\/\/www.skechers.com.tr\/blog\/black-friday-alisveris-rehberi-indirimleri-nasil-degerlendirirsiniz\/#breadcrumb\",\"itemListElement\":[{\"@type\":\"ListItem\",\"position\":1,\"name\":\"Black Friday Al\u0131\u015fveri\u015f Rehberi: \u0130ndirimleri Nas\u0131l De\u011ferlendirirsiniz?\"}]},{\"@type\":\"Person\",\"@id\":\"https:\/\/www.skechers.com.tr\/blog\/#\/schema\/person\/6d09a0595696524814757d23d22b4c33\",\"name\":\"Skechers T\u00fcrkiye\",\"image\":{\"@type\":\"ImageObject\",\"@id\":\"https:\/\/www.skechers.com.tr\/blog\/#personlogo\",\"inLanguage\":\"tr\",\"url\":\"https:\/\/secure.gravatar.com\/avatar\/0fc2191869a9a020b4606acf264338ae?s=96&d=mm&r=g\",\"contentUrl\":\"https:\/\/secure.gravatar.com\/avatar\/0fc2191869a9a020b4606acf264338ae?s=96&d=mm&r=g\",\"caption\":\"Skechers T\u00fcrkiye\"},\"description\":\"Skechers spor ayakkab\u0131 \u00fcr\u00fcnleri ile rahatl\u0131\u011f\u0131 ve kaliteyi hisset!\"}]}<\/script>\n<!-- \/ Yoast SEO plugin. -->","yoast_head_json":{"title":"Black Friday Al\u0131\u015fveri\u015f Rehberi: \u0130ndirimleri Nas\u0131l De\u011ferlendirirsiniz?","description":"Black Friday al\u0131\u015fveri\u015f rehberini yay\u0131nlad\u0131k! \u0130ndirimleri nas\u0131l de\u011ferlendirece\u011fini \u00f6\u011frenmek i\u00e7in hemen t\u0131klay\u0131n.","robots":{"index":"index","follow":"follow","max-snippet":"max-snippet:-1","max-image-preview":"max-image-preview:large","max-video-preview":"max-video-preview:-1"},"canonical":"https:\/\/www.skechers.com.tr\/blog\/black-friday-alisveris-rehberi-indirimleri-nasil-degerlendirirsiniz\/","og_locale":"tr_TR","og_type":"article","og_title":"Black Friday Al\u0131\u015fveri\u015f Rehberi: \u0130ndirimleri Nas\u0131l De\u011ferlendirirsiniz?","og_description":"Black Friday al\u0131\u015fveri\u015f rehberini yay\u0131nlad\u0131k! \u0130ndirimleri nas\u0131l de\u011ferlendirece\u011fini \u00f6\u011frenmek i\u00e7in hemen t\u0131klay\u0131n.","og_url":"https:\/\/www.skechers.com.tr\/blog\/black-friday-alisveris-rehberi-indirimleri-nasil-degerlendirirsiniz\/","og_site_name":"Skechers Blog","article_published_time":"2023-10-13T13:31:03+00:00","article_modified_time":"2023-10-13T13:31:36+00:00","og_image":[{"width":828,"height":552,"url":"https:\/\/www.skechers.com.tr\/blog\/wp-content\/uploads\/2021\/09\/pexels-max-fischer-5868272.jpg","type":"image\/jpeg"}],"twitter_card":"summary_large_image","twitter_misc":{"Yazan:":"Skechers T\u00fcrkiye","Tahmini okuma s\u00fcresi":"7 dakika"},"schema":{"@context":"https:\/\/schema.org","@graph":[{"@type":"WebSite","@id":"https:\/\/www.skechers.com.tr\/blog\/#website","url":"https:\/\/www.skechers.com.tr\/blog\/","name":"Skechers Blog","description":"Skechers","potentialAction":[{"@type":"SearchAction","target":{"@type":"EntryPoint","urlTemplate":"https:\/\/www.skechers.com.tr\/blog\/?s={search_term_string}"},"query-input":"required name=search_term_string"}],"inLanguage":"tr"},{"@type":"ImageObject","@id":"https:\/\/www.skechers.com.tr\/blog\/black-friday-alisveris-rehberi-indirimleri-nasil-degerlendirirsiniz\/#primaryimage","inLanguage":"tr","url":"https:\/\/www.skechers.com.tr\/blog\/wp-content\/uploads\/2021\/09\/pexels-max-fischer-5868272.jpg","contentUrl":"https:\/\/www.skechers.com.tr\/blog\/wp-content\/uploads\/2021\/09\/pexels-max-fischer-5868272.jpg","width":828,"height":552,"caption":"Black Friday Ne Zaman? Black Friday Nedir?"},{"@type":"WebPage","@id":"https:\/\/www.skechers.com.tr\/blog\/black-friday-alisveris-rehberi-indirimleri-nasil-degerlendirirsiniz\/#webpage","url":"https:\/\/www.skechers.com.tr\/blog\/black-friday-alisveris-rehberi-indirimleri-nasil-degerlendirirsiniz\/","name":"Black Friday Al\u0131\u015fveri\u015f Rehberi: \u0130ndirimleri Nas\u0131l De\u011ferlendirirsiniz?","isPartOf":{"@id":"https:\/\/www.skechers.com.tr\/blog\/#website"},"primaryImageOfPage":{"@id":"https:\/\/www.skechers.com.tr\/blog\/black-friday-alisveris-rehberi-indirimleri-nasil-degerlendirirsiniz\/#primaryimage"},"datePublished":"2023-10-13T13:31:03+00:00","dateModified":"2023-10-13T13:31:36+00:00","author":{"@id":"https:\/\/www.skechers.com.tr\/blog\/#\/schema\/person\/6d09a0595696524814757d23d22b4c33"},"description":"Black Friday al\u0131\u015fveri\u015f rehberini yay\u0131nlad\u0131k! \u0130ndirimleri nas\u0131l de\u011ferlendirece\u011fini \u00f6\u011frenmek i\u00e7in hemen t\u0131klay\u0131n.","breadcrumb":{"@id":"https:\/\/www.skechers.com.tr\/blog\/black-friday-alisveris-rehberi-indirimleri-nasil-degerlendirirsiniz\/#breadcrumb"},"inLanguage":"tr","potentialAction":[{"@type":"ReadAction","target":["https:\/\/www.skechers.com.tr\/blog\/black-friday-alisveris-rehberi-indirimleri-nasil-degerlendirirsiniz\/"]}]},{"@type":"BreadcrumbList","@id":"https:\/\/www.skechers.com.tr\/blog\/black-friday-alisveris-rehberi-indirimleri-nasil-degerlendirirsiniz\/#breadcrumb","itemListElement":[{"@type":"ListItem","position":1,"name":"Black Friday Al\u0131\u015fveri\u015f Rehberi: \u0130ndirimleri Nas\u0131l De\u011ferlendirirsiniz?"}]},{"@type":"Person","@id":"https:\/\/www.skechers.com.tr\/blog\/#\/schema\/person\/6d09a0595696524814757d23d22b4c33","name":"Skechers T\u00fcrkiye","image":{"@type":"ImageObject","@id":"https:\/\/www.skechers.com.tr\/blog\/#personlogo","inLanguage":"tr","url":"https:\/\/secure.gravatar.com\/avatar\/0fc2191869a9a020b4606acf264338ae?s=96&d=mm&r=g","contentUrl":"https:\/\/secure.gravatar.com\/avatar\/0fc2191869a9a020b4606acf264338ae?s=96&d=mm&r=g","caption":"Skechers T\u00fcrkiye"},"description":"Skechers spor ayakkab\u0131 \u00fcr\u00fcnleri ile rahatl\u0131\u011f\u0131 ve kaliteyi hisset!"}]}},"_links":{"self":[{"href":"https:\/\/www.skechers.com.tr\/blog\/wp-json\/wp\/v2\/posts\/2919"}],"collection":[{"href":"https:\/\/www.skechers.com.tr\/blog\/wp-json\/wp\/v2\/posts"}],"about":[{"href":"https:\/\/www.skechers.com.tr\/blog\/wp-json\/wp\/v2\/types\/post"}],"author":[{"embeddable":true,"href":"https:\/\/www.skechers.com.tr\/blog\/wp-json\/wp\/v2\/users\/1"}],"replies":[{"embeddable":true,"href":"https:\/\/www.skechers.com.tr\/blog\/wp-json\/wp\/v2\/comments?post=2919"}],"version-history":[{"count":3,"href":"https:\/\/www.skechers.com.tr\/blog\/wp-json\/wp\/v2\/posts\/2919\/revisions"}],"predecessor-version":[{"id":2922,"href":"https:\/\/www.skechers.com.tr\/blog\/wp-json\/wp\/v2\/posts\/2919\/revisions\/2922"}],"wp:featuredmedia":[{"embeddable":true,"href":"https:\/\/www.skechers.com.tr\/blog\/wp-json\/wp\/v2\/media\/2129"}],"wp:attachment":[{"href":"https:\/\/www.skechers.com.tr\/blog\/wp-json\/wp\/v2\/media?parent=2919"}],"wp:term":[{"taxonomy":"category","embeddable":true,"href":"https:\/\/www.skechers.com.tr\/blog\/wp-json\/wp\/v2\/categories?post=2919"},{"taxonomy":"post_tag","embeddable":true,"href":"https:\/\/www.skechers.com.tr\/blog\/wp-json\/wp\/v2\/tags?post=2919"}],"curies":[{"name":"wp","href":"https:\/\/api.w.org\/{rel}","templated":true}]}}