{"id":2912,"date":"2023-09-07T22:18:09","date_gmt":"2023-09-07T22:18:09","guid":{"rendered":"https:\/\/www.skechers.com.tr\/blog\/?p=2912"},"modified":"2023-09-07T22:18:09","modified_gmt":"2023-09-07T22:18:09","slug":"okula-donus-yeni-egitim-yilina-hazirlanin","status":"publish","type":"post","link":"https:\/\/www.skechers.com.tr\/blog\/okula-donus-yeni-egitim-yilina-hazirlanin\/","title":{"rendered":"Okula D\u00f6n\u00fc\u015f: Yeni E\u011fitim Y\u0131l\u0131na Haz\u0131rlan\u0131n"},"content":{"rendered":"<p><span style=\"font-weight: 400;\">Okullar, her y\u0131l Eyl\u00fcl ay\u0131nda a\u00e7\u0131l\u0131r ve Haziran ay\u0131na kadar \u00e7ocuklar\u0131n d\u00fczenli ve verimli bir \u015fekilde e\u011fitim g\u00f6rmesini sa\u011flar. Bu kurumlarda \u00f6zellikle \u00e7ocuklar\u0131n mutlu, huzurlu ve \u00f6\u011frenmeye elveri\u015fli yap\u0131lar\u0131n\u0131n korunmas\u0131 ve y\u0131l boyu devam edebilmesi i\u00e7in birtak\u0131m \u00f6n haz\u0131rl\u0131klara ihtiya\u00e7lar\u0131 vard\u0131r. Bu \u00f6n haz\u0131rl\u0131klar okul a\u00e7\u0131lmadan \u00f6nce ihtiya\u00e7lar\u0131n belirlenmesi ile ba\u015flar ve ilk hafta okula giderek eksiklerin giderilmesi ile son bulur. Okula d\u00f6n\u00fc\u015f aylar\u0131nda hem \u00e7ocuklar\u0131 hem de anne babalar\u0131 sevindiren bu tatl\u0131 tela\u015f, \u00e7ocu\u011fun ihtiya\u00e7lar\u0131n\u0131n do\u011fru bir \u015fekilde temin edilmesiyle sorunsuz olarak ger\u00e7ekle\u015fir. Okul al\u0131\u015fveri\u015fi i\u00e7in en uygun zaman\u0131 bilmek, yorucu ve stresli anlar ya\u015fanmas\u0131n\u0131n \u00f6n\u00fcne ge\u00e7er. \u00c7ocuklar\u0131n ihtiya\u00e7lar\u0131n\u0131n \u00f6nceden temin edilmesi, onlar\u0131 haz\u0131rl\u0131kl\u0131 hissettirerek i\u00e7lerini rahatlat\u0131r.<\/span><span style=\"font-weight: 400;\">\u00a0<\/span><\/p>\n<h2><span style=\"font-weight: 400;\">Okul Al\u0131\u015fveri\u015fi Ne Zaman Yap\u0131l\u0131r?<\/span><\/h2>\n<p><span style=\"font-weight: 400;\">Okul al\u0131\u015fveri\u015fi okullar hemen a\u00e7\u0131lmadan \u00f6nce, veliler ve \u00e7ocuklar\u0131n heyecanla yapt\u0131\u011f\u0131 bir al\u0131\u015fveri\u015f t\u00fcr\u00fcd\u00fcr. Yeni e\u011fitim y\u0131l\u0131na haz\u0131rl\u0131k yapan ebeveynler ve \u00e7ocuklar, genellikle bu al\u0131\u015fveri\u015f ser\u00fcvenine yaz\u0131n sonundan itibaren ba\u015flarlar. Okula yeni ba\u015flayacak \u00e7ocuklar i\u00e7in bu, at\u0131lan ilk ad\u0131md\u0131r. Her kademe i\u00e7in \u00f6\u011frencinin ihtiyac\u0131 farkl\u0131l\u0131k g\u00f6sterir. Anne babalar, okul al\u0131\u015fveri\u015fi yaparken \u00f6ncelikleri de\u011fi\u015fkenlik g\u00f6steren \u00e7ocuklar\u0131n bireysel tercihlerini de g\u00f6z \u00f6n\u00fcnde bulundurmal\u0131d\u0131r. \u00c7ocuklar\u0131 yans\u0131tmayan renklerden ve desenlerden ka\u00e7\u0131n\u0131lmal\u0131d\u0131r. Konforlu ve modern tasar\u0131ml\u0131 \u00e7antalar, ayakkab\u0131lar, e\u015fofmanlar ve spor taytlar\u0131 detayl\u0131 incelenmelidir. Okul al\u0131\u015fveri\u015fleri ihtiya\u00e7lar ve ya\u015flar\u00a0 dikkate al\u0131narak planlanmal\u0131d\u0131r. Her ya\u015f grubu i\u00e7in farkl\u0131 ihtiya\u00e7lar g\u00fcndeme gelir. Fiyat kar\u015f\u0131la\u015ft\u0131rmas\u0131 yapabilmek, herhangi bir ihtiya\u00e7 \u00fcr\u00fcn\u00fcn\u00fc sat\u0131n almadan \u00f6nce do\u011fru bir bi\u00e7imde\u00a0 de\u011ferlendirebilmek i\u00e7in ara\u015ft\u0131rma yap\u0131lmal\u0131d\u0131r. Okul al\u0131\u015fveri\u015fi genellikle Eyl\u00fcl ay\u0131nda yap\u0131lsa da acele etmeden t\u00fcm ihtiya\u00e7lar tek tek incelenmeli ve her t\u00fcrl\u00fc ihtiya\u00e7 i\u00e7in kaliteli, \u00e7ocuk i\u00e7in konfor sa\u011flayacak \u00fcr\u00fcnler tercih edilmelidir. Bu noktada \u00e7ocu\u011fun sa\u011fl\u0131\u011f\u0131 da \u00f6n planda tutulmal\u0131d\u0131r.\u00a0<\/span><\/p>\n<h2><span style=\"font-weight: 400;\">\u0130lkokul, Ortaokul ve Lise \u0130htiya\u00e7lar\u0131 Nelerdir?<\/span><\/h2>\n<p><span style=\"font-weight: 400;\">Okul al\u0131\u015fveri\u015fi listesi defterler, kalemler, \u00e7antalar derken uzay\u0131p giden bir liste haline gelir. Bu listenin en \u00f6nemli maddesi, \u00e7ocuklar\u0131n b\u00fct\u00fcn g\u00fcn i\u00e7inde rahat etmesi ama\u00e7lanan okul ayakkab\u0131lar\u0131d\u0131r. Okulda ge\u00e7irilen vaktin uzunlu\u011fu da g\u00f6z \u00f6n\u00fcne al\u0131nd\u0131\u011f\u0131nda sa\u011fl\u0131kl\u0131 ve kaliteli bir <\/span><a href=\"https:\/\/www.skechers.com.tr\/okul-ayakkabisi-c-3603?utm-source=content&amp;utm_medium=blog&amp;utm-camping=okula-donus-yeni-egitim-yilina-hazirlanin&amp;utm_term=3603\"><span style=\"font-weight: 400;\">okul ayakkab\u0131s\u0131<\/span><\/a><span style=\"font-weight: 400;\"> tercih edilmesi gerekir. Skechers okula d\u00f6n\u00fc\u015f i\u00e7in en do\u011fru tercih olacakt\u0131r. \u0130htiya\u00e7lar belirlenirken dikkat edilmesi gereken bir di\u011fer ayr\u0131nt\u0131 ise \u00e7antalard\u0131r. Sa\u011fl\u0131ks\u0131z bir <\/span><a href=\"https:\/\/www.skechers.com.tr\/sirt-cantasi-c-6203?utm-source=content&amp;utm_medium=blog&amp;utm-camping=okula-donus-yeni-egitim-yilina-hazirlanin&amp;utm_term=6203\"><span style=\"font-weight: 400;\">s\u0131rt \u00e7antas\u0131<\/span><\/a><span style=\"font-weight: 400;\">, <\/span><span style=\"font-weight: 400;\">bel, <\/span><span style=\"font-weight: 400;\">boyun ve omuz a\u011fr\u0131lar\u0131, duru\u015f bozukluklar\u0131, skolyoz, sinir s\u0131k\u0131\u015fmalar\u0131 ve hasarlar\u0131 gibi bir\u00e7ok probleme neden olabilir. Sa\u011fl\u0131ks\u0131z okul \u00e7antalar\u0131;<\/span> <span style=\"font-weight: 400;\">k\u00fc\u00e7\u00fck ya\u015flardaki <\/span><span style=\"font-weight: 400;\">\u00e7ocuklar\u0131n geli\u015fmekte olan eklem ve kas yap\u0131lar\u0131nda zorlanmalara neden olarak <\/span><span style=\"font-weight: 400;\">s\u0131rt<\/span><span style=\"font-weight: 400;\"> e\u011friliklerine, duru\u015f bozukluklar\u0131na ve ciddi omurga rahats\u0131zl\u0131klar\u0131na neden olur. \u00c7ocuklar\u0131n ya\u015flar\u0131na uygun, ta\u015f\u0131yabilecekleri \u00e7anta modelleri i\u00e7in Skechers, <\/span>okula d\u00f6n\u00fc\u015f<span style=\"font-weight: 400;\"> kapsam\u0131nda birbirinden renkli ve \u00e7e\u015fitli tasar\u0131mlar\u0131 sizlerin tercihine sunar. Okul al\u0131\u015fveri\u015fi s\u00f6z konusu oldu\u011fu zaman \u00e7ocuklar\u0131n, Beden E\u011fitimi ve benzeri aktivite derslerinde olan ihtiya\u00e7lar\u0131 da g\u00f6z \u00f6n\u00fcnde bulundurulur. Rahat bir spor ayakkab\u0131s\u0131 beden e\u011fitimi dersleri ve di\u011fer okul i\u00e7i etkinliklere kat\u0131l\u0131m i\u00e7in son derece \u00f6nemlidir. \u00c7ocuklar\u0131n ko\u015farken, oyun oynarken rahat hareket edebilmesi i\u00e7in Skechers, \u00e7ocuklar\u0131n ayaklar\u0131n\u0131 rahat ettirecek ergonomik tasar\u0131mlar\u0131n\u0131 ebeveynlerle bulu\u015fturur.\u00a0<\/span><\/p>\n<h2><span style=\"font-weight: 400;\">Okul \u00c7antas\u0131 Nas\u0131l Olmal\u0131d\u0131r?<\/span><\/h2>\n<p><span style=\"font-weight: 400;\">Okul \u00e7antalar\u0131, en temel ihtiya\u00e7lardan bir tanesidir. \u00c7ocuklar i\u00e7in v\u00fccuda uygun bir <\/span><b>s\u0131rt \u00e7antas\u0131<\/b><span style=\"font-weight: 400;\"> tercih edilmeli ve geli\u015fme d\u00f6nemindeki \u00e7ocuklar\u0131n omurga sa\u011fl\u0131\u011f\u0131 tehlikeye at\u0131lmamal\u0131d\u0131r. Okul \u00e7antas\u0131 se\u00e7ilirken g\u00f6z \u00f6n\u00fcnde bulundurulmas\u0131 gereken en \u00f6nemli fakt\u00f6r, \u00e7ocu\u011fun ya\u015f\u0131d\u0131r. Bir di\u011fer \u00f6nemli nokta ise okulun \u00f6nerdi\u011fi model ya da rengin olup olmad\u0131\u011f\u0131d\u0131r. Okul \u00e7antas\u0131 almadan \u00f6nce bu \u00f6nemli noktay\u0131 ara\u015ft\u0131rmal\u0131, okul kurallar\u0131 incelenmelidir. \u00c7ocu\u011fun ya\u015f\u0131na ve kas durumuna g\u00f6re ta\u015f\u0131ma kapasitesi belirlenmelidir. Belirlendikten sonra do\u011fru boyutlarda bir \u00e7anta bulunup bulunmad\u0131\u011f\u0131na emin olunmal\u0131d\u0131r.\u00a0<\/span><\/p>\n<ul>\n<li><span style=\"font-weight: 400;\">\u00c7ift ask\u0131l\u0131 olan s\u0131rt \u00e7antas\u0131 modelleri tercih edilmelidir ve tek tarafl\u0131 s\u0131rt \u00e7antalar\u0131ndan uzak durulmal\u0131d\u0131r.<\/span><\/li>\n<li><span style=\"font-weight: 400;\">S\u0131rt \u200cpedlerinin yumu\u015fak ve kal\u0131n olmas\u0131 da \u00f6nemlidir.<\/span><\/li>\n<li><span style=\"font-weight: 400;\">Yast\u0131kl\u0131 kay\u0131\u015flar\u0131 ve yumu\u015fak s\u0131rt\u0131 olan okul \u00e7antalar\u0131 tercih edilmelidir.<\/span><\/li>\n<li><span style=\"font-weight: 400;\">\u0130nce kemerli \u00e7antalar ve omuzlar\u0131nda yumu\u015fak yap\u0131 bar\u0131nd\u0131rmayan modeller, omuz ve s\u0131rt b\u00f6lgesinde yumu\u015fak doku hasar\u0131na neden olabilir. Bu nedenle \u00e7antada omuz pedi olup olmad\u0131\u011f\u0131 kontrol edilmelidir.<\/span><\/li>\n<li><span style=\"font-weight: 400;\">Omuz ask\u0131lar\u0131n\u0131n uzunlu\u011fu da \u00f6nemlidir. Ask\u0131lar\u0131n destekleyici tokalar\u0131 olmal\u0131 ve \u00e7antan\u0131n ortas\u0131 \u00e7ocu\u011fun beline denk gelene kadar ayarlanabilmelidir.<\/span><\/li>\n<li><span style=\"font-weight: 400;\"> A\u011f\u0131rl\u0131\u011f\u0131 e\u015fit olarak da\u011f\u0131tmak i\u00e7in cepleri, yuvalar\u0131 ve b\u00f6lmeleri olan \u00e7antalar tercih edilmelidir.<\/span><\/li>\n<li><span style=\"font-weight: 400;\">Okul \u00e7antas\u0131 materyallerinin kaliteli olmas\u0131 \u00e7ocu\u011fun sa\u011fl\u0131\u011f\u0131 i\u00e7in \u00f6nemlidir.<\/span><\/li>\n<li><span style=\"font-weight: 400;\">\u00c7anta \u00fcretiminde kullan\u0131lan materyalleri mutlaka kontrol edilmelidir.<\/span><\/li>\n<\/ul>\n<p><span style=\"font-weight: 400;\">Okul \u00e7antalar\u0131n\u0131 s\u00f6z konusu oldu\u011funda Skechers, b\u00fct\u00fcn bu \u00f6zellikleri ta\u015f\u0131yan, konforlu tasar\u0131mlar\u0131yla ebeveynlerin i\u00e7ini rahatlat\u0131r.<\/span><\/p>\n<h2><span style=\"font-weight: 400;\">Okul Ayakkab\u0131s\u0131 Nas\u0131l Olmal\u0131d\u0131r?<\/span><\/h2>\n<p><span style=\"font-weight: 400;\">Okul ayakkab\u0131s\u0131 se\u00e7ilirken her \u015feyden \u00f6nce \u00e7ocuklar\u0131n g\u00fcn boyu ayak sa\u011fl\u0131\u011f\u0131n\u0131 koruyabilecek, rahat ve esnek ayakkab\u0131lar olmalar\u0131na \u00f6zen g\u00f6sterilmelidir. Bu konuda tercih yaparken dikkat edilmesi gereken noktalar \u015funlard\u0131r;\u00a0<\/span><\/p>\n<ul>\n<li><span style=\"font-weight: 400;\">Okul ayakkab\u0131s\u0131 se\u00e7erken g\u00f6z \u00f6n\u00fcnde bulundurulmas\u0131 gereken ilk ayr\u0131nt\u0131 \u00e7ocu\u011fun ya\u015f\u0131d\u0131r. Ya\u015f, ayakkab\u0131 tercihinde belirleyici bir unsurdur.<\/span><\/li>\n<li><span style=\"font-weight: 400;\">Anaokulunda kullan\u0131lacak olan <\/span>okul ayakkab\u0131s\u0131<span style=\"font-weight: 400;\"> daha yumu\u015fak olmal\u0131d\u0131r. Okul \u00f6ncesi ya\u015f grubu i\u00e7in esnek yap\u0131da ayakkab\u0131lar tercih edilmelidir.<\/span><\/li>\n<li><span style=\"font-weight: 400;\">Ortaokul ve ilkokul \u00f6\u011frencileri i\u00e7in dayan\u0131kl\u0131 ve destekleyici yap\u0131da okul ayakkab\u0131s\u0131 sat\u0131n al\u0131nmal\u0131d\u0131r.<\/span><\/li>\n<li><span style=\"font-weight: 400;\">Ayakkab\u0131n\u0131n malzemesi olduk\u00e7a \u00f6nemlidir. Okul ayakkab\u0131lar\u0131 hava alabilen ve nem transferini sa\u011flayan yap\u0131da olmal\u0131d\u0131r.<\/span><\/li>\n<li><span style=\"font-weight: 400;\">\u00c7ocu\u011fun ayak \u00f6l\u00e7\u00fcs\u00fc d\u00fczenli olarak kontrol edilmeli ve\u00a0 do\u011fru numara bulunmal\u0131d\u0131r.<\/span><\/li>\n<li><span style=\"font-weight: 400;\">Ayakkab\u0131n\u0131n i\u00e7 k\u0131sm\u0131n\u0131n diki\u015fsiz olmas\u0131 gerekir. Ayr\u0131ca taban\u0131n\u0131n esnek ve kaymaz \u00f6zellikte olmas\u0131 \u00f6nemlidir.<\/span><\/li>\n<li><span style=\"font-weight: 400;\">\u00d6zellikle ortopedik destekli ve ayak sa\u011fl\u0131\u011f\u0131na uygun olan modeller tercih edilmelidir.<\/span><\/li>\n<li><span style=\"font-weight: 400;\">Ebeveynlerin dikkat etmesi gereken bir di\u011fer konu ise okul ayakkab\u0131s\u0131n\u0131n bak\u0131m ve temizli\u011fidir. Bu konuda \u00e7ocuklar uyar\u0131lmal\u0131d\u0131r.<\/span><\/li>\n<li><span style=\"font-weight: 400;\">Lisede daha aktif bir d\u00f6neme girildi\u011fi i\u00e7in ayakkab\u0131lar\u0131n da bu aktif d\u00f6nemi kald\u0131rabiliyor olmas\u0131 gerekir. Aya\u011fa tam oturan ve sa\u011flam bir yap\u0131ya sahip ayakkab\u0131lar tercih edilmelidir. Hareket kabiliyetini s\u0131n\u0131rland\u0131ran ayakkab\u0131lardan uzak durulmal\u0131d\u0131r.<\/span><\/li>\n<li><span style=\"font-weight: 400;\">Okul ayakkab\u0131s\u0131 se\u00e7iminde, renk konusuna da \u00f6zen g\u00f6sterilmelidir. \u00d6rne\u011fin; \u00fcniformaya uygun ayakkab\u0131 rengi se\u00e7ilebilir. En yayg\u0131n renk se\u00e7ene\u011fi siyaht\u0131r. Siyah renkli ayakkab\u0131lar, kirlenmeye kar\u015f\u0131 dayan\u0131kl\u0131d\u0131r. Daha kolay temizlenebilir olmas\u0131 da en \u00e7ok tercih edilmesinin sebebi olarak g\u00f6sterilebilir.\u00a0<\/span><\/li>\n<\/ul>\n<h2><span style=\"font-weight: 400;\">Kamp\u00fcse D\u00f6n\u00fc\u015f Modas\u0131<\/span><\/h2>\n<p><a href=\"https:\/\/www.skechers.com.tr\/ozel-gunler-okula-donus-c-9006?utm-source=content&amp;utm_medium=blog&amp;utm-camping=okula-donus-yeni-egitim-yilina-hazirlanin&amp;utm_term=9006\"><span style=\"font-weight: 400;\">Okula d\u00f6n\u00fc\u015f<\/span><\/a><span style=\"font-weight: 400;\"> haz\u0131rl\u0131klar\u0131 yap\u0131l\u0131rken Skechers ma\u011fazalar\u0131nda bulunan \u00e7e\u015fitli ayakkab\u0131, \u00e7anta ve sportif k\u0131yafet modelleri ayn\u0131 zamanda kamp\u00fcse d\u00f6n\u00fc\u015f modas\u0131n\u0131 da ba\u015flat\u0131r. Skechers, yaln\u0131zca \u00e7ocuklar i\u00e7in de\u011fil kamp\u00fcste amfiden amfiye ko\u015fturan gen\u00e7ler i\u00e7in de uygun ve g\u00fcncel tasar\u0131mlar\u0131yla \u00f6ne \u00e7\u0131kar. Gen\u00e7lerin hem rahat hem de \u00fcniversitedeki pop\u00fclerliklerini artt\u0131racak spor ayakkab\u0131lar\u0131 tercih etmesini destekler. Kamp\u00fcste hem rahatl\u0131\u011f\u0131ndan \u00f6d\u00fcn vermek istemeyen hem de \u015f\u0131k ve stil g\u00f6r\u00fcn\u00fcme kavu\u015fmak isteyen gen\u00e7lerin ilk tercihi olan Skechers, bir\u00e7ok model ve \u00e7e\u015fitli renk se\u00e7enekleriyle kombinleri bir ad\u0131m \u00f6ne \u00e7\u0131kararak fark yarat\u0131r. Yeni tasar\u0131mlar\u0131n ve trendlerin ayn\u0131 zamanda sa\u011fl\u0131kl\u0131 olmas\u0131 da gerekir. Bu nedenle takitlerden ve sa\u011fl\u0131kl\u0131 bir \u00fcretim s\u00fcreci bulunmayan ayakkab\u0131 ve \u00e7antalardan uzak durulmal\u0131d\u0131r. Skechers, bu konuda olduk\u00e7a hassas davranarak b\u00fct\u00fcn tasar\u0131mlar\u0131 hakk\u0131nda detayl\u0131 bilgileri \u00fcr\u00fcn kutular\u0131 ya da etiketlerinde belirterek tercihinizi kolayla\u015ft\u0131rmas\u0131n\u0131n yan\u0131 s\u0131ra g\u00fcvenilirli\u011fi de art\u0131rmay\u0131 hedefler.<\/span><\/p>\n","protected":false},"excerpt":{"rendered":"<p>Okullar, her y\u0131l Eyl\u00fcl ay\u0131nda a\u00e7\u0131l\u0131r ve Haziran ay\u0131na kadar \u00e7ocuklar\u0131n d\u00fczenli ve verimli bir \u015fekilde e\u011fitim g\u00f6rmesini sa\u011flar. Bu kurumlarda \u00f6zellikle \u00e7ocuklar\u0131n mutlu, huzurlu ve \u00f6\u011frenmeye elveri\u015fli yap\u0131lar\u0131n\u0131n korunmas\u0131 ve y\u0131l boyu devam edebilmesi i\u00e7in birtak\u0131m \u00f6n haz\u0131rl\u0131klara ihtiya\u00e7lar\u0131 vard\u0131r. Bu \u00f6n haz\u0131rl\u0131klar okul a\u00e7\u0131lmadan \u00f6nce ihtiya\u00e7lar\u0131n belirlenmesi ile ba\u015flar ve ilk hafta okula [&hellip;]<\/p>\n","protected":false},"author":1,"featured_media":2913,"comment_status":"open","ping_status":"open","sticky":false,"template":"","format":"standard","meta":[],"categories":[1],"tags":[],"yoast_head":"<!-- This site is optimized with the Yoast SEO plugin v18.5.1 - https:\/\/yoast.com\/wordpress\/plugins\/seo\/ -->\n<title>Okula D\u00f6n\u00fc\u015f: Yeni E\u011fitim Y\u0131l\u0131na Haz\u0131rlan\u0131n - Skechers Blog<\/title>\n<meta name=\"description\" content=\"Okullar, her y\u0131l Eyl\u00fcl ay\u0131nda a\u00e7\u0131l\u0131r ve Haziran ay\u0131na kadar \u00e7ocuklar\u0131n d\u00fczenli ve verimli bir \u015fekilde e\u011fitim g\u00f6rmesini sa\u011flar.\" \/>\n<meta name=\"robots\" content=\"index, follow, max-snippet:-1, max-image-preview:large, max-video-preview:-1\" \/>\n<link rel=\"canonical\" href=\"https:\/\/www.skechers.com.tr\/blog\/okula-donus-yeni-egitim-yilina-hazirlanin\/\" \/>\n<meta property=\"og:locale\" content=\"tr_TR\" \/>\n<meta property=\"og:type\" content=\"article\" \/>\n<meta property=\"og:title\" content=\"Okula D\u00f6n\u00fc\u015f: Yeni E\u011fitim Y\u0131l\u0131na Haz\u0131rlan\u0131n - Skechers Blog\" \/>\n<meta property=\"og:description\" content=\"Okullar, her y\u0131l Eyl\u00fcl ay\u0131nda a\u00e7\u0131l\u0131r ve Haziran ay\u0131na kadar \u00e7ocuklar\u0131n d\u00fczenli ve verimli bir \u015fekilde e\u011fitim g\u00f6rmesini sa\u011flar.\" \/>\n<meta property=\"og:url\" content=\"https:\/\/www.skechers.com.tr\/blog\/okula-donus-yeni-egitim-yilina-hazirlanin\/\" \/>\n<meta property=\"og:site_name\" content=\"Skechers Blog\" \/>\n<meta property=\"article:published_time\" content=\"2023-09-07T22:18:09+00:00\" \/>\n<meta property=\"og:image\" content=\"https:\/\/www.skechers.com.tr\/blog\/wp-content\/uploads\/2023\/09\/okula-donus.jpeg\" \/>\n\t<meta property=\"og:image:width\" content=\"1124\" \/>\n\t<meta property=\"og:image:height\" content=\"750\" \/>\n\t<meta property=\"og:image:type\" content=\"image\/jpeg\" \/>\n<meta name=\"twitter:card\" content=\"summary_large_image\" \/>\n<meta name=\"twitter:label1\" content=\"Yazan:\" \/>\n\t<meta name=\"twitter:data1\" content=\"Skechers T\u00fcrkiye\" \/>\n\t<meta name=\"twitter:label2\" content=\"Tahmini okuma s\u00fcresi\" \/>\n\t<meta name=\"twitter:data2\" content=\"7 dakika\" \/>\n<script type=\"application\/ld+json\" class=\"yoast-schema-graph\">{\"@context\":\"https:\/\/schema.org\",\"@graph\":[{\"@type\":\"WebSite\",\"@id\":\"https:\/\/www.skechers.com.tr\/blog\/#website\",\"url\":\"https:\/\/www.skechers.com.tr\/blog\/\",\"name\":\"Skechers Blog\",\"description\":\"Skechers\",\"potentialAction\":[{\"@type\":\"SearchAction\",\"target\":{\"@type\":\"EntryPoint\",\"urlTemplate\":\"https:\/\/www.skechers.com.tr\/blog\/?s={search_term_string}\"},\"query-input\":\"required name=search_term_string\"}],\"inLanguage\":\"tr\"},{\"@type\":\"ImageObject\",\"@id\":\"https:\/\/www.skechers.com.tr\/blog\/okula-donus-yeni-egitim-yilina-hazirlanin\/#primaryimage\",\"inLanguage\":\"tr\",\"url\":\"https:\/\/www.skechers.com.tr\/blog\/wp-content\/uploads\/2023\/09\/okula-donus.jpeg\",\"contentUrl\":\"https:\/\/www.skechers.com.tr\/blog\/wp-content\/uploads\/2023\/09\/okula-donus.jpeg\",\"width\":1124,\"height\":750,\"caption\":\"okula d\u00f6n\u00fc\u015f\"},{\"@type\":\"WebPage\",\"@id\":\"https:\/\/www.skechers.com.tr\/blog\/okula-donus-yeni-egitim-yilina-hazirlanin\/#webpage\",\"url\":\"https:\/\/www.skechers.com.tr\/blog\/okula-donus-yeni-egitim-yilina-hazirlanin\/\",\"name\":\"Okula D\u00f6n\u00fc\u015f: Yeni E\u011fitim Y\u0131l\u0131na Haz\u0131rlan\u0131n - Skechers Blog\",\"isPartOf\":{\"@id\":\"https:\/\/www.skechers.com.tr\/blog\/#website\"},\"primaryImageOfPage\":{\"@id\":\"https:\/\/www.skechers.com.tr\/blog\/okula-donus-yeni-egitim-yilina-hazirlanin\/#primaryimage\"},\"datePublished\":\"2023-09-07T22:18:09+00:00\",\"dateModified\":\"2023-09-07T22:18:09+00:00\",\"author\":{\"@id\":\"https:\/\/www.skechers.com.tr\/blog\/#\/schema\/person\/6d09a0595696524814757d23d22b4c33\"},\"description\":\"Okullar, her y\u0131l Eyl\u00fcl ay\u0131nda a\u00e7\u0131l\u0131r ve Haziran ay\u0131na kadar \u00e7ocuklar\u0131n d\u00fczenli ve verimli bir \u015fekilde e\u011fitim g\u00f6rmesini sa\u011flar.\",\"breadcrumb\":{\"@id\":\"https:\/\/www.skechers.com.tr\/blog\/okula-donus-yeni-egitim-yilina-hazirlanin\/#breadcrumb\"},\"inLanguage\":\"tr\",\"potentialAction\":[{\"@type\":\"ReadAction\",\"target\":[\"https:\/\/www.skechers.com.tr\/blog\/okula-donus-yeni-egitim-yilina-hazirlanin\/\"]}]},{\"@type\":\"BreadcrumbList\",\"@id\":\"https:\/\/www.skechers.com.tr\/blog\/okula-donus-yeni-egitim-yilina-hazirlanin\/#breadcrumb\",\"itemListElement\":[{\"@type\":\"ListItem\",\"position\":1,\"name\":\"Okula D\u00f6n\u00fc\u015f: Yeni E\u011fitim Y\u0131l\u0131na Haz\u0131rlan\u0131n\"}]},{\"@type\":\"Person\",\"@id\":\"https:\/\/www.skechers.com.tr\/blog\/#\/schema\/person\/6d09a0595696524814757d23d22b4c33\",\"name\":\"Skechers T\u00fcrkiye\",\"image\":{\"@type\":\"ImageObject\",\"@id\":\"https:\/\/www.skechers.com.tr\/blog\/#personlogo\",\"inLanguage\":\"tr\",\"url\":\"https:\/\/secure.gravatar.com\/avatar\/0fc2191869a9a020b4606acf264338ae?s=96&d=mm&r=g\",\"contentUrl\":\"https:\/\/secure.gravatar.com\/avatar\/0fc2191869a9a020b4606acf264338ae?s=96&d=mm&r=g\",\"caption\":\"Skechers T\u00fcrkiye\"},\"description\":\"Skechers spor ayakkab\u0131 \u00fcr\u00fcnleri ile rahatl\u0131\u011f\u0131 ve kaliteyi hisset!\"}]}<\/script>\n<!-- \/ Yoast SEO plugin. -->","yoast_head_json":{"title":"Okula D\u00f6n\u00fc\u015f: Yeni E\u011fitim Y\u0131l\u0131na Haz\u0131rlan\u0131n - Skechers Blog","description":"Okullar, her y\u0131l Eyl\u00fcl ay\u0131nda a\u00e7\u0131l\u0131r ve Haziran ay\u0131na kadar \u00e7ocuklar\u0131n d\u00fczenli ve verimli bir \u015fekilde e\u011fitim g\u00f6rmesini sa\u011flar.","robots":{"index":"index","follow":"follow","max-snippet":"max-snippet:-1","max-image-preview":"max-image-preview:large","max-video-preview":"max-video-preview:-1"},"canonical":"https:\/\/www.skechers.com.tr\/blog\/okula-donus-yeni-egitim-yilina-hazirlanin\/","og_locale":"tr_TR","og_type":"article","og_title":"Okula D\u00f6n\u00fc\u015f: Yeni E\u011fitim Y\u0131l\u0131na Haz\u0131rlan\u0131n - Skechers Blog","og_description":"Okullar, her y\u0131l Eyl\u00fcl ay\u0131nda a\u00e7\u0131l\u0131r ve Haziran ay\u0131na kadar \u00e7ocuklar\u0131n d\u00fczenli ve verimli bir \u015fekilde e\u011fitim g\u00f6rmesini sa\u011flar.","og_url":"https:\/\/www.skechers.com.tr\/blog\/okula-donus-yeni-egitim-yilina-hazirlanin\/","og_site_name":"Skechers Blog","article_published_time":"2023-09-07T22:18:09+00:00","og_image":[{"width":1124,"height":750,"url":"https:\/\/www.skechers.com.tr\/blog\/wp-content\/uploads\/2023\/09\/okula-donus.jpeg","type":"image\/jpeg"}],"twitter_card":"summary_large_image","twitter_misc":{"Yazan:":"Skechers T\u00fcrkiye","Tahmini okuma s\u00fcresi":"7 dakika"},"schema":{"@context":"https:\/\/schema.org","@graph":[{"@type":"WebSite","@id":"https:\/\/www.skechers.com.tr\/blog\/#website","url":"https:\/\/www.skechers.com.tr\/blog\/","name":"Skechers Blog","description":"Skechers","potentialAction":[{"@type":"SearchAction","target":{"@type":"EntryPoint","urlTemplate":"https:\/\/www.skechers.com.tr\/blog\/?s={search_term_string}"},"query-input":"required name=search_term_string"}],"inLanguage":"tr"},{"@type":"ImageObject","@id":"https:\/\/www.skechers.com.tr\/blog\/okula-donus-yeni-egitim-yilina-hazirlanin\/#primaryimage","inLanguage":"tr","url":"https:\/\/www.skechers.com.tr\/blog\/wp-content\/uploads\/2023\/09\/okula-donus.jpeg","contentUrl":"https:\/\/www.skechers.com.tr\/blog\/wp-content\/uploads\/2023\/09\/okula-donus.jpeg","width":1124,"height":750,"caption":"okula d\u00f6n\u00fc\u015f"},{"@type":"WebPage","@id":"https:\/\/www.skechers.com.tr\/blog\/okula-donus-yeni-egitim-yilina-hazirlanin\/#webpage","url":"https:\/\/www.skechers.com.tr\/blog\/okula-donus-yeni-egitim-yilina-hazirlanin\/","name":"Okula D\u00f6n\u00fc\u015f: Yeni E\u011fitim Y\u0131l\u0131na Haz\u0131rlan\u0131n - Skechers Blog","isPartOf":{"@id":"https:\/\/www.skechers.com.tr\/blog\/#website"},"primaryImageOfPage":{"@id":"https:\/\/www.skechers.com.tr\/blog\/okula-donus-yeni-egitim-yilina-hazirlanin\/#primaryimage"},"datePublished":"2023-09-07T22:18:09+00:00","dateModified":"2023-09-07T22:18:09+00:00","author":{"@id":"https:\/\/www.skechers.com.tr\/blog\/#\/schema\/person\/6d09a0595696524814757d23d22b4c33"},"description":"Okullar, her y\u0131l Eyl\u00fcl ay\u0131nda a\u00e7\u0131l\u0131r ve Haziran ay\u0131na kadar \u00e7ocuklar\u0131n d\u00fczenli ve verimli bir \u015fekilde e\u011fitim g\u00f6rmesini sa\u011flar.","breadcrumb":{"@id":"https:\/\/www.skechers.com.tr\/blog\/okula-donus-yeni-egitim-yilina-hazirlanin\/#breadcrumb"},"inLanguage":"tr","potentialAction":[{"@type":"ReadAction","target":["https:\/\/www.skechers.com.tr\/blog\/okula-donus-yeni-egitim-yilina-hazirlanin\/"]}]},{"@type":"BreadcrumbList","@id":"https:\/\/www.skechers.com.tr\/blog\/okula-donus-yeni-egitim-yilina-hazirlanin\/#breadcrumb","itemListElement":[{"@type":"ListItem","position":1,"name":"Okula D\u00f6n\u00fc\u015f: Yeni E\u011fitim Y\u0131l\u0131na Haz\u0131rlan\u0131n"}]},{"@type":"Person","@id":"https:\/\/www.skechers.com.tr\/blog\/#\/schema\/person\/6d09a0595696524814757d23d22b4c33","name":"Skechers T\u00fcrkiye","image":{"@type":"ImageObject","@id":"https:\/\/www.skechers.com.tr\/blog\/#personlogo","inLanguage":"tr","url":"https:\/\/secure.gravatar.com\/avatar\/0fc2191869a9a020b4606acf264338ae?s=96&d=mm&r=g","contentUrl":"https:\/\/secure.gravatar.com\/avatar\/0fc2191869a9a020b4606acf264338ae?s=96&d=mm&r=g","caption":"Skechers T\u00fcrkiye"},"description":"Skechers spor ayakkab\u0131 \u00fcr\u00fcnleri ile rahatl\u0131\u011f\u0131 ve kaliteyi hisset!"}]}},"_links":{"self":[{"href":"https:\/\/www.skechers.com.tr\/blog\/wp-json\/wp\/v2\/posts\/2912"}],"collection":[{"href":"https:\/\/www.skechers.com.tr\/blog\/wp-json\/wp\/v2\/posts"}],"about":[{"href":"https:\/\/www.skechers.com.tr\/blog\/wp-json\/wp\/v2\/types\/post"}],"author":[{"embeddable":true,"href":"https:\/\/www.skechers.com.tr\/blog\/wp-json\/wp\/v2\/users\/1"}],"replies":[{"embeddable":true,"href":"https:\/\/www.skechers.com.tr\/blog\/wp-json\/wp\/v2\/comments?post=2912"}],"version-history":[{"count":1,"href":"https:\/\/www.skechers.com.tr\/blog\/wp-json\/wp\/v2\/posts\/2912\/revisions"}],"predecessor-version":[{"id":2914,"href":"https:\/\/www.skechers.com.tr\/blog\/wp-json\/wp\/v2\/posts\/2912\/revisions\/2914"}],"wp:featuredmedia":[{"embeddable":true,"href":"https:\/\/www.skechers.com.tr\/blog\/wp-json\/wp\/v2\/media\/2913"}],"wp:attachment":[{"href":"https:\/\/www.skechers.com.tr\/blog\/wp-json\/wp\/v2\/media?parent=2912"}],"wp:term":[{"taxonomy":"category","embeddable":true,"href":"https:\/\/www.skechers.com.tr\/blog\/wp-json\/wp\/v2\/categories?post=2912"},{"taxonomy":"post_tag","embeddable":true,"href":"https:\/\/www.skechers.com.tr\/blog\/wp-json\/wp\/v2\/tags?post=2912"}],"curies":[{"name":"wp","href":"https:\/\/api.w.org\/{rel}","templated":true}]}}