{"id":2907,"date":"2023-09-07T22:05:30","date_gmt":"2023-09-07T22:05:30","guid":{"rendered":"https:\/\/www.skechers.com.tr\/blog\/?p=2907"},"modified":"2023-09-07T22:05:30","modified_gmt":"2023-09-07T22:05:30","slug":"skechers-isikli-ayakkabi-pil-degisimi","status":"publish","type":"post","link":"https:\/\/www.skechers.com.tr\/blog\/skechers-isikli-ayakkabi-pil-degisimi\/","title":{"rendered":"Skechers I\u015f\u0131kl\u0131 Ayakkab\u0131 Pil De\u011fi\u015fimi"},"content":{"rendered":"<p><span style=\"font-weight: 400;\"><a href=\"https:\/\/www.skechers.com.tr\/isikli-ayakkabilar-c-6011?utm-source=content&amp;utm_medium=blog&amp;utm-camping=skechers-isikli-ayakkabi-pil-degisimi&amp;utm_term=6011\">I\u015f\u0131kl\u0131 ayakkab\u0131lar<\/a>, \u00e7ocuklar\u0131n ilgisini ve merak\u0131n\u0131 toplarken ayn\u0131 zamanda ayakkab\u0131 giymek istemeyen \u00e7ocuklara da ayakkab\u0131 giyme al\u0131\u015fkanl\u0131\u011f\u0131 kazand\u0131rmas\u0131 nedeniyle s\u0131kl\u0131kla tercih edilir. \u00c7ocuklar, bu ayakkab\u0131lar\u0131n \u0131\u015f\u0131kl\u0131 ve renkli olmas\u0131n\u0131 sevdikleri i\u00e7in ayakkab\u0131lar\u0131n\u0131 da b\u00fcy\u00fck bir zevkle giyerler. Bu \u0131\u015f\u0131klar ayakkab\u0131lar\u0131n alt\u0131na ledli ve pilli olarak yerle\u015ftirilir. Bu pillerin kullan\u0131m \u00f6mr\u00fc bitti\u011finde art\u0131k ledler enerji alamad\u0131klar\u0131 i\u00e7in \u0131\u015f\u0131klar\u0131 yanmaz. \u00c7ocuklar ayakkab\u0131lar\u0131n\u0131n \u0131\u015f\u0131klar\u0131n\u0131n yanmad\u0131\u011f\u0131n\u0131 g\u00f6rd\u00fc\u011f\u00fcnde \u00fcz\u00fcl\u00fcr ve o ayakkab\u0131y\u0131 bir daha giyemeyeceklerini d\u00fc\u015f\u00fcn\u00fcr, giymek istemezler. I\u015f\u0131kl\u0131 ayakkab\u0131lar her ya\u015ftan \u00e7ocu\u011fa hitap etse de \u00f6zellikle yeni okula ba\u015flayacak \u00e7ocuklar i\u00e7in de ilgi \u00e7ekicidir. \u0130lk kez sosyal bir ortamda ya\u015f\u0131tlar\u0131yla bir araya gelecek olan \u00e7ocuklar, en g\u00fczel \u015fekilde \u00f6\u011fretmenlerini ve yeni arkada\u015flar\u0131n\u0131 kar\u015f\u0131lamak isterler. \u0130lk olarak 90\u2019l\u0131 y\u0131llarda ortaya \u00e7\u0131kan ve g\u00fcn\u00fcm\u00fczde de h\u0131z kesmeden devam eden \u0131\u015f\u0131kl\u0131 ayakkab\u0131 modas\u0131, g\u00fcn\u00fcm\u00fcz \u00e7ocuklar\u0131 i\u00e7in de ge\u00e7erlidir ve ebeveynlerden en \u00e7ok talep edilen d\u0131\u015f giyim \u00fcr\u00fcn\u00fc olarak g\u00f6ze \u00e7arpar. K\u0131z \u00e7ocuk \u0131\u015f\u0131kl\u0131 ayakkab\u0131 ve <a href=\"https:\/\/www.skechers.com.tr\/erkek-cocuk-isikli-ayakkabilar-c-3103?utm-source=content&amp;utm_medium=blog&amp;utm-camping=skechers-isikli-ayakkabi-pil-degisimi&amp;utm_term=3103\">erkek \u00e7ocuk \u0131\u015f\u0131kl\u0131 ayakkab\u0131<\/a> modelleriyle Skechers, bu alanda da en \u00f6nde olmay\u0131 ba\u015farm\u0131\u015f markalardan bir tanesi haline gelmi\u015ftir. Her \u00e7ocu\u011fun en \u00e7ok istedi\u011fi \u015feylerden biri olan \u0131\u015f\u0131kl\u0131 ayakkab\u0131lar\u0131n her cinsiyette her ya\u015ftan \u00e7ocu\u011fun zevkine uygun olarak tasarlanmas\u0131, hem ebeveynleri hem de \u00e7ocuklar\u0131 mutlu eder.<\/span><\/p>\n<p><a href=\"https:\/\/www.skechers.com.tr\/isikli-ayakkabilar-c-6011\"><img decoding=\"async\" loading=\"lazy\" class=\"aligncenter wp-image-1440 size-full\" src=\"https:\/\/www.skechers.com.tr\/blog\/wp-content\/uploads\/2021\/05\/isikli-ayakkabi-blog-cta.jpg\" alt=\"\" width=\"550\" height=\"117\" srcset=\"https:\/\/www.skechers.com.tr\/blog\/wp-content\/uploads\/2021\/05\/isikli-ayakkabi-blog-cta.jpg 550w, https:\/\/www.skechers.com.tr\/blog\/wp-content\/uploads\/2021\/05\/isikli-ayakkabi-blog-cta-300x64.jpg 300w\" sizes=\"(max-width: 550px) 100vw, 550px\" \/><\/a><\/p>\n<h2><span style=\"font-weight: 400;\">I\u015f\u0131kl\u0131 Ayakkab\u0131lar Nas\u0131l Kullan\u0131lmal\u0131d\u0131r?<\/span><\/h2>\n<p><span style=\"font-weight: 400;\">I\u015f\u0131kl\u0131 ayakkab\u0131lar, her ya\u015ftan \u00e7ocu\u011fun vazge\u00e7ilmezidir. Bu ayakkab\u0131lar\u0131n daha uzun s\u00fcreli kullan\u0131labilmesi i\u00e7in anne ve babalar, kullan\u0131m talimatlar\u0131na birebir uymaya \u00f6zen g\u00f6sterirler. I\u015f\u0131kl\u0131 ayakkab\u0131 kullan\u0131m\u0131nda nelere dikkat edilmesi gerekti\u011fi ve nas\u0131l kullan\u0131lmas\u0131 gerekti\u011fi konusunda ara\u015ft\u0131rma yaparak \u00e7ocuklar\u0131n\u0131n mutlulu\u011funu kal\u0131c\u0131 olarak sa\u011flamak isterler.<\/span><\/p>\n<ul>\n<li><span style=\"font-weight: 400;\">I\u015f\u0131kl\u0131 ayakkab\u0131lar\u0131n ilk g\u00fcnk\u00fc parlakl\u0131k ve performansta \u0131\u015f\u0131k verebilmesi i\u00e7in s\u00fcrekli olarak temiz tutulmas\u0131 \u00f6nerilir. I\u015f\u0131k b\u00f6lgesinin \u015feffaf alan\u0131 kirlendik\u00e7e \u0131\u015f\u0131klar daha soluk ve etkisiz g\u00f6r\u00fcnecektir.<\/span><\/li>\n<li><span style=\"font-weight: 400;\">Eski tip \u0131\u015f\u0131kl\u0131 ayakkab\u0131larda pil de\u011fi\u015fimi imkan\u0131 yokken yeni tasar\u0131mlarda pil de\u011fi\u015ftirme ya da \u015farj etme gibi teknolojik olanaklar da mevcuttur.<\/span><\/li>\n<li><span style=\"font-weight: 400;\"> I\u015f\u0131kl\u0131 ayakkab\u0131lar\u0131n bir\u00e7o\u011fu, ayak tabanlar\u0131na yap\u0131lan bask\u0131yla \u00e7al\u0131\u015f\u0131r. Sabit bir \u015fekilde giyilmedi\u011fi zamanlarda \u0131\u015f\u0131klar\u0131 aktif de\u011filken \u00e7ocuk y\u00fcr\u00fcd\u00fc\u011f\u00fc zaman \u0131\u015f\u0131klar aktif hale gelir. Skechers, pil \u00f6mr\u00fcn\u00fcn daha uzun olmas\u0131 i\u00e7in yaln\u0131zca \u0131\u015f\u0131klar\u0131n kullan\u0131lmak istendi\u011finde aktif edilebilmesi ad\u0131na son modellerini a\u00e7ma kapama tu\u015flu bir \u015fekilde tasarlam\u0131\u015ft\u0131r.\u00a0<\/span><\/li>\n<li><span style=\"font-weight: 400;\"> I\u015f\u0131kl\u0131 ayakkab\u0131lar\u0131n mekanizmalar\u0131n\u0131n zarar g\u00f6rmemesi ya da b\u00f6yle bir tehlikeyle kar\u015f\u0131 kar\u015f\u0131ya kal\u0131nmamas\u0131 i\u00e7in yo\u011fun ya\u011f\u0131\u015fl\u0131 ve karl\u0131 havalarda tercih edilmemesi \u00f6nerilir. K\u0131\u015f mevsiminde de tercih edilebilecek \u00f6zel su korumal\u0131 \u0131\u015f\u0131kl\u0131 botlar, Skechers sayesinde insanlara ula\u015f\u0131r ve \u00e7ocuklar k\u0131\u015f mevsiminde de \u0131\u015f\u0131kl\u0131 ayakkab\u0131lar\u0131n\u0131n tad\u0131n\u0131 doyas\u0131ya \u00e7\u0131karabilirler.<\/span><\/li>\n<li><span style=\"font-weight: 400;\">I\u015f\u0131kl\u0131 ayakkab\u0131lar her ne kadar \u00e7ocuklara \u00f6zel olarak g\u00f6r\u00fclse de zevkine uyduran ve kendine yak\u0131\u015ft\u0131ran yeti\u015fkinlerin de tercih etti\u011fi bir ayakkab\u0131 t\u00fcr\u00fcd\u00fcr. B\u00fcy\u00fck numaral\u0131 \u0131\u015f\u0131kl\u0131 ayakkab\u0131lar da yeti\u015fkinler taraf\u0131ndan s\u0131kl\u0131kla tercih edilir. Skechers, bu nedenle b\u00fcy\u00fck numaral\u0131 \u0131\u015f\u0131kl\u0131 ayakkab\u0131 \u00fcretimine de \u00f6zen g\u00f6sterir.<\/span><\/li>\n<\/ul>\n<p><span style=\"font-weight: 400;\">Kaliteli \u00fcr\u00fcnlerin kullan\u0131m \u00f6mr\u00fcn\u00fcn uzat\u0131lmas\u0131 ve sorunsuz deneyim ya\u015fanmas\u0131 i\u00e7in kullan\u0131m talimatlar\u0131na uyulmas\u0131 gereklidir. Bu sayede al\u0131nan ayakkab\u0131lar y\u00fcksek performansta uzun s\u00fcreli kullan\u0131labilir.<\/span><\/p>\n<h2><span style=\"font-weight: 400;\">I\u015f\u0131kl\u0131 Ayakkab\u0131lar\u0131n \u00d6mr\u00fc Ne Kadard\u0131r?<\/span><\/h2>\n<p><span style=\"font-weight: 400;\">I\u015f\u0131kl\u0131 ayakkab\u0131lar s\u00f6z konusu oldu\u011fu zaman en s\u0131k sorulan sorulardan biri de \u0131\u015f\u0131kl\u0131 ayakkab\u0131lar\u0131n \u00f6mr\u00fcn\u00fcn ne kadar oldu\u011fudur. Skechers \u0131\u015f\u0131kl\u0131 ayakkab\u0131lar, sa\u011flam kuma\u015f\u0131, ergonomik tasar\u0131m\u0131 ve kalitesi sayesinde uzun s\u00fcreli bir kullan\u0131m sa\u011flasa da \u0131\u015f\u0131k pillerinin bitmesinden sonra \u00e7ocuklar ayakkab\u0131lar\u0131n\u0131 kullanmak istemeyebilirler. Hal b\u00f6yle olunca anne ve babalar\u0131ndan yeni bir \u0131\u015f\u0131kl\u0131 ayakkab\u0131 isterler ve ebeveynler bu konuyla ba\u015f etme derdini ortadan kald\u0131rmak i\u00e7in s\u0131k\u0131 bir ara\u015ft\u0131rma s\u00fcreci ger\u00e7ekle\u015ftirirler. Uygun kalitede \u00fcretilen bir \u0131\u015f\u0131kl\u0131 ayakkab\u0131n\u0131n kullan\u0131m \u00f6mr\u00fc, \u00e7ocu\u011fun ne kadar aktif bir \u015fekilde ayakkab\u0131y\u0131 kulland\u0131\u011f\u0131na ba\u011fl\u0131 olarak de\u011fi\u015fkenlik g\u00f6sterir. Ayakkab\u0131lar\u0131n yaln\u0131zca d\u0131\u015far\u0131da m\u0131 kullan\u0131laca\u011f\u0131 yoksa evde de mi giyilece\u011fi ki\u015fisel tercih olmakla birlikte bu durumda pil \u00f6mr\u00fc daha k\u0131sa olabilir. Yeni modellerde led \u0131\u015f\u0131klar\u0131n\u0131n a\u00e7ma kapama tu\u015funun yer almas\u0131 kullan\u0131m \u00f6mr\u00fcn\u00fc uzatan olumlu bir geli\u015fmedir. \u015earjl\u0131 modellerde ise \u00e7ok da uzun s\u00fcreli bir kullan\u0131m sa\u011flan\u0131r. \u015earjl\u0131 \u0131\u015f\u0131kl\u0131 ayakkab\u0131lar ortalama 4 ile 6 saat aras\u0131nda \u015farj olabilir. B\u00f6ylece ertesi g\u00fcne \u00e7ocuklar \u0131\u015f\u0131kl\u0131 ayakkab\u0131larla yola devam edebilirler. De\u011fi\u015fim zahmetinin ortadan kalkmas\u0131 da ebeveynler i\u00e7in \u00f6nemli bir avantaj olarak g\u00f6r\u00fcl\u00fcr.\u00a0<\/span><\/p>\n<h2><span style=\"font-weight: 400;\">I\u015f\u0131kl\u0131 Ayakkab\u0131 Y\u0131kan\u0131r M\u0131?<\/span><\/h2>\n<p><span style=\"font-weight: 400;\">Bir\u00e7ok ebeveyn \u00f6zellikle \u00e7ocuklar\u0131n\u0131n ayakkab\u0131lar\u0131n\u0131n temizli\u011fine ekstra \u00f6zen g\u00f6sterirler. D\u0131\u015far\u0131da ko\u015fup oynayan \u00e7ocuklar\u0131n ayakkab\u0131lar\u0131n\u0131 temizlemenin en kolay yolu, onlar\u0131 y\u0131kamakt\u0131r. I\u015f\u0131kl\u0131 ayakkab\u0131larda ise y\u0131kama i\u015flemi anne ve babalar\u0131 teredd\u00fctte b\u0131rak\u0131r. \u0130\u00e7erisindeki elektronik mekanizman\u0131n zarar g\u00f6rebilece\u011fi endi\u015fesiyle bu konu hakk\u0131nda detayl\u0131 bir ara\u015ft\u0131rma i\u00e7erisine girerler. Skechers, \u0131\u015f\u0131kl\u0131 ayakkab\u0131lar\u0131n y\u0131kanmas\u0131n\u0131n, kullan\u0131m \u00f6mr\u00fcn\u00fc azaltaca\u011f\u0131n\u0131 ya da mekanizmaya zarar verece\u011fini s\u00f6yleyerek tavsiye etmez. Bunun yerine alternatif temizlik yollar\u0131 tercih edilmelidir. I\u015f\u0131kl\u0131 ayakkab\u0131lar\u0131 temizlemenin en kolay yolu, bir di\u015f f\u0131r\u00e7as\u0131na hafif bir deterjan d\u00f6kerek lekeli b\u00f6lgeleri kirden ar\u0131nd\u0131rmakt\u0131r. Bunun ard\u0131ndan hafif nemli bir bezle ayakkab\u0131lar silinerek ilk g\u00fcnk\u00fc g\u00f6r\u00fcn\u00fcm elde edilebilir. D\u00fczenli olarak ayakkab\u0131lar\u0131 temizlemek, renklerini ve yap\u0131s\u0131n\u0131 korumas\u0131n\u0131 destekler. Kal\u0131c\u0131 lekelerden korunmak i\u00e7in, lekelere an\u0131nda m\u00fcdahale edilmesi de \u00f6nemlidir.<\/span><\/p>\n<h2><span style=\"font-weight: 400;\">I\u015f\u0131kl\u0131 Ayakkab\u0131larda A\u00e7ma Kapama D\u00fc\u011fmesi Bulunuyor Mu?<\/span><\/h2>\n<p><span style=\"font-weight: 400;\">Skechers, ayakkab\u0131lar\u0131n\u0131 unisex olarak \u00fcretiyor olsa da \u00f6zellikle k\u0131z ve erkek \u00e7ocuklar\u0131n\u0131n farkl\u0131 zevk ve isteklerini de g\u00f6zeterek tasar\u0131mlar\u0131n\u0131 olu\u015fturur. <a href=\"https:\/\/www.skechers.com.tr\/kiz-cocuk-isikli-ayakkabilar-c-3003?utm-source=content&amp;utm_medium=blog&amp;utm-camping=skechers-isikli-ayakkabi-pil-degisimi&amp;utm_term=3003\">K\u0131z \u00e7ocuk \u0131\u015f\u0131kl\u0131 ayakkab\u0131<\/a> modellerinde pembe ve \u0131\u015f\u0131lt\u0131l\u0131 renkler hakimken erkek \u00e7ocuk \u0131\u015f\u0131kl\u0131 ayakkab\u0131 tasar\u0131mlar\u0131nda araba ve benzeri fig\u00fcr ve filigranlara yer verir. B\u00f6ylece daha sade tercihler yapmak isteyen \u00e7ocuklar i\u00e7in de se\u00e7enekler olu\u015fturulurken, \u00e7ocuklar\u0131n sevdikleri \u00e7izgi film karakterlerinin g\u00f6rsellerini ayakkab\u0131lar\u0131nda ta\u015f\u0131malar\u0131 da sa\u011flanm\u0131\u015f olur. \u00c7ocuklar\u0131n bu desen ve fig\u00fcrlerden sonra en \u00e7ok \u00f6nemsedikleri \u015fey \u0131\u015f\u0131klar\u0131n\u0131n hi\u00e7bir zaman s\u00f6nmemesi istekleridir. Bu isteklerinin yerine gelmesi i\u00e7in Skechers, yeni teknolojik geli\u015fmeleri de kullanarak farkl\u0131 tasar\u0131mlar yapar. I\u015f\u0131kl\u0131 ayakkab\u0131lara a\u00e7ma kapama d\u00fc\u011fmesi ekleyerek kullan\u0131m s\u00fcresinin uzat\u0131labilece\u011fini d\u00fc\u015f\u00fcn\u00fcr. Bu sayede \u00e7ocuklar ayakkab\u0131lar\u0131n\u0131 \u0131\u015f\u0131ks\u0131z olarak kullanmak istediklerinde bunu sa\u011flayabilir ve sadece istedikleri zaman \u0131\u015f\u0131klar\u0131 kullanabilirler. Bu durum, ebeveynlerin de i\u015fini b\u00fcy\u00fck oranda kolayla\u015ft\u0131r\u0131r. I\u015f\u0131ks\u0131z ortamlarda, rahats\u0131z edici olabilecek durumlarda \u0131\u015f\u0131klar\u0131 kapatmak, onlara da huzur verecek bir durumdur.\u00a0<\/span><\/p>\n<h2><span style=\"font-weight: 400;\">Skechers I\u015f\u0131kl\u0131 Ayakkab\u0131lar\u0131n Pili De\u011fi\u015ftirilmiyor<\/span><\/h2>\n<p><span style=\"font-weight: 400;\">Skechers \u0131\u015f\u0131kl\u0131 ayakkab\u0131 modelleri incelendi\u011finde sa\u011flaml\u0131klar\u0131 ve kaliteleri, onlar\u0131n ebeveynler taraf\u0131ndan \u00e7ocuklar\u0131na g\u00f6n\u00fcl rahatl\u0131\u011f\u0131yla temin edilmelerine neden olur. Skechers \u0131\u015f\u0131kl\u0131 ayakkab\u0131 modelleri ebeveynlerin ak\u0131llar\u0131nda soru i\u015faretine neden oluyor. I\u015f\u0131kl\u0131 ayakkab\u0131lar\u0131n \u00e7ocuklar taraf\u0131ndan uzun zaman kullanmas\u0131n\u0131 isteyen anne ve babalar \u0131\u015f\u0131kl\u0131 ayakkab\u0131lar\u0131n nas\u0131l \u00e7al\u0131\u015ft\u0131\u011f\u0131n\u0131 merak ediyor. Bu sorunun cevab\u0131; Skechers \u0131\u015f\u0131kl\u0131 ayakkab\u0131lar\u0131n pilleri de\u011fi\u015ftirilmez.Baz\u0131 modellerde \u0131\u015f\u0131\u011f\u0131n istenmedi\u011fi durumlarda enerji harcamas\u0131na engel olmak i\u00e7in kapatma tu\u015fu kullan\u0131l\u0131r.\u00a0<\/span><\/p>\n","protected":false},"excerpt":{"rendered":"<p>I\u015f\u0131kl\u0131 ayakkab\u0131lar, \u00e7ocuklar\u0131n ilgisini ve merak\u0131n\u0131 toplarken ayn\u0131 zamanda ayakkab\u0131 giymek istemeyen \u00e7ocuklara da ayakkab\u0131 giyme al\u0131\u015fkanl\u0131\u011f\u0131 kazand\u0131rmas\u0131 nedeniyle s\u0131kl\u0131kla tercih edilir. \u00c7ocuklar, bu ayakkab\u0131lar\u0131n \u0131\u015f\u0131kl\u0131 ve renkli olmas\u0131n\u0131 sevdikleri i\u00e7in ayakkab\u0131lar\u0131n\u0131 da b\u00fcy\u00fck bir zevkle giyerler. Bu \u0131\u015f\u0131klar ayakkab\u0131lar\u0131n alt\u0131na ledli ve pilli olarak yerle\u015ftirilir. Bu pillerin kullan\u0131m \u00f6mr\u00fc bitti\u011finde art\u0131k ledler enerji alamad\u0131klar\u0131 [&hellip;]<\/p>\n","protected":false},"author":1,"featured_media":1301,"comment_status":"open","ping_status":"open","sticky":false,"template":"","format":"standard","meta":[],"categories":[4],"tags":[],"yoast_head":"<!-- This site is optimized with the Yoast SEO plugin v18.5.1 - https:\/\/yoast.com\/wordpress\/plugins\/seo\/ -->\n<title>Skechers I\u015f\u0131kl\u0131 Ayakkab\u0131 Pil De\u011fi\u015fimi - Skechers Blog<\/title>\n<meta name=\"description\" content=\"Skechers \u0131\u015f\u0131kl\u0131 ayakkab\u0131lar\u0131n pili de\u011fi\u015fiyor mu? Skechers \u0131\u015f\u0131kl\u0131 ayakkab\u0131lar hakk\u0131nda detayl\u0131 bilgi alabilirsiniz.\" \/>\n<meta name=\"robots\" content=\"index, follow, max-snippet:-1, max-image-preview:large, max-video-preview:-1\" \/>\n<link rel=\"canonical\" href=\"https:\/\/www.skechers.com.tr\/blog\/skechers-isikli-ayakkabi-pil-degisimi\/\" \/>\n<meta property=\"og:locale\" content=\"tr_TR\" \/>\n<meta property=\"og:type\" content=\"article\" \/>\n<meta property=\"og:title\" content=\"Skechers I\u015f\u0131kl\u0131 Ayakkab\u0131 Pil De\u011fi\u015fimi - Skechers Blog\" \/>\n<meta property=\"og:description\" content=\"Skechers \u0131\u015f\u0131kl\u0131 ayakkab\u0131lar\u0131n pili de\u011fi\u015fiyor mu? Skechers \u0131\u015f\u0131kl\u0131 ayakkab\u0131lar hakk\u0131nda detayl\u0131 bilgi alabilirsiniz.\" \/>\n<meta property=\"og:url\" content=\"https:\/\/www.skechers.com.tr\/blog\/skechers-isikli-ayakkabi-pil-degisimi\/\" \/>\n<meta property=\"og:site_name\" content=\"Skechers Blog\" \/>\n<meta property=\"article:published_time\" content=\"2023-09-07T22:05:30+00:00\" \/>\n<meta property=\"og:image\" content=\"https:\/\/www.skechers.com.tr\/blog\/wp-content\/uploads\/2021\/03\/isikli-ayakkabi-blog.gif\" \/>\n\t<meta property=\"og:image:width\" content=\"828\" \/>\n\t<meta property=\"og:image:height\" content=\"470\" \/>\n\t<meta property=\"og:image:type\" content=\"image\/gif\" \/>\n<meta name=\"twitter:card\" content=\"summary_large_image\" \/>\n<meta name=\"twitter:label1\" content=\"Yazan:\" \/>\n\t<meta name=\"twitter:data1\" content=\"Skechers T\u00fcrkiye\" \/>\n\t<meta name=\"twitter:label2\" content=\"Tahmini okuma s\u00fcresi\" \/>\n\t<meta name=\"twitter:data2\" content=\"7 dakika\" \/>\n<script type=\"application\/ld+json\" class=\"yoast-schema-graph\">{\"@context\":\"https:\/\/schema.org\",\"@graph\":[{\"@type\":\"WebSite\",\"@id\":\"https:\/\/www.skechers.com.tr\/blog\/#website\",\"url\":\"https:\/\/www.skechers.com.tr\/blog\/\",\"name\":\"Skechers Blog\",\"description\":\"Skechers\",\"potentialAction\":[{\"@type\":\"SearchAction\",\"target\":{\"@type\":\"EntryPoint\",\"urlTemplate\":\"https:\/\/www.skechers.com.tr\/blog\/?s={search_term_string}\"},\"query-input\":\"required name=search_term_string\"}],\"inLanguage\":\"tr\"},{\"@type\":\"ImageObject\",\"@id\":\"https:\/\/www.skechers.com.tr\/blog\/skechers-isikli-ayakkabi-pil-degisimi\/#primaryimage\",\"inLanguage\":\"tr\",\"url\":\"https:\/\/www.skechers.com.tr\/blog\/wp-content\/uploads\/2021\/03\/isikli-ayakkabi-blog.gif\",\"contentUrl\":\"https:\/\/www.skechers.com.tr\/blog\/wp-content\/uploads\/2021\/03\/isikli-ayakkabi-blog.gif\",\"width\":828,\"height\":470,\"caption\":\"I\u015f\u0131kl\u0131 Ayakkab\u0131lar ve Led I\u015f\u0131klar\u00a0\"},{\"@type\":\"WebPage\",\"@id\":\"https:\/\/www.skechers.com.tr\/blog\/skechers-isikli-ayakkabi-pil-degisimi\/#webpage\",\"url\":\"https:\/\/www.skechers.com.tr\/blog\/skechers-isikli-ayakkabi-pil-degisimi\/\",\"name\":\"Skechers I\u015f\u0131kl\u0131 Ayakkab\u0131 Pil De\u011fi\u015fimi - Skechers Blog\",\"isPartOf\":{\"@id\":\"https:\/\/www.skechers.com.tr\/blog\/#website\"},\"primaryImageOfPage\":{\"@id\":\"https:\/\/www.skechers.com.tr\/blog\/skechers-isikli-ayakkabi-pil-degisimi\/#primaryimage\"},\"datePublished\":\"2023-09-07T22:05:30+00:00\",\"dateModified\":\"2023-09-07T22:05:30+00:00\",\"author\":{\"@id\":\"https:\/\/www.skechers.com.tr\/blog\/#\/schema\/person\/6d09a0595696524814757d23d22b4c33\"},\"description\":\"Skechers \u0131\u015f\u0131kl\u0131 ayakkab\u0131lar\u0131n pili de\u011fi\u015fiyor mu? Skechers \u0131\u015f\u0131kl\u0131 ayakkab\u0131lar hakk\u0131nda detayl\u0131 bilgi alabilirsiniz.\",\"breadcrumb\":{\"@id\":\"https:\/\/www.skechers.com.tr\/blog\/skechers-isikli-ayakkabi-pil-degisimi\/#breadcrumb\"},\"inLanguage\":\"tr\",\"potentialAction\":[{\"@type\":\"ReadAction\",\"target\":[\"https:\/\/www.skechers.com.tr\/blog\/skechers-isikli-ayakkabi-pil-degisimi\/\"]}]},{\"@type\":\"BreadcrumbList\",\"@id\":\"https:\/\/www.skechers.com.tr\/blog\/skechers-isikli-ayakkabi-pil-degisimi\/#breadcrumb\",\"itemListElement\":[{\"@type\":\"ListItem\",\"position\":1,\"name\":\"Skechers I\u015f\u0131kl\u0131 Ayakkab\u0131 Pil De\u011fi\u015fimi\"}]},{\"@type\":\"Person\",\"@id\":\"https:\/\/www.skechers.com.tr\/blog\/#\/schema\/person\/6d09a0595696524814757d23d22b4c33\",\"name\":\"Skechers T\u00fcrkiye\",\"image\":{\"@type\":\"ImageObject\",\"@id\":\"https:\/\/www.skechers.com.tr\/blog\/#personlogo\",\"inLanguage\":\"tr\",\"url\":\"https:\/\/secure.gravatar.com\/avatar\/0fc2191869a9a020b4606acf264338ae?s=96&d=mm&r=g\",\"contentUrl\":\"https:\/\/secure.gravatar.com\/avatar\/0fc2191869a9a020b4606acf264338ae?s=96&d=mm&r=g\",\"caption\":\"Skechers T\u00fcrkiye\"},\"description\":\"Skechers spor ayakkab\u0131 \u00fcr\u00fcnleri ile rahatl\u0131\u011f\u0131 ve kaliteyi hisset!\"}]}<\/script>\n<!-- \/ Yoast SEO plugin. -->","yoast_head_json":{"title":"Skechers I\u015f\u0131kl\u0131 Ayakkab\u0131 Pil De\u011fi\u015fimi - Skechers Blog","description":"Skechers \u0131\u015f\u0131kl\u0131 ayakkab\u0131lar\u0131n pili de\u011fi\u015fiyor mu? Skechers \u0131\u015f\u0131kl\u0131 ayakkab\u0131lar hakk\u0131nda detayl\u0131 bilgi alabilirsiniz.","robots":{"index":"index","follow":"follow","max-snippet":"max-snippet:-1","max-image-preview":"max-image-preview:large","max-video-preview":"max-video-preview:-1"},"canonical":"https:\/\/www.skechers.com.tr\/blog\/skechers-isikli-ayakkabi-pil-degisimi\/","og_locale":"tr_TR","og_type":"article","og_title":"Skechers I\u015f\u0131kl\u0131 Ayakkab\u0131 Pil De\u011fi\u015fimi - Skechers Blog","og_description":"Skechers \u0131\u015f\u0131kl\u0131 ayakkab\u0131lar\u0131n pili de\u011fi\u015fiyor mu? Skechers \u0131\u015f\u0131kl\u0131 ayakkab\u0131lar hakk\u0131nda detayl\u0131 bilgi alabilirsiniz.","og_url":"https:\/\/www.skechers.com.tr\/blog\/skechers-isikli-ayakkabi-pil-degisimi\/","og_site_name":"Skechers Blog","article_published_time":"2023-09-07T22:05:30+00:00","og_image":[{"width":828,"height":470,"url":"https:\/\/www.skechers.com.tr\/blog\/wp-content\/uploads\/2021\/03\/isikli-ayakkabi-blog.gif","type":"image\/gif"}],"twitter_card":"summary_large_image","twitter_misc":{"Yazan:":"Skechers T\u00fcrkiye","Tahmini okuma s\u00fcresi":"7 dakika"},"schema":{"@context":"https:\/\/schema.org","@graph":[{"@type":"WebSite","@id":"https:\/\/www.skechers.com.tr\/blog\/#website","url":"https:\/\/www.skechers.com.tr\/blog\/","name":"Skechers Blog","description":"Skechers","potentialAction":[{"@type":"SearchAction","target":{"@type":"EntryPoint","urlTemplate":"https:\/\/www.skechers.com.tr\/blog\/?s={search_term_string}"},"query-input":"required name=search_term_string"}],"inLanguage":"tr"},{"@type":"ImageObject","@id":"https:\/\/www.skechers.com.tr\/blog\/skechers-isikli-ayakkabi-pil-degisimi\/#primaryimage","inLanguage":"tr","url":"https:\/\/www.skechers.com.tr\/blog\/wp-content\/uploads\/2021\/03\/isikli-ayakkabi-blog.gif","contentUrl":"https:\/\/www.skechers.com.tr\/blog\/wp-content\/uploads\/2021\/03\/isikli-ayakkabi-blog.gif","width":828,"height":470,"caption":"I\u015f\u0131kl\u0131 Ayakkab\u0131lar ve Led I\u015f\u0131klar\u00a0"},{"@type":"WebPage","@id":"https:\/\/www.skechers.com.tr\/blog\/skechers-isikli-ayakkabi-pil-degisimi\/#webpage","url":"https:\/\/www.skechers.com.tr\/blog\/skechers-isikli-ayakkabi-pil-degisimi\/","name":"Skechers I\u015f\u0131kl\u0131 Ayakkab\u0131 Pil De\u011fi\u015fimi - Skechers Blog","isPartOf":{"@id":"https:\/\/www.skechers.com.tr\/blog\/#website"},"primaryImageOfPage":{"@id":"https:\/\/www.skechers.com.tr\/blog\/skechers-isikli-ayakkabi-pil-degisimi\/#primaryimage"},"datePublished":"2023-09-07T22:05:30+00:00","dateModified":"2023-09-07T22:05:30+00:00","author":{"@id":"https:\/\/www.skechers.com.tr\/blog\/#\/schema\/person\/6d09a0595696524814757d23d22b4c33"},"description":"Skechers \u0131\u015f\u0131kl\u0131 ayakkab\u0131lar\u0131n pili de\u011fi\u015fiyor mu? Skechers \u0131\u015f\u0131kl\u0131 ayakkab\u0131lar hakk\u0131nda detayl\u0131 bilgi alabilirsiniz.","breadcrumb":{"@id":"https:\/\/www.skechers.com.tr\/blog\/skechers-isikli-ayakkabi-pil-degisimi\/#breadcrumb"},"inLanguage":"tr","potentialAction":[{"@type":"ReadAction","target":["https:\/\/www.skechers.com.tr\/blog\/skechers-isikli-ayakkabi-pil-degisimi\/"]}]},{"@type":"BreadcrumbList","@id":"https:\/\/www.skechers.com.tr\/blog\/skechers-isikli-ayakkabi-pil-degisimi\/#breadcrumb","itemListElement":[{"@type":"ListItem","position":1,"name":"Skechers I\u015f\u0131kl\u0131 Ayakkab\u0131 Pil De\u011fi\u015fimi"}]},{"@type":"Person","@id":"https:\/\/www.skechers.com.tr\/blog\/#\/schema\/person\/6d09a0595696524814757d23d22b4c33","name":"Skechers T\u00fcrkiye","image":{"@type":"ImageObject","@id":"https:\/\/www.skechers.com.tr\/blog\/#personlogo","inLanguage":"tr","url":"https:\/\/secure.gravatar.com\/avatar\/0fc2191869a9a020b4606acf264338ae?s=96&d=mm&r=g","contentUrl":"https:\/\/secure.gravatar.com\/avatar\/0fc2191869a9a020b4606acf264338ae?s=96&d=mm&r=g","caption":"Skechers T\u00fcrkiye"},"description":"Skechers spor ayakkab\u0131 \u00fcr\u00fcnleri ile rahatl\u0131\u011f\u0131 ve kaliteyi hisset!"}]}},"_links":{"self":[{"href":"https:\/\/www.skechers.com.tr\/blog\/wp-json\/wp\/v2\/posts\/2907"}],"collection":[{"href":"https:\/\/www.skechers.com.tr\/blog\/wp-json\/wp\/v2\/posts"}],"about":[{"href":"https:\/\/www.skechers.com.tr\/blog\/wp-json\/wp\/v2\/types\/post"}],"author":[{"embeddable":true,"href":"https:\/\/www.skechers.com.tr\/blog\/wp-json\/wp\/v2\/users\/1"}],"replies":[{"embeddable":true,"href":"https:\/\/www.skechers.com.tr\/blog\/wp-json\/wp\/v2\/comments?post=2907"}],"version-history":[{"count":1,"href":"https:\/\/www.skechers.com.tr\/blog\/wp-json\/wp\/v2\/posts\/2907\/revisions"}],"predecessor-version":[{"id":2908,"href":"https:\/\/www.skechers.com.tr\/blog\/wp-json\/wp\/v2\/posts\/2907\/revisions\/2908"}],"wp:featuredmedia":[{"embeddable":true,"href":"https:\/\/www.skechers.com.tr\/blog\/wp-json\/wp\/v2\/media\/1301"}],"wp:attachment":[{"href":"https:\/\/www.skechers.com.tr\/blog\/wp-json\/wp\/v2\/media?parent=2907"}],"wp:term":[{"taxonomy":"category","embeddable":true,"href":"https:\/\/www.skechers.com.tr\/blog\/wp-json\/wp\/v2\/categories?post=2907"},{"taxonomy":"post_tag","embeddable":true,"href":"https:\/\/www.skechers.com.tr\/blog\/wp-json\/wp\/v2\/tags?post=2907"}],"curies":[{"name":"wp","href":"https:\/\/api.w.org\/{rel}","templated":true}]}}