{"id":2871,"date":"2023-06-07T20:51:26","date_gmt":"2023-06-07T20:51:26","guid":{"rendered":"https:\/\/www.skechers.com.tr\/blog\/?p=2871"},"modified":"2023-06-07T20:51:26","modified_gmt":"2023-06-07T20:51:26","slug":"skechers-ayakkabilarin-on-burnunun-acilmasi","status":"publish","type":"post","link":"https:\/\/www.skechers.com.tr\/blog\/skechers-ayakkabilarin-on-burnunun-acilmasi\/","title":{"rendered":"Skechers Ayakkab\u0131lar\u0131n \u00d6n Burnunun A\u00e7\u0131lmas\u0131"},"content":{"rendered":"<h2><b>Skechers Ayakkab\u0131lar\u0131n \u00d6n Burnunun A\u00e7\u0131lmas\u0131<\/b><\/h2>\n<p><span style=\"font-weight: 400;\">Konfor ve \u015f\u0131kl\u0131\u011f\u0131 bir araya getiren Skechers ayakkab\u0131lar, bir\u00e7ok ya\u015f grubunun tercihleri aras\u0131nda yer al\u0131r. Model se\u00e7eneklerinin geni\u015f olmas\u0131, kullan\u0131c\u0131lar\u0131n hem estetik hem de ergonomik a\u00e7\u0131dan be\u011fenilerini kar\u015f\u0131lamay\u0131 sa\u011flar. Ayakkab\u0131 modelinin uzun \u00f6m\u00fcrl\u00fc ve sorunsuz kullan\u0131lmas\u0131 i\u00e7in baz\u0131 detaylara dikkat etmek gerekir. \u00d6zellikle yanl\u0131\u015f kullan\u0131mdan kaynakl\u0131 olarak meydana gelen \u00f6n burun a\u00e7\u0131lmas\u0131n\u0131 ya\u015famamak i\u00e7in \u00f6zen g\u00f6stermek olduk\u00e7a \u00f6nemlidir. Bu yaz\u0131m\u0131zda Skechers<\/span> <a href=\"https:\/\/www.skechers.com.tr\/spor-ayakkabi-c-6004?utm-source=content&amp;utm_medium=blog&amp;utm-camping=skechers-ayakkabilarin-on-burnunun-acilmasi&amp;utm_term=6004\"><span style=\"font-weight: 400;\">spor ayakkab\u0131<\/span><\/a><span style=\"font-weight: 400;\"> modelini uzun s\u00fcre sorunsuz \u015fekilde kullanmak i\u00e7in \u00f6neriler verece\u011fiz.<\/span><\/p>\n<h3><b>Skechers Ayakkab\u0131larda \u00d6n Burun A\u00e7\u0131lmas\u0131<\/b><\/h3>\n<p><span style=\"font-weight: 400;\">Konforuyla \u00f6n plana \u00e7\u0131kan <\/span><a href=\"https:\/\/www.skechers.com.tr\/ayakkabi-c-6001?utm-source=content&amp;utm_medium=blog&amp;utm-camping=skechers-ayakkabilarin-on-burnunun-acilmasi&amp;utm_term=6001\"><span style=\"font-weight: 400;\">Skechers ayakkab\u0131<\/span><\/a><span style=\"font-weight: 400;\"> modellerinin uzun \u00f6m\u00fcrl\u00fc kullan\u0131labilmesi i\u00e7in bak\u0131m yapmak gerekir. Do\u011fru ve d\u00fczenli bak\u0131m sayesinde ayakkab\u0131 modeli ilk g\u00fcnk\u00fc formunu korumaya devam eder. Ancak bir\u00e7ok kullan\u0131c\u0131 ayakkab\u0131ya yeterli bak\u0131m yapmad\u0131\u011f\u0131 ve yanl\u0131\u015f \u015fekilde temizledi\u011fi i\u00e7in estetik g\u00f6r\u00fcn\u00fcm\u00fcn kaybolmas\u0131yla kar\u015f\u0131 kar\u015f\u0131ya kal\u0131r. Bu durum sonucunda ayakkab\u0131lar dayan\u0131kl\u0131l\u0131\u011f\u0131n\u0131 da kaybeder. Spor ayakkab\u0131n\u0131n \u00f6n burnunun a\u00e7\u0131lmas\u0131 belli ba\u015fl\u0131 nedenleri vard\u0131r. Bunlardan baz\u0131lar\u0131 \u015funlard\u0131r:\u00a0<\/span><\/p>\n<ol>\n<li><span style=\"font-weight: 400;\"> Ayakkab\u0131n\u0131n aya\u011fa k\u00fc\u00e7\u00fck gelmesi \u00f6n burun a\u00e7\u0131lmas\u0131n\u0131n \u00f6nemli nedenleri aras\u0131nda yer al\u0131r. Baz\u0131 ayakkab\u0131 modellerinin kal\u0131b\u0131 darken, baz\u0131lar\u0131 geni\u015ftir. Dar ayakkab\u0131lar\u0131 s\u0131k\u00e7a giymek, ayakkab\u0131n\u0131n \u00f6n k\u0131sm\u0131n\u0131n zorlanmas\u0131na yol a\u00e7ar. Bir s\u00fcre sonra ayakkab\u0131n\u0131n \u00f6n burnu a\u00e7\u0131larak, tadilat gerektirir.\u00a0<\/span><\/li>\n<li><span style=\"font-weight: 400;\"> Ayakkab\u0131lar\u0131n s\u0131k s\u0131k darbe almas\u0131, \u00f6n burunda a\u00e7\u0131lmaya yol a\u00e7ar. \u00d6zellikle \u00e7e\u015fitli aktiviteler esnas\u0131nda ayakkab\u0131n\u0131n s\u0131k\u00e7a darbe almas\u0131 sonucu hem g\u00f6rsellik hem de i\u015flevsellik ortadan kalkar.\u00a0<\/span><\/li>\n<li><span style=\"font-weight: 400;\"> Bir\u00e7ok ki\u015fi ayakkab\u0131lar\u0131 temizlerken makineye atmay\u0131 tercih eder. Fakat bu tamamen yanl\u0131\u015ft\u0131r. Temizleme \u015feklinin b\u00f6yle olmas\u0131 hem burun k\u0131sm\u0131n\u0131n hem de yan taraflar\u0131n deforme olmas\u0131na yol a\u00e7ar. Bu nedenle kullan\u0131c\u0131lar\u0131n kesinlikle ayakkab\u0131y\u0131 makineye atmas\u0131n\u0131 tavsiye etmeyiz. Temizlemek i\u00e7in yumu\u015fak bir bez ile silmek yeterli olacakt\u0131r. E\u011fer kirler \u00e7ok fazlaysa spor ayakkab\u0131lar i\u00e7in \u00f6zel olarak \u00fcretilen temizleme \u00fcr\u00fcnlerinin kullan\u0131lmas\u0131 gerekir.\u00a0<\/span><\/li>\n<li><span style=\"font-weight: 400;\"> Ayakkab\u0131lar\u0131 kullanmak kadar saklamaya da dikkat etmek olduk\u00e7a \u00f6nemlidir. Ayakkab\u0131lar\u0131n dolapta saklan\u0131rken baz\u0131 detaylara dikkat edilmesi gerekir. \u0130lk olarak formunu korumadan saklanmas\u0131 i\u00e7in i\u00e7 k\u0131sm\u0131na koruyucu tabanl\u0131k yerle\u015ftirilmelidir. E\u011fer tabanl\u0131k yoksa gazete ka\u011f\u0131tlar\u0131ndan da faydalanabilirsiniz.<\/span><\/li>\n<\/ol>\n<h3><b>Skechers Ayakkab\u0131larda \u00d6n Burun A\u00e7\u0131lmas\u0131 Sorunu Olu\u015fur Mu?<\/b><\/h3>\n<p><span style=\"font-weight: 400;\">Skechers; kad\u0131n, erkek ve \u00e7ocuk giyiminde zengin se\u00e7enekler sunan bir markad\u0131r. Markan\u0131n \u00f6zenle tasarlanan \u00fcr\u00fcnlerinde her ya\u015ftan ki\u015finin kendini iyi hissetmesi hedeflenir. Marka, sat\u0131\u015fa sundu\u011fu ayakkab\u0131lar\u0131 i\u00e7in 2 y\u0131l inceleme garantisi sunar. Bu sayede kullan\u0131c\u0131lar herhangi bir problemle kar\u015f\u0131la\u015ft\u0131\u011f\u0131nda garantiden faydalanma olana\u011f\u0131 elde eder. Skechers markas\u0131n\u0131n kullan\u0131c\u0131lar\u0131n\u0131 olas\u0131 sorunlara kar\u015f\u0131 g\u00fcvence alt\u0131na almas\u0131, al\u0131\u015fveri\u015f deneyimin g\u00fcvenilir olmas\u0131na katk\u0131 sa\u011flar.\u00a0<\/span><\/p>\n<p><span style=\"font-weight: 400;\">Skechers markas\u0131, garanti sundu\u011fu ayakkab\u0131 modellerinde \u00fcretim ve materyalden kaynaklanan sorunlar\u0131 g\u00fcvence alt\u0131na al\u0131r. Garanti s\u00fcresi, fatura tarihinden itibaren devreye girerek, iki sene boyunca ge\u00e7erlili\u011fini korur. E\u011fer kullan\u0131c\u0131 ayakkab\u0131dan kaynakl\u0131 herhangi bir problem ya\u015farsa \u00fcr\u00fcn, garanti kapsam\u0131nda incelenerek gereken prosed\u00fcr i\u015flenir. Dolay\u0131s\u0131yla ayakkab\u0131da kullan\u0131c\u0131dan kaynakl\u0131 bir problem yoksa, garanti s\u00fcreci sorunsuz \u015fekilde yerine gelir. Ayakkab\u0131n\u0131n garanti kapsam\u0131na girebilmesi i\u00e7in kullan\u0131m s\u00fcresi de \u00f6nemli bir detayd\u0131r. E\u011fer ayakkab\u0131 yeni al\u0131nd\u0131ysa ve kullan\u0131m s\u00fcresi k\u0131saysa garanti kapsam\u0131nda de\u011ferlendirme s\u00fcrecine al\u0131n\u0131r. Skechers spor ayakkab\u0131lar\u0131n\u0131 yumu\u015fak i\u00e7 taban\u0131 ve hafif yap\u0131s\u0131 bulunur. Konfor ve rahatl\u0131\u011f\u0131 ile \u00fcnl\u00fc olan model se\u00e7enekleri, \u00f6zellikle y\u00fcr\u00fcy\u00fc\u015f yapmay\u0131 seven ki\u015filer i\u00e7in idealdir. Ayakkab\u0131n\u0131n taban\u0131nda bulunan y\u00fcr\u00fcy\u00fc\u015f sens\u00f6rleri, ayak bas\u0131\u015f\u0131n\u0131n kontroll\u00fc olmas\u0131n\u0131 sa\u011flar. Her bir modelin teknolojik \u00f6zelliklerden olu\u015fmas\u0131, sorunsuz ve ergonomik konfor ortaya koyar. Kaliteli malzemelerden \u00fcretilen model se\u00e7enekleri, dayan\u0131kl\u0131l\u0131\u011f\u0131yla ad\u0131ndan s\u00f6z ettirir. Bu sayede, uzun \u00f6m\u00fcrl\u00fc ve sorunsuz \u015fekilde kullan\u0131m imkan\u0131 elde edilir. Model se\u00e7eneklerinin her detay\u0131n\u0131n titizlikle tasarlanmas\u0131, g\u00fcnl\u00fck kullan\u0131mlarda be\u011feni kazanan detaylar aras\u0131nda yer al\u0131r.<\/span><\/p>\n<h3><b>Skechers Ayakkab\u0131lar\u0131 Kullan\u0131rken Dikkat Edilmesi Gerekenler<\/b><\/h3>\n<ul>\n<li><span style=\"font-weight: 400;\"> \u00a0 \u00a0 <\/span><span style=\"font-weight: 400;\">Skechers ayakkab\u0131lar\u0131 uzun y\u0131llar sorunsuz bir \u015fekilde kullanmak i\u00e7in baz\u0131 detaylara dikkat etmek gerekir. \u00d6nerilen bak\u0131m ve kullan\u0131m talimatlar\u0131na uygun hareket edilmesi, sorunsuz kullan\u0131m a\u00e7\u0131s\u0131ndan \u015fartt\u0131r. \u00d6zellikle g\u00fcnl\u00fck kullan\u0131mlarda deforme problemiyle kar\u015f\u0131la\u015fmamak i\u00e7in \u00f6zenli ve dikkatli olmak \u00f6nemli detaylar aras\u0131nda yer al\u0131r.\u00a0<\/span><\/li>\n<li><span style=\"font-weight: 400;\"> \u00a0 \u00a0 <\/span><span style=\"font-weight: 400;\">\u0130lk olarak ayakkab\u0131 t\u00fcr\u00fcne uygun \u015fekilde kullan\u0131lmal\u0131d\u0131r. Y\u00fcr\u00fcy\u00fc\u015f ayakkab\u0131s\u0131yla ko\u015fmak, ko\u015fu ayakkab\u0131s\u0131yla y\u00fcr\u00fcmek tavsiye edilmeyen durumlardand\u0131r. Bu tarz yanl\u0131\u015f kullan\u0131m hem ayakkab\u0131dan beklenen verimin elde edilmesini engeller hem de k\u0131sa s\u00fcrede deforme olmas\u0131na yol a\u00e7ar.\u00a0<\/span><\/li>\n<li><span style=\"font-weight: 400;\"> \u00a0 \u00a0 <\/span><span style=\"font-weight: 400;\">Ayakkab\u0131 kullan\u0131m\u0131nda mevsim \u015fartlar\u0131 da \u00f6nemlidir. Ya\u011f\u0131\u015fl\u0131 havalar i\u00e7in suya dayan\u0131kl\u0131 teknolojiyle \u00fcretilen modellerin kullan\u0131m\u0131 uygundur. S\u0131cak havalarda ise ayakkab\u0131n\u0131n hava alan \u00f6zellikte olmas\u0131 gerekir. Bu sayede ayaklar\u0131n terlemesi ve k\u00f6t\u00fc koku meydana gelmesi engellenir. Ayr\u0131ca ayakkab\u0131y\u0131 \u00f6zellikle s\u0131cak havalarda kulland\u0131ktan sonra havaland\u0131rmak da tavsiye edilen detaylar aras\u0131nda yer al\u0131r.\u00a0<\/span><\/li>\n<li><span style=\"font-weight: 400;\"> \u00a0 \u00a0 <\/span><span style=\"font-weight: 400;\">Ayakkab\u0131n\u0131n kullan\u0131m \u00f6mr\u00fcn\u00fc uzatmak i\u00e7in giyip \u00e7\u0131kar\u0131rken de dikkatli olmak gerekir. Ayakkab\u0131y\u0131 herhangi bir yere s\u00fcrterek \u00e7\u0131karmaya zorlamak k\u0131sa s\u00fcrede deforme olmas\u0131na yol a\u00e7ar. Bunun \u00f6n\u00fcne ge\u00e7mek i\u00e7in \u00f6nce ba\u011fc\u0131klar\u0131 \u00e7\u00f6z\u00fclmeli, ard\u0131ndan elle yava\u015f\u00e7a \u00e7\u0131kar\u0131lmal\u0131d\u0131r. Ayr\u0131ca \u00e7\u0131kartt\u0131ktan sonra kutuda muhafaza edilmesi \u00fcr\u00fcn\u00fcn \u00f6mr\u00fcn\u00fcn uzamas\u0131n\u0131 sa\u011flayan etkenlerdendir.\u00a0<\/span><\/li>\n<li><span style=\"font-weight: 400;\"> \u00a0 \u00a0 <\/span><span style=\"font-weight: 400;\">Ayakkab\u0131y\u0131 giyerken \u00e7ekecek kullan\u0131m\u0131 \u00f6nerilir. \u00c7ekecek sayesinde herhangi bi deforme durumu meydana gelmeden giymek kolay hale gelir.\u00a0<\/span><\/li>\n<li><span style=\"font-weight: 400;\"> \u00a0 \u00a0 <\/span><span style=\"font-weight: 400;\">Ayakkab\u0131n\u0131n ayak yap\u0131s\u0131na uygun \u00f6zellikte olmas\u0131 gerekir. Bu nedenle hem sat\u0131n al\u0131rken hem de kullan\u0131rken konforlu yap\u0131da olmas\u0131 olduk\u00e7a \u00f6nemlidir. Aya\u011f\u0131nda herhangi bir problem olan ki\u015filerin uygun \u00f6zellikteki Skechers ayakkab\u0131 modelini tercih etmesi \u00f6nerilir. Ayr\u0131ca tavsiye ediliyorsa <\/span><a href=\"https:\/\/www.skechers.com.tr\/arch-fit-c-4017?utm-source=content&amp;utm_medium=blog&amp;utm-camping=skechers-ayakkabilarin-on-burnunun-acilmasi&amp;utm_term=4017\"><span style=\"font-weight: 400;\">ortopedik ayakkab\u0131<\/span><\/a><span style=\"font-weight: 400;\"> se\u00e7enekleri de uygun olacakt\u0131r.\u00a0<\/span><\/li>\n<li><span style=\"font-weight: 400;\"> \u00a0 \u00a0 <\/span><span style=\"font-weight: 400;\">Ayakkab\u0131n\u0131n kesinlikle arka k\u0131sm\u0131na bas\u0131lmamal\u0131d\u0131r.<\/span><\/li>\n<\/ul>\n<h3><b>Skechers Ayakkab\u0131 Neden Tercih Edilmelidir?<\/b><\/h3>\n<ul>\n<li><span style=\"font-weight: 400;\"> \u00a0 \u00a0 <\/span><span style=\"font-weight: 400;\">\u201c<\/span><a href=\"https:\/\/www.skechers.com.tr\/\"><span style=\"font-weight: 400;\">Rahat ayakkab\u0131<\/span><\/a><span style=\"font-weight: 400;\">\u201d denildi\u011finde ilk akla gelen marka olan Skechers, geni\u015f hareket \u00f6zg\u00fcrl\u00fc\u011f\u00fc ortaya koyar. Bu durumun ba\u015fl\u0131ca nedenleri aras\u0131nda \u00f6zenli taban tasar\u0131m\u0131 ve v\u00fccut anatomisine uyum sa\u011flama \u00f6zelli\u011fi yer al\u0131r. Skechers ayakkab\u0131y\u0131 giyen ki\u015fi, her ad\u0131m\u0131nda y\u00fcksek konfor elde ederek, g\u00fcnl\u00fck hayat\u0131 ya da sportif aktiviteleri yakalar. Marka, fonksiyonellik ve tasar\u0131m\u0131 bir araya getirir. Dolay\u0131s\u0131yla model se\u00e7eneklerinde konfor kadar estetik detaylar da \u00f6n plana \u00e7\u0131kar.<\/span><\/li>\n<\/ul>\n<p><span style=\"font-weight: 400;\">\u00a0<\/span><\/p>\n<ul>\n<li><span style=\"font-weight: 400;\"> \u00a0 \u00a0 <\/span><span style=\"font-weight: 400;\">Skechers, ba\u015flang\u0131\u00e7ta NASA taraf\u0131ndan geli\u015ftirilen bir markad\u0131r. \u0130\u00e7inde bulunan haf\u0131zal\u0131 k\u00f6p\u00fck, bas\u0131n\u00e7 ve s\u0131cakl\u0131\u011fa duyarl\u0131d\u0131r. Aya\u011f\u0131n \u015feklini alarak, rahat etmeyi sa\u011flayan modelin yast\u0131klama sistemi haf\u0131zal\u0131d\u0131r. Bu sayede kullan\u0131c\u0131n\u0131n aya\u011f\u0131n\u0131n \u015fekline ve hareketlerine uygun forma d\u00f6n\u00fc\u015f\u00fcr.\u00a0<\/span><\/li>\n<li><span style=\"font-weight: 400;\"> \u00a0 \u00a0 <\/span><span style=\"font-weight: 400;\">Marka, kaliteli ve dayan\u0131kl\u0131 materyallerden olu\u015fur. Sa\u011flam formlar\u0131yla tam puan olan model se\u00e7enekleri, uzun \u00f6m\u00fcr vadetmesiyle be\u011feni kazan\u0131r. Model se\u00e7enekleri olduk\u00e7a fazla olan Skechers, renk konusunda da zengin alternatifler sunar. Ba\u015fta siyah ve beyaz gibi her kombine uyum sa\u011flayan renklerin yan\u0131 s\u0131ra; k\u0131rm\u0131z\u0131, mavi, gri, sar\u0131 gibi farkl\u0131 se\u00e7enekler de bulunur. Ayr\u0131ca baz\u0131 modellere hareket kazand\u0131ran taban ve desen detaylar\u0131 dikkat \u00e7ekici \u00f6zellikler aras\u0131nda yer al\u0131r.\u00a0<\/span><\/li>\n<li><span style=\"font-weight: 400;\"> \u00a0 \u00a0 <\/span><span style=\"font-weight: 400;\">Ayaklar\u0131n nefes almas\u0131n\u0131 sa\u011flayan yap\u0131dan olu\u015fur. Kaliteli bir i\u015f\u00e7ili\u011fin \u00fcr\u00fcn\u00fc olan model se\u00e7eneklerinin hava ge\u00e7irgenli\u011fi fazlad\u0131r. Bu durum \u00f6zellikle yaz aylar\u0131nda ayaklar\u0131n \u0131s\u0131l konforunun korunmas\u0131n\u0131 sa\u011flar.\u00a0<\/span><\/li>\n<li><span style=\"font-weight: 400;\"> \u00a0 \u00a0 <\/span><span style=\"font-weight: 400;\">Hem sat\u0131\u015f hem de sonraki s\u00fcre\u00e7te kullan\u0131c\u0131n\u0131n yan\u0131ndad\u0131r. 2 y\u0131ll\u0131k garanti s\u00fcreci vermesi, markan\u0131n kullan\u0131c\u0131 dostu oldu\u011funu g\u00f6steren detaylar aras\u0131nda yer al\u0131r. Ayr\u0131ca marka, her ge\u00e7en g\u00fcn kendini daha fazla geli\u015ftirerek ba\u015far\u0131s\u0131n\u0131 ortaya koyar.\u00a0<\/span><\/li>\n<\/ul>\n","protected":false},"excerpt":{"rendered":"<p>Skechers Ayakkab\u0131lar\u0131n \u00d6n Burnunun A\u00e7\u0131lmas\u0131 Konfor ve \u015f\u0131kl\u0131\u011f\u0131 bir araya getiren Skechers ayakkab\u0131lar, bir\u00e7ok ya\u015f grubunun tercihleri aras\u0131nda yer al\u0131r. Model se\u00e7eneklerinin geni\u015f olmas\u0131, kullan\u0131c\u0131lar\u0131n hem estetik hem de ergonomik a\u00e7\u0131dan be\u011fenilerini kar\u015f\u0131lamay\u0131 sa\u011flar. Ayakkab\u0131 modelinin uzun \u00f6m\u00fcrl\u00fc ve sorunsuz kullan\u0131lmas\u0131 i\u00e7in baz\u0131 detaylara dikkat etmek gerekir. \u00d6zellikle yanl\u0131\u015f kullan\u0131mdan kaynakl\u0131 olarak meydana gelen \u00f6n [&hellip;]<\/p>\n","protected":false},"author":1,"featured_media":2880,"comment_status":"open","ping_status":"open","sticky":false,"template":"","format":"standard","meta":[],"categories":[4],"tags":[],"yoast_head":"<!-- This site is optimized with the Yoast SEO plugin v18.5.1 - https:\/\/yoast.com\/wordpress\/plugins\/seo\/ -->\n<title>Skechers Ayakkab\u0131lar\u0131n \u00d6n Burnunun A\u00e7\u0131lmas\u0131 - Skechers Blog<\/title>\n<meta name=\"robots\" content=\"index, follow, max-snippet:-1, max-image-preview:large, max-video-preview:-1\" \/>\n<link rel=\"canonical\" href=\"https:\/\/www.skechers.com.tr\/blog\/skechers-ayakkabilarin-on-burnunun-acilmasi\/\" \/>\n<meta property=\"og:locale\" content=\"tr_TR\" \/>\n<meta property=\"og:type\" content=\"article\" \/>\n<meta property=\"og:title\" content=\"Skechers Ayakkab\u0131lar\u0131n \u00d6n Burnunun A\u00e7\u0131lmas\u0131 - Skechers Blog\" \/>\n<meta property=\"og:description\" content=\"Skechers Ayakkab\u0131lar\u0131n \u00d6n Burnunun A\u00e7\u0131lmas\u0131 Konfor ve \u015f\u0131kl\u0131\u011f\u0131 bir araya getiren Skechers ayakkab\u0131lar, bir\u00e7ok ya\u015f grubunun tercihleri aras\u0131nda yer al\u0131r. Model se\u00e7eneklerinin geni\u015f olmas\u0131, kullan\u0131c\u0131lar\u0131n hem estetik hem de ergonomik a\u00e7\u0131dan be\u011fenilerini kar\u015f\u0131lamay\u0131 sa\u011flar. Ayakkab\u0131 modelinin uzun \u00f6m\u00fcrl\u00fc ve sorunsuz kullan\u0131lmas\u0131 i\u00e7in baz\u0131 detaylara dikkat etmek gerekir. \u00d6zellikle yanl\u0131\u015f kullan\u0131mdan kaynakl\u0131 olarak meydana gelen \u00f6n [&hellip;]\" \/>\n<meta property=\"og:url\" content=\"https:\/\/www.skechers.com.tr\/blog\/skechers-ayakkabilarin-on-burnunun-acilmasi\/\" \/>\n<meta property=\"og:site_name\" content=\"Skechers Blog\" \/>\n<meta property=\"article:published_time\" content=\"2023-06-07T20:51:26+00:00\" \/>\n<meta property=\"og:image\" content=\"https:\/\/www.skechers.com.tr\/blog\/wp-content\/uploads\/2023\/06\/Skechers-Ayakkabilarin-On-Burnunun-Acilmasi.jpg\" \/>\n\t<meta property=\"og:image:width\" content=\"1127\" \/>\n\t<meta property=\"og:image:height\" content=\"620\" \/>\n\t<meta property=\"og:image:type\" content=\"image\/jpeg\" \/>\n<meta name=\"twitter:card\" content=\"summary_large_image\" \/>\n<meta name=\"twitter:label1\" content=\"Yazan:\" \/>\n\t<meta name=\"twitter:data1\" content=\"Skechers T\u00fcrkiye\" \/>\n\t<meta name=\"twitter:label2\" content=\"Tahmini okuma s\u00fcresi\" \/>\n\t<meta name=\"twitter:data2\" content=\"7 dakika\" \/>\n<script type=\"application\/ld+json\" class=\"yoast-schema-graph\">{\"@context\":\"https:\/\/schema.org\",\"@graph\":[{\"@type\":\"WebSite\",\"@id\":\"https:\/\/www.skechers.com.tr\/blog\/#website\",\"url\":\"https:\/\/www.skechers.com.tr\/blog\/\",\"name\":\"Skechers Blog\",\"description\":\"Skechers\",\"potentialAction\":[{\"@type\":\"SearchAction\",\"target\":{\"@type\":\"EntryPoint\",\"urlTemplate\":\"https:\/\/www.skechers.com.tr\/blog\/?s={search_term_string}\"},\"query-input\":\"required name=search_term_string\"}],\"inLanguage\":\"tr\"},{\"@type\":\"ImageObject\",\"@id\":\"https:\/\/www.skechers.com.tr\/blog\/skechers-ayakkabilarin-on-burnunun-acilmasi\/#primaryimage\",\"inLanguage\":\"tr\",\"url\":\"https:\/\/www.skechers.com.tr\/blog\/wp-content\/uploads\/2023\/06\/Skechers-Ayakkabilarin-On-Burnunun-Acilmasi.jpg\",\"contentUrl\":\"https:\/\/www.skechers.com.tr\/blog\/wp-content\/uploads\/2023\/06\/Skechers-Ayakkabilarin-On-Burnunun-Acilmasi.jpg\",\"width\":1127,\"height\":620,\"caption\":\"Skechers Ayakkab\u0131lar\u0131n \u00d6n Burnunun A\u00e7\u0131lmas\u0131\"},{\"@type\":\"WebPage\",\"@id\":\"https:\/\/www.skechers.com.tr\/blog\/skechers-ayakkabilarin-on-burnunun-acilmasi\/#webpage\",\"url\":\"https:\/\/www.skechers.com.tr\/blog\/skechers-ayakkabilarin-on-burnunun-acilmasi\/\",\"name\":\"Skechers Ayakkab\u0131lar\u0131n \u00d6n Burnunun A\u00e7\u0131lmas\u0131 - Skechers Blog\",\"isPartOf\":{\"@id\":\"https:\/\/www.skechers.com.tr\/blog\/#website\"},\"primaryImageOfPage\":{\"@id\":\"https:\/\/www.skechers.com.tr\/blog\/skechers-ayakkabilarin-on-burnunun-acilmasi\/#primaryimage\"},\"datePublished\":\"2023-06-07T20:51:26+00:00\",\"dateModified\":\"2023-06-07T20:51:26+00:00\",\"author\":{\"@id\":\"https:\/\/www.skechers.com.tr\/blog\/#\/schema\/person\/6d09a0595696524814757d23d22b4c33\"},\"breadcrumb\":{\"@id\":\"https:\/\/www.skechers.com.tr\/blog\/skechers-ayakkabilarin-on-burnunun-acilmasi\/#breadcrumb\"},\"inLanguage\":\"tr\",\"potentialAction\":[{\"@type\":\"ReadAction\",\"target\":[\"https:\/\/www.skechers.com.tr\/blog\/skechers-ayakkabilarin-on-burnunun-acilmasi\/\"]}]},{\"@type\":\"BreadcrumbList\",\"@id\":\"https:\/\/www.skechers.com.tr\/blog\/skechers-ayakkabilarin-on-burnunun-acilmasi\/#breadcrumb\",\"itemListElement\":[{\"@type\":\"ListItem\",\"position\":1,\"name\":\"Skechers Ayakkab\u0131lar\u0131n \u00d6n Burnunun A\u00e7\u0131lmas\u0131\"}]},{\"@type\":\"Person\",\"@id\":\"https:\/\/www.skechers.com.tr\/blog\/#\/schema\/person\/6d09a0595696524814757d23d22b4c33\",\"name\":\"Skechers T\u00fcrkiye\",\"image\":{\"@type\":\"ImageObject\",\"@id\":\"https:\/\/www.skechers.com.tr\/blog\/#personlogo\",\"inLanguage\":\"tr\",\"url\":\"https:\/\/secure.gravatar.com\/avatar\/0fc2191869a9a020b4606acf264338ae?s=96&d=mm&r=g\",\"contentUrl\":\"https:\/\/secure.gravatar.com\/avatar\/0fc2191869a9a020b4606acf264338ae?s=96&d=mm&r=g\",\"caption\":\"Skechers T\u00fcrkiye\"},\"description\":\"Skechers spor ayakkab\u0131 \u00fcr\u00fcnleri ile rahatl\u0131\u011f\u0131 ve kaliteyi hisset!\"}]}<\/script>\n<!-- \/ Yoast SEO plugin. -->","yoast_head_json":{"title":"Skechers Ayakkab\u0131lar\u0131n \u00d6n Burnunun A\u00e7\u0131lmas\u0131 - Skechers Blog","robots":{"index":"index","follow":"follow","max-snippet":"max-snippet:-1","max-image-preview":"max-image-preview:large","max-video-preview":"max-video-preview:-1"},"canonical":"https:\/\/www.skechers.com.tr\/blog\/skechers-ayakkabilarin-on-burnunun-acilmasi\/","og_locale":"tr_TR","og_type":"article","og_title":"Skechers Ayakkab\u0131lar\u0131n \u00d6n Burnunun A\u00e7\u0131lmas\u0131 - Skechers Blog","og_description":"Skechers Ayakkab\u0131lar\u0131n \u00d6n Burnunun A\u00e7\u0131lmas\u0131 Konfor ve \u015f\u0131kl\u0131\u011f\u0131 bir araya getiren Skechers ayakkab\u0131lar, bir\u00e7ok ya\u015f grubunun tercihleri aras\u0131nda yer al\u0131r. Model se\u00e7eneklerinin geni\u015f olmas\u0131, kullan\u0131c\u0131lar\u0131n hem estetik hem de ergonomik a\u00e7\u0131dan be\u011fenilerini kar\u015f\u0131lamay\u0131 sa\u011flar. Ayakkab\u0131 modelinin uzun \u00f6m\u00fcrl\u00fc ve sorunsuz kullan\u0131lmas\u0131 i\u00e7in baz\u0131 detaylara dikkat etmek gerekir. \u00d6zellikle yanl\u0131\u015f kullan\u0131mdan kaynakl\u0131 olarak meydana gelen \u00f6n [&hellip;]","og_url":"https:\/\/www.skechers.com.tr\/blog\/skechers-ayakkabilarin-on-burnunun-acilmasi\/","og_site_name":"Skechers Blog","article_published_time":"2023-06-07T20:51:26+00:00","og_image":[{"width":1127,"height":620,"url":"https:\/\/www.skechers.com.tr\/blog\/wp-content\/uploads\/2023\/06\/Skechers-Ayakkabilarin-On-Burnunun-Acilmasi.jpg","type":"image\/jpeg"}],"twitter_card":"summary_large_image","twitter_misc":{"Yazan:":"Skechers T\u00fcrkiye","Tahmini okuma s\u00fcresi":"7 dakika"},"schema":{"@context":"https:\/\/schema.org","@graph":[{"@type":"WebSite","@id":"https:\/\/www.skechers.com.tr\/blog\/#website","url":"https:\/\/www.skechers.com.tr\/blog\/","name":"Skechers Blog","description":"Skechers","potentialAction":[{"@type":"SearchAction","target":{"@type":"EntryPoint","urlTemplate":"https:\/\/www.skechers.com.tr\/blog\/?s={search_term_string}"},"query-input":"required name=search_term_string"}],"inLanguage":"tr"},{"@type":"ImageObject","@id":"https:\/\/www.skechers.com.tr\/blog\/skechers-ayakkabilarin-on-burnunun-acilmasi\/#primaryimage","inLanguage":"tr","url":"https:\/\/www.skechers.com.tr\/blog\/wp-content\/uploads\/2023\/06\/Skechers-Ayakkabilarin-On-Burnunun-Acilmasi.jpg","contentUrl":"https:\/\/www.skechers.com.tr\/blog\/wp-content\/uploads\/2023\/06\/Skechers-Ayakkabilarin-On-Burnunun-Acilmasi.jpg","width":1127,"height":620,"caption":"Skechers Ayakkab\u0131lar\u0131n \u00d6n Burnunun A\u00e7\u0131lmas\u0131"},{"@type":"WebPage","@id":"https:\/\/www.skechers.com.tr\/blog\/skechers-ayakkabilarin-on-burnunun-acilmasi\/#webpage","url":"https:\/\/www.skechers.com.tr\/blog\/skechers-ayakkabilarin-on-burnunun-acilmasi\/","name":"Skechers Ayakkab\u0131lar\u0131n \u00d6n Burnunun A\u00e7\u0131lmas\u0131 - Skechers Blog","isPartOf":{"@id":"https:\/\/www.skechers.com.tr\/blog\/#website"},"primaryImageOfPage":{"@id":"https:\/\/www.skechers.com.tr\/blog\/skechers-ayakkabilarin-on-burnunun-acilmasi\/#primaryimage"},"datePublished":"2023-06-07T20:51:26+00:00","dateModified":"2023-06-07T20:51:26+00:00","author":{"@id":"https:\/\/www.skechers.com.tr\/blog\/#\/schema\/person\/6d09a0595696524814757d23d22b4c33"},"breadcrumb":{"@id":"https:\/\/www.skechers.com.tr\/blog\/skechers-ayakkabilarin-on-burnunun-acilmasi\/#breadcrumb"},"inLanguage":"tr","potentialAction":[{"@type":"ReadAction","target":["https:\/\/www.skechers.com.tr\/blog\/skechers-ayakkabilarin-on-burnunun-acilmasi\/"]}]},{"@type":"BreadcrumbList","@id":"https:\/\/www.skechers.com.tr\/blog\/skechers-ayakkabilarin-on-burnunun-acilmasi\/#breadcrumb","itemListElement":[{"@type":"ListItem","position":1,"name":"Skechers Ayakkab\u0131lar\u0131n \u00d6n Burnunun A\u00e7\u0131lmas\u0131"}]},{"@type":"Person","@id":"https:\/\/www.skechers.com.tr\/blog\/#\/schema\/person\/6d09a0595696524814757d23d22b4c33","name":"Skechers T\u00fcrkiye","image":{"@type":"ImageObject","@id":"https:\/\/www.skechers.com.tr\/blog\/#personlogo","inLanguage":"tr","url":"https:\/\/secure.gravatar.com\/avatar\/0fc2191869a9a020b4606acf264338ae?s=96&d=mm&r=g","contentUrl":"https:\/\/secure.gravatar.com\/avatar\/0fc2191869a9a020b4606acf264338ae?s=96&d=mm&r=g","caption":"Skechers T\u00fcrkiye"},"description":"Skechers spor ayakkab\u0131 \u00fcr\u00fcnleri ile rahatl\u0131\u011f\u0131 ve kaliteyi hisset!"}]}},"_links":{"self":[{"href":"https:\/\/www.skechers.com.tr\/blog\/wp-json\/wp\/v2\/posts\/2871"}],"collection":[{"href":"https:\/\/www.skechers.com.tr\/blog\/wp-json\/wp\/v2\/posts"}],"about":[{"href":"https:\/\/www.skechers.com.tr\/blog\/wp-json\/wp\/v2\/types\/post"}],"author":[{"embeddable":true,"href":"https:\/\/www.skechers.com.tr\/blog\/wp-json\/wp\/v2\/users\/1"}],"replies":[{"embeddable":true,"href":"https:\/\/www.skechers.com.tr\/blog\/wp-json\/wp\/v2\/comments?post=2871"}],"version-history":[{"count":1,"href":"https:\/\/www.skechers.com.tr\/blog\/wp-json\/wp\/v2\/posts\/2871\/revisions"}],"predecessor-version":[{"id":2872,"href":"https:\/\/www.skechers.com.tr\/blog\/wp-json\/wp\/v2\/posts\/2871\/revisions\/2872"}],"wp:featuredmedia":[{"embeddable":true,"href":"https:\/\/www.skechers.com.tr\/blog\/wp-json\/wp\/v2\/media\/2880"}],"wp:attachment":[{"href":"https:\/\/www.skechers.com.tr\/blog\/wp-json\/wp\/v2\/media?parent=2871"}],"wp:term":[{"taxonomy":"category","embeddable":true,"href":"https:\/\/www.skechers.com.tr\/blog\/wp-json\/wp\/v2\/categories?post=2871"},{"taxonomy":"post_tag","embeddable":true,"href":"https:\/\/www.skechers.com.tr\/blog\/wp-json\/wp\/v2\/tags?post=2871"}],"curies":[{"name":"wp","href":"https:\/\/api.w.org\/{rel}","templated":true}]}}