{"id":2863,"date":"2023-05-08T07:27:39","date_gmt":"2023-05-08T07:27:39","guid":{"rendered":"https:\/\/www.skechers.com.tr\/blog\/?p=2863"},"modified":"2023-05-08T07:28:24","modified_gmt":"2023-05-08T07:28:24","slug":"2023-anneler-gunu-ne-zaman","status":"publish","type":"post","link":"https:\/\/www.skechers.com.tr\/blog\/2023-anneler-gunu-ne-zaman\/","title":{"rendered":"2023 Anneler G\u00fcn\u00fc Ne Zaman?"},"content":{"rendered":"<p><span style=\"font-weight: 400;\">Anneler G\u00fcn\u00fc&#8217;n\u00fcn tarihi sorusu May\u0131s ay\u0131 yakla\u015f\u0131rken en \u00f6nemli sorulardan biri haline geldi. Annelerin onuruna \u00f6zel bir g\u00fcn olarak kutlanan Anneler G\u00fcn\u00fc vesilesiyle, sevgi ve minnetlerini ifade etmek isteyenler bu y\u0131lki Anneler G\u00fcn\u00fc&#8217;n\u00fcn tarihine, yani 2023&#8217;e odakland\u0131. Anneler G\u00fcn\u00fc, \u00e7ocuklar\u0131n\u0131 yeti\u015ftirirken hi\u00e7bir fedak\u00e2rl\u0131ktan ka\u00e7\u0131nmayan ve onlar\u0131 \u00e7ok seven anneler i\u00e7in b\u00fcy\u00fck \u00f6nem ta\u015f\u0131yor. Annelerini k\u00fc\u00e7\u00fck s\u00fcrprizlerle sevindirmek, sevgilerini belli etmek ve onlar\u0131 mutlu etmek i\u00e7in, 2023 Anneler G\u00fcn\u00fc&#8217;n\u00fc \u00f6\u011frenerek planlar\u0131n\u0131 ona g\u00f6re yapmak istiyor. Takvime g\u00f6re Anneler G\u00fcn\u00fc bu y\u0131l 14 May\u0131s Pazar g\u00fcn\u00fc kutlanacak.<\/span><\/p>\n<h2><b>Anneler G\u00fcn\u00fc Hangi G\u00fcn?<\/b><\/h2>\n<p><span style=\"font-weight: 400;\">Anneler G\u00fcn\u00fc d\u00fcnya genelinde de\u011fi\u015fik tarihlerde kutlansa da may\u0131s ay\u0131 en s\u0131k kutlanan tarihtir. 2023 y\u0131l\u0131nda Anneler G\u00fcn\u00fc de may\u0131s ay\u0131n\u0131n ikinci haftas\u0131nda kutlanacakt\u0131r. Bu nedenle Anneler G\u00fcn\u00fc bu y\u0131l 14 May\u0131s Pazar g\u00fcn\u00fcne denk geliyor. Her y\u0131l may\u0131s ay\u0131n\u0131n ikinci pazar g\u00fcn\u00fc olan Anneler G\u00fcn\u00fc bu sene de duygusal ge\u00e7ecek.\u00a0<\/span><\/p>\n<h2><b>Anneler G\u00fcn\u00fc Nas\u0131l Ortaya \u00c7\u0131kt\u0131?<\/b><\/h2>\n<p><span style=\"font-weight: 400;\">Anneler G\u00fcn\u00fc, annelere duyulan sevgi ve takdirin ifade edildi\u011fi \u00f6zel bir g\u00fcn olarak t\u00fcm d\u00fcnyada kutlanmaktad\u0131r. Anneler G\u00fcn\u00fc&#8217;n\u00fcn k\u00f6kenleri k\u00fclt\u00fcre ve tarihe ba\u011fl\u0131 olarak de\u011fi\u015febilir. Modern Anneler G\u00fcn\u00fc kutlamalar\u0131n\u0131n k\u00f6keni Amerika Birle\u015fik Devletleri&#8217;ne dayanmaktad\u0131r. Anneler G\u00fcn\u00fc&#8217;n\u00fcn k\u00f6keni 19. y\u00fczy\u0131l\u0131n ortalar\u0131na kadar uzanmaktad\u0131r. 1850&#8217;lerde Ann Jarvis ad\u0131nda Amerikal\u0131 bir kad\u0131n anneler i\u00e7in ulusal bir g\u00fcn \u00f6nerdi. Jarvis, annelerin \u00f6zveri ve fedakarl\u0131klar\u0131n\u0131 onurland\u0131rmak ve merhum k\u0131z\u0131 Anna Jarvis&#8217;in an\u0131s\u0131n\u0131 ya\u015fatmak i\u00e7in bir anma t\u00f6reni d\u00fczenlemi\u015ftir. Annesinin \u00f6l\u00fcm\u00fcnden sonra Anna Jarvis, anneleri anmak i\u00e7in bir g\u00fcn d\u00fczenlenmesi fikrini destekledi. 1914 y\u0131l\u0131nda Amerikan Ba\u015fkan\u0131 Woodrow Wilson, Anneler G\u00fcn\u00fc&#8217;n\u00fcn resmi olarak kutlanaca\u011f\u0131n\u0131 duyurdu. Bu duyuruda her y\u0131l\u0131n ikinci Pazar g\u00fcn\u00fcn\u00fcn Anneler G\u00fcn\u00fc olarak kutlanmas\u0131 gerekti\u011fi belirtiliyordu. Anneler G\u00fcn\u00fc k\u0131sa s\u00fcrede t\u00fcm d\u00fcnyada pop\u00fcler hale geldi. Bir\u00e7ok \u00fclke taraf\u0131ndan tan\u0131nmaktad\u0131r. Kutlama g\u00fcn\u00fc sadece Ann Jarvis ve k\u0131z\u0131 Anna Jarvis&#8217;in an\u0131lmas\u0131yla ilgili de\u011fildir. Zaman i\u00e7inde ticari bir y\u0131ld\u00f6n\u00fcm\u00fc haline gelmi\u015ftir. Anna Jarvis Anneler G\u00fcn\u00fc&#8217;n\u00fcn ticarile\u015ftirilmesine kar\u015f\u0131 \u00e7\u0131kar. Anneler G\u00fcn\u00fc&#8217;n\u00fcn annelerin sevgilerini ifade etti\u011fi bir g\u00fcn olmas\u0131 gerekti\u011fini savunur. Anneler G\u00fcn\u00fc resm\u00ee tatil oldu. G\u00fcn\u00fcm\u00fczde Anneler G\u00fcn\u00fc bir\u00e7ok \u00fclkede anneye hediye almak, \u00e7i\u00e7ek vermek ve d\u0131\u015far\u0131da yemek yemek gibi etkinliklerle kutlanmaktad\u0131r. Bu kutlamalar genellikle reklam ve kampanyalarla desteklenmektedir. Anneler G\u00fcn\u00fc&#8217;n\u00fcn k\u00f6kenleri Jarvis ailesinin hayat\u0131ndaki kay\u0131plar ve fedakarl\u0131klarla ba\u011flant\u0131l\u0131d\u0131r. Bug\u00fcn\u00fcn as\u0131l amac\u0131n\u0131 hat\u0131rlamak \u00f6nemlidir. Anneler G\u00fcn\u00fc, annelere duyulan sevgi ve takdiri ifade etmek i\u00e7in \u00f6zel bir g\u00fcn haline gelmi\u015ftir.<\/span><\/p>\n<h2><b>Anneler G\u00fcn\u00fc \u0130\u00e7in Ne Yap\u0131l\u0131r?<\/b><\/h2>\n<ul>\n<li style=\"font-weight: 400;\" aria-level=\"1\"><span style=\"font-weight: 400;\">Annenize \u00f6ncelikle te\u015fekk\u00fcr edin. Annenize yaln\u0131zca Anneler G\u00fcn\u00fc&#8217;nde de\u011fil hayat\u0131n\u0131z boyunca t\u00fcm g\u00fcnlerde te\u015fekk\u00fcr etmeyi unutmay\u0131n. Evlatlar\u0131 i\u00e7in her zaman fedak\u00e2rl\u0131k yapan ve \u00e7ocuklar\u0131n\u0131 y\u0131llarca ko\u015fulsuz sevgisi ile birlikte b\u00fcy\u00fcten annelerinize t\u00fcm i\u00e7tenli\u011finizle bir te\u015fekk\u00fcr en g\u00fczel hediyelerden bir tanesi olacakt\u0131r.\u00a0<\/span><\/li>\n<li style=\"font-weight: 400;\" aria-level=\"1\"><span style=\"font-weight: 400;\">Anneleriniz i\u00e7in harika bir sofra haz\u0131rlaman\u0131z da bir hediye olacakt\u0131r. E\u015fsiz bir sohbet ile birlikte bir kahvalt\u0131 ya da ak\u015fam yeme\u011fini de tercih edebilirsiniz.\u00a0<\/span><\/li>\n<li style=\"font-weight: 400;\" aria-level=\"1\"><span style=\"font-weight: 400;\">Annenizinde sevebilece\u011fi hobi malzemeleriyle hem zaman\u0131n\u0131z\u0131 de\u011ferlendirecek hem de annenizin \u00e7ok be\u011fenece\u011fi bir hediye haz\u0131rlam\u0131\u015f olacaks\u0131n\u0131z. B\u00f6ylelikle annenizle birlikte ilgi duydu\u011funuz bir aktiviteyi birlikte ger\u00e7ekle\u015ftirmi\u015f olacaks\u0131n\u0131z ve bu anneniz i\u00e7in harika bir hediye halin gelecektir.<\/span><\/li>\n<li style=\"font-weight: 400;\" aria-level=\"1\"><span style=\"font-weight: 400;\">Hem e\u011flenceli zaman ge\u00e7irmek hem de kafan\u0131z\u0131 da\u011f\u0131tman\u0131z i\u00e7in annenizle birlikte bir puzzle yapmay\u0131 tercih edebilirsiniz.\u00a0<\/span><\/li>\n<li style=\"font-weight: 400;\" aria-level=\"1\"><span style=\"font-weight: 400;\">E\u011fer puzzle yapacak kadar sab\u0131rl\u0131 de\u011filseniz, mandala ve boyama gibi aktiviteleri de tercih edebilirsiniz. B\u00f6ylelikle hem kendinizin hem de annenizin sanatsal yeteneklerini geli\u015ftirmeniz m\u00fcmk\u00fcnd\u00fcr.<\/span><\/li>\n<li style=\"font-weight: 400;\" aria-level=\"1\"><span style=\"font-weight: 400;\">Anneler g\u00fcn\u00fc i\u00e7in bir di\u011fer aktivite bir kutu oyunuyla keyifli vakit ge\u00e7irmektir. Evdeki t\u00fcm aile \u00fcyeleri ve annenizle birlikte Jenga, Uno ve Tabu gibi bir\u00e7ok oyunu tercih edebilirsiniz.<\/span><\/li>\n<li style=\"font-weight: 400;\" aria-level=\"1\"><span style=\"font-weight: 400;\">Birlikte yapaca\u011f\u0131n\u0131z bir kahvalt\u0131dan sonra ormanda veya kahvalt\u0131da bir y\u00fcr\u00fcy\u00fc\u015f yaparak g\u00fcn\u00fcn\u00fcz\u00fc de\u011ferlendirebilirsiniz.\u00a0<\/span><\/li>\n<li style=\"font-weight: 400;\" aria-level=\"1\"><span style=\"font-weight: 400;\">Annenizle birlikte al\u0131\u015fveri\u015fe \u00e7\u0131kabilirsiniz.<\/span><\/li>\n<li style=\"font-weight: 400;\" aria-level=\"1\"><span style=\"font-weight: 400;\">Evlerinizde ya da bah\u00e7elerinizde herhangi bir bitki b\u00fcy\u00fctmek ruhunuza olduk\u00e7a iyi gelecektir. Bu aktiviteyi annenizle yapmak size ve annenize \u00e7ok iyi gelecektir.<\/span><\/li>\n<li style=\"font-weight: 400;\" aria-level=\"1\"><span style=\"font-weight: 400;\">Annenizle birlikte bir\u00e7ok anne ve \u00e7ocuklar\u0131 aras\u0131ndaki ili\u015fkiyi konu edinen filmleri izlemeniz \u00e7ok g\u00fczel bir hediye olacakt\u0131r.\u00a0<\/span><\/li>\n<li style=\"font-weight: 400;\" aria-level=\"1\"><span style=\"font-weight: 400;\">Kitap okumak evde vakit ge\u00e7irmenin en iyi yollar\u0131ndan biridir. Annenize ho\u015funa gidebilecek kitaplar hediye edebilirsiniz.<\/span><\/li>\n<li style=\"font-weight: 400;\" aria-level=\"1\"><span style=\"font-weight: 400;\">Annenizle yemek pi\u015firmek sadece e\u011flenceli de\u011fil, ayn\u0131 zamanda aile tariflerini \u00f6\u011frenmek ve bunlar\u0131 bir sonraki nesle aktarmak i\u00e7in bir f\u0131rsatt\u0131r.<\/span><\/li>\n<li style=\"font-weight: 400;\" aria-level=\"1\"><span style=\"font-weight: 400;\">Ev han\u0131mlar\u0131n\u0131n en b\u00fcy\u00fck sorunlar\u0131ndan biri evi \u00fct\u00fclemek ve toplamak, paspaslamak ve s\u00fcp\u00fcrmektir. Anneniz uyanmadan \u00f6nce evin t\u00fcm alanlar\u0131n\u0131 temizleyebilirsiniz. \u0130kiniz de uyand\u0131\u011f\u0131n\u0131zda gard\u0131robu birlikte ba\u015ftan a\u015fa\u011f\u0131 temizleyebilirsiniz.<\/span><\/li>\n<\/ul>\n<h2><b>Annelere Hediye Olarak Al\u0131nabilecek Ayakkab\u0131 \u00d6nerileri<\/b><\/h2>\n<p><span style=\"font-weight: 400;\">Bir\u00e7ok annenin en sevdi\u011fi aktivite y\u00fcr\u00fcy\u00fc\u015ft\u00fcr. Mek\u00e2n farketmeksizin bir\u00e7ok anne y\u00fcr\u00fcmeyi \u00e7ok sever. Anneniz y\u00fcr\u00fcy\u00fc\u015f\u00fc seviyorsa ona ara\u015ft\u0131r\u0131p en rahat y\u00fcr\u00fcy\u00fc\u015f ayakkab\u0131s\u0131n\u0131 hediye olarak alabilirsiniz. E\u011fer anneniz ko\u015fu yapmay\u0131 seviyorsa, ona uygun bir ko\u015fu ayakkab\u0131s\u0131 alman\u0131z da \u00e7ok g\u00fczel bir hediye olacakt\u0131r. Bir\u00e7ok firma bu aktiviteler i\u00e7in uygun ayakkab\u0131lar\u0131n \u00fcretimini yapmaktad\u0131r. <a href=\"https:\/\/www.skechers.com.tr\/ozel-gunler-anneler-gunu-c-9001?utm-source=content&amp;utm_medium=blog&amp;utm-camping=anneler-gunu-ne-zaman&amp;utm_term=9001\">Anneler g\u00fcn\u00fc indirimleri<\/a> ve en iyi hediye i\u00e7in g\u00fczel bir ara\u015ft\u0131rma yapman\u0131z gereklidir.\u00a0<\/span><\/p>\n<h2><b>En G\u00fczel Anneler G\u00fcn\u00fc Hediye Fikirleri Skechers\u2019da!<\/b><\/h2>\n<p><span style=\"font-weight: 400;\">Anneler G\u00fcn\u00fc&#8217;nde annenize tarz bir hediye almak ister misiniz? Sevgili annenize alaca\u011f\u0131n\u0131z spor \u00fcr\u00fcnleri ile onu spor yapmaya te\u015fvik edebilir ve daha sa\u011fl\u0131kl\u0131 bir ya\u015fam s\u00fcrmesi i\u00e7in fayda sa\u011flayabilirsiniz. Annenizin en sevdi\u011fi spor k\u0131yafetlerini ve Skechers kalitesiyle konfor sa\u011flayan sportif tasar\u0131mlar\u0131 kolayl\u0131kla bulabilirsiniz.<\/span><\/p>\n<p><span style=\"font-weight: 400;\">Skechers&#8217;\u0131n \u00f6zel teknolojileri, annelerin ayaklar\u0131n\u0131n her ad\u0131mda desteklenmesine fayda sa\u011flar. Ayaklar\u0131 g\u00fczelce saran taban k\u0131sm\u0131, saatlerce ayakta kal\u0131nd\u0131\u011f\u0131nda dahi yorgunluk hissini minimuma indirmeye yard\u0131mc\u0131 olur. Yaz aylar\u0131 i\u00e7in \u00f6zel bir \u00fcr\u00fcn almak istiyorsan\u0131z, i\u00e7 taban sayesinde nefes alan Skechers marka ayakkab\u0131lar\u0131 inceleyebilirsiniz.\u00a0<\/span><\/p>\n<p><span style=\"font-weight: 400;\">Skechers ko\u015fu ayakkab\u0131s\u0131, i\u00e7 taban\u0131 sayesinde ayaklara rahatl\u0131k sunar. Ayr\u0131ca orta tabandaki \u00f6zel yast\u0131klama destekleri, ani ad\u0131mlar\u0131n \u015fok etkisini absorbe etmeye yard\u0131mc\u0131 olur. Baz\u0131 modellerde bulunan s\u0131\u00e7rama deste\u011fi ise enerji tasarrufu sa\u011fl\u0131yor.\u00a0<\/span><\/p>\n<p><span style=\"font-weight: 400;\">Anneniz i\u00e7in bir hediye ar\u0131yorsan\u0131z, hangi sporu yap\u0131yor olmas\u0131 fark etmeksizin, bir <a href=\"https:\/\/www.skechers.com.tr\/kadin-spor-tayt-c-1109?utm-source=content&amp;utm_medium=blog&amp;utm-camping=bel-inceltme-hareketleri&amp;utm_term=1109\">kad\u0131n spor tayt\u0131<\/a> alman\u0131z olduk\u00e7a yararl\u0131 olacakt\u0131r. Spor taytlar\u0131 pilatesten yogaya, fitness&#8217;tan y\u00fcr\u00fcy\u00fc\u015f ve ko\u015fuya kadar bir\u00e7ok farkl\u0131 spor aktivitesi i\u00e7in giyilebilir. Taytlar\u0131n sporun olmazsa olmaz\u0131 olmas\u0131n\u0131n ba\u015fl\u0131ca nedenlerinden biri de sundu\u011fu hareket \u00f6zg\u00fcrl\u00fc\u011f\u00fcd\u00fcr. Hafif, konforlu ve \u00f6zel nem tutma \u00f6zelli\u011fine sahip kuma\u015flardan \u00fcretilen Skechers spor taytlar\u0131, annelere g\u00fcnl\u00fck ya\u015famlar\u0131nda destek oluyor.<\/span><\/p>\n<p><span style=\"font-weight: 400;\">Sportif tasar\u0131ml\u0131 ti\u015f\u00f6rtler de annenize verebilece\u011finiz en kullan\u0131\u015fl\u0131 hediyelerden biri. Yaza haz\u0131rland\u0131\u011f\u0131m\u0131z d\u00f6neme denk gelen Anneler G\u00fcn\u00fc, yaz gard\u0131robuna eklenecek yeni k\u0131yafetlerin de habercisi. Anneler G\u00fcn\u00fc i\u00e7in hediye almak istiyorsan\u0131z, sportif giyinmeyi seven anneler i\u00e7in mutlaka spor bodylerden almal\u0131s\u0131n\u0131z. Tek ba\u015f\u0131na bir ti\u015f\u00f6rt\u00fcn hediye i\u00e7in yeterli olmad\u0131\u011f\u0131n\u0131 d\u00fc\u015f\u00fcn\u00fcyorsan\u0131z e\u015fofman, <a href=\"https:\/\/www.skechers.com.tr\/anne-ayakkabisi-c-1224?utm-source=content&amp;utm_medium=blog&amp;utm-camping=anneler-gunu-ne-zaman&amp;utm_term=1224\">anne ayakkab\u0131s\u0131<\/a> ve spor aksesuarlar\u0131yla \u00f6zel bir paket olu\u015fturabilirsiniz. Skechers, geni\u015f \u00fcr\u00fcn yelpazesi ile bir\u00e7ok kategoride spor giyim ihtiya\u00e7lar\u0131n\u0131 kar\u015f\u0131l\u0131yor.\u00a0<\/span><\/p>\n<p><span style=\"font-weight: 400;\">Klasik model tercih eden anneleriniz i\u00e7inde <a href=\"https:\/\/www.skechers.com.tr\/kadin-loafer-ayakkabi-c-1226?utm-source=content&amp;utm_medium=blog&amp;utm-camping=bel-inceltme-hareketleri&amp;utm_term=1226\">loafer ayakkab\u0131 modelleri<\/a> s\u0131k\u00e7a \u00f6nerilir. Anneniz i\u00e7in en uygun \u00fcr\u00fcn\u00fc ara\u015ft\u0131rarak anneler g\u00fcn\u00fc i\u00e7in en do\u011fru hediyeyi alabilirsiniz.<\/span><\/p>\n","protected":false},"excerpt":{"rendered":"<p>Anneler G\u00fcn\u00fc&#8217;n\u00fcn tarihi sorusu May\u0131s ay\u0131 yakla\u015f\u0131rken en \u00f6nemli sorulardan biri haline geldi. Annelerin onuruna \u00f6zel bir g\u00fcn olarak kutlanan Anneler G\u00fcn\u00fc vesilesiyle, sevgi ve minnetlerini ifade etmek isteyenler bu y\u0131lki Anneler G\u00fcn\u00fc&#8217;n\u00fcn tarihine, yani 2023&#8217;e odakland\u0131. Anneler G\u00fcn\u00fc, \u00e7ocuklar\u0131n\u0131 yeti\u015ftirirken hi\u00e7bir fedak\u00e2rl\u0131ktan ka\u00e7\u0131nmayan ve onlar\u0131 \u00e7ok seven anneler i\u00e7in b\u00fcy\u00fck \u00f6nem ta\u015f\u0131yor. Annelerini k\u00fc\u00e7\u00fck [&hellip;]<\/p>\n","protected":false},"author":1,"featured_media":2864,"comment_status":"open","ping_status":"open","sticky":false,"template":"","format":"standard","meta":[],"categories":[26],"tags":[],"yoast_head":"<!-- This site is optimized with the Yoast SEO plugin v18.5.1 - https:\/\/yoast.com\/wordpress\/plugins\/seo\/ -->\n<title>2023 Anneler G\u00fcn\u00fc Ne Zaman? - Skechers Blog<\/title>\n<meta name=\"description\" content=\"Anneler G\u00fcn\u00fc&#039;n\u00fcn tarihi sorusu May\u0131s ay\u0131 yakla\u015f\u0131rken en \u00f6nemli sorulardan biri haline geldi. 2023 y\u0131l\u0131nda Anneler G\u00fcn\u00fc ne zaman?\" \/>\n<meta name=\"robots\" content=\"index, follow, max-snippet:-1, max-image-preview:large, max-video-preview:-1\" \/>\n<link rel=\"canonical\" href=\"https:\/\/www.skechers.com.tr\/blog\/2023-anneler-gunu-ne-zaman\/\" \/>\n<meta property=\"og:locale\" content=\"tr_TR\" \/>\n<meta property=\"og:type\" content=\"article\" \/>\n<meta property=\"og:title\" content=\"2023 Anneler G\u00fcn\u00fc Ne Zaman? - Skechers Blog\" \/>\n<meta property=\"og:description\" content=\"Anneler G\u00fcn\u00fc&#039;n\u00fcn tarihi sorusu May\u0131s ay\u0131 yakla\u015f\u0131rken en \u00f6nemli sorulardan biri haline geldi. 2023 y\u0131l\u0131nda Anneler G\u00fcn\u00fc ne zaman?\" \/>\n<meta property=\"og:url\" content=\"https:\/\/www.skechers.com.tr\/blog\/2023-anneler-gunu-ne-zaman\/\" \/>\n<meta property=\"og:site_name\" content=\"Skechers Blog\" \/>\n<meta property=\"article:published_time\" content=\"2023-05-08T07:27:39+00:00\" \/>\n<meta property=\"article:modified_time\" content=\"2023-05-08T07:28:24+00:00\" \/>\n<meta property=\"og:image\" content=\"https:\/\/www.skechers.com.tr\/blog\/wp-content\/uploads\/2023\/05\/Anneler-Gunu-Ne-Zaman.jpg\" \/>\n\t<meta property=\"og:image:width\" content=\"770\" \/>\n\t<meta property=\"og:image:height\" content=\"513\" \/>\n\t<meta property=\"og:image:type\" content=\"image\/jpeg\" \/>\n<meta name=\"twitter:card\" content=\"summary_large_image\" \/>\n<meta name=\"twitter:label1\" content=\"Yazan:\" \/>\n\t<meta name=\"twitter:data1\" content=\"Skechers T\u00fcrkiye\" \/>\n\t<meta name=\"twitter:label2\" content=\"Tahmini okuma s\u00fcresi\" \/>\n\t<meta name=\"twitter:data2\" content=\"7 dakika\" \/>\n<script type=\"application\/ld+json\" class=\"yoast-schema-graph\">{\"@context\":\"https:\/\/schema.org\",\"@graph\":[{\"@type\":\"WebSite\",\"@id\":\"https:\/\/www.skechers.com.tr\/blog\/#website\",\"url\":\"https:\/\/www.skechers.com.tr\/blog\/\",\"name\":\"Skechers Blog\",\"description\":\"Skechers\",\"potentialAction\":[{\"@type\":\"SearchAction\",\"target\":{\"@type\":\"EntryPoint\",\"urlTemplate\":\"https:\/\/www.skechers.com.tr\/blog\/?s={search_term_string}\"},\"query-input\":\"required name=search_term_string\"}],\"inLanguage\":\"tr\"},{\"@type\":\"ImageObject\",\"@id\":\"https:\/\/www.skechers.com.tr\/blog\/2023-anneler-gunu-ne-zaman\/#primaryimage\",\"inLanguage\":\"tr\",\"url\":\"https:\/\/www.skechers.com.tr\/blog\/wp-content\/uploads\/2023\/05\/Anneler-Gunu-Ne-Zaman.jpg\",\"contentUrl\":\"https:\/\/www.skechers.com.tr\/blog\/wp-content\/uploads\/2023\/05\/Anneler-Gunu-Ne-Zaman.jpg\",\"width\":770,\"height\":513,\"caption\":\"Anneler G\u00fcn\u00fc Ne Zaman\"},{\"@type\":\"WebPage\",\"@id\":\"https:\/\/www.skechers.com.tr\/blog\/2023-anneler-gunu-ne-zaman\/#webpage\",\"url\":\"https:\/\/www.skechers.com.tr\/blog\/2023-anneler-gunu-ne-zaman\/\",\"name\":\"2023 Anneler G\u00fcn\u00fc Ne Zaman? - Skechers Blog\",\"isPartOf\":{\"@id\":\"https:\/\/www.skechers.com.tr\/blog\/#website\"},\"primaryImageOfPage\":{\"@id\":\"https:\/\/www.skechers.com.tr\/blog\/2023-anneler-gunu-ne-zaman\/#primaryimage\"},\"datePublished\":\"2023-05-08T07:27:39+00:00\",\"dateModified\":\"2023-05-08T07:28:24+00:00\",\"author\":{\"@id\":\"https:\/\/www.skechers.com.tr\/blog\/#\/schema\/person\/6d09a0595696524814757d23d22b4c33\"},\"description\":\"Anneler G\u00fcn\u00fc'n\u00fcn tarihi sorusu May\u0131s ay\u0131 yakla\u015f\u0131rken en \u00f6nemli sorulardan biri haline geldi. 2023 y\u0131l\u0131nda Anneler G\u00fcn\u00fc ne zaman?\",\"breadcrumb\":{\"@id\":\"https:\/\/www.skechers.com.tr\/blog\/2023-anneler-gunu-ne-zaman\/#breadcrumb\"},\"inLanguage\":\"tr\",\"potentialAction\":[{\"@type\":\"ReadAction\",\"target\":[\"https:\/\/www.skechers.com.tr\/blog\/2023-anneler-gunu-ne-zaman\/\"]}]},{\"@type\":\"BreadcrumbList\",\"@id\":\"https:\/\/www.skechers.com.tr\/blog\/2023-anneler-gunu-ne-zaman\/#breadcrumb\",\"itemListElement\":[{\"@type\":\"ListItem\",\"position\":1,\"name\":\"2023 Anneler G\u00fcn\u00fc Ne Zaman?\"}]},{\"@type\":\"Person\",\"@id\":\"https:\/\/www.skechers.com.tr\/blog\/#\/schema\/person\/6d09a0595696524814757d23d22b4c33\",\"name\":\"Skechers T\u00fcrkiye\",\"image\":{\"@type\":\"ImageObject\",\"@id\":\"https:\/\/www.skechers.com.tr\/blog\/#personlogo\",\"inLanguage\":\"tr\",\"url\":\"https:\/\/secure.gravatar.com\/avatar\/0fc2191869a9a020b4606acf264338ae?s=96&d=mm&r=g\",\"contentUrl\":\"https:\/\/secure.gravatar.com\/avatar\/0fc2191869a9a020b4606acf264338ae?s=96&d=mm&r=g\",\"caption\":\"Skechers T\u00fcrkiye\"},\"description\":\"Skechers spor ayakkab\u0131 \u00fcr\u00fcnleri ile rahatl\u0131\u011f\u0131 ve kaliteyi hisset!\"}]}<\/script>\n<!-- \/ Yoast SEO plugin. -->","yoast_head_json":{"title":"2023 Anneler G\u00fcn\u00fc Ne Zaman? - Skechers Blog","description":"Anneler G\u00fcn\u00fc'n\u00fcn tarihi sorusu May\u0131s ay\u0131 yakla\u015f\u0131rken en \u00f6nemli sorulardan biri haline geldi. 2023 y\u0131l\u0131nda Anneler G\u00fcn\u00fc ne zaman?","robots":{"index":"index","follow":"follow","max-snippet":"max-snippet:-1","max-image-preview":"max-image-preview:large","max-video-preview":"max-video-preview:-1"},"canonical":"https:\/\/www.skechers.com.tr\/blog\/2023-anneler-gunu-ne-zaman\/","og_locale":"tr_TR","og_type":"article","og_title":"2023 Anneler G\u00fcn\u00fc Ne Zaman? - Skechers Blog","og_description":"Anneler G\u00fcn\u00fc'n\u00fcn tarihi sorusu May\u0131s ay\u0131 yakla\u015f\u0131rken en \u00f6nemli sorulardan biri haline geldi. 2023 y\u0131l\u0131nda Anneler G\u00fcn\u00fc ne zaman?","og_url":"https:\/\/www.skechers.com.tr\/blog\/2023-anneler-gunu-ne-zaman\/","og_site_name":"Skechers Blog","article_published_time":"2023-05-08T07:27:39+00:00","article_modified_time":"2023-05-08T07:28:24+00:00","og_image":[{"width":770,"height":513,"url":"https:\/\/www.skechers.com.tr\/blog\/wp-content\/uploads\/2023\/05\/Anneler-Gunu-Ne-Zaman.jpg","type":"image\/jpeg"}],"twitter_card":"summary_large_image","twitter_misc":{"Yazan:":"Skechers T\u00fcrkiye","Tahmini okuma s\u00fcresi":"7 dakika"},"schema":{"@context":"https:\/\/schema.org","@graph":[{"@type":"WebSite","@id":"https:\/\/www.skechers.com.tr\/blog\/#website","url":"https:\/\/www.skechers.com.tr\/blog\/","name":"Skechers Blog","description":"Skechers","potentialAction":[{"@type":"SearchAction","target":{"@type":"EntryPoint","urlTemplate":"https:\/\/www.skechers.com.tr\/blog\/?s={search_term_string}"},"query-input":"required name=search_term_string"}],"inLanguage":"tr"},{"@type":"ImageObject","@id":"https:\/\/www.skechers.com.tr\/blog\/2023-anneler-gunu-ne-zaman\/#primaryimage","inLanguage":"tr","url":"https:\/\/www.skechers.com.tr\/blog\/wp-content\/uploads\/2023\/05\/Anneler-Gunu-Ne-Zaman.jpg","contentUrl":"https:\/\/www.skechers.com.tr\/blog\/wp-content\/uploads\/2023\/05\/Anneler-Gunu-Ne-Zaman.jpg","width":770,"height":513,"caption":"Anneler G\u00fcn\u00fc Ne Zaman"},{"@type":"WebPage","@id":"https:\/\/www.skechers.com.tr\/blog\/2023-anneler-gunu-ne-zaman\/#webpage","url":"https:\/\/www.skechers.com.tr\/blog\/2023-anneler-gunu-ne-zaman\/","name":"2023 Anneler G\u00fcn\u00fc Ne Zaman? - Skechers Blog","isPartOf":{"@id":"https:\/\/www.skechers.com.tr\/blog\/#website"},"primaryImageOfPage":{"@id":"https:\/\/www.skechers.com.tr\/blog\/2023-anneler-gunu-ne-zaman\/#primaryimage"},"datePublished":"2023-05-08T07:27:39+00:00","dateModified":"2023-05-08T07:28:24+00:00","author":{"@id":"https:\/\/www.skechers.com.tr\/blog\/#\/schema\/person\/6d09a0595696524814757d23d22b4c33"},"description":"Anneler G\u00fcn\u00fc'n\u00fcn tarihi sorusu May\u0131s ay\u0131 yakla\u015f\u0131rken en \u00f6nemli sorulardan biri haline geldi. 2023 y\u0131l\u0131nda Anneler G\u00fcn\u00fc ne zaman?","breadcrumb":{"@id":"https:\/\/www.skechers.com.tr\/blog\/2023-anneler-gunu-ne-zaman\/#breadcrumb"},"inLanguage":"tr","potentialAction":[{"@type":"ReadAction","target":["https:\/\/www.skechers.com.tr\/blog\/2023-anneler-gunu-ne-zaman\/"]}]},{"@type":"BreadcrumbList","@id":"https:\/\/www.skechers.com.tr\/blog\/2023-anneler-gunu-ne-zaman\/#breadcrumb","itemListElement":[{"@type":"ListItem","position":1,"name":"2023 Anneler G\u00fcn\u00fc Ne Zaman?"}]},{"@type":"Person","@id":"https:\/\/www.skechers.com.tr\/blog\/#\/schema\/person\/6d09a0595696524814757d23d22b4c33","name":"Skechers T\u00fcrkiye","image":{"@type":"ImageObject","@id":"https:\/\/www.skechers.com.tr\/blog\/#personlogo","inLanguage":"tr","url":"https:\/\/secure.gravatar.com\/avatar\/0fc2191869a9a020b4606acf264338ae?s=96&d=mm&r=g","contentUrl":"https:\/\/secure.gravatar.com\/avatar\/0fc2191869a9a020b4606acf264338ae?s=96&d=mm&r=g","caption":"Skechers T\u00fcrkiye"},"description":"Skechers spor ayakkab\u0131 \u00fcr\u00fcnleri ile rahatl\u0131\u011f\u0131 ve kaliteyi hisset!"}]}},"_links":{"self":[{"href":"https:\/\/www.skechers.com.tr\/blog\/wp-json\/wp\/v2\/posts\/2863"}],"collection":[{"href":"https:\/\/www.skechers.com.tr\/blog\/wp-json\/wp\/v2\/posts"}],"about":[{"href":"https:\/\/www.skechers.com.tr\/blog\/wp-json\/wp\/v2\/types\/post"}],"author":[{"embeddable":true,"href":"https:\/\/www.skechers.com.tr\/blog\/wp-json\/wp\/v2\/users\/1"}],"replies":[{"embeddable":true,"href":"https:\/\/www.skechers.com.tr\/blog\/wp-json\/wp\/v2\/comments?post=2863"}],"version-history":[{"count":1,"href":"https:\/\/www.skechers.com.tr\/blog\/wp-json\/wp\/v2\/posts\/2863\/revisions"}],"predecessor-version":[{"id":2865,"href":"https:\/\/www.skechers.com.tr\/blog\/wp-json\/wp\/v2\/posts\/2863\/revisions\/2865"}],"wp:featuredmedia":[{"embeddable":true,"href":"https:\/\/www.skechers.com.tr\/blog\/wp-json\/wp\/v2\/media\/2864"}],"wp:attachment":[{"href":"https:\/\/www.skechers.com.tr\/blog\/wp-json\/wp\/v2\/media?parent=2863"}],"wp:term":[{"taxonomy":"category","embeddable":true,"href":"https:\/\/www.skechers.com.tr\/blog\/wp-json\/wp\/v2\/categories?post=2863"},{"taxonomy":"post_tag","embeddable":true,"href":"https:\/\/www.skechers.com.tr\/blog\/wp-json\/wp\/v2\/tags?post=2863"}],"curies":[{"name":"wp","href":"https:\/\/api.w.org\/{rel}","templated":true}]}}