{"id":2624,"date":"2022-07-20T13:58:06","date_gmt":"2022-07-20T13:58:06","guid":{"rendered":"https:\/\/www.skechers.com.tr\/blog\/?p=2624"},"modified":"2022-07-20T13:59:00","modified_gmt":"2022-07-20T13:59:00","slug":"12-agustos-dunya-genclik-gunu-icin-skechers-onerileri","status":"publish","type":"post","link":"https:\/\/www.skechers.com.tr\/blog\/12-agustos-dunya-genclik-gunu-icin-skechers-onerileri\/","title":{"rendered":"12 A\u011fustos D\u00fcnya Gen\u00e7lik G\u00fcn\u00fc \u0130\u00e7in Skechers \u00d6nerileri"},"content":{"rendered":"<p><span style=\"font-weight: 400;\">1999 y\u0131l\u0131ndan bu yana her y\u0131l \u00fclkemizde heyecanla kutlad\u0131\u011f\u0131m\u0131z 12 A\u011fustos D\u00fcnya Gen\u00e7lik G\u00fcn\u00fc, t\u0131pk\u0131 19 May\u0131s gibi gen\u00e7li\u011fe arma\u011fan ediliyor. Hem gen\u00e7lere hem de ya\u015fama dair her an sevin\u00e7 duyanlara adan\u0131yor. Skechers ise gen\u00e7 olan ve kendini gen\u00e7 hisseden herkes i\u00e7in aktif ya\u015fama konfor katacak \u00fcr\u00fcnlerle, 12 A\u011fustos\u2019a iz b\u0131rak\u0131yor.\u00a0<\/span><\/p>\n<p><span style=\"font-weight: 400;\">\u00d6ncelikle 12 A\u011fustos D\u00fcnya Gen\u00e7lik G\u00fcn\u00fc\u2019n\u00fc tan\u0131maya ba\u015flayal\u0131m. Sonras\u0131nda birbirinden e\u011flenceli Skechers modelleri ile gen\u00e7lik heyecan\u0131n\u0131 tarz\u0131na yans\u0131tabilirsin. Sen de D\u00fcnya Gen\u00e7lik G\u00fcn\u00fc i\u00e7in \u00f6zel olarak se\u00e7ti\u011fimiz \u00fcr\u00fcnleri inceleyebilir, dinamik ya\u015fam tarz\u0131na en uygun modelleri hemen ke\u015ffedebilirsin. Ayr\u0131ca sevdiklerin i\u00e7in gen\u00e7lik enerjisiyle dolu \u00fcr\u00fcnler aras\u0131ndan se\u00e7im yapabilir, onlara \u00f6nlerindeki uzun yolda e\u015flik edecek konforlu yol arkada\u015flar\u0131 arma\u011fan edebilirsin.\u00a0<\/span><\/p>\n<h2><span style=\"font-weight: 400;\">12 A\u011fustos D\u00fcnya Gen\u00e7lik G\u00fcn\u00fc Nedir?<\/span><\/h2>\n<p><span style=\"font-weight: 400;\">Bir\u00e7ok uluslararas\u0131 kurum gen\u00e7 olmay\u0131 ve gen\u00e7li\u011fi kesin bir ya\u015f tan\u0131m\u0131yla de\u011fil ki\u015fi \u00f6zellikleriyle tan\u0131ml\u0131yor. \u00d6rne\u011fin UNESCO\u2019ya g\u00f6re gen\u00e7lik, \u00e7ekingenlik yerine cesaretin, rahat\u0131n yerine ser\u00fcven arzusunun \u00fcst\u00fcn geldi\u011fi \u00e7a\u011f olarak tan\u0131mlan\u0131yor. Bu g\u00fcn, hayata dair cesaretini, ser\u00fcven aray\u0131\u015f\u0131n\u0131 canl\u0131 tutan t\u00fcm gen\u00e7ler i\u00e7in \u00f6zel. D\u00fcnya Gen\u00e7lik G\u00fcn\u00fc\u2019n\u00fcn resmi tarihi ise 1985 y\u0131l\u0131na dek uzan\u0131yor.\u00a0<\/span><\/p>\n<p><span style=\"font-weight: 400;\">12 A\u011fustos D\u00fcnya Gen\u00e7lik G\u00fcn\u00fc, 1985 y\u0131l\u0131nda Birle\u015fmi\u015f Milletler taraf\u0131ndan ilan ediliyor. Bu tarih itibar\u0131yla; d\u00fcnya \u00e7ap\u0131nda t\u00f6renlere, etkinlik ve \u00e7al\u0131\u015fmalara ev sahipli\u011fi yap\u0131yor. Birle\u015fmi\u015f Milletler taraf\u0131ndan desteklenen bu \u00f6zel g\u00fcn, her y\u0131l belli temalarla beraber kutlamalara sahne oluyor. Bunun yan\u0131nda, her 12 A\u011fustos g\u00fcn\u00fc gen\u00e7lik konular\u0131 toplumun dikkatine sunularak k\u00fcresel bilin\u00e7lendirme kampanyalar\u0131 hayata ge\u00e7iyor.\u00a0<\/span><\/p>\n<figure id=\"attachment_2626\" aria-describedby=\"caption-attachment-2626\" style=\"width: 800px\" class=\"wp-caption aligncenter\"><img decoding=\"async\" loading=\"lazy\" class=\"size-full wp-image-2626\" src=\"https:\/\/www.skechers.com.tr\/blog\/wp-content\/uploads\/2022\/07\/pexels-kampus-production-5935193.jpg\" alt=\"12 A\u011fustos D\u00fcnya Gen\u00e7lik G\u00fcn\u00fc Nedir?\" width=\"800\" height=\"552\" srcset=\"https:\/\/www.skechers.com.tr\/blog\/wp-content\/uploads\/2022\/07\/pexels-kampus-production-5935193.jpg 800w, https:\/\/www.skechers.com.tr\/blog\/wp-content\/uploads\/2022\/07\/pexels-kampus-production-5935193-300x207.jpg 300w, https:\/\/www.skechers.com.tr\/blog\/wp-content\/uploads\/2022\/07\/pexels-kampus-production-5935193-768x530.jpg 768w\" sizes=\"(max-width: 800px) 100vw, 800px\" \/><figcaption id=\"caption-attachment-2626\" class=\"wp-caption-text\">12 A\u011fustos D\u00fcnya Gen\u00e7lik G\u00fcn\u00fc Nedir?<\/figcaption><\/figure>\n<p><span style=\"font-weight: 400;\">\u00d6yle ki her 12 A\u011fustos\u2019ta giderek kutupla\u015fan d\u00fcnyada g\u00fcncel sorunlara y\u00f6nelik \u00e7al\u0131\u015fmalar planlan\u0131yor. Bar\u0131\u015f\u0131n, \u00e7\u00f6z\u00fcm \u00fcretebilme kapasitesinin g\u00fc\u00e7lendirilmesi i\u00e7in kaynaklar olu\u015fturuluyor. \u00d6rne\u011fin, \u00e7at\u0131\u015fma, pandemi ve acil durumlarda gen\u00e7li\u011fin potansiyelinin ke\u015ffedilmesi i\u00e7in 12 A\u011fustos \u00e7al\u0131\u015fmalar\u0131 referans oluyor. Farkl\u0131 k\u00fcresel zorluklarda gen\u00e7lerin \u00fclke mekanizmalar\u0131na dahil edilmesi esas ama\u00e7. Daha adil, ya\u015fanabilir, g\u00fcvenli bir d\u00fcnya i\u00e7in demokratik birimlerde gen\u00e7lerin g\u00f6r\u00fc\u015fleri al\u0131n\u0131yor. D\u00fcnya Gen\u00e7lik G\u00fcn\u00fc etkinliklerinin temelini bu vizyoner bak\u0131\u015f olu\u015fturuyor.\u00a0<\/span><\/p>\n<p><span style=\"font-weight: 400;\">Ayr\u0131ca gen\u00e7lerle ilgili raporlar yaz\u0131l\u0131yor.\u00a0 Gen\u00e7li\u011fin sorunlar\u0131na \u00e7\u00f6z\u00fcm bulunmas\u0131 i\u00e7in \u00f6neriler ele al\u0131n\u0131yor. \u00d6rne\u011fin 2016 y\u0131l\u0131nda UNICEF ve ortaklar\u0131 taraf\u0131ndan yap\u0131lan ara\u015ft\u0131rma; her 10 gen\u00e7ten 9\u2019unun zorbal\u0131\u011f\u0131n yayg\u0131n bir durum oldu\u011funu kabul ediyor. Hatta bu ki\u015filerin \u00fc\u00e7te ikisi zorbal\u0131kla kar\u015f\u0131la\u015ft\u0131\u011f\u0131n\u0131 onayl\u0131yor. Bunun \u00fczerine bilin\u00e7lendirme \u00e7al\u0131\u015fmalar\u0131, sosyal medya kampanyalar\u0131, seminer ve etkinlikler ba\u015fl\u0131yor. Uluslararas\u0131 bir hareket olarak zorbal\u0131k sorununa kar\u015f\u0131 d\u00fcnya \u00e7ap\u0131nda hareket ba\u015fl\u0131yor.\u00a0<\/span><\/p>\n<p><img decoding=\"async\" loading=\"lazy\" width=\"800\" height=\"552\" class=\"size-full wp-image-2627 aligncenter\" src=\"https:\/\/www.skechers.com.tr\/blog\/wp-content\/uploads\/2022\/07\/pexels-george-pak-7973202.jpg\" alt=\"&quot;&lt;yoastmark\" srcset=\"https:\/\/www.skechers.com.tr\/blog\/wp-content\/uploads\/2022\/07\/pexels-george-pak-7973202.jpg 800w, https:\/\/www.skechers.com.tr\/blog\/wp-content\/uploads\/2022\/07\/pexels-george-pak-7973202-300x207.jpg 300w, https:\/\/www.skechers.com.tr\/blog\/wp-content\/uploads\/2022\/07\/pexels-george-pak-7973202-768x530.jpg 768w\" sizes=\"(max-width: 800px) 100vw, 800px\" \/><\/p>\n<p><span style=\"font-weight: 400;\">Di\u011fer yandan, D\u00fcnya Gen\u00e7lik G\u00fcn\u00fc halk i\u00e7in gen\u00e7li\u011fin onurland\u0131r\u0131ld\u0131\u011f\u0131 bir g\u00fcn olarak tan\u0131n\u0131yor. Bu \u00f6zel g\u00fcnde aileler \u00e7ocuklar\u0131n\u0131n ya\u015f\u0131n\u0131 doyas\u0131ya ya\u015famas\u0131 i\u00e7in programlar yap\u0131yor. E\u011flenceli etkinliklere kat\u0131l\u0131yor. Ayr\u0131ca gen\u00e7ler, ailelerinden hediyeler al\u0131yor. 12 A\u011fustos D\u00fcnya Gen\u00e7lik G\u00fcn\u00fc kapsam\u0131nda d\u00fczenlenen konserler, paneller, oyun ve piknik etkinlikleri de bulunabiliyor.\u00a0<\/span><\/p>\n<h3><span style=\"font-weight: 400;\">12 A\u011fustos D\u00fcnya Gen\u00e7lik G\u00fcn\u00fc Ne Zaman?<\/span><\/h3>\n<p><span style=\"font-weight: 400;\">Birle\u015fmi\u015f Milletler 12 A\u011fustos 1985 tarihinde ilk kez Uluslararas\u0131 Gen\u00e7lik G\u00fcn\u00fc kutlayarak tarihe ge\u00e7iyor. Gen\u00e7lerin k\u00fclt\u00fcrel ve hukuksal konularda sorunlar\u0131na dikkat \u00e7ekmek i\u00e7in yola \u00e7\u0131k\u0131l\u0131yor. Bu \u00e7al\u0131\u015fmalara, 1999 y\u0131l\u0131nda d\u00fcnyan\u0131n bir\u00e7ok \u00fclkesinin gen\u00e7lik bakanlar\u0131n\u0131n onay\u0131yla kat\u0131l\u0131m art\u0131yor. G\u00fcn\u00fcm\u00fczde gen\u00e7lerin toplumsal mekanizmalara kat\u0131l\u0131m\u0131 konusunda yap\u0131lan bir\u00e7ok etkinlik ile 12 A\u011fustos her y\u0131l kutlan\u0131yor. 2022 y\u0131l\u0131nda 12 A\u011fustos D\u00fcnya Gen\u00e7lik G\u00fcn\u00fc, cuma g\u00fcn\u00fcne denk geliyor. 2023 y\u0131l\u0131nda ise D\u00fcnya Gen\u00e7lik G\u00fcn\u00fc i\u00e7in 12 A\u011fustos Cumartesi g\u00fcn\u00fcn\u00fcn kutlamalara sahne olmas\u0131 planlan\u0131yor.\u00a0<\/span><\/p>\n<h3><span style=\"font-weight: 400;\">12 A\u011fustos D\u00fcnya Gen\u00e7lik G\u00fcn\u00fc \u0130\u00e7in Skechers \u00d6nerileri<\/span><\/h3>\n<p><span style=\"font-weight: 400;\">D\u00fcnya Gen\u00e7lik G\u00fcn\u00fc i\u00e7in yap\u0131lan etkinlikler, gen\u00e7lerin ve gen\u00e7li\u011fin \u00f6nemini hepimize yeniden hat\u0131rlat\u0131yor. D\u00fcnyan\u0131n gelece\u011fi olan gen\u00e7lerin; mutlu, huzurlu ve daha ya\u015fan\u0131las\u0131 bir d\u00fcnyaya uyanabilmesi i\u00e7in g\u00fcn\u00fcm\u00fcz yeti\u015fkinlerine bir\u00e7ok g\u00f6rev d\u00fc\u015f\u00fcyor. Bu \u00f6zel g\u00fcn, hem gen\u00e7ler hem de kendini gen\u00e7 hissedenler i\u00e7in umut ve mutluluk vesilesi. Sen de Skechers\u2019\u0131n gen\u00e7li\u011fe arma\u011fan etti\u011fi onlarca modelle, 12 A\u011fustos&#8217;a renk katabilirsin.<\/span><\/p>\n<ul>\n<li style=\"font-weight: 400;\" aria-level=\"1\"><a href=\"https:\/\/www.skechers.com.tr\/hologram-ayakkabi-c-3504?utm_source=content&amp;utm_medium=blog&amp;utm_campaign=12-agustos-dunya-genclik-gunu&amp;utm_term=3504\"><span style=\"font-weight: 400;\">Hologram Ayakkab\u0131<\/span><\/a><span style=\"font-weight: 400;\">: Lazer \u0131\u015f\u0131klar\u0131n yans\u0131mas\u0131n\u0131, \u00fc\u00e7 boyutlu g\u00f6r\u00fcnt\u00fclerin heyecan verici cazibesini kombinlere katan Skechers modelleri, metalik g\u00f6r\u00fcn\u00fcm\u00fcyle gen\u00e7lerin g\u00f6zdesi. \u00d6yle ki tasar\u0131mlar, d\u00f6rt mevsim f\u00fct\u00fcristik tarz arzu eden gen\u00e7lerin se\u00e7imi oluyor. Modern, \u015f\u0131k ve konforlu modellerle gen\u00e7lerin kalbini \u00e7alan \u00fcr\u00fcnler, \u00fczerindeki rengarenk kalp, y\u0131ld\u0131z ve kanat desenleriyle dikkat \u00e7ekiyor. Di\u011fer taraftan uzay \u00e7a\u011f\u0131 modas\u0131n\u0131, bug\u00fcnden aya\u011f\u0131na getiriyor. Hatta d\u00fc\u015fler d\u00fcnyas\u0131ndan gelmi\u015f gibi g\u00f6r\u00fcnen \u00fcr\u00fcnlerin kimilerinde \u0131\u015f\u0131kl\u0131 tabanlar bile var. \u00dcstelik bir\u00e7ok \u00e7ocuk ve gen\u00e7 bu modelleri e\u011flenceli <\/span><a href=\"https:\/\/www.skechers.com.tr\/sirt-cantasi-c-6203?utm_source=content&amp;utm_medium=blog&amp;utm_campaign=12-agustos-dunya-genclik-gunu&amp;utm_term=6203\"><span style=\"font-weight: 400;\">s\u0131rt \u00e7antas\u0131<\/span><\/a><span style=\"font-weight: 400;\"> tasar\u0131mlar\u0131yla kombinleyerek <\/span><a href=\"https:\/\/www.skechers.com.tr\/okul-ayakkabisi-c-3603?utm_source=content&amp;utm_medium=blog&amp;utm_campaign=12-agustos-dunya-genclik-gunu&amp;utm_term=3603\"><span style=\"font-weight: 400;\">okul ayakkab\u0131s\u0131 <\/span><\/a><span style=\"font-weight: 400;\">olarak da kullan\u0131yor. \u00c7ocukluk \u00e7a\u011f\u0131ndan gen\u00e7li\u011fe dek hemen her ya\u015f grubuna uygun se\u00e7enekler sunan holograml\u0131 \u00fcr\u00fcnler sayesinde gelece\u011fin modas\u0131 bug\u00fcnden soka\u011fa \u00e7\u0131k\u0131yor. Sen de 12 A\u011fustos D\u00fcnya Gen\u00e7lik G\u00fcn\u00fc\u2019nde \u00e7ocuklar\u0131na y\u00fczlerini g\u00fcld\u00fcrecek \u00f6zel bir hediye alabilirsin. Onlar\u0131 yeni nesil Skechers \u00fcr\u00fcnleriyle tan\u0131\u015ft\u0131rabilirsin.\u00a0<\/span><\/li>\n<li style=\"font-weight: 400;\" aria-level=\"1\"><span style=\"font-weight: 400;\">Kamp\u00fcs Modas\u0131 Ayakkab\u0131lar: Gen\u00e7li\u011fin en g\u00fczel \u00e7a\u011flar\u0131na yeni yeni ad\u0131m atan \u00fcniversitelilerin enerjisini yans\u0131tan birbirinden \u015f\u0131k ve konforlu <\/span><a href=\"https:\/\/www.skechers.com.tr\/kampus-modasi-c-8071?utm_source=content&amp;utm_medium=blog&amp;utm_campaign=12-agustos-dunya-genclik-gunu&amp;utm_term=8071\"><span style=\"font-weight: 400;\">kamp\u00fcs ayakkab\u0131s\u0131<\/span><\/a><span style=\"font-weight: 400;\"> da Skechers koleksiyonunda. Y\u0131l\u0131n trendlerini g\u00f6z \u00f6n\u00fcne seren detaylar\u0131, g\u00fcc\u00fcn\u00fc sadelikten alan modeller, gen\u00e7lerin se\u00e7imi oluyor. Bunun yan\u0131nda, \u00e7e\u015fit \u00e7e\u015fit renkleriyle hayata kar\u015f\u0131 at\u0131lan her kendinden emin ad\u0131m\u0131n e\u015flik\u00e7isi oluyor. Retro g\u00f6r\u00fcn\u00fcmleri arzu edenler i\u00e7in Stamina serisi bulunuyor. Grafik desenlerin \u00e7ekicili\u011fini tarz\u0131na eklemek isteyenler ise\u00a0 X Jgoldcrown \u00e7e\u015fitleri ile gen\u00e7 imaj\u0131n\u0131 destekliyor. Ayr\u0131ca yaz\u0131n en s\u0131cak g\u00fcnlerinde Skechers sandaletler ve k\u0131\u015f so\u011fuklar\u0131na kar\u015f\u0131 koruma sa\u011flayan ayakkab\u0131lar koleksiyonda yer al\u0131yor. 12 A\u011fustos D\u00fcnya Gen\u00e7lik G\u00fcn\u00fc\u2019ne \u00f6zel hediyen hen\u00fcz haz\u0131r de\u011filse Skechers seninle! Sen de hayat\u0131n\u0131n bahar\u0131ndaki gen\u00e7lere birbirinden \u00f6zel Skechers \u00fcr\u00fcnlerinden birini alabilirsin.\u00a0<\/span><\/li>\n<li style=\"font-weight: 400;\" aria-level=\"1\"><span style=\"font-weight: 400;\">Gen\u00e7 K\u0131z ve Gen\u00e7 Erkek Ayakkab\u0131lar\u0131: Gen\u00e7li\u011fin tad\u0131n\u0131 \u00e7\u0131karmak i\u00e7in e\u011flenmek gerekti\u011fini d\u00fc\u015f\u00fcnenlerdensen onlar\u0131n g\u00f6nl\u00fcn\u00fc fethedecek alternatifler de Skechers\u2019ta. En e\u011flenceli <\/span><a href=\"https:\/\/www.skechers.com.tr\/parti-ayakkabilari-c-3605?utm_source=content&amp;utm_medium=blog&amp;utm_campaign=12-agustos-dunya-genclik-gunu&amp;utm_term=3605\"><span style=\"font-weight: 400;\">parti ayakkab\u0131lar\u0131 <\/span><\/a><span style=\"font-weight: 400;\">ile ad\u0131mlar\u0131n\u0131n g\u00f6z al\u0131c\u0131 olmas\u0131n\u0131 isteyen gen\u00e7lerin kalbini kazanabilirsin. Hayat\u0131n her g\u00fcn\u00fcn\u00fcn yeni bir ke\u015fifle renklenmesini isteyenlere \u00f6zel tasarlanan rengarenk gen\u00e7 k\u0131z ve erkek ayakkab\u0131lar\u0131 var. Bu ayakkab\u0131lar sayesinde, onlar\u0131n hayata kar\u015f\u0131 cesaretlerini \u00f6d\u00fcllendirebilirsin. Her ad\u0131mda yanlar\u0131nda sevdiklerinin oldu\u011funu hissettirecek, her bakt\u0131\u011f\u0131nda onda g\u00f6rd\u00fc\u011f\u00fcn umudu hat\u0131rlatacak arma\u011fanlardan birini hemen se\u00e7ebilirsin. \u00dcstelik g<\/span><span style=\"font-weight: 400;\">elece\u011fin yeti\u015fkinleri, konforlu Skechers ayakkab\u0131lar sayesinde hen\u00fcz bug\u00fcnden kendine \u00f6zen g\u00f6stermenin \u00f6nemini fark ediyor. Aktif ya\u015fama ad\u0131m atmak i\u00e7in cesaret kazan\u0131yor. Harekete ge\u00e7mek i\u00e7in tek ihtiya\u00e7lar\u0131 olan\u0131n bir Skechers oldu\u011funu biliyor.\u00a0<\/span><\/li>\n<\/ul>\n<p><span style=\"font-weight: 400;\">Skechers patentli teknolojileri ve estetik g\u00f6r\u00fcn\u00fcmleriyle sportif giyime tarz ve konfor katmaya devam ediyor. \u00dcstelik gen\u00e7lerin hemen her yerde keyifle giyebilece\u011fi alternatifler sunarak\u2026 Gen\u00e7 \u00e7iftlerin g\u00f6zdesi olan bir di\u011fer se\u00e7ki ise<\/span><a href=\"https:\/\/www.skechers.com.tr\/spor-gelin-ayakkabisi-c-1223?utm_source=content&amp;utm_medium=blog&amp;utm_campaign=12-agustos-dunya-genclik-gunu&amp;utm_term=1223\"><span style=\"font-weight: 400;\"> spor gelin ayakkab\u0131s\u0131 <\/span><\/a><span style=\"font-weight: 400;\">\u00fcr\u00fcnlerini bulunduruyor. Sportif tarz\u0131n her yerde \u015f\u0131kl\u0131k sunabilece\u011fini ispat eden birbirinden g\u00fczel Skechers ayakkab\u0131larla, gen\u00e7li\u011fin enerjisini g\u00f6sterebilirsin. Okulda, i\u015fte, gezide veya g\u00fcnl\u00fck ya\u015famda rahat hissetmek elinde. Bunun i\u00e7in tek yapman gereken sana uygun Skechers tasar\u0131m\u0131n\u0131 bulman. Hemen geni\u015f ayakkab\u0131 koleksiyonunu inceleyebilirsin. B\u00f6ylelikle, kendin ve sevdiklerin i\u00e7in 12 A\u011fustos D\u00fcnya Gen\u00e7lik G\u00fcn\u00fc\u2019ne yak\u0131\u015facak Skechers modellerini se\u00e7ebilirsin. Hayata dair cesaretini, rutin yerine ser\u00fcven arayan enerjini destekleyecek ayakkab\u0131 modelleriyle tan\u0131\u015fabilirsin. B\u00f6ylelikle, kendini her g\u00fcn yeniden ba\u015flamaya haz\u0131r hissedebilirsin.\u00a0<\/span><\/p>\n","protected":false},"excerpt":{"rendered":"<p>1999 y\u0131l\u0131ndan bu yana her y\u0131l \u00fclkemizde heyecanla kutlad\u0131\u011f\u0131m\u0131z 12 A\u011fustos D\u00fcnya Gen\u00e7lik G\u00fcn\u00fc, t\u0131pk\u0131 19 May\u0131s gibi gen\u00e7li\u011fe arma\u011fan ediliyor. Hem gen\u00e7lere hem de ya\u015fama dair her an sevin\u00e7 duyanlara adan\u0131yor. Skechers ise gen\u00e7 olan ve kendini gen\u00e7 hisseden herkes i\u00e7in aktif ya\u015fama konfor katacak \u00fcr\u00fcnlerle, 12 A\u011fustos\u2019a iz b\u0131rak\u0131yor.\u00a0 \u00d6ncelikle 12 A\u011fustos D\u00fcnya [&hellip;]<\/p>\n","protected":false},"author":1,"featured_media":2625,"comment_status":"open","ping_status":"open","sticky":false,"template":"","format":"standard","meta":[],"categories":[26],"tags":[],"yoast_head":"<!-- This site is optimized with the Yoast SEO plugin v18.5.1 - https:\/\/yoast.com\/wordpress\/plugins\/seo\/ -->\n<title>12 A\u011fustos D\u00fcnya Gen\u00e7lik G\u00fcn\u00fc \u0130\u00e7in Skechers \u00d6nerileri - Skechers Blog<\/title>\n<meta name=\"description\" content=\"12 A\u011fustos D\u00fcnya Gen\u00e7lik G\u00fcn\u00fc i\u00e7in Skechers modellerini ke\u015ffedin! Gen\u00e7lik enerjisi ta\u015f\u0131yan Skechers ayakkab\u0131larla gen\u00e7lik stilinde!\" \/>\n<meta name=\"robots\" content=\"index, follow, max-snippet:-1, max-image-preview:large, max-video-preview:-1\" \/>\n<link rel=\"canonical\" href=\"https:\/\/www.skechers.com.tr\/blog\/12-agustos-dunya-genclik-gunu-icin-skechers-onerileri\/\" \/>\n<meta property=\"og:locale\" content=\"tr_TR\" \/>\n<meta property=\"og:type\" content=\"article\" \/>\n<meta property=\"og:title\" content=\"12 A\u011fustos D\u00fcnya Gen\u00e7lik G\u00fcn\u00fc \u0130\u00e7in Skechers \u00d6nerileri - Skechers Blog\" \/>\n<meta property=\"og:description\" content=\"12 A\u011fustos D\u00fcnya Gen\u00e7lik G\u00fcn\u00fc i\u00e7in Skechers modellerini ke\u015ffedin! Gen\u00e7lik enerjisi ta\u015f\u0131yan Skechers ayakkab\u0131larla gen\u00e7lik stilinde!\" \/>\n<meta property=\"og:url\" content=\"https:\/\/www.skechers.com.tr\/blog\/12-agustos-dunya-genclik-gunu-icin-skechers-onerileri\/\" \/>\n<meta property=\"og:site_name\" content=\"Skechers Blog\" \/>\n<meta property=\"article:published_time\" content=\"2022-07-20T13:58:06+00:00\" \/>\n<meta property=\"article:modified_time\" content=\"2022-07-20T13:59:00+00:00\" \/>\n<meta property=\"og:image\" content=\"https:\/\/www.skechers.com.tr\/blog\/wp-content\/uploads\/2022\/07\/pexels-jill-wellington-40815.jpg\" \/>\n\t<meta property=\"og:image:width\" content=\"800\" \/>\n\t<meta property=\"og:image:height\" content=\"552\" \/>\n\t<meta property=\"og:image:type\" content=\"image\/jpeg\" \/>\n<meta name=\"twitter:card\" content=\"summary_large_image\" \/>\n<meta name=\"twitter:label1\" content=\"Yazan:\" \/>\n\t<meta name=\"twitter:data1\" content=\"Skechers T\u00fcrkiye\" \/>\n\t<meta name=\"twitter:label2\" content=\"Tahmini okuma s\u00fcresi\" \/>\n\t<meta name=\"twitter:data2\" content=\"7 dakika\" \/>\n<script type=\"application\/ld+json\" class=\"yoast-schema-graph\">{\"@context\":\"https:\/\/schema.org\",\"@graph\":[{\"@type\":\"WebSite\",\"@id\":\"https:\/\/www.skechers.com.tr\/blog\/#website\",\"url\":\"https:\/\/www.skechers.com.tr\/blog\/\",\"name\":\"Skechers Blog\",\"description\":\"Skechers\",\"potentialAction\":[{\"@type\":\"SearchAction\",\"target\":{\"@type\":\"EntryPoint\",\"urlTemplate\":\"https:\/\/www.skechers.com.tr\/blog\/?s={search_term_string}\"},\"query-input\":\"required name=search_term_string\"}],\"inLanguage\":\"tr\"},{\"@type\":\"ImageObject\",\"@id\":\"https:\/\/www.skechers.com.tr\/blog\/12-agustos-dunya-genclik-gunu-icin-skechers-onerileri\/#primaryimage\",\"inLanguage\":\"tr\",\"url\":\"https:\/\/www.skechers.com.tr\/blog\/wp-content\/uploads\/2022\/07\/pexels-jill-wellington-40815.jpg\",\"contentUrl\":\"https:\/\/www.skechers.com.tr\/blog\/wp-content\/uploads\/2022\/07\/pexels-jill-wellington-40815.jpg\",\"width\":800,\"height\":552,\"caption\":\"12 A\u011fustos D\u00fcnya Gen\u00e7lik G\u00fcn\u00fc \u0130\u00e7in Skechers \u00d6nerileri\"},{\"@type\":\"WebPage\",\"@id\":\"https:\/\/www.skechers.com.tr\/blog\/12-agustos-dunya-genclik-gunu-icin-skechers-onerileri\/#webpage\",\"url\":\"https:\/\/www.skechers.com.tr\/blog\/12-agustos-dunya-genclik-gunu-icin-skechers-onerileri\/\",\"name\":\"12 A\u011fustos D\u00fcnya Gen\u00e7lik G\u00fcn\u00fc \u0130\u00e7in Skechers \u00d6nerileri - Skechers Blog\",\"isPartOf\":{\"@id\":\"https:\/\/www.skechers.com.tr\/blog\/#website\"},\"primaryImageOfPage\":{\"@id\":\"https:\/\/www.skechers.com.tr\/blog\/12-agustos-dunya-genclik-gunu-icin-skechers-onerileri\/#primaryimage\"},\"datePublished\":\"2022-07-20T13:58:06+00:00\",\"dateModified\":\"2022-07-20T13:59:00+00:00\",\"author\":{\"@id\":\"https:\/\/www.skechers.com.tr\/blog\/#\/schema\/person\/6d09a0595696524814757d23d22b4c33\"},\"description\":\"12 A\u011fustos D\u00fcnya Gen\u00e7lik G\u00fcn\u00fc i\u00e7in Skechers modellerini ke\u015ffedin! Gen\u00e7lik enerjisi ta\u015f\u0131yan Skechers ayakkab\u0131larla gen\u00e7lik stilinde!\",\"breadcrumb\":{\"@id\":\"https:\/\/www.skechers.com.tr\/blog\/12-agustos-dunya-genclik-gunu-icin-skechers-onerileri\/#breadcrumb\"},\"inLanguage\":\"tr\",\"potentialAction\":[{\"@type\":\"ReadAction\",\"target\":[\"https:\/\/www.skechers.com.tr\/blog\/12-agustos-dunya-genclik-gunu-icin-skechers-onerileri\/\"]}]},{\"@type\":\"BreadcrumbList\",\"@id\":\"https:\/\/www.skechers.com.tr\/blog\/12-agustos-dunya-genclik-gunu-icin-skechers-onerileri\/#breadcrumb\",\"itemListElement\":[{\"@type\":\"ListItem\",\"position\":1,\"name\":\"12 A\u011fustos D\u00fcnya Gen\u00e7lik G\u00fcn\u00fc \u0130\u00e7in Skechers \u00d6nerileri\"}]},{\"@type\":\"Person\",\"@id\":\"https:\/\/www.skechers.com.tr\/blog\/#\/schema\/person\/6d09a0595696524814757d23d22b4c33\",\"name\":\"Skechers T\u00fcrkiye\",\"image\":{\"@type\":\"ImageObject\",\"@id\":\"https:\/\/www.skechers.com.tr\/blog\/#personlogo\",\"inLanguage\":\"tr\",\"url\":\"https:\/\/secure.gravatar.com\/avatar\/0fc2191869a9a020b4606acf264338ae?s=96&d=mm&r=g\",\"contentUrl\":\"https:\/\/secure.gravatar.com\/avatar\/0fc2191869a9a020b4606acf264338ae?s=96&d=mm&r=g\",\"caption\":\"Skechers T\u00fcrkiye\"},\"description\":\"Skechers spor ayakkab\u0131 \u00fcr\u00fcnleri ile rahatl\u0131\u011f\u0131 ve kaliteyi hisset!\"}]}<\/script>\n<!-- \/ Yoast SEO plugin. -->","yoast_head_json":{"title":"12 A\u011fustos D\u00fcnya Gen\u00e7lik G\u00fcn\u00fc \u0130\u00e7in Skechers \u00d6nerileri - Skechers Blog","description":"12 A\u011fustos D\u00fcnya Gen\u00e7lik G\u00fcn\u00fc i\u00e7in Skechers modellerini ke\u015ffedin! Gen\u00e7lik enerjisi ta\u015f\u0131yan Skechers ayakkab\u0131larla gen\u00e7lik stilinde!","robots":{"index":"index","follow":"follow","max-snippet":"max-snippet:-1","max-image-preview":"max-image-preview:large","max-video-preview":"max-video-preview:-1"},"canonical":"https:\/\/www.skechers.com.tr\/blog\/12-agustos-dunya-genclik-gunu-icin-skechers-onerileri\/","og_locale":"tr_TR","og_type":"article","og_title":"12 A\u011fustos D\u00fcnya Gen\u00e7lik G\u00fcn\u00fc \u0130\u00e7in Skechers \u00d6nerileri - Skechers Blog","og_description":"12 A\u011fustos D\u00fcnya Gen\u00e7lik G\u00fcn\u00fc i\u00e7in Skechers modellerini ke\u015ffedin! Gen\u00e7lik enerjisi ta\u015f\u0131yan Skechers ayakkab\u0131larla gen\u00e7lik stilinde!","og_url":"https:\/\/www.skechers.com.tr\/blog\/12-agustos-dunya-genclik-gunu-icin-skechers-onerileri\/","og_site_name":"Skechers Blog","article_published_time":"2022-07-20T13:58:06+00:00","article_modified_time":"2022-07-20T13:59:00+00:00","og_image":[{"width":800,"height":552,"url":"https:\/\/www.skechers.com.tr\/blog\/wp-content\/uploads\/2022\/07\/pexels-jill-wellington-40815.jpg","type":"image\/jpeg"}],"twitter_card":"summary_large_image","twitter_misc":{"Yazan:":"Skechers T\u00fcrkiye","Tahmini okuma s\u00fcresi":"7 dakika"},"schema":{"@context":"https:\/\/schema.org","@graph":[{"@type":"WebSite","@id":"https:\/\/www.skechers.com.tr\/blog\/#website","url":"https:\/\/www.skechers.com.tr\/blog\/","name":"Skechers Blog","description":"Skechers","potentialAction":[{"@type":"SearchAction","target":{"@type":"EntryPoint","urlTemplate":"https:\/\/www.skechers.com.tr\/blog\/?s={search_term_string}"},"query-input":"required name=search_term_string"}],"inLanguage":"tr"},{"@type":"ImageObject","@id":"https:\/\/www.skechers.com.tr\/blog\/12-agustos-dunya-genclik-gunu-icin-skechers-onerileri\/#primaryimage","inLanguage":"tr","url":"https:\/\/www.skechers.com.tr\/blog\/wp-content\/uploads\/2022\/07\/pexels-jill-wellington-40815.jpg","contentUrl":"https:\/\/www.skechers.com.tr\/blog\/wp-content\/uploads\/2022\/07\/pexels-jill-wellington-40815.jpg","width":800,"height":552,"caption":"12 A\u011fustos D\u00fcnya Gen\u00e7lik G\u00fcn\u00fc \u0130\u00e7in Skechers \u00d6nerileri"},{"@type":"WebPage","@id":"https:\/\/www.skechers.com.tr\/blog\/12-agustos-dunya-genclik-gunu-icin-skechers-onerileri\/#webpage","url":"https:\/\/www.skechers.com.tr\/blog\/12-agustos-dunya-genclik-gunu-icin-skechers-onerileri\/","name":"12 A\u011fustos D\u00fcnya Gen\u00e7lik G\u00fcn\u00fc \u0130\u00e7in Skechers \u00d6nerileri - Skechers Blog","isPartOf":{"@id":"https:\/\/www.skechers.com.tr\/blog\/#website"},"primaryImageOfPage":{"@id":"https:\/\/www.skechers.com.tr\/blog\/12-agustos-dunya-genclik-gunu-icin-skechers-onerileri\/#primaryimage"},"datePublished":"2022-07-20T13:58:06+00:00","dateModified":"2022-07-20T13:59:00+00:00","author":{"@id":"https:\/\/www.skechers.com.tr\/blog\/#\/schema\/person\/6d09a0595696524814757d23d22b4c33"},"description":"12 A\u011fustos D\u00fcnya Gen\u00e7lik G\u00fcn\u00fc i\u00e7in Skechers modellerini ke\u015ffedin! Gen\u00e7lik enerjisi ta\u015f\u0131yan Skechers ayakkab\u0131larla gen\u00e7lik stilinde!","breadcrumb":{"@id":"https:\/\/www.skechers.com.tr\/blog\/12-agustos-dunya-genclik-gunu-icin-skechers-onerileri\/#breadcrumb"},"inLanguage":"tr","potentialAction":[{"@type":"ReadAction","target":["https:\/\/www.skechers.com.tr\/blog\/12-agustos-dunya-genclik-gunu-icin-skechers-onerileri\/"]}]},{"@type":"BreadcrumbList","@id":"https:\/\/www.skechers.com.tr\/blog\/12-agustos-dunya-genclik-gunu-icin-skechers-onerileri\/#breadcrumb","itemListElement":[{"@type":"ListItem","position":1,"name":"12 A\u011fustos D\u00fcnya Gen\u00e7lik G\u00fcn\u00fc \u0130\u00e7in Skechers \u00d6nerileri"}]},{"@type":"Person","@id":"https:\/\/www.skechers.com.tr\/blog\/#\/schema\/person\/6d09a0595696524814757d23d22b4c33","name":"Skechers T\u00fcrkiye","image":{"@type":"ImageObject","@id":"https:\/\/www.skechers.com.tr\/blog\/#personlogo","inLanguage":"tr","url":"https:\/\/secure.gravatar.com\/avatar\/0fc2191869a9a020b4606acf264338ae?s=96&d=mm&r=g","contentUrl":"https:\/\/secure.gravatar.com\/avatar\/0fc2191869a9a020b4606acf264338ae?s=96&d=mm&r=g","caption":"Skechers T\u00fcrkiye"},"description":"Skechers spor ayakkab\u0131 \u00fcr\u00fcnleri ile rahatl\u0131\u011f\u0131 ve kaliteyi hisset!"}]}},"_links":{"self":[{"href":"https:\/\/www.skechers.com.tr\/blog\/wp-json\/wp\/v2\/posts\/2624"}],"collection":[{"href":"https:\/\/www.skechers.com.tr\/blog\/wp-json\/wp\/v2\/posts"}],"about":[{"href":"https:\/\/www.skechers.com.tr\/blog\/wp-json\/wp\/v2\/types\/post"}],"author":[{"embeddable":true,"href":"https:\/\/www.skechers.com.tr\/blog\/wp-json\/wp\/v2\/users\/1"}],"replies":[{"embeddable":true,"href":"https:\/\/www.skechers.com.tr\/blog\/wp-json\/wp\/v2\/comments?post=2624"}],"version-history":[{"count":2,"href":"https:\/\/www.skechers.com.tr\/blog\/wp-json\/wp\/v2\/posts\/2624\/revisions"}],"predecessor-version":[{"id":2629,"href":"https:\/\/www.skechers.com.tr\/blog\/wp-json\/wp\/v2\/posts\/2624\/revisions\/2629"}],"wp:featuredmedia":[{"embeddable":true,"href":"https:\/\/www.skechers.com.tr\/blog\/wp-json\/wp\/v2\/media\/2625"}],"wp:attachment":[{"href":"https:\/\/www.skechers.com.tr\/blog\/wp-json\/wp\/v2\/media?parent=2624"}],"wp:term":[{"taxonomy":"category","embeddable":true,"href":"https:\/\/www.skechers.com.tr\/blog\/wp-json\/wp\/v2\/categories?post=2624"},{"taxonomy":"post_tag","embeddable":true,"href":"https:\/\/www.skechers.com.tr\/blog\/wp-json\/wp\/v2\/tags?post=2624"}],"curies":[{"name":"wp","href":"https:\/\/api.w.org\/{rel}","templated":true}]}}