{"id":2618,"date":"2022-06-16T11:29:58","date_gmt":"2022-06-16T11:29:58","guid":{"rendered":"https:\/\/www.skechers.com.tr\/blog\/?p=2618"},"modified":"2022-06-16T11:29:58","modified_gmt":"2022-06-16T11:29:58","slug":"yazlik-terlik-trendi-geri-dondu-moda-sokaklarda","status":"publish","type":"post","link":"https:\/\/www.skechers.com.tr\/blog\/yazlik-terlik-trendi-geri-dondu-moda-sokaklarda\/","title":{"rendered":"Yazl\u0131k Terlik Trendi Geri D\u00f6nd\u00fc: Moda Sokaklarda!"},"content":{"rendered":"<p><span style=\"font-weight: 400;\">Rahatl\u0131k trendinin f\u0131rt\u0131nalar estirdi\u011fi s\u0131cak yaz g\u00fcnlerinde, sokaklar yazl\u0131k terlik i\u015fgali alt\u0131nda. Hem kad\u0131n hem de erkekler, ferah hissettiren<\/span><a href=\"https:\/\/www.skechers.com.tr\/yazlik-ayakkabi-c-6311?utm_source=content&amp;utm_medium=blog&amp;utm_campaign=yazlik-terlik-trendleri&amp;utm_term=6311\"><span style=\"font-weight: 400;\"> yazl\u0131k ayakkab\u0131 <\/span><\/a><span style=\"font-weight: 400;\">ve terlik modelleri ile bir yandan \u015f\u0131kl\u0131k sergiliyor, di\u011fer yandan konforun kazand\u0131rd\u0131\u011f\u0131 \u00f6z g\u00fcvenle sokaklar\u0131 ad\u0131ml\u0131yor. Sen de yaz tatillerini, \u00e7al\u0131\u015fma saatlerini, ak\u015fam e\u011flencelerini ve plaj keyfini yaz\u0131n en trend aksesuarlar\u0131yla tamamlamak ister misin? O halde 2022 trendlerinden ilham alabilirsin. \u0130\u015fte senin i\u00e7in haz\u0131rlad\u0131\u011f\u0131m\u0131z 2022 trendleri dosyam\u0131z:\u00a0<\/span><\/p>\n<h2><span style=\"font-weight: 400;\">2022 Kad\u0131n Yazl\u0131k Terlik Trendleri\u00a0<\/span><\/h2>\n<p><span style=\"font-weight: 400;\">2022 y\u0131l\u0131, moda d\u00fcnyas\u0131nda bir\u00e7ok trendin geri d\u00f6n\u00fc\u015f\u00fcn\u00fcn i\u015faretini verdi. 90\u2019l\u0131 y\u0131llarda veya 2000\u2019lerde kald\u0131\u011f\u0131n\u0131 d\u00fc\u015f\u00fcnd\u00fc\u011f\u00fcm\u00fcz bir\u00e7ok model, podyumlardan arkas\u0131na ald\u0131\u011f\u0131n\u0131 r\u00fczgarla sokaklarda boy g\u00f6stermeye ba\u015flad\u0131. <\/span><a href=\"https:\/\/www.skechers.com.tr\/kadin-terlik-c-1010?utm_source=content&amp;utm_medium=blog&amp;utm_campaign=yazlik-terlik-trendleri&amp;utm_term=1010\"><span style=\"font-weight: 400;\">Kad\u0131n terlik modelleri<\/span><\/a><span style=\"font-weight: 400;\"> i\u00e7in hem klasik hem de sportif se\u00e7enekler dikkat \u00e7ekerken, erkekler i\u00e7in haz\u0131rlanan tasar\u0131mlarda sportif modellerin a\u011f\u0131rl\u0131\u011f\u0131 daha \u00e7ok hissediliyor.\u00a0<\/span><\/p>\n<figure id=\"attachment_2620\" aria-describedby=\"caption-attachment-2620\" style=\"width: 800px\" class=\"wp-caption aligncenter\"><img decoding=\"async\" loading=\"lazy\" class=\"size-full wp-image-2620\" src=\"https:\/\/www.skechers.com.tr\/blog\/wp-content\/uploads\/2022\/06\/pexels-george-desipris-1266223.jpg\" alt=\"2022 Kad\u0131n Yazl\u0131k Terlik Trendleri\u00a0\" width=\"800\" height=\"553\" srcset=\"https:\/\/www.skechers.com.tr\/blog\/wp-content\/uploads\/2022\/06\/pexels-george-desipris-1266223.jpg 800w, https:\/\/www.skechers.com.tr\/blog\/wp-content\/uploads\/2022\/06\/pexels-george-desipris-1266223-300x207.jpg 300w, https:\/\/www.skechers.com.tr\/blog\/wp-content\/uploads\/2022\/06\/pexels-george-desipris-1266223-768x531.jpg 768w\" sizes=\"(max-width: 800px) 100vw, 800px\" \/><figcaption id=\"caption-attachment-2620\" class=\"wp-caption-text\">2022 Kad\u0131n Yazl\u0131k Terlik Trendleri<\/figcaption><\/figure>\n<p><span style=\"font-weight: 400;\">Her ya\u015ftan kad\u0131n\u0131n, g\u00fcnl\u00fck ya\u015famda, plajda, gezide veya \u015fehir ko\u015fu\u015fturmacas\u0131nda giyebilece\u011fi <\/span><a href=\"https:\/\/www.skechers.com.tr\/kadin-sandalet-c-1008?utm_source=content&amp;utm_medium=blog&amp;utm_campaign=yazlik-terlik-trendleri&amp;utm_term=1008\"><span style=\"font-weight: 400;\">kad\u0131n sandalet<\/span><\/a><span style=\"font-weight: 400;\"> ve terlikler i\u00e7in \u015f\u0131kl\u0131k trendi seni endi\u015felendirmesin. \u015e\u0131k oldu\u011fu kadar konforlu modeller de bu y\u0131l \u00e7ok moda. Ancak \u015fimdiden uyaral\u0131m, 2000\u2019li y\u0131llarda herkesin dolab\u0131nda yer alan sivri burunlar, 90\u2019larda vitrinleri s\u00fcsleyen platform topuklar, \u0131\u015f\u0131lt\u0131l\u0131 parlak dokular bu y\u0131l hemen her kad\u0131n\u0131n kombinlerinde yer al\u0131yor. E\u011fer trendlerden geri kalmak istemiyorsan, \u015fimdiden dolab\u0131ndaki retro par\u00e7alar\u0131 g\u00f6zden ge\u00e7irmeli ve eksiklerini tamamlamal\u0131s\u0131n.\u00a0<\/span><\/p>\n<h3><span style=\"font-weight: 400;\">Klasik Yazl\u0131k Terlikler<\/span><\/h3>\n<p><span style=\"font-weight: 400;\">Kad\u0131nlar i\u00e7in haz\u0131rlanan terlik koleksiyonlar\u0131nda klasik modeller de sportif se\u00e7enekler kadar fazla. \u00d6zellikle son y\u0131llarda \u00f6ne \u00e7\u0131kan konfor gereksinimi, bu kez klasik modellere de \u00f6zel dokunu\u015flar getirmi\u015f. Bu sayede, her ne kadar klasik g\u00f6r\u00fcnse de rahatl\u0131ktan \u00f6d\u00fcn vermeyen se\u00e7enekler bulabilirsin. \u00d6yle ki, eskiden klasik olarak lanse edilen bir\u00e7ok model,\u00a0 bug\u00fcn sportif koleksiyonlarda kendine yer buluyor. Hemen hemen 2022 y\u0131l\u0131n\u0131 t\u00fcm trendlerini, Skechers terlik koleksiyonlar\u0131nda g\u00f6rebilirsin.\u00a0<\/span><\/p>\n<figure id=\"attachment_2621\" aria-describedby=\"caption-attachment-2621\" style=\"width: 800px\" class=\"wp-caption aligncenter\"><img decoding=\"async\" loading=\"lazy\" class=\"size-full wp-image-2621\" src=\"https:\/\/www.skechers.com.tr\/blog\/wp-content\/uploads\/2022\/06\/pexels-andrea-piacquadio-1023642.jpg\" alt=\"Klasik Yazl\u0131k Terlikler\" width=\"800\" height=\"553\" srcset=\"https:\/\/www.skechers.com.tr\/blog\/wp-content\/uploads\/2022\/06\/pexels-andrea-piacquadio-1023642.jpg 800w, https:\/\/www.skechers.com.tr\/blog\/wp-content\/uploads\/2022\/06\/pexels-andrea-piacquadio-1023642-300x207.jpg 300w, https:\/\/www.skechers.com.tr\/blog\/wp-content\/uploads\/2022\/06\/pexels-andrea-piacquadio-1023642-768x531.jpg 768w\" sizes=\"(max-width: 800px) 100vw, 800px\" \/><figcaption id=\"caption-attachment-2621\" class=\"wp-caption-text\">Klasik Yazl\u0131k Terlikler<\/figcaption><\/figure>\n<ul>\n<li style=\"font-weight: 400;\" aria-level=\"1\"><span style=\"font-weight: 400;\">Parlak Dokular ve I\u015f\u0131lt\u0131l\u0131 Yazl\u0131k Terlikler: Kristal ta\u015flar, payetler, simler ve metalik renkler \u015fimdi terliklerde. Bu yaz plajdan partiye, hemen her yerde g\u00f6rebilece\u011fin parlak dokular kombinleri \u0131\u015f\u0131lt\u0131larla s\u00fcsl\u00fcyor. Parlak dokulu modellerin \u00f6rneklerini Skechers&#8217;ta bulabilirsin. Summer Chic, Hyper Slide Shine On, Meditation Garden Bliss onlardan baz\u0131lar\u0131.<\/span><\/li>\n<li style=\"font-weight: 400;\" aria-level=\"1\"><span style=\"font-weight: 400;\">Sivri Burun Yazl\u0131k Terlik Modelleri: Rahat hissettirmese de trend \u00f6zelli\u011finden bir par\u00e7a kaybetmeyen sivri burun ayakkab\u0131 ve terlikler bu y\u0131l da g\u00f6zdeler aras\u0131nda. \u00d6zellikle abiyelerle beraber tercih edilen \u00fcr\u00fcnlerde saten kuma\u015flar daha \u00e7ok kullan\u0131l\u0131yor.\u00a0<\/span><\/li>\n<li style=\"font-weight: 400;\" aria-level=\"1\"><span style=\"font-weight: 400;\">T\u00fcyl\u00fc Alternatifler: \u0130hti\u015fam\u0131n dozunun biraz daha y\u00fckseldi\u011fi 2022 y\u0131l\u0131nda, terlikler, ayakkab\u0131lar t\u00fcylerle renkleniyor. Hatta yer yer ta\u015flar da onlara e\u015flik ediyor. Hemen hemen her kad\u0131n\u0131n dolab\u0131nda yerini alan t\u00fcyl\u00fc tasar\u0131mlar zaman zaman otri\u015fleri and\u0131r\u0131yor. Oysa, pelu\u015f g\u00f6r\u00fcn\u00fcml\u00fc se\u00e7enekler de alternatifler aras\u0131nda. Skechers\u2019\u0131n t\u00fcyl\u00fc terlik modas\u0131na uygun modellerini Cozy Wedge etiketiyle ay\u0131rt edebilirsin.\u00a0<\/span><\/li>\n<li style=\"font-weight: 400;\" aria-level=\"1\"><span style=\"font-weight: 400;\">Klasiklere Rengarenk Dokunu\u015flar: Klasik kad\u0131n terliklere rengarenk bask\u0131lar\u0131n e\u015flik etti\u011fi tasar\u0131mlar, bu y\u0131l her ad\u0131ma dinamizm kat\u0131yor. Skechers\u2019\u0131n Pop Ups serisinde g\u00f6rebilece\u011fin, kalpli, batik desenli alternatiflerle sen de e\u011flencenin bir par\u00e7as\u0131 olabilirsin.\u00a0<\/span><\/li>\n<\/ul>\n<h3><span style=\"font-weight: 400;\">Sportif Yazl\u0131k Terlikler<\/span><\/h3>\n<p><span style=\"font-weight: 400;\">Y\u0131llar ge\u00e7se de trendini hi\u00e7 kaybetmeden sportif modeller, bu y\u0131l yine konforlu bir yaz ge\u00e7irmek isteyenlerin tercihi oluyor. \u00dcstelik \u00e7ok daha fazla alternatifle\u2026 Zira, rahatl\u0131\u011f\u0131n moda oldu\u011fu g\u00fcn\u00fcm\u00fczde, moda d\u00fcnyas\u0131nda sportif tarza hitap eden bir\u00e7ok \u00f6zelli\u011fin alt\u0131 \u00e7iziliyor.<\/span><\/p>\n<ul>\n<li style=\"font-weight: 400;\" aria-level=\"1\"><span style=\"font-weight: 400;\">Bal\u0131k\u00e7\u0131 Yazl\u0131k Terlik ve Sandaletler: Stil sahibi g\u00f6r\u00fcn\u00fcm vadeden bal\u0131k\u00e7\u0131 tasar\u0131mlar\u0131, \u00e7o\u011funlukla<\/span><a href=\"https:\/\/www.skechers.com.tr\/kiz-cocuk-terlik-c-3007?utm_source=content&amp;utm_medium=blog&amp;utm_campaign=yazlik-terlik-trendleri&amp;utm_term=3007\"><span style=\"font-weight: 400;\"> k\u0131z \u00e7ocuk terlik<\/span><\/a><span style=\"font-weight: 400;\"> ve sandaletlerden hat\u0131rlayabilirsin. Oysa onlar\u0131 art\u0131k yeti\u015fkinler de giyiyor. Parmak u\u00e7lar\u0131na dek uzanan ve pencereler bulunduran saya k\u0131sm\u0131, genellikle kal\u0131n topuklarla tamamlan\u0131yor.\u00a0<\/span><\/li>\n<li style=\"font-weight: 400;\" aria-level=\"1\"><span style=\"font-weight: 400;\">Parmak Aras\u0131 Yazl\u0131k Terlikler: Modas\u0131 ge\u00e7meyen yazl\u0131k terlik modelleri aras\u0131nda parmak aras\u0131 tasar\u0131mlar yerini koruyor. Skechers\u2019\u0131n Meditation, Nextwave Ultra Capri modellerini hemen inceleyebilirsin.\u00a0<\/span><\/li>\n<li style=\"font-weight: 400;\" aria-level=\"1\"><span style=\"font-weight: 400;\">Mask\u00fclen modeller: Elbiseler, \u015fortlar, jean pantolonlar ve u\u00e7u\u015f u\u00e7u\u015f etekler, bu y\u0131l mask\u00fclen terliklerle bir arada kombinleniyor. Genellikle EVA k\u00f6p\u00fckten imal edilen ve hafiflikleriyle tan\u0131nan bu modeller, ferah hissettirmesi ile \u00f6n planda. \u00d6rnekler; Skechers Footsteps, Max Cushioning High Tide, Footsteps Transcend, Boho Kittie ve Multi Mutt. Bu modeller sayesinde, \u00f6zg\u00fcrce hareket edebilirsin.\u00a0<\/span><\/li>\n<li style=\"font-weight: 400;\" aria-level=\"1\"><span style=\"font-weight: 400;\">Ugly Terlikler: Zarif olmas\u0131 i\u00e7in \u00e7aba sarf edilmedi\u011finden, \u201cUgly Terlikler\u201d olarak da an\u0131lan tasar\u0131mlar, bu y\u0131l kad\u0131nlar\u0131 \u00f6zg\u00fcr hissetmeye davet ediyor. Skechers Arch Fit Footsteps terliklerle trendi kombinlerine ta\u015f\u0131man m\u00fcmk\u00fcn.\u00a0<\/span><\/li>\n<li style=\"font-weight: 400;\" aria-level=\"1\"><span style=\"font-weight: 400;\">Arkas\u0131 A\u00e7\u0131k Yazl\u0131k Terlikler: Spor ayakkab\u0131lar\u0131n rahatl\u0131\u011f\u0131 olsun ama terlik kadar da ferah hissettirsin dersen, arkas\u0131 a\u00e7\u0131k spor ayakkab\u0131 modelleri seni bekliyor. Skechers D\u2019lites Bright Sky, D\u2019lux Walker, Summits Swift Step terliklerle sen de modaya ayak uydurabilirsin.\u00a0<\/span><\/li>\n<\/ul>\n<figure id=\"attachment_2619\" aria-describedby=\"caption-attachment-2619\" style=\"width: 632px\" class=\"wp-caption aligncenter\"><img decoding=\"async\" loading=\"lazy\" class=\"size-full wp-image-2619\" src=\"https:\/\/www.skechers.com.tr\/blog\/wp-content\/uploads\/2022\/06\/terlik-kadin.jpg\" alt=\"Sportif Yazl\u0131k Terlikler\" width=\"632\" height=\"781\" srcset=\"https:\/\/www.skechers.com.tr\/blog\/wp-content\/uploads\/2022\/06\/terlik-kadin.jpg 632w, https:\/\/www.skechers.com.tr\/blog\/wp-content\/uploads\/2022\/06\/terlik-kadin-243x300.jpg 243w\" sizes=\"(max-width: 632px) 100vw, 632px\" \/><figcaption id=\"caption-attachment-2619\" class=\"wp-caption-text\">Sportif Yazl\u0131k Terlikler<\/figcaption><\/figure>\n<ul>\n<li style=\"font-weight: 400;\" aria-level=\"1\"><span style=\"font-weight: 400;\">Y\u00fcksek Topuklu Sportif Yazl\u0131k Terlikler: Boyumuzu biraz daha uzatacak, ayaklar\u0131m\u0131z\u0131 tabiri caizse yerden kesecek .Y\u00fcksek topuklu yazl\u0131k terlikler yeniden moda. Skechers terlik modellerinin bir\u00e7o\u011funda g\u00f6rebilece\u011fin y\u00fcksek tabanlar sayesinde sen de bu yaz, \u00e7ok daha haval\u0131 hissedebilirsin.\u00a0<\/span><\/li>\n<\/ul>\n<h2><span style=\"font-weight: 400;\">2022 Erkek Yazl\u0131k Terlik Trendleri\u00a0<\/span><\/h2>\n<p><span style=\"font-weight: 400;\">Erkek terlikleri i\u00e7in 2022 y\u0131l\u0131 trendlerinde ibre, sportif se\u00e7eneklere y\u00f6neliyor. Eva k\u00f6p\u00fckten yap\u0131lan hafif <\/span><a href=\"https:\/\/www.skechers.com.tr\/erkek-terlik-c-2010?utm_source=content&amp;utm_medium=blog&amp;utm_campaign=yazlik-terlik-trendleri&amp;utm_term=2010\"><span style=\"font-weight: 400;\">erkek terlik \u00e7e\u015fitleri<\/span><\/a><span style=\"font-weight: 400;\">, i\u015fte, gezide, hemen her yerde erkeklerin yaz keyfine ortak oluyor. Ayr\u0131ca, kad\u0131n modellerinde g\u00f6rd\u00fc\u011f\u00fcm\u00fcz spor ayakkab\u0131ya benzeyen se\u00e7enekler, erkek terliklerde de alternatif bulunduruyor. Buna ek olarak bantl\u0131 tasar\u0131mlar\u0131n hakimiyeti hala ge\u00e7erli. Yine bir klasik olan parmak aras\u0131 se\u00e7enekler de erkek yazl\u0131k terliklerde g\u00f6z \u00f6n\u00fcnde. \u0130\u015fte y\u0131l\u0131n erkek terlik modas\u0131:\u00a0<\/span><\/p>\n<ul>\n<li style=\"font-weight: 400;\" aria-level=\"1\"><span style=\"font-weight: 400;\">Parmak Aras\u0131 Erkek Terlikler: Skechers\u2019\u0131n Ralcon Sd, Go Consistent ve Arch Fit Motley Sd modellerinde g\u00f6rebilece\u011fin parmak aras\u0131 kesimler yine \u00e7ok trend. G\u00fc\u00e7l\u00fc tabanlar, yumu\u015fak parmak aras\u0131 b\u00f6l\u00fcm\u00fc ve renk renk se\u00e7enekler dikkat \u00e7ekiyor. \u00dcr\u00fcnler, her ya\u015ftan erke\u011fin dolab\u0131nda olmay\u0131 hak ediyor.\u00a0<\/span><\/li>\n<li style=\"font-weight: 400;\" aria-level=\"1\"><span style=\"font-weight: 400;\">Arkas\u0131 A\u00e7\u0131k Sportif Terlikler: \u00d6nden bak\u0131ld\u0131\u011f\u0131nda spor ayakkab\u0131y\u0131 and\u0131ran ancak arkas\u0131 a\u00e7\u0131k olan modeller, erkek koleksiyonlar\u0131nda da mevcut. Creston Ultra Havana adl\u0131 modelde \u00f6rne\u011fini g\u00f6rebilece\u011fin trendi, kombinlerine dahil edebilirsin.\u00a0<\/span><\/li>\n<li style=\"font-weight: 400;\" aria-level=\"1\"><span style=\"font-weight: 400;\">Bantl\u0131 Erkek Terlikleri: Erkek terliklerinde kullan\u0131lan \u00e7ok say\u0131da bant, bu y\u0131l teke iniyor. Tasar\u0131m\u0131n\u0131 tek ve kal\u0131n bantla tamamlayan modeller, sportif giyim tarz\u0131n\u0131 benimseyenlerin g\u00f6zdesi. Skechers Go Consistent Sandal Watershe modeliyle sen de bantl\u0131 terliklere sahip olabilirsin.\u00a0<\/span><\/li>\n<li style=\"font-weight: 400;\" aria-level=\"1\"><span style=\"font-weight: 400;\">Hafif ve Mask\u00fclen Terlikler: <\/span><a href=\"https:\/\/www.skechers.com.tr\/doktor-terligi-c-6316?utm_source=content&amp;utm_medium=blog&amp;utm_campaign=yazlik-terlik-trendleri&amp;utm_term=6316\"><span style=\"font-weight: 400;\">Doktor terli\u011fi <\/span><\/a><span style=\"font-weight: 400;\">olarak da anabilece\u011fimiz bu modeller, \u015fortlara, jean ve e\u015fofmanlara \u00e7ok yak\u0131\u015f\u0131yor. Hafif k\u00f6p\u00fckten yap\u0131lan, suya dayan\u0131kl\u0131 olan ve \u00f6zen taban teknolojileri var. Bu sayede, sert zeminlerde bile konfor sunan terlikler, Skechers koleksiyonunda. Skechers Swifters Steady, Creston Ultra modelleri trendin \u00f6rnekleri aras\u0131nda.\u00a0<\/span><\/li>\n<\/ul>\n<p><span style=\"font-weight: 400;\">2022 yazl\u0131k terlik trendleri Skechers koleksiyonunda! Sen de y\u0131l\u0131n en moda erkek ve kad\u0131n terlik modelleri i\u00e7in Skechers koleksiyonunu ziyaret edebilirsin. \u00dcstelik \u00e7ocuklar i\u00e7in de se\u00e7enekler var. K\u0131z ve <\/span><a href=\"https:\/\/www.skechers.com.tr\/erkek-cocuk-terlik-c-3107?utm_source=content&amp;utm_medium=blog&amp;utm_campaign=yazlik-terlik-trendleri&amp;utm_term=3107\"><span style=\"font-weight: 400;\">erkek \u00e7ocuk terlik fiyatlar\u0131 <\/span><\/a><span style=\"font-weight: 400;\">i\u00e7in Skechers avantajlar\u0131ndan yararlanabilirsin. En konforlu, trend tasar\u0131mlar ve avantajl\u0131 fiyatlar i\u00e7in Skechers\u2019tan zaman kaybetmeden sipari\u015f ver! Bu y\u0131l sokaklar\u0131 ad\u0131mlayan en g\u00fczel terlikler seni bekliyor\u2026 <\/span><\/p>\n","protected":false},"excerpt":{"rendered":"<p>Rahatl\u0131k trendinin f\u0131rt\u0131nalar estirdi\u011fi s\u0131cak yaz g\u00fcnlerinde, sokaklar yazl\u0131k terlik i\u015fgali alt\u0131nda. Hem kad\u0131n hem de erkekler, ferah hissettiren yazl\u0131k ayakkab\u0131 ve terlik modelleri ile bir yandan \u015f\u0131kl\u0131k sergiliyor, di\u011fer yandan konforun kazand\u0131rd\u0131\u011f\u0131 \u00f6z g\u00fcvenle sokaklar\u0131 ad\u0131ml\u0131yor. Sen de yaz tatillerini, \u00e7al\u0131\u015fma saatlerini, ak\u015fam e\u011flencelerini ve plaj keyfini yaz\u0131n en trend aksesuarlar\u0131yla tamamlamak ister misin? [&hellip;]<\/p>\n","protected":false},"author":1,"featured_media":2622,"comment_status":"open","ping_status":"open","sticky":false,"template":"","format":"standard","meta":[],"categories":[1],"tags":[],"yoast_head":"<!-- This site is optimized with the Yoast SEO plugin v18.5.1 - https:\/\/yoast.com\/wordpress\/plugins\/seo\/ -->\n<title>Yazl\u0131k Terlik Trendi Geri D\u00f6nd\u00fc: Moda Sokaklarda! - Skechers Blog<\/title>\n<meta name=\"description\" content=\"Yazl\u0131k terlik trendleri yaz\u0131m\u0131zda! Sen de 2022 kad\u0131n yazl\u0131k terlik ve erkek yazl\u0131k terlik trendlerini \u00f6\u011frenmek i\u00e7in t\u0131kla!\" \/>\n<meta name=\"robots\" content=\"index, follow, max-snippet:-1, max-image-preview:large, max-video-preview:-1\" \/>\n<link rel=\"canonical\" href=\"https:\/\/www.skechers.com.tr\/blog\/yazlik-terlik-trendi-geri-dondu-moda-sokaklarda\/\" \/>\n<meta property=\"og:locale\" content=\"tr_TR\" \/>\n<meta property=\"og:type\" content=\"article\" \/>\n<meta property=\"og:title\" content=\"Yazl\u0131k Terlik Trendi Geri D\u00f6nd\u00fc: Moda Sokaklarda! - Skechers Blog\" \/>\n<meta property=\"og:description\" content=\"Yazl\u0131k terlik trendleri yaz\u0131m\u0131zda! Sen de 2022 kad\u0131n yazl\u0131k terlik ve erkek yazl\u0131k terlik trendlerini \u00f6\u011frenmek i\u00e7in t\u0131kla!\" \/>\n<meta property=\"og:url\" content=\"https:\/\/www.skechers.com.tr\/blog\/yazlik-terlik-trendi-geri-dondu-moda-sokaklarda\/\" \/>\n<meta property=\"og:site_name\" content=\"Skechers Blog\" \/>\n<meta property=\"article:published_time\" content=\"2022-06-16T11:29:58+00:00\" \/>\n<meta property=\"og:image\" content=\"https:\/\/www.skechers.com.tr\/blog\/wp-content\/uploads\/2022\/06\/pexels-pixabay-531035.jpg\" \/>\n\t<meta property=\"og:image:width\" content=\"800\" \/>\n\t<meta property=\"og:image:height\" content=\"553\" \/>\n\t<meta property=\"og:image:type\" content=\"image\/jpeg\" \/>\n<meta name=\"twitter:card\" content=\"summary_large_image\" \/>\n<meta name=\"twitter:label1\" content=\"Yazan:\" \/>\n\t<meta name=\"twitter:data1\" content=\"Skechers T\u00fcrkiye\" \/>\n\t<meta name=\"twitter:label2\" content=\"Tahmini okuma s\u00fcresi\" \/>\n\t<meta name=\"twitter:data2\" content=\"7 dakika\" \/>\n<script type=\"application\/ld+json\" class=\"yoast-schema-graph\">{\"@context\":\"https:\/\/schema.org\",\"@graph\":[{\"@type\":\"WebSite\",\"@id\":\"https:\/\/www.skechers.com.tr\/blog\/#website\",\"url\":\"https:\/\/www.skechers.com.tr\/blog\/\",\"name\":\"Skechers Blog\",\"description\":\"Skechers\",\"potentialAction\":[{\"@type\":\"SearchAction\",\"target\":{\"@type\":\"EntryPoint\",\"urlTemplate\":\"https:\/\/www.skechers.com.tr\/blog\/?s={search_term_string}\"},\"query-input\":\"required name=search_term_string\"}],\"inLanguage\":\"tr\"},{\"@type\":\"ImageObject\",\"@id\":\"https:\/\/www.skechers.com.tr\/blog\/yazlik-terlik-trendi-geri-dondu-moda-sokaklarda\/#primaryimage\",\"inLanguage\":\"tr\",\"url\":\"https:\/\/www.skechers.com.tr\/blog\/wp-content\/uploads\/2022\/06\/pexels-pixabay-531035.jpg\",\"contentUrl\":\"https:\/\/www.skechers.com.tr\/blog\/wp-content\/uploads\/2022\/06\/pexels-pixabay-531035.jpg\",\"width\":800,\"height\":553,\"caption\":\"Yazl\u0131k Terlik Trendi Geri D\u00f6nd\u00fc: Moda Sokaklarda!\"},{\"@type\":\"WebPage\",\"@id\":\"https:\/\/www.skechers.com.tr\/blog\/yazlik-terlik-trendi-geri-dondu-moda-sokaklarda\/#webpage\",\"url\":\"https:\/\/www.skechers.com.tr\/blog\/yazlik-terlik-trendi-geri-dondu-moda-sokaklarda\/\",\"name\":\"Yazl\u0131k Terlik Trendi Geri D\u00f6nd\u00fc: Moda Sokaklarda! - Skechers Blog\",\"isPartOf\":{\"@id\":\"https:\/\/www.skechers.com.tr\/blog\/#website\"},\"primaryImageOfPage\":{\"@id\":\"https:\/\/www.skechers.com.tr\/blog\/yazlik-terlik-trendi-geri-dondu-moda-sokaklarda\/#primaryimage\"},\"datePublished\":\"2022-06-16T11:29:58+00:00\",\"dateModified\":\"2022-06-16T11:29:58+00:00\",\"author\":{\"@id\":\"https:\/\/www.skechers.com.tr\/blog\/#\/schema\/person\/6d09a0595696524814757d23d22b4c33\"},\"description\":\"Yazl\u0131k terlik trendleri yaz\u0131m\u0131zda! Sen de 2022 kad\u0131n yazl\u0131k terlik ve erkek yazl\u0131k terlik trendlerini \u00f6\u011frenmek i\u00e7in t\u0131kla!\",\"breadcrumb\":{\"@id\":\"https:\/\/www.skechers.com.tr\/blog\/yazlik-terlik-trendi-geri-dondu-moda-sokaklarda\/#breadcrumb\"},\"inLanguage\":\"tr\",\"potentialAction\":[{\"@type\":\"ReadAction\",\"target\":[\"https:\/\/www.skechers.com.tr\/blog\/yazlik-terlik-trendi-geri-dondu-moda-sokaklarda\/\"]}]},{\"@type\":\"BreadcrumbList\",\"@id\":\"https:\/\/www.skechers.com.tr\/blog\/yazlik-terlik-trendi-geri-dondu-moda-sokaklarda\/#breadcrumb\",\"itemListElement\":[{\"@type\":\"ListItem\",\"position\":1,\"name\":\"Yazl\u0131k Terlik Trendi Geri D\u00f6nd\u00fc: Moda Sokaklarda!\"}]},{\"@type\":\"Person\",\"@id\":\"https:\/\/www.skechers.com.tr\/blog\/#\/schema\/person\/6d09a0595696524814757d23d22b4c33\",\"name\":\"Skechers T\u00fcrkiye\",\"image\":{\"@type\":\"ImageObject\",\"@id\":\"https:\/\/www.skechers.com.tr\/blog\/#personlogo\",\"inLanguage\":\"tr\",\"url\":\"https:\/\/secure.gravatar.com\/avatar\/0fc2191869a9a020b4606acf264338ae?s=96&d=mm&r=g\",\"contentUrl\":\"https:\/\/secure.gravatar.com\/avatar\/0fc2191869a9a020b4606acf264338ae?s=96&d=mm&r=g\",\"caption\":\"Skechers T\u00fcrkiye\"},\"description\":\"Skechers spor ayakkab\u0131 \u00fcr\u00fcnleri ile rahatl\u0131\u011f\u0131 ve kaliteyi hisset!\"}]}<\/script>\n<!-- \/ Yoast SEO plugin. -->","yoast_head_json":{"title":"Yazl\u0131k Terlik Trendi Geri D\u00f6nd\u00fc: Moda Sokaklarda! - Skechers Blog","description":"Yazl\u0131k terlik trendleri yaz\u0131m\u0131zda! Sen de 2022 kad\u0131n yazl\u0131k terlik ve erkek yazl\u0131k terlik trendlerini \u00f6\u011frenmek i\u00e7in t\u0131kla!","robots":{"index":"index","follow":"follow","max-snippet":"max-snippet:-1","max-image-preview":"max-image-preview:large","max-video-preview":"max-video-preview:-1"},"canonical":"https:\/\/www.skechers.com.tr\/blog\/yazlik-terlik-trendi-geri-dondu-moda-sokaklarda\/","og_locale":"tr_TR","og_type":"article","og_title":"Yazl\u0131k Terlik Trendi Geri D\u00f6nd\u00fc: Moda Sokaklarda! - Skechers Blog","og_description":"Yazl\u0131k terlik trendleri yaz\u0131m\u0131zda! Sen de 2022 kad\u0131n yazl\u0131k terlik ve erkek yazl\u0131k terlik trendlerini \u00f6\u011frenmek i\u00e7in t\u0131kla!","og_url":"https:\/\/www.skechers.com.tr\/blog\/yazlik-terlik-trendi-geri-dondu-moda-sokaklarda\/","og_site_name":"Skechers Blog","article_published_time":"2022-06-16T11:29:58+00:00","og_image":[{"width":800,"height":553,"url":"https:\/\/www.skechers.com.tr\/blog\/wp-content\/uploads\/2022\/06\/pexels-pixabay-531035.jpg","type":"image\/jpeg"}],"twitter_card":"summary_large_image","twitter_misc":{"Yazan:":"Skechers T\u00fcrkiye","Tahmini okuma s\u00fcresi":"7 dakika"},"schema":{"@context":"https:\/\/schema.org","@graph":[{"@type":"WebSite","@id":"https:\/\/www.skechers.com.tr\/blog\/#website","url":"https:\/\/www.skechers.com.tr\/blog\/","name":"Skechers Blog","description":"Skechers","potentialAction":[{"@type":"SearchAction","target":{"@type":"EntryPoint","urlTemplate":"https:\/\/www.skechers.com.tr\/blog\/?s={search_term_string}"},"query-input":"required name=search_term_string"}],"inLanguage":"tr"},{"@type":"ImageObject","@id":"https:\/\/www.skechers.com.tr\/blog\/yazlik-terlik-trendi-geri-dondu-moda-sokaklarda\/#primaryimage","inLanguage":"tr","url":"https:\/\/www.skechers.com.tr\/blog\/wp-content\/uploads\/2022\/06\/pexels-pixabay-531035.jpg","contentUrl":"https:\/\/www.skechers.com.tr\/blog\/wp-content\/uploads\/2022\/06\/pexels-pixabay-531035.jpg","width":800,"height":553,"caption":"Yazl\u0131k Terlik Trendi Geri D\u00f6nd\u00fc: Moda Sokaklarda!"},{"@type":"WebPage","@id":"https:\/\/www.skechers.com.tr\/blog\/yazlik-terlik-trendi-geri-dondu-moda-sokaklarda\/#webpage","url":"https:\/\/www.skechers.com.tr\/blog\/yazlik-terlik-trendi-geri-dondu-moda-sokaklarda\/","name":"Yazl\u0131k Terlik Trendi Geri D\u00f6nd\u00fc: Moda Sokaklarda! - Skechers Blog","isPartOf":{"@id":"https:\/\/www.skechers.com.tr\/blog\/#website"},"primaryImageOfPage":{"@id":"https:\/\/www.skechers.com.tr\/blog\/yazlik-terlik-trendi-geri-dondu-moda-sokaklarda\/#primaryimage"},"datePublished":"2022-06-16T11:29:58+00:00","dateModified":"2022-06-16T11:29:58+00:00","author":{"@id":"https:\/\/www.skechers.com.tr\/blog\/#\/schema\/person\/6d09a0595696524814757d23d22b4c33"},"description":"Yazl\u0131k terlik trendleri yaz\u0131m\u0131zda! Sen de 2022 kad\u0131n yazl\u0131k terlik ve erkek yazl\u0131k terlik trendlerini \u00f6\u011frenmek i\u00e7in t\u0131kla!","breadcrumb":{"@id":"https:\/\/www.skechers.com.tr\/blog\/yazlik-terlik-trendi-geri-dondu-moda-sokaklarda\/#breadcrumb"},"inLanguage":"tr","potentialAction":[{"@type":"ReadAction","target":["https:\/\/www.skechers.com.tr\/blog\/yazlik-terlik-trendi-geri-dondu-moda-sokaklarda\/"]}]},{"@type":"BreadcrumbList","@id":"https:\/\/www.skechers.com.tr\/blog\/yazlik-terlik-trendi-geri-dondu-moda-sokaklarda\/#breadcrumb","itemListElement":[{"@type":"ListItem","position":1,"name":"Yazl\u0131k Terlik Trendi Geri D\u00f6nd\u00fc: Moda Sokaklarda!"}]},{"@type":"Person","@id":"https:\/\/www.skechers.com.tr\/blog\/#\/schema\/person\/6d09a0595696524814757d23d22b4c33","name":"Skechers T\u00fcrkiye","image":{"@type":"ImageObject","@id":"https:\/\/www.skechers.com.tr\/blog\/#personlogo","inLanguage":"tr","url":"https:\/\/secure.gravatar.com\/avatar\/0fc2191869a9a020b4606acf264338ae?s=96&d=mm&r=g","contentUrl":"https:\/\/secure.gravatar.com\/avatar\/0fc2191869a9a020b4606acf264338ae?s=96&d=mm&r=g","caption":"Skechers T\u00fcrkiye"},"description":"Skechers spor ayakkab\u0131 \u00fcr\u00fcnleri ile rahatl\u0131\u011f\u0131 ve kaliteyi hisset!"}]}},"_links":{"self":[{"href":"https:\/\/www.skechers.com.tr\/blog\/wp-json\/wp\/v2\/posts\/2618"}],"collection":[{"href":"https:\/\/www.skechers.com.tr\/blog\/wp-json\/wp\/v2\/posts"}],"about":[{"href":"https:\/\/www.skechers.com.tr\/blog\/wp-json\/wp\/v2\/types\/post"}],"author":[{"embeddable":true,"href":"https:\/\/www.skechers.com.tr\/blog\/wp-json\/wp\/v2\/users\/1"}],"replies":[{"embeddable":true,"href":"https:\/\/www.skechers.com.tr\/blog\/wp-json\/wp\/v2\/comments?post=2618"}],"version-history":[{"count":1,"href":"https:\/\/www.skechers.com.tr\/blog\/wp-json\/wp\/v2\/posts\/2618\/revisions"}],"predecessor-version":[{"id":2623,"href":"https:\/\/www.skechers.com.tr\/blog\/wp-json\/wp\/v2\/posts\/2618\/revisions\/2623"}],"wp:featuredmedia":[{"embeddable":true,"href":"https:\/\/www.skechers.com.tr\/blog\/wp-json\/wp\/v2\/media\/2622"}],"wp:attachment":[{"href":"https:\/\/www.skechers.com.tr\/blog\/wp-json\/wp\/v2\/media?parent=2618"}],"wp:term":[{"taxonomy":"category","embeddable":true,"href":"https:\/\/www.skechers.com.tr\/blog\/wp-json\/wp\/v2\/categories?post=2618"},{"taxonomy":"post_tag","embeddable":true,"href":"https:\/\/www.skechers.com.tr\/blog\/wp-json\/wp\/v2\/tags?post=2618"}],"curies":[{"name":"wp","href":"https:\/\/api.w.org\/{rel}","templated":true}]}}