{"id":2295,"date":"2022-01-11T13:20:30","date_gmt":"2022-01-11T13:20:30","guid":{"rendered":"https:\/\/www.skechers.com.tr\/blog\/?p=2295"},"modified":"2022-01-11T13:20:30","modified_gmt":"2022-01-11T13:20:30","slug":"kisin-dogada-sicak-kalmanin-puf-noktalari","status":"publish","type":"post","link":"https:\/\/www.skechers.com.tr\/blog\/kisin-dogada-sicak-kalmanin-puf-noktalari\/","title":{"rendered":"K\u0131\u015f\u0131n Do\u011fada S\u0131cak Kalman\u0131n P\u00fcf Noktalar\u0131"},"content":{"rendered":"<p><span style=\"font-weight: 400;\">K\u0131\u015f\u0131n g\u00fcnl\u00fck hayata devam etmek, egzersiz yapmak veya k\u0131\u015f sporlar\u0131yla ilgilenmek i\u00e7in s\u0131cak hissetmek ilk gereklilik ve konforun kar\u015f\u0131l\u0131\u011f\u0131 oluyor. V\u00fccut \u0131s\u0131s\u0131n\u0131 koruyacak do\u011fru ekipman ve giysilerin se\u00e7ilmesi hem sa\u011fl\u0131k hem de g\u00fcvenlik a\u00e7\u0131s\u0131ndan \u00f6nem ta\u015f\u0131yor. E\u011fer sen de k\u0131\u015f \u015fartlar\u0131nda a\u00e7\u0131k havada vakit ge\u00e7irmek, egzersiz rutinini s\u00fcrd\u00fcrmek, k\u0131\u015f sporlar\u0131n\u0131 rahatl\u0131kla ger\u00e7ekle\u015ftirmek istiyorsan k\u0131\u015f\u0131n do\u011fada s\u0131cak kalman\u0131n p\u00fcf noktalar\u0131n\u0131 \u00f6\u011frenmelisin. Ancak \u00f6ncesinde s\u0131cak alman\u0131n \u00f6nemini vurgulamal\u0131y\u0131z.\u00a0<\/span><\/p>\n<p>&nbsp;<\/p>\n<p><span style=\"font-weight: 400;\">\u0130nsanlar\u0131n normal v\u00fccut s\u0131cakl\u0131\u011f\u0131 36.5 santigrat derece olarak hesaplan\u0131yor. Ancak bu de\u011ferler, ki\u015fiden ki\u015fiye ufak de\u011fi\u015fimler g\u00f6steriyor. Ayr\u0131ca, v\u00fccut \u0131s\u0131s\u0131, d\u0131\u015f ve i\u00e7 fakt\u00f6rlere g\u00f6re de\u011fi\u015fiyor. \u00d6rne\u011fin egzersiz s\u0131ras\u0131nda v\u00fccut \u0131s\u0131s\u0131 art\u0131yor, so\u011fuk hava ise \u0131s\u0131n\u0131n d\u00fc\u015fmesine neden oluyor. Bunun yan\u0131nda ya\u015fla beraber de v\u00fccut s\u0131cakl\u0131\u011f\u0131 d\u00fc\u015f\u00fcyor. Bu nedenle ki\u015filer daha \u00e7ok \u00fc\u015f\u00fcme e\u011filimi g\u00f6steriyor. Benzer bir fark, cinsiyetler aras\u0131nda da g\u00f6r\u00fcl\u00fcyor. Kad\u0131nlar\u0131n ortalama v\u00fccut \u0131s\u0131s\u0131n\u0131n erkeklerden daha y\u00fcksek oldu\u011fu biliniyor. V\u00fccut \u0131s\u0131s\u0131ndaki bu ufak farkl\u0131l\u0131klar olduk\u00e7a normal ancak v\u00fccut \u0131s\u0131s\u0131 b\u00fcy\u00fck oranda d\u00fc\u015ft\u00fc\u011f\u00fcnde hayati sorunlar ortaya \u00e7\u0131kabiliyor. Hipotermi yani v\u00fccut \u0131s\u0131s\u0131ndaki d\u00fc\u015f\u00fc\u015f 35 santigrat dereceyi g\u00f6sterdi\u011finde, bedenin normal faaliyetleri sekteye u\u011fruyor.\u00a0<\/span><\/p>\n<ul>\n<li style=\"font-weight: 400;\" aria-level=\"1\"><span style=\"font-weight: 400;\">Sinir sisteminin fonksiyonlar\u0131 bozuluyor.\u00a0<\/span><\/li>\n<li style=\"font-weight: 400;\" aria-level=\"1\"><span style=\"font-weight: 400;\">Kalp ve dola\u015f\u0131m sistemi faaliyetleri d\u00fczensizle\u015fiyor.\u00a0<\/span><\/li>\n<li style=\"font-weight: 400;\" aria-level=\"1\"><span style=\"font-weight: 400;\">Solunum sistemi bozuluyor.\u00a0<\/span><\/li>\n<li style=\"font-weight: 400;\" aria-level=\"1\"><span style=\"font-weight: 400;\">V\u00fccut dokular\u0131nda donma g\u00f6r\u00fclebiliyor.\u00a0<\/span><\/li>\n<li style=\"font-weight: 400;\" aria-level=\"1\"><span style=\"font-weight: 400;\">Kan ak\u0131\u015f\u0131n\u0131n kesilmesine ba\u011fl\u0131 kangren ve doku \u00f6l\u00fcmlerine rastlan\u0131yor.\u00a0<\/span><\/li>\n<li style=\"font-weight: 400;\" aria-level=\"1\"><span style=\"font-weight: 400;\">\u0130leri d\u00fczeydeki vakalarda ki\u015filer hayat\u0131n\u0131 kaybedebiliyor.\u00a0<\/span><\/li>\n<\/ul>\n<p><span style=\"font-weight: 400;\">Ya\u015famsal etkenlerle direkt ili\u015fkili olan v\u00fccut \u0131s\u0131s\u0131 kayb\u0131n\u0131 yani hipotermiyi \u00f6nlemenin bir\u00e7ok farkl\u0131 ad\u0131m\u0131 var. Do\u011fru ad\u0131mlar\u0131n uygulanmas\u0131yla risk en aza indiriliyor. Ancak ne kadar do\u011fru \u00f6nlem al\u0131n\u0131rsa al\u0131ns\u0131n, sert hava ko\u015fullar\u0131na dair \u00f6nerilerin dikkate al\u0131nmas\u0131 gerekiyor. \u00d6rne\u011fin, en iyi koruyan, \u0131s\u0131 izolasyonu bulunan k\u0131yafetleri, \u00e7ad\u0131rlar\u0131 kullansan da e\u011fer uzmanlar hava \u015fartlar\u0131n\u0131n kamp yapmaya uygun olmad\u0131\u011f\u0131n\u0131 s\u00f6yl\u00fcyorsa bu \u015fartlarda kampa gitmemelisin. Do\u011fada s\u0131cak kalman\u0131n yollar\u0131n\u0131 \u00f6\u011frenirken bu uygulamalar\u0131n bir l\u00fcks de\u011fil, gereklilik oldu\u011funu bilerek \u00f6nlem almay\u0131 ihmal etmemelisin.\u00a0<\/span><\/p>\n<h2><span style=\"font-weight: 400;\">K\u0131\u015f\u0131n Do\u011fada S\u0131cak Kalman\u0131n P\u00fcf Noktalar\u0131 Nelerdir?<\/span><\/h2>\n<ul>\n<li style=\"font-weight: 400;\" aria-level=\"1\"><span style=\"font-weight: 400;\">V\u00fccut \u0131s\u0131s\u0131n\u0131 korumana yard\u0131mc\u0131 olacak k\u0131yafetleri se\u00e7melisin. Bol, kat kat ve hafif giysiler tercih etmelisin.\u00a0<\/span><\/li>\n<li style=\"font-weight: 400;\" aria-level=\"1\"><span style=\"font-weight: 400;\">K\u0131yafetlerini se\u00e7erken su tutmayan malzemelerden yap\u0131lm\u0131\u015f olmas\u0131na \u00f6zen g\u00f6stermelisin. Suyla beraber a\u011f\u0131rla\u015fan k\u0131yafetlerin hem v\u00fccut \u0131s\u0131n\u0131n d\u00fc\u015fmesine neden olaca\u011f\u0131n\u0131, nemin seni daha \u00e7ok \u00fc\u015f\u00fctece\u011fini ve a\u011f\u0131r k\u0131yafetlerin daha \u00e7ok enerji harcamana neden olaca\u011f\u0131n\u0131 akl\u0131nda tutmal\u0131s\u0131n.\u00a0<\/span><\/li>\n<li style=\"font-weight: 400;\" aria-level=\"1\"><span style=\"font-weight: 400;\">K\u0131yafetlerin i\u00e7 katlar\u0131na termal etkili giysiler giymeli, \u00fcst katlarda <\/span><a href=\"https:\/\/www.skechers.com.tr\/outdoor-giyim-c-6310?utm_source=blog&amp;utm_medium=blog&amp;utm_id=kisin-dogada-sicak-kalmanin-puf-noktalari&amp;utm_term=6310\"><span style=\"font-weight: 400;\">outdoor giyim <\/span><\/a><span style=\"font-weight: 400;\">\u00fcr\u00fcnleri tercih etmelisin.\u00a0<\/span><\/li>\n<li style=\"font-weight: 400;\" aria-level=\"1\"><span style=\"font-weight: 400;\">K\u0131yafetlerin r\u00fczgardan korunma etkisi sunmas\u0131na \u00f6zen g\u00f6stermelisin.\u00a0<\/span><\/li>\n<li style=\"font-weight: 400;\" aria-level=\"1\"><span style=\"font-weight: 400;\">So\u011fuk havada \u00e7ok terlemeye ve su kayb\u0131na neden olacak aktivitelerden uzak durmal\u0131s\u0131n. Nemli k\u0131yafetlerin v\u00fccut \u0131s\u0131s\u0131n\u0131 daha \u00e7abuk d\u00fc\u015f\u00fcrece\u011fini bilerek hareket etmelisin. E\u011fer nemlenen k\u0131yafetlerin varsa vakit kaybetmeden de\u011fi\u015ftirmeli ve kuru giysilerle so\u011fuk havada durmal\u0131s\u0131n.\u00a0<\/span><\/li>\n<li style=\"font-weight: 400;\" aria-level=\"1\"><span style=\"font-weight: 400;\">El ve ayaklar\u0131n\u0131n kuru olmas\u0131na \u00f6zen g\u00f6stermelisin. Ellerini ve ayaklar\u0131n\u0131 y\u0131kad\u0131ktan sonra iyice kurulamal\u0131s\u0131n. <\/span><a href=\"https:\/\/www.skechers.com.tr\/erkek-treakking-ayakkabisi-c-2028?utm_source=blog&amp;utm_medium=blog&amp;utm_id=kisin-dogada-sicak-kalmanin-puf-noktalari&amp;utm_term=2028\"><span style=\"font-weight: 400;\">Trekking ayakkab\u0131s\u0131<\/span><\/a><span style=\"font-weight: 400;\"> ve eldiven gibi par\u00e7alar\u0131n su almayacak formda olmas\u0131na dikkat etmelisin.\u00a0<\/span><\/li>\n<li style=\"font-weight: 400;\" aria-level=\"1\"><span style=\"font-weight: 400;\">\u00c7ocuklar\u0131n yeti\u015fkinlerden \u00e7ok daha kal\u0131n giyinmesi gerekiyor.\u00a0<\/span><\/li>\n<\/ul>\n<figure id=\"attachment_2297\" aria-describedby=\"caption-attachment-2297\" style=\"width: 800px\" class=\"wp-caption aligncenter\"><img decoding=\"async\" loading=\"lazy\" class=\"size-full wp-image-2297\" src=\"https:\/\/www.skechers.com.tr\/blog\/wp-content\/uploads\/2022\/01\/pexels-kristin-vogt-54200.jpg\" alt=\"K\u0131\u015f\u0131n Do\u011fada S\u0131cak Kalman\u0131n P\u00fcf Noktalar\u0131 Nelerdir?\" width=\"800\" height=\"506\" srcset=\"https:\/\/www.skechers.com.tr\/blog\/wp-content\/uploads\/2022\/01\/pexels-kristin-vogt-54200.jpg 800w, https:\/\/www.skechers.com.tr\/blog\/wp-content\/uploads\/2022\/01\/pexels-kristin-vogt-54200-300x190.jpg 300w, https:\/\/www.skechers.com.tr\/blog\/wp-content\/uploads\/2022\/01\/pexels-kristin-vogt-54200-768x486.jpg 768w\" sizes=\"(max-width: 800px) 100vw, 800px\" \/><figcaption id=\"caption-attachment-2297\" class=\"wp-caption-text\">K\u0131\u015f\u0131n Do\u011fada S\u0131cak Kalman\u0131n P\u00fcf Noktalar\u0131 Nelerdir?<\/figcaption><\/figure>\n<ul>\n<li style=\"font-weight: 400;\" aria-level=\"1\"><span style=\"font-weight: 400;\">So\u011fuk gecelerde uyumadan \u00f6nce alkol almamaya \u00f6zen g\u00f6stermelisin.\u00a0<\/span><\/li>\n<li style=\"font-weight: 400;\" aria-level=\"1\"><span style=\"font-weight: 400;\">Kollar\u0131n\u0131 ve bacaklar\u0131n\u0131 bedenine biti\u015fik, kapal\u0131 \u015fekilde tutmal\u0131s\u0131n. Bu \u015fekilde beden s\u0131cakl\u0131\u011f\u0131n\u0131 daha uzun s\u00fcre muhafaza edebilirsin. M\u00fcmk\u00fcnse dizlerini karn\u0131na \u00e7ekerek cenin pozisyonu alarak v\u00fccut \u0131s\u0131n\u0131 koruyabilirsin.\u00a0<\/span><\/li>\n<li style=\"font-weight: 400;\" aria-level=\"1\"><span style=\"font-weight: 400;\">\u00dczerindeki t\u00fcm k\u0131yafetlerin fermuarlar\u0131n\u0131 ve d\u00fc\u011fmelerini s\u0131k\u0131ca kapatmal\u0131s\u0131n.\u00a0<\/span><\/li>\n<li style=\"font-weight: 400;\" aria-level=\"1\"><span style=\"font-weight: 400;\">Kamp yapacaksan ve kampta s\u0131cak hissetmenin yollar\u0131n\u0131 merak ediyorsan, g\u00fc\u00e7l\u00fc ve mevsim \u015fartlar\u0131na uygun \u00e7ad\u0131r kullanmal\u0131s\u0131n.\u00a0<\/span><\/li>\n<li style=\"font-weight: 400;\" aria-level=\"1\"><span style=\"font-weight: 400;\">Bulundu\u011fun yerde zeminden so\u011fuk almamak i\u00e7in alt\u0131nda y\u00fcksek bir koltuk, minder veya \u0131s\u0131 yal\u0131t\u0131m etkisi g\u00f6sterecek bir mat bulundurmal\u0131s\u0131n.\u00a0<\/span><\/li>\n<li style=\"font-weight: 400;\" aria-level=\"1\"><span style=\"font-weight: 400;\">Yan\u0131na uyku tulumu gibi seni s\u0131cac\u0131k saracak ekipmanlar almal\u0131s\u0131n. Ba\u015f\u0131 da saracak, y\u00fcksek izolasyon etkili modelleri tercih etmelisin.\u00a0<\/span><\/li>\n<li style=\"font-weight: 400;\" aria-level=\"1\"><span style=\"font-weight: 400;\">Y\u00fcksek kalorili, ya\u011fl\u0131 yiyecekler tercih etmelisin. S\u0131cak i\u00e7ecekler t\u00fcketmelisin.\u00a0<\/span><\/li>\n<li style=\"font-weight: 400;\" aria-level=\"1\"><span style=\"font-weight: 400;\">S\u0131cak hissetmeye yard\u0131mc\u0131 olacak termal bantlar, cep sobalar\u0131 almay\u0131 unutmamal\u0131s\u0131n. V\u00fccuda yap\u0131\u015ft\u0131r\u0131lan yak\u0131lardan bulundurabilirsin.\u00a0<\/span><\/li>\n<li style=\"font-weight: 400;\" aria-level=\"1\"><span style=\"font-weight: 400;\">K\u0131yafetlerin koyu renkli olmas\u0131na \u00f6zen g\u00f6stererek g\u00fcn \u0131\u015f\u0131\u011f\u0131ndan daha \u00e7ok yararlanmay\u0131 garanti alt\u0131na alabilirsin.\u00a0<\/span><\/li>\n<\/ul>\n<h3><span style=\"font-weight: 400;\">K\u0131\u015f\u0131n Nas\u0131l Giyinilmeli?<\/span><\/h3>\n<p><span style=\"font-weight: 400;\">K\u0131\u015f\u0131n, \u00e7ok so\u011fuk havalarda do\u011fada s\u0131cak kalmak i\u00e7in kat kat giyinmen gerekiyor. \u0130lk katta i\u00e7lik bulunmal\u0131. Bambu, y\u00fcn veya sentetik malzemelerden yap\u0131lan i\u00e7likleri tercih edebilirsin. Is\u0131 izolasyonu sa\u011flayan \u00fcst ve alt par\u00e7alarla, ilk giyim kat\u0131n\u0131 tamamlayabilirsin. \u0130lk kat\u0131n \u00fcst\u00fcne, polar k\u0131yafetler giyebilirsin. Nem transferi sa\u011flarken hava ge\u00e7i\u015fene de destek olan kuma\u015flardan s\u0131cak tutan ba\u015fka birine de y\u00f6nelebilirsin. S\u0131cak tutan bu giysinin \u00fczerine izolasyon etkili bir ceket veya outdoor mont giyebilirsin. Bunun yan\u0131nda muhakkak boyunluk, bere, eldiven kullanmal\u0131s\u0131n.\u00a0<\/span><\/p>\n<ul>\n<li style=\"font-weight: 400;\" aria-level=\"1\"><span style=\"font-weight: 400;\">Outdoor Mont: Outdoor etkinliklerde kullanmak \u00fczere tasarlanan \u00f6zel ceket ve montlar \u0131s\u0131 yal\u0131t\u0131m\u0131 etkisiyle kullan\u0131c\u0131lar\u0131n s\u0131cak hissetmesini sa\u011fl\u0131yor. \u00dczerinde bulunan \u00e7ok say\u0131da cep de montlara fonksiyonel \u00f6zellik kat\u0131yor.\u00a0<\/span><\/li>\n<li style=\"font-weight: 400;\" aria-level=\"1\"><span style=\"font-weight: 400;\">Outdoor Ayakkab\u0131 &amp; Trekking Ayakkab\u0131s\u0131: K\u0131\u015f\u0131n so\u011fuklar\u0131ndan etkilenmeme i\u00e7in kesinlikle su ge\u00e7irmeyen <\/span><a href=\"https:\/\/www.skechers.com.tr\/erkek-outdoor-ayakkabi-c-2011?urun-cesidi=bot&amp;utm_source=blog&amp;utm_medium=blog&amp;utm_id=kisin-dogada-sicak-kalmanin-puf-noktalari&amp;utm_term=2011\"><span style=\"font-weight: 400;\">erkek outdoor bot <\/span><\/a><span style=\"font-weight: 400;\">modellerini tercih etmelisin. Ayr\u0131ca kad\u0131n veya <\/span><a href=\"https:\/\/www.skechers.com.tr\/erkek-outdoor-ayakkabi-c-2011?utm_source=blog&amp;utm_medium=blog&amp;utm_id=kisin-dogada-sicak-kalmanin-puf-noktalari&amp;utm_term=2011\"><span style=\"font-weight: 400;\">erkek outdoor ayakkab\u0131 <\/span><\/a><span style=\"font-weight: 400;\">se\u00e7erken i\u00e7 astar\u0131n\u0131n da s\u0131cak tutma etkisi sunmas\u0131na \u00f6zen g\u00f6stermelisin.\u00a0<\/span><\/li>\n<li style=\"font-weight: 400;\" aria-level=\"1\"><span style=\"font-weight: 400;\">\u015ei\u015fme Mont Giymek: K\u0131\u015f\u0131n, \u00f6zellikle ya\u011f\u0131\u015fl\u0131 havalarda ka\u015fe ve y\u00fcn montlar yerine \u015fi\u015fme montlar\u0131n giyilmesi gerekiyor. Y\u00fcn, nemle beraber a\u011f\u0131rla\u015f\u0131yor hem de s\u0131cak hissetmeyi zorla\u015ft\u0131r\u0131yor.<\/span><\/li>\n<li style=\"font-weight: 400;\" aria-level=\"1\"><span style=\"font-weight: 400;\">\u015ei\u015fme Yelek Giymek: Montun i\u00e7ine \u015fi\u015fme yelek giymek de s\u0131cak hissettiriyor. Ayr\u0131ca sweatshirt \u00fczerine \u015fi\u015fme yelek tercih ederek bahar serinliklerinde v\u00fccut \u0131s\u0131s\u0131 korunabiliyor.\u00a0<\/span><\/li>\n<li style=\"font-weight: 400;\" aria-level=\"1\"><span style=\"font-weight: 400;\">Bere Kullanmak: V\u00fccut \u0131s\u0131s\u0131n\u0131n b\u00fcy\u00fck b\u00f6l\u00fcm\u00fc ba\u015f b\u00f6lgesinden kaybediliyor. Yap\u0131lan ara\u015ft\u0131rmalar, bere kullan\u0131m\u0131n\u0131n v\u00fccut \u0131s\u0131s\u0131n\u0131 korumadaki \u00f6nemini ispat ediyor.\u00a0<\/span><\/li>\n<\/ul>\n<h3>K\u0131\u015f \u015eartlar\u0131nda S\u0131cak Kal!<\/h3>\n<p><span style=\"font-weight: 400;\">K\u0131\u015f\u0131n sert \u015fartlar\u0131nda kullanaca\u011f\u0131n k\u0131yafet ve aksesuarlarda, s\u0131cak hissettirecek niteliklerin yan\u0131nda bulunmas\u0131 gereken \u015fu \u00f6zelliklere dikkat edebilir, zorlu \u015fartlarda bile g\u00fcvende ve konforlu hissedebilirsin:\u00a0<\/span><\/p>\n<ul>\n<li style=\"font-weight: 400;\" aria-level=\"1\"><span style=\"font-weight: 400;\">Erkek veya<\/span><a href=\"https:\/\/www.skechers.com.tr\/kadin-outdoor-ayakkabi-c-1221?utm_source=blog&amp;utm_medium=blog&amp;utm_id=kisin-dogada-sicak-kalmanin-puf-noktalari&amp;utm_term=1221\"><span style=\"font-weight: 400;\"> kad\u0131n outdoor ayakkab\u0131<\/span><\/a><span style=\"font-weight: 400;\"> se\u00e7erken yer tutu\u015funun sa\u011flam olmas\u0131na bakabilirsin. Bu sayede karl\u0131, buzlu veya ya\u011fmur nedeniyle kayganla\u015fan yollarda bile konforla y\u00fcr\u00fcyebilirsin.\u00a0<\/span><\/li>\n<li style=\"font-weight: 400;\" aria-level=\"1\"><span style=\"font-weight: 400;\">Montlarda gece g\u00f6r\u00fc\u015f\u00fc sa\u011flayacak reflekt\u00f6r par\u00e7a bulunmas\u0131na dikkat etmelisin.\u00a0<\/span><\/li>\n<li style=\"font-weight: 400;\" aria-level=\"1\"><span style=\"font-weight: 400;\">\u00c7antan\u0131n nemli k\u0131yafetleri ta\u015f\u0131yacak \u00f6zel nefes alan b\u00f6lmesi olmas\u0131na bakabilirsin. B\u00f6ylelikle k\u0131yafetlerini de\u011fi\u015ftirdi\u011finde kirlileri ayr\u0131 bir b\u00f6lmede ta\u015f\u0131yabilirsin.\u00a0<\/span><\/li>\n<li style=\"font-weight: 400;\" aria-level=\"1\"><span style=\"font-weight: 400;\">Outdoor k\u0131yafetlerin g\u00fcvenli, fermuarl\u0131 ve kapakl\u0131 cepleri bulunmas\u0131 gerekiyor. Bu sayede ki\u015fisel e\u015fyalar\u0131n\u0131n g\u00fcvende oldu\u011funu bilebilirsin. D\u00fc\u015fme endi\u015fesi ya\u015famadan g\u00fcnl\u00fck rutinine veya egzersizine devam edebilirsin.\u00a0<\/span><\/li>\n<\/ul>\n<p><span style=\"font-weight: 400;\">K\u0131\u015f\u0131n zorlu ko\u015fullar\u0131nda do\u011fada s\u0131cak kalmak, g\u00fcn\u00fcn her an\u0131nda s\u0131cac\u0131k hissetmek senin de hayalinse sen de Skechers\u2019\u0131n birbirinden s\u0131cak tutan tasar\u0131mlar\u0131n\u0131 inceleyebilirsin. Is\u0131 yal\u0131t\u0131m \u00f6zelli\u011fi sunan montlar, suni k\u00fcrk astar bulunduran botlar, su itici \u00f6zellikli ayakkab\u0131 ve k\u0131yafetler, termal etkili i\u00e7likler i\u00e7in sen de Skechers sonbahar k\u0131\u015f koleksiyonuna bakabilirsin. Kad\u0131n, erkek ve \u00e7ocuklar i\u00e7in \u00e7e\u015fit \u00e7e\u015fit ayakkab\u0131, aksesuar ve k\u0131yafet sunan Skechers\u2019\u0131n sezon tasar\u0131mlar\u0131n, s\u0131cak tutan niteliklerinin yan\u0131 s\u0131ra \u015f\u0131kl\u0131k vadeden trend dizayn \u00f6zelliklerini de ke\u015ffedebilirsin. Skechers k\u0131\u015fl\u0131k k\u0131yafet ve ayakkab\u0131lar\u0131 sipari\u015f vermek i\u00e7in hemen Skechers.com.tr\u2019yi ziyaret edebilirsin. G\u00fcvenli ve h\u0131zl\u0131 al\u0131\u015fveri\u015f i\u00e7in zaman kaybetmeden hemen t\u0131klayabilirsin.\u00a0<\/span><\/p>\n","protected":false},"excerpt":{"rendered":"<p>K\u0131\u015f\u0131n g\u00fcnl\u00fck hayata devam etmek, egzersiz yapmak veya k\u0131\u015f sporlar\u0131yla ilgilenmek i\u00e7in s\u0131cak hissetmek ilk gereklilik ve konforun kar\u015f\u0131l\u0131\u011f\u0131 oluyor. V\u00fccut \u0131s\u0131s\u0131n\u0131 koruyacak do\u011fru ekipman ve giysilerin se\u00e7ilmesi hem sa\u011fl\u0131k hem de g\u00fcvenlik a\u00e7\u0131s\u0131ndan \u00f6nem ta\u015f\u0131yor. E\u011fer sen de k\u0131\u015f \u015fartlar\u0131nda a\u00e7\u0131k havada vakit ge\u00e7irmek, egzersiz rutinini s\u00fcrd\u00fcrmek, k\u0131\u015f sporlar\u0131n\u0131 rahatl\u0131kla ger\u00e7ekle\u015ftirmek istiyorsan k\u0131\u015f\u0131n do\u011fada [&hellip;]<\/p>\n","protected":false},"author":1,"featured_media":2296,"comment_status":"open","ping_status":"open","sticky":false,"template":"","format":"standard","meta":[],"categories":[26],"tags":[],"yoast_head":"<!-- This site is optimized with the Yoast SEO plugin v18.5.1 - https:\/\/yoast.com\/wordpress\/plugins\/seo\/ -->\n<title>K\u0131\u015f\u0131n Do\u011fada S\u0131cak Kalman\u0131n P\u00fcf Noktalar\u0131 - Skechers Blog<\/title>\n<meta name=\"description\" content=\"K\u0131\u015f\u0131n do\u011fada s\u0131cak kalmak hem konfor hem de g\u00fcvenlik i\u00e7in \u00f6nemli. Sen de seni do\u011fada s\u0131cak tutacak p\u00fcf noktalar\u0131 i\u00e7in t\u0131kla.\" \/>\n<meta name=\"robots\" content=\"index, follow, max-snippet:-1, max-image-preview:large, max-video-preview:-1\" \/>\n<link rel=\"canonical\" href=\"https:\/\/www.skechers.com.tr\/blog\/kisin-dogada-sicak-kalmanin-puf-noktalari\/\" \/>\n<meta property=\"og:locale\" content=\"tr_TR\" \/>\n<meta property=\"og:type\" content=\"article\" \/>\n<meta property=\"og:title\" content=\"K\u0131\u015f\u0131n Do\u011fada S\u0131cak Kalman\u0131n P\u00fcf Noktalar\u0131 - Skechers Blog\" \/>\n<meta property=\"og:description\" content=\"K\u0131\u015f\u0131n do\u011fada s\u0131cak kalmak hem konfor hem de g\u00fcvenlik i\u00e7in \u00f6nemli. Sen de seni do\u011fada s\u0131cak tutacak p\u00fcf noktalar\u0131 i\u00e7in t\u0131kla.\" \/>\n<meta property=\"og:url\" content=\"https:\/\/www.skechers.com.tr\/blog\/kisin-dogada-sicak-kalmanin-puf-noktalari\/\" \/>\n<meta property=\"og:site_name\" content=\"Skechers Blog\" \/>\n<meta property=\"article:published_time\" content=\"2022-01-11T13:20:30+00:00\" \/>\n<meta property=\"og:image\" content=\"https:\/\/www.skechers.com.tr\/blog\/wp-content\/uploads\/2022\/01\/pexels-pavel-danilyuk-7403906.jpg\" \/>\n\t<meta property=\"og:image:width\" content=\"800\" \/>\n\t<meta property=\"og:image:height\" content=\"533\" \/>\n\t<meta property=\"og:image:type\" content=\"image\/jpeg\" \/>\n<meta name=\"twitter:card\" content=\"summary_large_image\" \/>\n<meta name=\"twitter:label1\" content=\"Yazan:\" \/>\n\t<meta name=\"twitter:data1\" content=\"Skechers T\u00fcrkiye\" \/>\n\t<meta name=\"twitter:label2\" content=\"Tahmini okuma s\u00fcresi\" \/>\n\t<meta name=\"twitter:data2\" content=\"5 dakika\" \/>\n<script type=\"application\/ld+json\" class=\"yoast-schema-graph\">{\"@context\":\"https:\/\/schema.org\",\"@graph\":[{\"@type\":\"WebSite\",\"@id\":\"https:\/\/www.skechers.com.tr\/blog\/#website\",\"url\":\"https:\/\/www.skechers.com.tr\/blog\/\",\"name\":\"Skechers Blog\",\"description\":\"Skechers\",\"potentialAction\":[{\"@type\":\"SearchAction\",\"target\":{\"@type\":\"EntryPoint\",\"urlTemplate\":\"https:\/\/www.skechers.com.tr\/blog\/?s={search_term_string}\"},\"query-input\":\"required name=search_term_string\"}],\"inLanguage\":\"tr\"},{\"@type\":\"ImageObject\",\"@id\":\"https:\/\/www.skechers.com.tr\/blog\/kisin-dogada-sicak-kalmanin-puf-noktalari\/#primaryimage\",\"inLanguage\":\"tr\",\"url\":\"https:\/\/www.skechers.com.tr\/blog\/wp-content\/uploads\/2022\/01\/pexels-pavel-danilyuk-7403906.jpg\",\"contentUrl\":\"https:\/\/www.skechers.com.tr\/blog\/wp-content\/uploads\/2022\/01\/pexels-pavel-danilyuk-7403906.jpg\",\"width\":800,\"height\":533,\"caption\":\"K\u0131\u015f\u0131n Do\u011fada S\u0131cak Kalman\u0131n P\u00fcf Noktalar\u0131\"},{\"@type\":\"WebPage\",\"@id\":\"https:\/\/www.skechers.com.tr\/blog\/kisin-dogada-sicak-kalmanin-puf-noktalari\/#webpage\",\"url\":\"https:\/\/www.skechers.com.tr\/blog\/kisin-dogada-sicak-kalmanin-puf-noktalari\/\",\"name\":\"K\u0131\u015f\u0131n Do\u011fada S\u0131cak Kalman\u0131n P\u00fcf Noktalar\u0131 - Skechers Blog\",\"isPartOf\":{\"@id\":\"https:\/\/www.skechers.com.tr\/blog\/#website\"},\"primaryImageOfPage\":{\"@id\":\"https:\/\/www.skechers.com.tr\/blog\/kisin-dogada-sicak-kalmanin-puf-noktalari\/#primaryimage\"},\"datePublished\":\"2022-01-11T13:20:30+00:00\",\"dateModified\":\"2022-01-11T13:20:30+00:00\",\"author\":{\"@id\":\"https:\/\/www.skechers.com.tr\/blog\/#\/schema\/person\/6d09a0595696524814757d23d22b4c33\"},\"description\":\"K\u0131\u015f\u0131n do\u011fada s\u0131cak kalmak hem konfor hem de g\u00fcvenlik i\u00e7in \u00f6nemli. Sen de seni do\u011fada s\u0131cak tutacak p\u00fcf noktalar\u0131 i\u00e7in t\u0131kla.\",\"breadcrumb\":{\"@id\":\"https:\/\/www.skechers.com.tr\/blog\/kisin-dogada-sicak-kalmanin-puf-noktalari\/#breadcrumb\"},\"inLanguage\":\"tr\",\"potentialAction\":[{\"@type\":\"ReadAction\",\"target\":[\"https:\/\/www.skechers.com.tr\/blog\/kisin-dogada-sicak-kalmanin-puf-noktalari\/\"]}]},{\"@type\":\"BreadcrumbList\",\"@id\":\"https:\/\/www.skechers.com.tr\/blog\/kisin-dogada-sicak-kalmanin-puf-noktalari\/#breadcrumb\",\"itemListElement\":[{\"@type\":\"ListItem\",\"position\":1,\"name\":\"K\u0131\u015f\u0131n Do\u011fada S\u0131cak Kalman\u0131n P\u00fcf Noktalar\u0131\"}]},{\"@type\":\"Person\",\"@id\":\"https:\/\/www.skechers.com.tr\/blog\/#\/schema\/person\/6d09a0595696524814757d23d22b4c33\",\"name\":\"Skechers T\u00fcrkiye\",\"image\":{\"@type\":\"ImageObject\",\"@id\":\"https:\/\/www.skechers.com.tr\/blog\/#personlogo\",\"inLanguage\":\"tr\",\"url\":\"https:\/\/secure.gravatar.com\/avatar\/0fc2191869a9a020b4606acf264338ae?s=96&d=mm&r=g\",\"contentUrl\":\"https:\/\/secure.gravatar.com\/avatar\/0fc2191869a9a020b4606acf264338ae?s=96&d=mm&r=g\",\"caption\":\"Skechers T\u00fcrkiye\"},\"description\":\"Skechers spor ayakkab\u0131 \u00fcr\u00fcnleri ile rahatl\u0131\u011f\u0131 ve kaliteyi hisset!\"}]}<\/script>\n<!-- \/ Yoast SEO plugin. -->","yoast_head_json":{"title":"K\u0131\u015f\u0131n Do\u011fada S\u0131cak Kalman\u0131n P\u00fcf Noktalar\u0131 - Skechers Blog","description":"K\u0131\u015f\u0131n do\u011fada s\u0131cak kalmak hem konfor hem de g\u00fcvenlik i\u00e7in \u00f6nemli. Sen de seni do\u011fada s\u0131cak tutacak p\u00fcf noktalar\u0131 i\u00e7in t\u0131kla.","robots":{"index":"index","follow":"follow","max-snippet":"max-snippet:-1","max-image-preview":"max-image-preview:large","max-video-preview":"max-video-preview:-1"},"canonical":"https:\/\/www.skechers.com.tr\/blog\/kisin-dogada-sicak-kalmanin-puf-noktalari\/","og_locale":"tr_TR","og_type":"article","og_title":"K\u0131\u015f\u0131n Do\u011fada S\u0131cak Kalman\u0131n P\u00fcf Noktalar\u0131 - Skechers Blog","og_description":"K\u0131\u015f\u0131n do\u011fada s\u0131cak kalmak hem konfor hem de g\u00fcvenlik i\u00e7in \u00f6nemli. Sen de seni do\u011fada s\u0131cak tutacak p\u00fcf noktalar\u0131 i\u00e7in t\u0131kla.","og_url":"https:\/\/www.skechers.com.tr\/blog\/kisin-dogada-sicak-kalmanin-puf-noktalari\/","og_site_name":"Skechers Blog","article_published_time":"2022-01-11T13:20:30+00:00","og_image":[{"width":800,"height":533,"url":"https:\/\/www.skechers.com.tr\/blog\/wp-content\/uploads\/2022\/01\/pexels-pavel-danilyuk-7403906.jpg","type":"image\/jpeg"}],"twitter_card":"summary_large_image","twitter_misc":{"Yazan:":"Skechers T\u00fcrkiye","Tahmini okuma s\u00fcresi":"5 dakika"},"schema":{"@context":"https:\/\/schema.org","@graph":[{"@type":"WebSite","@id":"https:\/\/www.skechers.com.tr\/blog\/#website","url":"https:\/\/www.skechers.com.tr\/blog\/","name":"Skechers Blog","description":"Skechers","potentialAction":[{"@type":"SearchAction","target":{"@type":"EntryPoint","urlTemplate":"https:\/\/www.skechers.com.tr\/blog\/?s={search_term_string}"},"query-input":"required name=search_term_string"}],"inLanguage":"tr"},{"@type":"ImageObject","@id":"https:\/\/www.skechers.com.tr\/blog\/kisin-dogada-sicak-kalmanin-puf-noktalari\/#primaryimage","inLanguage":"tr","url":"https:\/\/www.skechers.com.tr\/blog\/wp-content\/uploads\/2022\/01\/pexels-pavel-danilyuk-7403906.jpg","contentUrl":"https:\/\/www.skechers.com.tr\/blog\/wp-content\/uploads\/2022\/01\/pexels-pavel-danilyuk-7403906.jpg","width":800,"height":533,"caption":"K\u0131\u015f\u0131n Do\u011fada S\u0131cak Kalman\u0131n P\u00fcf Noktalar\u0131"},{"@type":"WebPage","@id":"https:\/\/www.skechers.com.tr\/blog\/kisin-dogada-sicak-kalmanin-puf-noktalari\/#webpage","url":"https:\/\/www.skechers.com.tr\/blog\/kisin-dogada-sicak-kalmanin-puf-noktalari\/","name":"K\u0131\u015f\u0131n Do\u011fada S\u0131cak Kalman\u0131n P\u00fcf Noktalar\u0131 - Skechers Blog","isPartOf":{"@id":"https:\/\/www.skechers.com.tr\/blog\/#website"},"primaryImageOfPage":{"@id":"https:\/\/www.skechers.com.tr\/blog\/kisin-dogada-sicak-kalmanin-puf-noktalari\/#primaryimage"},"datePublished":"2022-01-11T13:20:30+00:00","dateModified":"2022-01-11T13:20:30+00:00","author":{"@id":"https:\/\/www.skechers.com.tr\/blog\/#\/schema\/person\/6d09a0595696524814757d23d22b4c33"},"description":"K\u0131\u015f\u0131n do\u011fada s\u0131cak kalmak hem konfor hem de g\u00fcvenlik i\u00e7in \u00f6nemli. Sen de seni do\u011fada s\u0131cak tutacak p\u00fcf noktalar\u0131 i\u00e7in t\u0131kla.","breadcrumb":{"@id":"https:\/\/www.skechers.com.tr\/blog\/kisin-dogada-sicak-kalmanin-puf-noktalari\/#breadcrumb"},"inLanguage":"tr","potentialAction":[{"@type":"ReadAction","target":["https:\/\/www.skechers.com.tr\/blog\/kisin-dogada-sicak-kalmanin-puf-noktalari\/"]}]},{"@type":"BreadcrumbList","@id":"https:\/\/www.skechers.com.tr\/blog\/kisin-dogada-sicak-kalmanin-puf-noktalari\/#breadcrumb","itemListElement":[{"@type":"ListItem","position":1,"name":"K\u0131\u015f\u0131n Do\u011fada S\u0131cak Kalman\u0131n P\u00fcf Noktalar\u0131"}]},{"@type":"Person","@id":"https:\/\/www.skechers.com.tr\/blog\/#\/schema\/person\/6d09a0595696524814757d23d22b4c33","name":"Skechers T\u00fcrkiye","image":{"@type":"ImageObject","@id":"https:\/\/www.skechers.com.tr\/blog\/#personlogo","inLanguage":"tr","url":"https:\/\/secure.gravatar.com\/avatar\/0fc2191869a9a020b4606acf264338ae?s=96&d=mm&r=g","contentUrl":"https:\/\/secure.gravatar.com\/avatar\/0fc2191869a9a020b4606acf264338ae?s=96&d=mm&r=g","caption":"Skechers T\u00fcrkiye"},"description":"Skechers spor ayakkab\u0131 \u00fcr\u00fcnleri ile rahatl\u0131\u011f\u0131 ve kaliteyi hisset!"}]}},"_links":{"self":[{"href":"https:\/\/www.skechers.com.tr\/blog\/wp-json\/wp\/v2\/posts\/2295"}],"collection":[{"href":"https:\/\/www.skechers.com.tr\/blog\/wp-json\/wp\/v2\/posts"}],"about":[{"href":"https:\/\/www.skechers.com.tr\/blog\/wp-json\/wp\/v2\/types\/post"}],"author":[{"embeddable":true,"href":"https:\/\/www.skechers.com.tr\/blog\/wp-json\/wp\/v2\/users\/1"}],"replies":[{"embeddable":true,"href":"https:\/\/www.skechers.com.tr\/blog\/wp-json\/wp\/v2\/comments?post=2295"}],"version-history":[{"count":1,"href":"https:\/\/www.skechers.com.tr\/blog\/wp-json\/wp\/v2\/posts\/2295\/revisions"}],"predecessor-version":[{"id":2298,"href":"https:\/\/www.skechers.com.tr\/blog\/wp-json\/wp\/v2\/posts\/2295\/revisions\/2298"}],"wp:featuredmedia":[{"embeddable":true,"href":"https:\/\/www.skechers.com.tr\/blog\/wp-json\/wp\/v2\/media\/2296"}],"wp:attachment":[{"href":"https:\/\/www.skechers.com.tr\/blog\/wp-json\/wp\/v2\/media?parent=2295"}],"wp:term":[{"taxonomy":"category","embeddable":true,"href":"https:\/\/www.skechers.com.tr\/blog\/wp-json\/wp\/v2\/categories?post=2295"},{"taxonomy":"post_tag","embeddable":true,"href":"https:\/\/www.skechers.com.tr\/blog\/wp-json\/wp\/v2\/tags?post=2295"}],"curies":[{"name":"wp","href":"https:\/\/api.w.org\/{rel}","templated":true}]}}