{"id":2279,"date":"2022-01-11T13:04:38","date_gmt":"2022-01-11T13:04:38","guid":{"rendered":"https:\/\/www.skechers.com.tr\/blog\/?p=2279"},"modified":"2022-02-03T19:07:44","modified_gmt":"2022-02-03T19:07:44","slug":"bisikletci-tayti-kombinleri","status":"publish","type":"post","link":"https:\/\/www.skechers.com.tr\/blog\/bisikletci-tayti-kombinleri\/","title":{"rendered":"Bisiklet\u00e7i Tayt\u0131 Kombinleri"},"content":{"rendered":"<p><span style=\"font-weight: 400;\">Biker tayt veya bisiklet\u00e7i tayt\u0131 denilen trend par\u00e7ay\u0131 daha yak\u0131ndan tan\u0131mak ister misin? Onlar, 90\u2019lar\u0131n\u00a0 ikonik k\u0131sa taytlar\u0131ndan ba\u015fkas\u0131 de\u011fil. Ancak \u015fimdi bisiklet\u00e7i tayt\u0131 kombinleri \u00e7ok daha yarat\u0131c\u0131 ve tarz sahibi.\u00a0<\/span><\/p>\n<ul>\n<li style=\"font-weight: 400;\" aria-level=\"1\"><span style=\"font-weight: 400;\">Bisiklet\u00e7i taytlar\u0131n\u0131 b\u00fcstiyer ve<\/span><a href=\"https:\/\/www.skechers.com.tr\/kadin-sporcu-sutyenleri-c-1107?utm_source=blog&amp;utm_id=bisikletci-tayti-kombinleri&amp;utm_term=1107\"><span style=\"font-weight: 400;\"> sporcu s\u00fctyenleri <\/span><\/a><span style=\"font-weight: 400;\">ile beraber giyilerek kar\u0131n kaslar\u0131 sergileniyor. \u00dczerine giyilecek blazer ceket veya oversize g\u00f6mlekler, kombinleri tamaml\u0131yor. Hem haval\u0131 hem de sportif bir stil vadeden kombinleri spor ayakkab\u0131larla tamamlayabilirsin.\u00a0<\/span><\/li>\n<li style=\"font-weight: 400;\" aria-level=\"1\"><span style=\"font-weight: 400;\">E\u011fer sonbaharda giymek \u00fczere biker tayt kombin \u00f6nerisi ar\u0131yorsan, dolab\u0131ndaki bal\u0131k\u00e7\u0131 kazaklar\u0131 d\u0131\u015far\u0131 \u00e7\u0131karmal\u0131s\u0131n. Zira bal\u0131k\u00e7\u0131 kazak ve bisiklet\u00e7i taytlar bir arada beklenmedik bir uyum sergiliyor. Kombini b\u00fcy\u00fck g\u00fcne\u015f g\u00f6zl\u00fckleriyle tamamlayarak \u00e7ekici ve gizemli bir imaj yaratabilirsin.\u00a0<\/span><\/li>\n<li style=\"font-weight: 400;\" aria-level=\"1\"><span style=\"font-weight: 400;\">E\u011fer oversize sweathirtlerin varsa, onlar\u0131 da bisiklet\u00e7i tayt ile beraber giyebilirsin. Sana birka\u00e7 beden b\u00fcy\u00fck gibi g\u00f6r\u00fcnen \u00fcstleri v\u00fccuduna oturan k\u0131sa taytlarla giyerek dikkat \u00e7ekici g\u00f6r\u00fcn\u00fcme kavu\u015fabilirsin. Kombini <\/span><a href=\"https:\/\/www.skechers.com.tr\/kadin-sirt-cantasi-c-1204?utm_source=blog&amp;utm_id=bisikletci-tayti-kombinleri&amp;utm_term=1204\"><span style=\"font-weight: 400;\">kad\u0131n s\u0131rt \u00e7antas\u0131<\/span><\/a><span style=\"font-weight: 400;\"> modelleriyle tamamlamay\u0131 unutmamal\u0131s\u0131n.\u00a0<\/span><\/li>\n<li style=\"font-weight: 400;\" aria-level=\"1\"><span style=\"font-weight: 400;\">Crop toplar da k\u0131sa taytlarla \u00e7ok yak\u0131\u015f\u0131yor. Hem <\/span><a href=\"https:\/\/www.skechers.com.tr\/kadin-spor-tisort-c-1102?utm_source=blog&amp;utm_id=bisikletci-tayti-kombinleri&amp;utm_term=1102\"><span style=\"font-weight: 400;\">kad\u0131n spor ti\u015f\u00f6rt <\/span><\/a><span style=\"font-weight: 400;\">hem de sweatshirtlerde k\u0131sa kesimler kombinlerde kullan\u0131l\u0131yor. Crop top ile tayt kombini yapacaksan aksesuar olarak v\u00fccut zincirlerini kullanabilir veya bel \u00e7antalar\u0131yla tarz\u0131n\u0131 benzersiz k\u0131lmal\u0131s\u0131n.\u00a0<\/span><\/li>\n<li style=\"font-weight: 400;\" aria-level=\"1\"><span style=\"font-weight: 400;\">Bomber ceket modas\u0131n\u0131n hala sokaklarda boy g\u00f6sterdi\u011fi bug\u00fcnlerde k\u0131sa taytlara onlarla bir \u015fans vermelisin. Basic ti\u015f\u00f6rtlerle beraber yapaca\u011f\u0131n kombinlerle g\u00f6z kama\u015ft\u0131rabilirsin.\u00a0<\/span><\/li>\n<\/ul>\n<p><span style=\"font-weight: 400;\">Bisiklet\u00e7i tayt\u0131 ile kombin yaparken boyunun daha uzun g\u00f6r\u00fcnmesi i\u00e7in tayt koyunun dizinin bir kar\u0131\u015f kadar \u00fcst\u00fcnde olmas\u0131na \u00f6zen g\u00f6stermelisin. K\u0131yafetleri y\u00fcksek tabanl\u0131 ayakkab\u0131larla giyerek boyunun daha uzun g\u00f6r\u00fcnmesini sa\u011flayabilirsin. E\u011fer taytlar\u0131 giyerken kilo kamufle etme hedefin varsa, oversize \u00fcstleri kombinde kullanabilirsin, Ayr\u0131ca koyu renklerin zay\u0131f g\u00f6steren etkisini unutmamal\u0131s\u0131n.\u00a0<\/span><\/p>\n<h2><strong>Bisiklet\u00e7i Tayt\u0131 Nas\u0131l Olmal\u0131?<\/strong><\/h2>\n<p><span style=\"font-weight: 400;\">Kad\u0131nlar\u0131n hem g\u00fcnl\u00fck ya\u015famda hem de egzersiz rutininde vazge\u00e7ilmezleri aras\u0131nda yer alan bisiklet\u00e7i taytlar\u0131n\u0131n kolay kombinlenebilmesi i\u00e7in desensiz olmas\u0131 arzu ediliyor. Tek renk ve v\u00fccuda oturan kesimde tasarlanmas\u0131 gereken biker taytlar\u0131n y\u00fcksek veya normal bel olmas\u0131 tercih ediliyor. D\u00fc\u015f\u00fck bel modas\u0131 ge\u00e7eli \u00e7ok oldu\u011fu i\u00e7in sen de demode g\u00f6r\u00fcnmemek ve daha rahat hissetmek ad\u0131na bel kesiminin normal veya y\u00fcksek olmas\u0131na \u00f6zen g\u00f6stermelisin.\u00a0<\/span><\/p>\n<ul>\n<li style=\"font-weight: 400;\" aria-level=\"1\"><span style=\"font-weight: 400;\">Sporda kullan\u0131lacak bisiklet\u00e7i taytlar\u0131n\u0131n nem transferi sa\u011flayacak kuma\u015flardan yap\u0131lmas\u0131 gerekiyor.<\/span><a href=\"https:\/\/www.skechers.com.tr\/ev-kiyafeti-c-1122?utm_source=blog&amp;utm_id=bisikletci-tayti-kombinleri&amp;utm_term=1122\"><span style=\"font-weight: 400;\"> Ev k\u0131yafeti <\/span><\/a><span style=\"font-weight: 400;\">veya g\u00fcnl\u00fck giyim i\u00e7in kullan\u0131lacak modellerde ise pamuklu kuma\u015flar tercih edilebiliyor.\u00a0<\/span><\/li>\n<li style=\"font-weight: 400;\" aria-level=\"1\"><span style=\"font-weight: 400;\">E\u011fer gece bisiklet s\u00fcrerken giyilecekse, taytlar\u0131n \u00fczerinde yans\u0131t\u0131c\u0131 yani reflekt\u00f6r par\u00e7alar\u0131n olmas\u0131 \u00f6nem arz ediyor.\u00a0<\/span><\/li>\n<li style=\"font-weight: 400;\" aria-level=\"1\"><span style=\"font-weight: 400;\">K\u0131\u015f aylar\u0131nda giyeceksen bisiklet\u00e7i taytlar\u0131n r\u00fczgara kar\u015f\u0131 koruma sa\u011flad\u0131\u011f\u0131ndan emin olmal\u0131s\u0131n.\u00a0<\/span><\/li>\n<li style=\"font-weight: 400;\" aria-level=\"1\"><span style=\"font-weight: 400;\">Profesyonel bisiklet\u00e7iler i\u00e7in tasarlanan bisiklet\u00e7i taytlar\u0131n\u0131n oturma k\u0131sm\u0131nda ped destekleri yer al\u0131yor. B\u00f6ylelikle s\u00fcr\u00fc\u015f s\u0131ras\u0131ndaki engebeler, sert hareketler bedene zarar vermiyor.\u00a0<\/span><\/li>\n<li style=\"font-weight: 400;\" aria-level=\"1\"><span style=\"font-weight: 400;\">Egzersizin aerodinami \u00f6zellikleri g\u00f6z \u00f6n\u00fcne al\u0131nd\u0131\u011f\u0131nda, kuma\u015flar\u0131n esnek olmas\u0131 gerekiyor.\u00a0<\/span><\/li>\n<li style=\"font-weight: 400;\" aria-level=\"1\"><span style=\"font-weight: 400;\">G\u00fcnl\u00fck giyimde kullan\u0131lan, penyeden yap\u0131lan ve bisiklet\u00e7i tayt\u0131 olarak an\u0131lan modellerin de kullan\u0131c\u0131lara hareket \u00f6zg\u00fcrl\u00fc\u011f\u00fc sa\u011flamas\u0131 gerekiyor.\u00a0<\/span><\/li>\n<\/ul>\n<p><span style=\"font-weight: 400;\">Dayan\u0131kl\u0131l\u0131k ve kalite se\u00e7im kriterlerinin ba\u015f\u0131nda geliyor. Kuma\u015flar\u0131n kaliteli olmas\u0131 ve diki\u015flerin dayan\u0131kl\u0131l\u0131k sunmas\u0131 her bisiklet\u00e7i tayt\u0131n\u0131n ta\u015f\u0131mas\u0131 gereken \u00f6zellikler aras\u0131nda yerini al\u0131yor.\u00a0<\/span><\/p>\n<h3><strong>Bisiklet\u00e7i Tayt\u0131 Nas\u0131l Se\u00e7ilmeli?<\/strong><\/h3>\n<p><span style=\"font-weight: 400;\">\u00dcr\u00fcnleri se\u00e7erken, elastik bele sahip olmas\u0131na dikkat etmelisin. V\u00fccudunu s\u0131kmamal\u0131 ancak bedenine konforla tutunmal\u0131. Ayr\u0131ca bisiklet\u00e7i taytlar\u0131n\u0131 se\u00e7erken pa\u00e7alar\u0131n\u0131n da bacak \u00e7evreni nazik\u00e7e sarmas\u0131na \u00f6zen g\u00f6stermelisin. E\u011fer tayt\u0131 egzersiz s\u0131ras\u0131nda, bisiklet s\u00fcrerken kullanacaksan ve hedefin uzun s\u00fcr\u00fc\u015flerse pedli profesyonel biker taytlar\u0131 tercih etmelisin. Egzersiz s\u0131ras\u0131nda avantaj sa\u011flayan bir di\u011fer \u00f6zellik ise h\u0131zl\u0131 kuruma. Kuma\u015f\u0131n h\u0131zl\u0131 kuruma \u00f6zelli\u011fine sahip olmas\u0131na \u00f6nem vererek se\u00e7im yapabilirsin.\u00a0<\/span><\/p>\n<figure id=\"attachment_2281\" aria-describedby=\"caption-attachment-2281\" style=\"width: 640px\" class=\"wp-caption aligncenter\"><img decoding=\"async\" loading=\"lazy\" class=\"size-full wp-image-2281\" src=\"https:\/\/www.skechers.com.tr\/blog\/wp-content\/uploads\/2022\/01\/tayt1.jpg\" alt=\"Bisiklet\u00e7i Tayt\u0131 Nas\u0131l Olmal\u0131?\" width=\"640\" height=\"800\" srcset=\"https:\/\/www.skechers.com.tr\/blog\/wp-content\/uploads\/2022\/01\/tayt1.jpg 640w, https:\/\/www.skechers.com.tr\/blog\/wp-content\/uploads\/2022\/01\/tayt1-240x300.jpg 240w\" sizes=\"(max-width: 640px) 100vw, 640px\" \/><figcaption id=\"caption-attachment-2281\" class=\"wp-caption-text\">Bisiklet\u00e7i Tayt\u0131 Nas\u0131l Olmal\u0131?<\/figcaption><\/figure>\n<p><span style=\"font-weight: 400;\">\u0130ster g\u00fcnl\u00fck ister egzersiz i\u00e7in se\u00e7im yap, tayt\u0131n diki\u015flerinin sa\u011flam ve kuma\u015f\u0131n\u0131n kaliteli oldu\u011fundan emin olmal\u0131s\u0131n. Kuma\u015f solmamal\u0131, hareketle beraber formu bozulmamal\u0131, diki\u015fler atmamal\u0131. E\u011fer ihtiya\u00e7 duyuyorsan k\u00fc\u00e7\u00fck cepleri olan sportif modellere y\u00f6nelebilirsin. Elbette, taytlar\u0131n hafif olmas\u0131 da olduk\u00e7a \u00f6nemli. Se\u00e7im s\u0131ras\u0131nda \u00fcr\u00fcn\u00fcn a\u011f\u0131rl\u0131\u011f\u0131na da bakmal\u0131, sana ekstra a\u011f\u0131rl\u0131k yapmayacak hafif modelleri tercih etmelisin.\u00a0<\/span><\/p>\n<h3><strong>Bisiklet\u00e7i Tayt\u0131 Kombinleri Nas\u0131l Olmal\u0131?<\/strong><\/h3>\n<p><span style=\"font-weight: 400;\">Sezonun hit par\u00e7alar\u0131ndan olan bisiklet\u00e7i tayt\u0131 kombinlenirken dikkat edilecek bir\u00e7ok farkl\u0131 nokta var. Kombinler nas\u0131l olmal\u0131, t\u00fcm s\u0131rlar\u0131 seninle payla\u015f\u0131yoruz:\u00a0<\/span><\/p>\n<ul>\n<li style=\"font-weight: 400;\" aria-level=\"1\"><span style=\"font-weight: 400;\">E\u011fer bisiklet\u00e7i tayt\u0131 \u00fczerine ceket giyeceksen, tayt\u0131n pa\u00e7alar\u0131n\u0131n ceket eteklerinin alt\u0131ndan g\u00f6r\u00fcnmesine \u00f6zen g\u00f6stermelisin. Tayt, ceketin ucundan yakla\u015f\u0131k 4-5 parmak daha uzun olmal\u0131. Ancak daha uzun pa\u00e7a g\u00f6r\u00fcn\u00fcm\u00fc ceketin \u015f\u0131kl\u0131\u011f\u0131n\u0131 g\u00f6lgeleyebiliyor. Bu nedenle uzunlu\u011fa dikkat etmelisin.\u00a0<\/span><\/li>\n<li style=\"font-weight: 400;\" aria-level=\"1\"><span style=\"font-weight: 400;\">Bisiklet\u00e7i taytlar\u0131n\u0131 sadece spor ayakkab\u0131larla giyebilece\u011fini d\u00fc\u015f\u00fcn\u00fcyorsan yan\u0131l\u0131yorsun. Dilersen asker postallar\u0131yla da kombin yapabilirsin.\u00a0<\/span><\/li>\n<li style=\"font-weight: 400;\" aria-level=\"1\"><span style=\"font-weight: 400;\">Sokak stilinin joker par\u00e7alar\u0131 aras\u0131nda yer alan biker taytlar\u0131 giyerken \u00fczerine giyece\u011fin g\u00f6mle\u011fin \u00f6n\u00fcn\u00fc a\u00e7\u0131k b\u0131rakmal\u0131s\u0131n. K\u0131sa \u00fcstler ve s\u00fctyenlerin \u00fcst\u00fcne ge\u00e7irece\u011fin g\u00f6mlekte kare cep detay\u0131 kullanarak iki trendi bir arada yorumlayabilirsin.\u00a0<\/span><\/li>\n<li style=\"font-weight: 400;\" aria-level=\"1\"><span style=\"font-weight: 400;\">G\u00f6mle\u011fin \u00f6n\u00fcn\u00fc kapatmak istersen etek u\u00e7lar\u0131n\u0131n bir yan\u0131n\u0131 d\u0131\u015far\u0131 \u00e7\u0131karmay\u0131 deneyebilirsin. B\u00f6ylelikle g\u00f6r\u00fcn\u00fcm\u00fc sportifle\u015ftirebilirsin.\u00a0<\/span><\/li>\n<li style=\"font-weight: 400;\" aria-level=\"1\"><span style=\"font-weight: 400;\">K\u0131sa taytlar\u0131n alt\u0131na giydi\u011fin ayakkab\u0131n\u0131n i\u00e7inden soket \u00e7orap g\u00f6stermelisin. B\u00f6ylelikle hem daha rahat hissedebilir hem de ten g\u00f6r\u00fcn\u00fcm\u00fcnden ayakkab\u0131ya ge\u00e7i\u015fi yumu\u015fatabilirsin.\u00a0<\/span><\/li>\n<li style=\"font-weight: 400;\" aria-level=\"1\"><span style=\"font-weight: 400;\">Bisiklet\u00e7i taytlar\u0131n\u0131n sadece<\/span><a href=\"https:\/\/www.skechers.com.tr\/kadin-spor-giyim-c-1101?utm_source=blog&amp;utm_id=bisikletci-tayti-kombinleri&amp;utm_term=1101\"><span style=\"font-weight: 400;\"> kad\u0131n spor k\u0131yafetleri<\/span><\/a><span style=\"font-weight: 400;\"> ile beraber kombinlenebilece\u011fini d\u00fc\u015f\u00fcn\u00fcyorsan yan\u0131l\u0131yorsun. F\u0131rf\u0131rl\u0131 \u00fcstlerle yap\u0131lan bir\u00e7ok k\u0131sa tayt kombini \u00fcnl\u00fcler ar\u015fivinde bulunuyor. Yaz\u0131n en konforlu ve haval\u0131 stilini g\u00f6stermek i\u00e7in f\u0131rf\u0131rl\u0131 \u00fcstleri dolab\u0131ndan \u00e7\u0131karabilirsin.<\/span><\/li>\n<\/ul>\n<h3><strong>Bisiklet\u00e7i Tayt\u0131 Giyilmeli midir?\u00a0<\/strong><\/h3>\n<p><span style=\"font-weight: 400;\">Bisiklet s\u00fcrerken tayt giymek gibi bir zorunluluk yok ancak e\u011fer bisiklet s\u00fcrerken selenin can\u0131n\u0131 yakt\u0131\u011f\u0131n\u0131 d\u00fc\u015f\u00fcn\u00fcyorsan profesyonel bisiklet\u00e7i taytlar\u0131ndan edinmelisin. \u0130\u00e7inde jel pedler bulunduran profesyonel sporcu taytlar\u0131, bisiklet s\u00fcrerken kullan\u0131c\u0131lar\u0131n can\u0131n\u0131n yanmas\u0131na kar\u015f\u0131 \u00f6zel geli\u015ftiriliyor ve \u00fcreme organlar\u0131n\u0131n darbe almas\u0131n\u0131 engelliyor. Hem daha rahat hem de g\u00fcvende hissetmek i\u00e7in bisiklet s\u00fcrerken profesyonel taytlardan edinebilirsin.\u00a0<\/span><\/p>\n<figure id=\"attachment_2282\" aria-describedby=\"caption-attachment-2282\" style=\"width: 800px\" class=\"wp-caption aligncenter\"><img decoding=\"async\" loading=\"lazy\" class=\"size-full wp-image-2282\" src=\"https:\/\/www.skechers.com.tr\/blog\/wp-content\/uploads\/2022\/01\/pexels-andrea-piacquadio-3771806.jpg\" alt=\"Bisiklet\u00e7i Tayt\u0131 Kombinleri Nas\u0131l Olmal\u0131?\" width=\"800\" height=\"533\" srcset=\"https:\/\/www.skechers.com.tr\/blog\/wp-content\/uploads\/2022\/01\/pexels-andrea-piacquadio-3771806.jpg 800w, https:\/\/www.skechers.com.tr\/blog\/wp-content\/uploads\/2022\/01\/pexels-andrea-piacquadio-3771806-300x200.jpg 300w, https:\/\/www.skechers.com.tr\/blog\/wp-content\/uploads\/2022\/01\/pexels-andrea-piacquadio-3771806-768x512.jpg 768w\" sizes=\"(max-width: 800px) 100vw, 800px\" \/><figcaption id=\"caption-attachment-2282\" class=\"wp-caption-text\">Bisiklet\u00e7i Tayt\u0131 Kombinleri Nas\u0131l Olmal\u0131?<\/figcaption><\/figure>\n<p><span style=\"font-weight: 400;\">Kad\u0131n spor taytlar\u0131n g\u00fcnl\u00fck modelleri ise \u00f6zellikle gen\u00e7 kad\u0131nlar\u0131n g\u00f6zdesi oluyor. Olduk\u00e7a gen\u00e7 ve dinamik bir tarz olu\u015fturan par\u00e7alar, kendini gen\u00e7 hisseden herkesin dolab\u0131nda yer almay\u0131 hak ediyor. Bu nedenle, bisiklet\u00e7i tayt\u0131 giyilmeli midir sorusunun yan\u0131t\u0131, \u201ce\u011fer dinamik ve modern bir tarz istiyorsan, evet\u201d yan\u0131t\u0131n\u0131 al\u0131yor.\u00a0<\/span><\/p>\n<h3><strong>Skechers Bisiklet\u00e7i Taytlar\u0131\u00a0<\/strong><\/h3>\n<p><span style=\"font-weight: 400;\">Skechers\u2019 koleksiyonunda yer alan bisiklet\u00e7i tayt\u0131 modelleri, g\u00fcnl\u00fck giyimde ve g\u00fcnl\u00fck egzersizlerde kullan\u0131lmak \u00fczere tasarlan\u0131yor. Skinny kal\u0131ptaki k\u0131sa taytlar polyester ve elastan i\u00e7erikli kuma\u015flar\u0131yla esneklik vadediyor. Konfor sa\u011flayan ve hareket \u00f6zg\u00fcrl\u00fc\u011f\u00fc sunan kuma\u015flar, sa\u011flam diki\u015flerle tamamlan\u0131yor. V\u00fccudu nazik\u00e7e saran legging k\u0131sa taytlar, yumu\u015fac\u0131k, hafif ve p\u00fcr\u00fczs\u00fcz kuma\u015flar\u0131yla maksimum konfor sa\u011fl\u0131yor. Yoga, ko\u015fu, y\u00fcr\u00fcy\u00fc\u015f veya tak\u0131m sporlar\u0131 gibi etkinliklerde kullanabilece\u011fin Skechers k\u0131sa taytlar, normal bel y\u00fcksekli\u011finde tasarlan\u0131yor. Lila ve siyah renklerde iki se\u00e7enek sunan modeller, \u00fczerindeki minik Skechers logosuyla desenleniyor. Makinede y\u0131kanarak temizlenebilen, bak\u0131m\u0131 kolayl\u0131kla yap\u0131labilen bisiklet\u00e7i taytlar\u0131, \u00f6zellikle gen\u00e7 kad\u0131nlar\u0131n be\u011fenisini topluyor. Birinci kalite kuma\u015ftan, kaliteli i\u015f\u00e7ilikle haz\u0131rlanan Skechers biker taytlar\u0131 zaman kaybetmeden inceleyebilirsin.\u00a0<\/span><\/p>\n<p><span style=\"font-weight: 400;\">Sen de Skechers\u2019\u0131n haval\u0131 ve sezon trendi bisiklet\u00e7i tayt\u0131 modelleriyle sokak modas\u0131n\u0131n se\u00e7kin \u00f6rneklerini kombinlerine yans\u0131tabilirsin. Ayr\u0131ca d\u0131\u015far\u0131da bisiklet kullan\u0131rken veya<a href=\"https:\/\/www.skechers.com.tr\/blog\/eliptik-bisiklet-faydalari\/\"> eliptik bisiklet faydalar\u0131<\/a> ile sporun etkilerini deneyimlerken kombinleri tercih edebilirsin. Ti\u015f\u00f6rtler, sweatshirtler, g\u00f6mleklerle bir arada giyerek \u00e7e\u015fit \u00e7e\u015fit kombin olu\u015fturabilece\u011fin kullan\u0131\u015fl\u0131 modeller Skechers koleksiyonunda seni bekliyor. Hemen sipari\u015f vererek, dolab\u0131n\u0131n jokeri olacak bisiklet\u00e7i taytlar\u0131na \u015fimdi kavu\u015fabilirsin.\u00a0<\/span><\/p>\n","protected":false},"excerpt":{"rendered":"<p>Biker tayt veya bisiklet\u00e7i tayt\u0131 denilen trend par\u00e7ay\u0131 daha yak\u0131ndan tan\u0131mak ister misin? Onlar, 90\u2019lar\u0131n\u00a0 ikonik k\u0131sa taytlar\u0131ndan ba\u015fkas\u0131 de\u011fil. Ancak \u015fimdi bisiklet\u00e7i tayt\u0131 kombinleri \u00e7ok daha yarat\u0131c\u0131 ve tarz sahibi.\u00a0 Bisiklet\u00e7i taytlar\u0131n\u0131 b\u00fcstiyer ve sporcu s\u00fctyenleri ile beraber giyilerek kar\u0131n kaslar\u0131 sergileniyor. \u00dczerine giyilecek blazer ceket veya oversize g\u00f6mlekler, kombinleri tamaml\u0131yor. Hem haval\u0131 hem [&hellip;]<\/p>\n","protected":false},"author":1,"featured_media":2280,"comment_status":"open","ping_status":"open","sticky":false,"template":"","format":"standard","meta":[],"categories":[1],"tags":[],"yoast_head":"<!-- This site is optimized with the Yoast SEO plugin v18.5.1 - https:\/\/yoast.com\/wordpress\/plugins\/seo\/ -->\n<title>Bisiklet\u00e7i Tayt\u0131 Kombinleri - Skechers Blog<\/title>\n<meta name=\"description\" content=\"Bisiklet\u00e7i tayt\u0131 nedir, nas\u0131l kombinlenir merak ediyorsan yan\u0131tlar Skechers Blog&#039;ta. Hemen t\u0131kla, bisiklet\u00e7i taytlar\u0131 ile tan\u0131\u015f.\" \/>\n<meta name=\"robots\" content=\"index, follow, max-snippet:-1, max-image-preview:large, max-video-preview:-1\" \/>\n<link rel=\"canonical\" href=\"https:\/\/www.skechers.com.tr\/blog\/bisikletci-tayti-kombinleri\/\" \/>\n<meta property=\"og:locale\" content=\"tr_TR\" \/>\n<meta property=\"og:type\" content=\"article\" \/>\n<meta property=\"og:title\" content=\"Bisiklet\u00e7i Tayt\u0131 Kombinleri - Skechers Blog\" \/>\n<meta property=\"og:description\" content=\"Bisiklet\u00e7i tayt\u0131 nedir, nas\u0131l kombinlenir merak ediyorsan yan\u0131tlar Skechers Blog&#039;ta. Hemen t\u0131kla, bisiklet\u00e7i taytlar\u0131 ile tan\u0131\u015f.\" \/>\n<meta property=\"og:url\" content=\"https:\/\/www.skechers.com.tr\/blog\/bisikletci-tayti-kombinleri\/\" \/>\n<meta property=\"og:site_name\" content=\"Skechers Blog\" \/>\n<meta property=\"article:published_time\" content=\"2022-01-11T13:04:38+00:00\" \/>\n<meta property=\"article:modified_time\" content=\"2022-02-03T19:07:44+00:00\" \/>\n<meta property=\"og:image\" content=\"https:\/\/www.skechers.com.tr\/blog\/wp-content\/uploads\/2022\/01\/kapaktayt.jpg\" \/>\n\t<meta property=\"og:image:width\" content=\"800\" \/>\n\t<meta property=\"og:image:height\" content=\"552\" \/>\n\t<meta property=\"og:image:type\" content=\"image\/jpeg\" \/>\n<meta name=\"twitter:card\" content=\"summary_large_image\" \/>\n<meta name=\"twitter:label1\" content=\"Yazan:\" \/>\n\t<meta name=\"twitter:data1\" content=\"Skechers T\u00fcrkiye\" \/>\n\t<meta name=\"twitter:label2\" content=\"Tahmini okuma s\u00fcresi\" \/>\n\t<meta name=\"twitter:data2\" content=\"5 dakika\" \/>\n<script type=\"application\/ld+json\" class=\"yoast-schema-graph\">{\"@context\":\"https:\/\/schema.org\",\"@graph\":[{\"@type\":\"WebSite\",\"@id\":\"https:\/\/www.skechers.com.tr\/blog\/#website\",\"url\":\"https:\/\/www.skechers.com.tr\/blog\/\",\"name\":\"Skechers Blog\",\"description\":\"Skechers\",\"potentialAction\":[{\"@type\":\"SearchAction\",\"target\":{\"@type\":\"EntryPoint\",\"urlTemplate\":\"https:\/\/www.skechers.com.tr\/blog\/?s={search_term_string}\"},\"query-input\":\"required name=search_term_string\"}],\"inLanguage\":\"tr\"},{\"@type\":\"ImageObject\",\"@id\":\"https:\/\/www.skechers.com.tr\/blog\/bisikletci-tayti-kombinleri\/#primaryimage\",\"inLanguage\":\"tr\",\"url\":\"https:\/\/www.skechers.com.tr\/blog\/wp-content\/uploads\/2022\/01\/kapaktayt.jpg\",\"contentUrl\":\"https:\/\/www.skechers.com.tr\/blog\/wp-content\/uploads\/2022\/01\/kapaktayt.jpg\",\"width\":800,\"height\":552,\"caption\":\"Bisiklet\u00e7i Tayt\u0131 Kombinleri\"},{\"@type\":\"WebPage\",\"@id\":\"https:\/\/www.skechers.com.tr\/blog\/bisikletci-tayti-kombinleri\/#webpage\",\"url\":\"https:\/\/www.skechers.com.tr\/blog\/bisikletci-tayti-kombinleri\/\",\"name\":\"Bisiklet\u00e7i Tayt\u0131 Kombinleri - Skechers Blog\",\"isPartOf\":{\"@id\":\"https:\/\/www.skechers.com.tr\/blog\/#website\"},\"primaryImageOfPage\":{\"@id\":\"https:\/\/www.skechers.com.tr\/blog\/bisikletci-tayti-kombinleri\/#primaryimage\"},\"datePublished\":\"2022-01-11T13:04:38+00:00\",\"dateModified\":\"2022-02-03T19:07:44+00:00\",\"author\":{\"@id\":\"https:\/\/www.skechers.com.tr\/blog\/#\/schema\/person\/6d09a0595696524814757d23d22b4c33\"},\"description\":\"Bisiklet\u00e7i tayt\u0131 nedir, nas\u0131l kombinlenir merak ediyorsan yan\u0131tlar Skechers Blog'ta. Hemen t\u0131kla, bisiklet\u00e7i taytlar\u0131 ile tan\u0131\u015f.\",\"breadcrumb\":{\"@id\":\"https:\/\/www.skechers.com.tr\/blog\/bisikletci-tayti-kombinleri\/#breadcrumb\"},\"inLanguage\":\"tr\",\"potentialAction\":[{\"@type\":\"ReadAction\",\"target\":[\"https:\/\/www.skechers.com.tr\/blog\/bisikletci-tayti-kombinleri\/\"]}]},{\"@type\":\"BreadcrumbList\",\"@id\":\"https:\/\/www.skechers.com.tr\/blog\/bisikletci-tayti-kombinleri\/#breadcrumb\",\"itemListElement\":[{\"@type\":\"ListItem\",\"position\":1,\"name\":\"Bisiklet\u00e7i Tayt\u0131 Kombinleri\"}]},{\"@type\":\"Person\",\"@id\":\"https:\/\/www.skechers.com.tr\/blog\/#\/schema\/person\/6d09a0595696524814757d23d22b4c33\",\"name\":\"Skechers T\u00fcrkiye\",\"image\":{\"@type\":\"ImageObject\",\"@id\":\"https:\/\/www.skechers.com.tr\/blog\/#personlogo\",\"inLanguage\":\"tr\",\"url\":\"https:\/\/secure.gravatar.com\/avatar\/0fc2191869a9a020b4606acf264338ae?s=96&d=mm&r=g\",\"contentUrl\":\"https:\/\/secure.gravatar.com\/avatar\/0fc2191869a9a020b4606acf264338ae?s=96&d=mm&r=g\",\"caption\":\"Skechers T\u00fcrkiye\"},\"description\":\"Skechers spor ayakkab\u0131 \u00fcr\u00fcnleri ile rahatl\u0131\u011f\u0131 ve kaliteyi hisset!\"}]}<\/script>\n<!-- \/ Yoast SEO plugin. -->","yoast_head_json":{"title":"Bisiklet\u00e7i Tayt\u0131 Kombinleri - Skechers Blog","description":"Bisiklet\u00e7i tayt\u0131 nedir, nas\u0131l kombinlenir merak ediyorsan yan\u0131tlar Skechers Blog'ta. Hemen t\u0131kla, bisiklet\u00e7i taytlar\u0131 ile tan\u0131\u015f.","robots":{"index":"index","follow":"follow","max-snippet":"max-snippet:-1","max-image-preview":"max-image-preview:large","max-video-preview":"max-video-preview:-1"},"canonical":"https:\/\/www.skechers.com.tr\/blog\/bisikletci-tayti-kombinleri\/","og_locale":"tr_TR","og_type":"article","og_title":"Bisiklet\u00e7i Tayt\u0131 Kombinleri - Skechers Blog","og_description":"Bisiklet\u00e7i tayt\u0131 nedir, nas\u0131l kombinlenir merak ediyorsan yan\u0131tlar Skechers Blog'ta. Hemen t\u0131kla, bisiklet\u00e7i taytlar\u0131 ile tan\u0131\u015f.","og_url":"https:\/\/www.skechers.com.tr\/blog\/bisikletci-tayti-kombinleri\/","og_site_name":"Skechers Blog","article_published_time":"2022-01-11T13:04:38+00:00","article_modified_time":"2022-02-03T19:07:44+00:00","og_image":[{"width":800,"height":552,"url":"https:\/\/www.skechers.com.tr\/blog\/wp-content\/uploads\/2022\/01\/kapaktayt.jpg","type":"image\/jpeg"}],"twitter_card":"summary_large_image","twitter_misc":{"Yazan:":"Skechers T\u00fcrkiye","Tahmini okuma s\u00fcresi":"5 dakika"},"schema":{"@context":"https:\/\/schema.org","@graph":[{"@type":"WebSite","@id":"https:\/\/www.skechers.com.tr\/blog\/#website","url":"https:\/\/www.skechers.com.tr\/blog\/","name":"Skechers Blog","description":"Skechers","potentialAction":[{"@type":"SearchAction","target":{"@type":"EntryPoint","urlTemplate":"https:\/\/www.skechers.com.tr\/blog\/?s={search_term_string}"},"query-input":"required name=search_term_string"}],"inLanguage":"tr"},{"@type":"ImageObject","@id":"https:\/\/www.skechers.com.tr\/blog\/bisikletci-tayti-kombinleri\/#primaryimage","inLanguage":"tr","url":"https:\/\/www.skechers.com.tr\/blog\/wp-content\/uploads\/2022\/01\/kapaktayt.jpg","contentUrl":"https:\/\/www.skechers.com.tr\/blog\/wp-content\/uploads\/2022\/01\/kapaktayt.jpg","width":800,"height":552,"caption":"Bisiklet\u00e7i Tayt\u0131 Kombinleri"},{"@type":"WebPage","@id":"https:\/\/www.skechers.com.tr\/blog\/bisikletci-tayti-kombinleri\/#webpage","url":"https:\/\/www.skechers.com.tr\/blog\/bisikletci-tayti-kombinleri\/","name":"Bisiklet\u00e7i Tayt\u0131 Kombinleri - Skechers Blog","isPartOf":{"@id":"https:\/\/www.skechers.com.tr\/blog\/#website"},"primaryImageOfPage":{"@id":"https:\/\/www.skechers.com.tr\/blog\/bisikletci-tayti-kombinleri\/#primaryimage"},"datePublished":"2022-01-11T13:04:38+00:00","dateModified":"2022-02-03T19:07:44+00:00","author":{"@id":"https:\/\/www.skechers.com.tr\/blog\/#\/schema\/person\/6d09a0595696524814757d23d22b4c33"},"description":"Bisiklet\u00e7i tayt\u0131 nedir, nas\u0131l kombinlenir merak ediyorsan yan\u0131tlar Skechers Blog'ta. Hemen t\u0131kla, bisiklet\u00e7i taytlar\u0131 ile tan\u0131\u015f.","breadcrumb":{"@id":"https:\/\/www.skechers.com.tr\/blog\/bisikletci-tayti-kombinleri\/#breadcrumb"},"inLanguage":"tr","potentialAction":[{"@type":"ReadAction","target":["https:\/\/www.skechers.com.tr\/blog\/bisikletci-tayti-kombinleri\/"]}]},{"@type":"BreadcrumbList","@id":"https:\/\/www.skechers.com.tr\/blog\/bisikletci-tayti-kombinleri\/#breadcrumb","itemListElement":[{"@type":"ListItem","position":1,"name":"Bisiklet\u00e7i Tayt\u0131 Kombinleri"}]},{"@type":"Person","@id":"https:\/\/www.skechers.com.tr\/blog\/#\/schema\/person\/6d09a0595696524814757d23d22b4c33","name":"Skechers T\u00fcrkiye","image":{"@type":"ImageObject","@id":"https:\/\/www.skechers.com.tr\/blog\/#personlogo","inLanguage":"tr","url":"https:\/\/secure.gravatar.com\/avatar\/0fc2191869a9a020b4606acf264338ae?s=96&d=mm&r=g","contentUrl":"https:\/\/secure.gravatar.com\/avatar\/0fc2191869a9a020b4606acf264338ae?s=96&d=mm&r=g","caption":"Skechers T\u00fcrkiye"},"description":"Skechers spor ayakkab\u0131 \u00fcr\u00fcnleri ile rahatl\u0131\u011f\u0131 ve kaliteyi hisset!"}]}},"_links":{"self":[{"href":"https:\/\/www.skechers.com.tr\/blog\/wp-json\/wp\/v2\/posts\/2279"}],"collection":[{"href":"https:\/\/www.skechers.com.tr\/blog\/wp-json\/wp\/v2\/posts"}],"about":[{"href":"https:\/\/www.skechers.com.tr\/blog\/wp-json\/wp\/v2\/types\/post"}],"author":[{"embeddable":true,"href":"https:\/\/www.skechers.com.tr\/blog\/wp-json\/wp\/v2\/users\/1"}],"replies":[{"embeddable":true,"href":"https:\/\/www.skechers.com.tr\/blog\/wp-json\/wp\/v2\/comments?post=2279"}],"version-history":[{"count":3,"href":"https:\/\/www.skechers.com.tr\/blog\/wp-json\/wp\/v2\/posts\/2279\/revisions"}],"predecessor-version":[{"id":2351,"href":"https:\/\/www.skechers.com.tr\/blog\/wp-json\/wp\/v2\/posts\/2279\/revisions\/2351"}],"wp:featuredmedia":[{"embeddable":true,"href":"https:\/\/www.skechers.com.tr\/blog\/wp-json\/wp\/v2\/media\/2280"}],"wp:attachment":[{"href":"https:\/\/www.skechers.com.tr\/blog\/wp-json\/wp\/v2\/media?parent=2279"}],"wp:term":[{"taxonomy":"category","embeddable":true,"href":"https:\/\/www.skechers.com.tr\/blog\/wp-json\/wp\/v2\/categories?post=2279"},{"taxonomy":"post_tag","embeddable":true,"href":"https:\/\/www.skechers.com.tr\/blog\/wp-json\/wp\/v2\/tags?post=2279"}],"curies":[{"name":"wp","href":"https:\/\/api.w.org\/{rel}","templated":true}]}}