{"id":2128,"date":"2023-11-13T08:28:17","date_gmt":"2023-11-13T08:28:17","guid":{"rendered":"https:\/\/www.skechers.com.tr\/blog\/?p=2128"},"modified":"2023-11-13T09:31:10","modified_gmt":"2023-11-13T09:31:10","slug":"black-friday-ne-zaman-black-friday-nedir","status":"publish","type":"post","link":"https:\/\/www.skechers.com.tr\/blog\/black-friday-ne-zaman-black-friday-nedir\/","title":{"rendered":"Black Friday Ne Zaman? Black Friday Nedir?"},"content":{"rendered":"<p><span style=\"font-weight: 400;\">\u0130ndirim \u00e7anlar\u0131 \u00e7al\u0131yor, y\u0131l\u0131n en avantajl\u0131 g\u00fcnleri yani Black Friday kampanya zaman\u0131 yakla\u015f\u0131yor. Her yerin indirimlerle donat\u0131ld\u0131\u011f\u0131 zaman diliminde, etiket fiyatlar\u0131 g\u00f6r\u00fclmemi\u015f d\u00fc\u015f\u00fc\u015flerle f\u0131rsatlar sunuyor. Bu \u00f6zel d\u00f6nem, \u00fclkemizde de son y\u0131llarda merakla bekleniyor. Her y\u0131l Kas\u0131m ay\u0131 yakla\u015f\u0131rken al\u0131\u015fveri\u015f merakl\u0131lar\u0131n\u0131 saran heyecan, indirim g\u00fcn\u00fc sonras\u0131nda en karl\u0131 al\u0131\u015fveri\u015fi yapman\u0131n mutlulu\u011fu ile geride kal\u0131yor.\u00a0<\/span> <span style=\"font-weight: 400;\">Evrensel bir indirim d\u00f6nemi olan Black Friday, d\u00fcnyan\u0131n d\u00f6rt bir yan\u0131nda g\u00f6r\u00fclmemi\u015f indirimlere sahne oluyor. Sezon \u00fcr\u00fcnlerinin, sezon sonu tasar\u0131mlar\u0131n \u00e7ok daha avantajl\u0131 hale geldi\u011fi indirim d\u00f6nemi her y\u0131l Kas\u0131m ay\u0131n\u0131n sonuna denk geliyor.\u00a0<\/span><\/p>\r\n<h2><span style=\"font-weight: 400;\">Black Friday Ne Zaman?<\/span><\/h2>\r\n<p><span style=\"font-weight: 400;\">Ad\u0131ndan da anla\u015f\u0131laca\u011f\u0131 \u00fczere cuma g\u00fcn\u00fcn\u00fc i\u015faret eden indirimler, her y\u0131l Kas\u0131m ay\u0131n\u0131n d\u00f6rd\u00fcnc\u00fc per\u015fembesinden itibaren hayata ge\u00e7iyor. Her y\u0131l ba\u015flang\u0131\u00e7 tarihi de\u011fi\u015fen Black Friday, yurt d\u0131\u015f\u0131nda \u015e\u00fckran G\u00fcn\u00fc\u2019n\u00fcn ard\u0131ndan gelen ilk cuma ger\u00e7ekle\u015fiyor. Her ne kadar bir g\u00fcnl\u00fck bir indirim olarak ba\u015flasa da g\u00fcn\u00fcm\u00fczde bir hafta s\u00fcren Black Friday kampanyalar\u0131 da yap\u0131l\u0131yor.\u00a0<\/span><\/p>\r\n<figure id=\"attachment_2130\" aria-describedby=\"caption-attachment-2130\" style=\"width: 828px\" class=\"wp-caption aligncenter\"><img decoding=\"async\" loading=\"lazy\" class=\"size-full wp-image-2130\" src=\"https:\/\/www.skechers.com.tr\/blog\/wp-content\/uploads\/2021\/09\/pexels-max-fischer-5872292.jpg\" alt=\"Black Friday Ne Zaman?\" width=\"828\" height=\"552\" srcset=\"https:\/\/www.skechers.com.tr\/blog\/wp-content\/uploads\/2021\/09\/pexels-max-fischer-5872292.jpg 828w, https:\/\/www.skechers.com.tr\/blog\/wp-content\/uploads\/2021\/09\/pexels-max-fischer-5872292-300x200.jpg 300w, https:\/\/www.skechers.com.tr\/blog\/wp-content\/uploads\/2021\/09\/pexels-max-fischer-5872292-768x512.jpg 768w\" sizes=\"(max-width: 828px) 100vw, 828px\" \/><figcaption id=\"caption-attachment-2130\" class=\"wp-caption-text\">Black Friday Ne Zaman?<\/figcaption><\/figure>\r\n<p><span style=\"font-weight: 400;\">Black\u00a0 Friday\u2019in hangi g\u00fcn oldu\u011funu takvime bakmadan tahmin etmek zor. Her y\u0131l farkl\u0131 bir tarihe denk geldi\u011fi i\u00e7in ilgili y\u0131l\u0131n takvimi \u00fczerinden cuma indirimlerinin hangi g\u00fcn oldu\u011funu kolayl\u0131kla \u00f6\u011frenebilirsin. Black Friday 2023 kampanya g\u00fcn\u00fc 22 Kas\u0131m 2024&#8217;e denk geliyor. Sonraki y\u0131l ise 24 Kas\u0131m 2023\u2019te kutlanmaya haz\u0131rlan\u0131yor. \u00d6zellikle online al\u0131\u015fveri\u015fte benzersiz f\u0131rsatlar sunan bu \u00f6zel g\u00fcn d\u00fcnyada; dinletiler, e\u011flenceli yar\u0131\u015fmalar, \u00e7ekili\u015fler gibi ek etkinliklerle renkleniyor.\u00a0<\/span><\/p>\r\n<h3><span style=\"font-weight: 400;\">Black Friday Nedir?<\/span><\/h3>\r\n<p><span style=\"font-weight: 400;\">En cazip indirimlerin g\u00fcn\u00fc olarak tan\u0131mlayabilece\u011fimiz Black Friday, evrensel al\u0131\u015fveri\u015f g\u00fcn\u00fc olarak da tarif edilebiliyor. D\u00fcnyan\u0131n d\u00f6rt bir yan\u0131ndaki milyonlarca ki\u015fi indirimlerden faydalanmak i\u00e7in haz\u0131r bekliyor. Bilgisayar ba\u015f\u0131nda, mobil uygulamalarda sepet haz\u0131rl\u0131yor, ma\u011fazalar\u0131n kap\u0131s\u0131nda kuyruklar olu\u015fturuyor. Aylar \u00f6ncesinden yap\u0131lan ihtiya\u00e7 listelerine g\u00f6re \u00fcr\u00fcnlerdeki indirimler takip edilerek cuma i\u00e7in haz\u0131rl\u0131klar tamamlan\u0131yor. Bu \u00f6zel indirim festivali her y\u0131l kaliteli \u00fcr\u00fcnlerin inan\u0131lmaz fiyatlarla sat\u0131n al\u0131nmas\u0131na imkan tan\u0131yor.\u00a0<\/span> <span style=\"font-weight: 400;\">Black Friday\u2019in tarihi yakla\u015f\u0131k 50 y\u0131l \u00f6ncesine uzan\u0131yor. Al\u0131\u015fveri\u015f sekt\u00f6r\u00fcn\u00fc hareketlendirmek i\u00e7in tasarlanan indirim g\u00fcn\u00fc, asl\u0131nda \u00f6nceleri isimsizdi. Ancak kampanyal\u0131 ma\u011fazalarda ya\u015fanan izdiham, beklenmeyen yo\u011funluk bug\u00fcn\u00fcn \u201cKara cuma\u201d olarak an\u0131lmas\u0131na neden oldu. Yani Black Friday ad\u0131n\u0131 almas\u0131 ile sonu\u00e7land\u0131. G\u00fcn\u00fcm\u00fczde al\u0131\u015fveri\u015f imkanlar\u0131n\u0131n artmas\u0131 durumu de\u011fi\u015ftiriyor. \u0130nternet \u00fczerinden sipari\u015f sistemlerinin geli\u015fmesi ise bu \u00f6zel indirim g\u00fcn\u00fcn\u00fcn adeta bir \u015fenli\u011fe d\u00f6n\u00fc\u015fmesine zemin haz\u0131rl\u0131yor. Black Friday, al\u0131\u015fveri\u015f g\u00fcn\u00fcn\u00fc m\u00fcjdeleyen bir\u00e7ok farkl\u0131 isimle T\u00fcrk\u00e7e\u2019ye \u00e7evriliyor.\u00a0<\/span><\/p>\r\n<h3><span style=\"font-weight: 400;\">Black Friday&#8217;de Ne Al\u0131n\u0131r?<\/span><\/h3>\r\n<ul>\r\n<li style=\"font-weight: 400;\" aria-level=\"1\"><span style=\"font-weight: 400;\">Yak\u0131n zamanda do\u011fum g\u00fcn\u00fc olan arkada\u015flar\u0131na hediye alabilirsin. \u00d6zellikle kas\u0131m, aral\u0131k ve ocak aylar\u0131nda do\u011fan arkada\u015flar i\u00e7in hem kaliteli hem de uygun fiyatl\u0131 hediyeler bulman\u0131n yolu indirim d\u00f6nemini ka\u00e7\u0131rmamaktan ge\u00e7iyor.\u00a0<\/span><\/li>\r\n<li style=\"font-weight: 400;\" aria-level=\"1\"><a href=\"https:\/\/www.skechers.com.tr\/ozel-gunler-yilbasi-c-9005\"><span style=\"font-weight: 400;\">Y\u0131lba\u015f\u0131 indirimleri <\/span><\/a><span style=\"font-weight: 400;\">hen\u00fcz ba\u015flamam\u0131\u015f olsa da hediyelerini \u00f6nceden al\u0131p sonra rahat etmek istersen Black Friday indirimlerinden yararlanabilirsin.\u00a0<\/span><\/li>\r\n<li style=\"font-weight: 400;\" aria-level=\"1\"><span style=\"font-weight: 400;\">K\u0131\u015f\u0131n ba\u015flang\u0131c\u0131 say\u0131lan aral\u0131k ay\u0131 kap\u0131da oldu\u011funa g\u00f6re k\u0131\u015fl\u0131k ihtiya\u00e7lar\u0131 rahatl\u0131kla tamamlayabilirsin. Zorlu hava \u015fartlar\u0131nda giyebilece\u011fin <\/span><a href=\"https:\/\/www.skechers.com.tr\/su-gecirmez-ayakkabilar-c-6012?utm_source=blog&amp;utm_id=black-friday-ne-zaman&amp;utm_term=6012\"><span style=\"font-weight: 400;\">su ge\u00e7irmez ayakkab\u0131 <\/span><\/a><span style=\"font-weight: 400;\">modellerini, k\u0131\u015fl\u0131k ayakkab\u0131 se\u00e7eneklerini sipari\u015f verebilirsin.\u00a0<\/span><\/li>\r\n<li style=\"font-weight: 400;\" aria-level=\"1\"><span style=\"font-weight: 400;\">Yaln\u0131z ayakkab\u0131 de\u011fil spor giyim \u00fcr\u00fcnlerini de indirimlerle alabilirsin.\u00a0<\/span><\/li>\r\n<li style=\"font-weight: 400;\" aria-level=\"1\"><span style=\"font-weight: 400;\">\u00d6zel g\u00fcnlerde giyece\u011fin tasar\u0131mlar\u0131 almak i\u00e7in Black Friday f\u0131rsatlar\u0131n\u0131 kullanabilirsin. \u00d6rne\u011fin e\u011fer yak\u0131nda evleneceksen <\/span><a href=\"https:\/\/www.skechers.com.tr\/spor-gelin-ayakkabisi-c-1223?utm_source=blog&amp;utm_id=black-friday-ne-zaman&amp;utm_term=1223\"><span style=\"font-weight: 400;\">spor gelin ayakkab\u0131s\u0131<\/span><\/a><span style=\"font-weight: 400;\"> i\u00e7in Skechers\u2019\u0131n cuma indirimlerini tercih edebilirsin.\u00a0<\/span><\/li>\r\n<li style=\"font-weight: 400;\" aria-level=\"1\"><span style=\"font-weight: 400;\">Uzun zamand\u0131r ihtiya\u00e7 listende yer alan ancak bir t\u00fcrl\u00fc alma f\u0131rsat\u0131 bulamad\u0131\u011f\u0131n yeni \u00fcr\u00fcnleri, kampanya d\u00f6neminde sipari\u015f verebilirsin. Hatta \u00e7ocuklar\u0131n i\u00e7in almak istedi\u011fin ancak ertelemek zorunda kald\u0131\u011f\u0131n <\/span><a href=\"https:\/\/www.skechers.com.tr\/ozel-gunler-okula-donus-c-9006?utm_source=blog&amp;utm_id=black-friday-ne-zaman&amp;utm_term=9006\"><span style=\"font-weight: 400;\">back to school <\/span><\/a><span style=\"font-weight: 400;\">\u00fcr\u00fcnlerini bile indirimlerle se\u00e7ebilirsin.\u00a0<\/span><\/li>\r\n<\/ul>\r\n<p>Skechers Black Friday kapsam\u0131nda yaln\u0131zca sezon sonu \u00fcr\u00fcnlerini sunmuyor, ayn\u0131 zamanda sezon trendi modeller, y\u0131l\u0131n modas\u0131 tasar\u0131mlar da avantajl\u0131 fiyatlarla kullan\u0131c\u0131lara ula\u015f\u0131yor. Koleksiyonlar, her y\u0131l yenilendi\u011fi i\u00e7in sabit olarak, her y\u0131l indirime girecek serilerden bahsedilemiyor. Skechers kalitesi ile \u00fcretilen, modaya y\u00f6n veren tasar\u0131mlarla haz\u0131rlanan modeller Black Friday\u2019de uygun fiyatlarla sat\u0131n al\u0131nabiliyor. S\u00fcrpriz fiyatlar vadeden indirim g\u00fcn\u00fc, en sevdi\u011fin Skechers serilerini indirimlerle alabilece\u011fini m\u00fcjdeliyor. \u0130ndirime giren \u00fcr\u00fcnler aras\u0131nda k\u0131yafetlerden ayakkab\u0131lara, spor aksesuarlar\u0131ndan \u00e7antalara arad\u0131\u011f\u0131n bir\u00e7ok tasar\u0131m yer al\u0131yor.<\/p>\r\n<p><a href=\"https:\/\/www.skechers.com.tr\/ozel-gunler-black-friday-c-9003\" target=\"_blank\" rel=\"noopener\"><img decoding=\"async\" loading=\"lazy\" class=\"alignnone  wp-image-2171\" src=\"https:\/\/www.skechers.com.tr\/blog\/wp-content\/uploads\/2021\/09\/BF-blog-cta-1-300x64.png\" alt=\"\" width=\"548\" height=\"117\" srcset=\"https:\/\/www.skechers.com.tr\/blog\/wp-content\/uploads\/2021\/09\/BF-blog-cta-1-300x64.png 300w, https:\/\/www.skechers.com.tr\/blog\/wp-content\/uploads\/2021\/09\/BF-blog-cta-1.png 550w\" sizes=\"(max-width: 548px) 100vw, 548px\" \/><\/a><\/p>\r\n<p>&nbsp;<\/p>\r\n<h3><span style=\"font-weight: 400;\">Black Friday 2023 Kampanyalar\u0131<\/span><\/h3>\r\n\r\n<p>2023 y\u0131l\u0131nda Black Friday indirimlerinin oranlar\u0131 ne olacak diye soruyorsan, hala gizemini koruyor. Anl\u0131k indirimler, say\u0131l\u0131 ve se\u00e7ili \u00fcr\u00fcnde cazip fiyatlar, kampanyalar\u0131 \u00e7e\u015fitlendiriyor ve Black Friday 2023 kampanyalar\u0131nda ziyaret\u00e7ilerine yine avantajl\u0131 al\u0131\u015fveri\u015f f\u0131rsatlar\u0131 sunmaya haz\u0131rlan\u0131yor.<\/p>\r\n\r\n\r\n\r\n<p>\u015eeffaf fiyat politikas\u0131 gere\u011fi, indirime giren \u00fcr\u00fcnlerinin fiyat de\u011fi\u015fim oran\u0131n\u0131, eski fiyat\u0131n\u0131 ve g\u00fcncel sat\u0131\u015f rakam\u0131n\u0131 ziyaret\u00e7ileriyle payla\u015f\u0131yor. S logolu \u00fcr\u00fcnleri inceleyen herkes indirimlerin ger\u00e7ekli\u011fine dair g\u00fcven duyuyor. \u00dcr\u00fcnlerin orijinalli\u011finden ve kaliteden emin olarak sipari\u015flerini g\u00f6n\u00fcl rahatl\u0131\u011f\u0131yla veriyor. Skechers kampanyalar\u0131, ziyaret\u00e7iler i\u00e7in g\u00fcvenin kar\u015f\u0131l\u0131\u011f\u0131 oluyor. Zira, Skechers indirime girecek \u00fcr\u00fcnleri di\u011ferlerinden farkl\u0131 \u00fcretmiyor. Raflarda sezon \u00fcr\u00fcn\u00fc olarak yer alan, Skechers\u2019\u0131n t\u00fcm \u00fcr\u00fcnleri gibi \u00f6zenli i\u015f\u00e7ilikle \u00fcretilen, kalite testlerinden ba\u015far\u0131yla ge\u00e7en \u00fcr\u00fcnler kampanya d\u00f6nemlerinde kullan\u0131c\u0131larla bulu\u015fuyor. \u0130ndirimli al\u0131\u015fveri\u015f yaparken kaliteden emin olan kullan\u0131c\u0131lar i\u00e7in Black Friday, adeta bir al\u0131\u015fveri\u015f festivaline d\u00f6n\u00fc\u015f\u00fcyor.\u00a0<\/p>\r\n\r\n<figure id=\"attachment_2131\" aria-describedby=\"caption-attachment-2131\" style=\"width: 828px\" class=\"wp-caption aligncenter\"><img decoding=\"async\" loading=\"lazy\" class=\"size-full wp-image-2131\" src=\"https:\/\/www.skechers.com.tr\/blog\/wp-content\/uploads\/2021\/09\/pexels-anastasia-shuraeva-5705087.jpg\" alt=\"Black Friday Nedir?\" width=\"828\" height=\"552\" srcset=\"https:\/\/www.skechers.com.tr\/blog\/wp-content\/uploads\/2021\/09\/pexels-anastasia-shuraeva-5705087.jpg 828w, https:\/\/www.skechers.com.tr\/blog\/wp-content\/uploads\/2021\/09\/pexels-anastasia-shuraeva-5705087-300x200.jpg 300w, https:\/\/www.skechers.com.tr\/blog\/wp-content\/uploads\/2021\/09\/pexels-anastasia-shuraeva-5705087-768x512.jpg 768w\" sizes=\"(max-width: 828px) 100vw, 828px\" \/><figcaption id=\"caption-attachment-2131\" class=\"wp-caption-text\">Black Friday Nedir?<\/figcaption><\/figure>\r\n<p><span style=\"font-weight: 400;\">Skechers.com.tr \u00fczerinden sipari\u015f vermek kampanya g\u00fcn\u00fcn\u00fc bekleyen kullan\u0131c\u0131lara ek avantajlar da sunuyor. Online al\u0131\u015fveri\u015f imkanlar\u0131 sayesinde sevdi\u011fin \u00fcr\u00fcn\u00fc an\u0131nda sepete atabilir ve h\u0131zla sipari\u015fini olu\u015fturabilirsin. \u00dcr\u00fcnleri ma\u011faza ma\u011faza, reyon reyon aramak, al\u0131\u015fveri\u015f merkezlerinde s\u0131ra beklemek, kalabal\u0131klarla beraber \u00fcr\u00fcn se\u00e7meye \u00e7al\u0131\u015fmak yerine internet \u00fczerinden bedenini, ayak numaran\u0131, diledi\u011fin modeli i\u015faretleyerek se\u00e7imini yapabilirsin. Ayr\u0131ca daha \u00f6nceden be\u011fenip kalp ile i\u015faretledi\u011fin yani favorilerine ekledi\u011fin \u00fcr\u00fcnleri birka\u00e7 t\u0131kla sepete atarak zaman kaybetmeden f\u0131rsatlar\u0131 yakalayabilirsin.\u00a0<\/span><\/p>\r\n<h3><span style=\"font-weight: 400;\">Black Friday \u0130ndirimleri<\/span><\/h3>\r\n<p><span style=\"font-weight: 400;\">Black Friday\u2019e \u00f6zel indirimler genellikle 24 saat s\u00fcr\u00fcyor. Ancak kimi zaman kampanyalar birka\u00e7 g\u00fcne veya bir haftaya kadar uzayabiliyor. Kampanyalar y\u00fczdelik oranda indirimler \u015feklinde planlanabildi\u011fi gibi hediye promosyonlarla da \u00e7e\u015fitlenebiliyor. 24 saate \u00f6zel kampanya yap\u0131ld\u0131\u011f\u0131nda, bir\u00e7ok ma\u011faza 24 saat a\u00e7\u0131k kalarak ziyaret\u00e7ilerini a\u011f\u0131rl\u0131yor. Ayr\u0131ca web sitelerinde \u00fccretsiz kargo, h\u0131zl\u0131 teslimat veya ekstra taksit gibi f\u0131rsatlar da kullan\u0131c\u0131lara arma\u011fan ediliyor. M\u00fc\u015fteri destek ekiplerinin g\u00fcn boyu kullan\u0131c\u0131lara yard\u0131mc\u0131 olmak i\u00e7in haz\u0131r olaca\u011f\u0131 g\u00fcnler geliyor. Kargolar\u0131n teslimat i\u00e7in h\u0131zla yola \u00e7\u0131kaca\u011f\u0131 unutulmaz <\/span><a href=\"https:\/\/www.skechers.com.tr\/ozel-gunler-black-friday-c-9003?utm_source=blog&amp;utm_id=black-friday-ne-zaman&amp;utm_term=9003\"><span style=\"font-weight: 400;\">Black Friday indirimleri <\/span><\/a><span style=\"font-weight: 400;\">Skechers\u2019ta seni bekliyor.\u00a0<\/span> <span style=\"font-weight: 400;\">Kategorilere \u00f6zel avantajlar, mobil uygulama indirenler i\u00e7in ek faydalar yolda. B\u00fclten \u00fcyeleri i\u00e7in ayr\u0131cal\u0131kl\u0131 fiyatlar sa\u011flayan f\u0131rsatlar i\u00e7in haz\u0131r m\u0131s\u0131n? Bir g\u00fcnl\u00fck \u00f6zel indirimlerinden en iyi \u015fekilde yararlanabilmek i\u00e7in,\u00a0<\/span><\/p>\r\n<ul>\r\n<li style=\"font-weight: 400;\" aria-level=\"1\"><span style=\"font-weight: 400;\">Al\u0131\u015fveri\u015f listeni \u00f6nceden haz\u0131rlamal\u0131s\u0131n.\u00a0<\/span><\/li>\r\n<li style=\"font-weight: 400;\" aria-level=\"1\"><span style=\"font-weight: 400;\">Be\u011fendi\u011fin \u00fcr\u00fcnleri favorilerine eklemeli ve serilerin \u00f6zelliklerini incelemelisin.\u00a0<\/span><\/li>\r\n<li style=\"font-weight: 400;\" aria-level=\"1\"><span style=\"font-weight: 400;\">Skechers\u2019\u0131n b\u00fclten ve sosyal medya payla\u015f\u0131mlar\u0131n\u0131 takip etmeli indirim haberlerini g\u00f6zlemlemelisin.\u00a0<\/span><\/li>\r\n<li style=\"font-weight: 400;\" aria-level=\"1\"><span style=\"font-weight: 400;\">Yak\u0131nlar\u0131n i\u00e7in hediye se\u00e7eceksen onlar\u0131n ihtiya\u00e7lar\u0131na, zevklerine uygun modelleri not almal\u0131 ve al\u0131\u015fveri\u015f listene eklemelisin.\u00a0<\/span><\/li>\r\n<li style=\"font-weight: 400;\" aria-level=\"1\"><span style=\"font-weight: 400;\">Cuma g\u00fcn\u00fc mobile \u00f6zel kampanyalar\u0131 yakalamak i\u00e7in Skechers uygulamalar\u0131n\u0131 telefon ve tabletine indirmeyi unutmamal\u0131s\u0131n.\u00a0<\/span><\/li>\r\n<li style=\"font-weight: 400;\" aria-level=\"1\"><span style=\"font-weight: 400;\">H\u0131zl\u0131 hareket etmeli, stoklar t\u00fckenmeden al\u0131\u015fveri\u015f yapmal\u0131s\u0131n.\u00a0<\/span><\/li>\r\n<li style=\"font-weight: 400;\" aria-level=\"1\"><span style=\"font-weight: 400;\">Black Friday \u00f6ncesinde kartlar\u0131n\u0131n online al\u0131\u015fveri\u015fe a\u00e7\u0131k oldu\u011fundan, kart\u0131nda al\u0131\u015fveri\u015f i\u00e7in yeterli yer bulundu\u011fundan emin olmal\u0131s\u0131n.\u00a0<\/span><\/li>\r\n<\/ul>\r\n<p><span style=\"font-weight: 400;\">2023 Black Friday g\u00fcn\u00fc yakla\u015f\u0131rken sen de haz\u0131rl\u0131klar\u0131n\u0131 yaparak Skechers.com.tr\u2019yi ziyaret edebilirsin. Haydi, indirimli al\u0131\u015fveri\u015fin keyfini beraber \u00e7\u0131karal\u0131m! <\/span><\/p>","protected":false},"excerpt":{"rendered":"<p>\u0130ndirim \u00e7anlar\u0131 \u00e7al\u0131yor, y\u0131l\u0131n en avantajl\u0131 g\u00fcnleri yani Black Friday kampanya zaman\u0131 yakla\u015f\u0131yor. Her yerin indirimlerle donat\u0131ld\u0131\u011f\u0131 zaman diliminde, etiket fiyatlar\u0131 g\u00f6r\u00fclmemi\u015f d\u00fc\u015f\u00fc\u015flerle f\u0131rsatlar sunuyor. Bu \u00f6zel d\u00f6nem, \u00fclkemizde de son y\u0131llarda merakla bekleniyor. Her y\u0131l Kas\u0131m ay\u0131 yakla\u015f\u0131rken al\u0131\u015fveri\u015f merakl\u0131lar\u0131n\u0131 saran heyecan, indirim g\u00fcn\u00fc sonras\u0131nda en karl\u0131 al\u0131\u015fveri\u015fi yapman\u0131n mutlulu\u011fu ile geride kal\u0131yor.\u00a0 Evrensel [&hellip;]<\/p>\n","protected":false},"author":1,"featured_media":2129,"comment_status":"open","ping_status":"open","sticky":false,"template":"","format":"standard","meta":[],"categories":[26],"tags":[],"yoast_head":"<!-- This site is optimized with the Yoast SEO plugin v18.5.1 - https:\/\/yoast.com\/wordpress\/plugins\/seo\/ -->\n<title>Black Friday Ne Zaman? Black Friday Nedir? - Skechers Blog<\/title>\n<meta name=\"description\" content=\"Black Friday i\u00e7in geri say\u0131m ba\u015flad\u0131. Black Friday ne zaman, 2023&#039;de hangi g\u00fcne denk geliyor, bizi neler bekliyor merak ediyorsan t\u0131kla!\" \/>\n<meta name=\"robots\" content=\"index, follow, max-snippet:-1, max-image-preview:large, max-video-preview:-1\" \/>\n<link rel=\"canonical\" href=\"https:\/\/www.skechers.com.tr\/blog\/black-friday-ne-zaman-black-friday-nedir\/\" \/>\n<meta property=\"og:locale\" content=\"tr_TR\" \/>\n<meta property=\"og:type\" content=\"article\" \/>\n<meta property=\"og:title\" content=\"Black Friday Ne Zaman? Black Friday Nedir? - Skechers Blog\" \/>\n<meta property=\"og:description\" content=\"Black Friday i\u00e7in geri say\u0131m ba\u015flad\u0131. Black Friday ne zaman, 2023&#039;de hangi g\u00fcne denk geliyor, bizi neler bekliyor merak ediyorsan t\u0131kla!\" \/>\n<meta property=\"og:url\" content=\"https:\/\/www.skechers.com.tr\/blog\/black-friday-ne-zaman-black-friday-nedir\/\" \/>\n<meta property=\"og:site_name\" content=\"Skechers Blog\" \/>\n<meta property=\"article:published_time\" content=\"2023-11-13T08:28:17+00:00\" \/>\n<meta property=\"article:modified_time\" content=\"2023-11-13T09:31:10+00:00\" \/>\n<meta property=\"og:image\" content=\"https:\/\/www.skechers.com.tr\/blog\/wp-content\/uploads\/2021\/09\/pexels-max-fischer-5868272.jpg\" \/>\n\t<meta property=\"og:image:width\" content=\"828\" \/>\n\t<meta property=\"og:image:height\" content=\"552\" \/>\n\t<meta property=\"og:image:type\" content=\"image\/jpeg\" \/>\n<meta name=\"twitter:card\" content=\"summary_large_image\" \/>\n<meta name=\"twitter:label1\" content=\"Yazan:\" \/>\n\t<meta name=\"twitter:data1\" content=\"Skechers T\u00fcrkiye\" \/>\n\t<meta name=\"twitter:label2\" content=\"Tahmini okuma s\u00fcresi\" \/>\n\t<meta name=\"twitter:data2\" content=\"5 dakika\" \/>\n<script type=\"application\/ld+json\" class=\"yoast-schema-graph\">{\"@context\":\"https:\/\/schema.org\",\"@graph\":[{\"@type\":\"WebSite\",\"@id\":\"https:\/\/www.skechers.com.tr\/blog\/#website\",\"url\":\"https:\/\/www.skechers.com.tr\/blog\/\",\"name\":\"Skechers Blog\",\"description\":\"Skechers\",\"potentialAction\":[{\"@type\":\"SearchAction\",\"target\":{\"@type\":\"EntryPoint\",\"urlTemplate\":\"https:\/\/www.skechers.com.tr\/blog\/?s={search_term_string}\"},\"query-input\":\"required name=search_term_string\"}],\"inLanguage\":\"tr\"},{\"@type\":\"ImageObject\",\"@id\":\"https:\/\/www.skechers.com.tr\/blog\/black-friday-ne-zaman-black-friday-nedir\/#primaryimage\",\"inLanguage\":\"tr\",\"url\":\"https:\/\/www.skechers.com.tr\/blog\/wp-content\/uploads\/2021\/09\/pexels-max-fischer-5868272.jpg\",\"contentUrl\":\"https:\/\/www.skechers.com.tr\/blog\/wp-content\/uploads\/2021\/09\/pexels-max-fischer-5868272.jpg\",\"width\":828,\"height\":552,\"caption\":\"Black Friday Ne Zaman? Black Friday Nedir?\"},{\"@type\":\"WebPage\",\"@id\":\"https:\/\/www.skechers.com.tr\/blog\/black-friday-ne-zaman-black-friday-nedir\/#webpage\",\"url\":\"https:\/\/www.skechers.com.tr\/blog\/black-friday-ne-zaman-black-friday-nedir\/\",\"name\":\"Black Friday Ne Zaman? Black Friday Nedir? - Skechers Blog\",\"isPartOf\":{\"@id\":\"https:\/\/www.skechers.com.tr\/blog\/#website\"},\"primaryImageOfPage\":{\"@id\":\"https:\/\/www.skechers.com.tr\/blog\/black-friday-ne-zaman-black-friday-nedir\/#primaryimage\"},\"datePublished\":\"2023-11-13T08:28:17+00:00\",\"dateModified\":\"2023-11-13T09:31:10+00:00\",\"author\":{\"@id\":\"https:\/\/www.skechers.com.tr\/blog\/#\/schema\/person\/6d09a0595696524814757d23d22b4c33\"},\"description\":\"Black Friday i\u00e7in geri say\u0131m ba\u015flad\u0131. Black Friday ne zaman, 2023'de hangi g\u00fcne denk geliyor, bizi neler bekliyor merak ediyorsan t\u0131kla!\",\"breadcrumb\":{\"@id\":\"https:\/\/www.skechers.com.tr\/blog\/black-friday-ne-zaman-black-friday-nedir\/#breadcrumb\"},\"inLanguage\":\"tr\",\"potentialAction\":[{\"@type\":\"ReadAction\",\"target\":[\"https:\/\/www.skechers.com.tr\/blog\/black-friday-ne-zaman-black-friday-nedir\/\"]}]},{\"@type\":\"BreadcrumbList\",\"@id\":\"https:\/\/www.skechers.com.tr\/blog\/black-friday-ne-zaman-black-friday-nedir\/#breadcrumb\",\"itemListElement\":[{\"@type\":\"ListItem\",\"position\":1,\"name\":\"Black Friday Ne Zaman? Black Friday Nedir?\"}]},{\"@type\":\"Person\",\"@id\":\"https:\/\/www.skechers.com.tr\/blog\/#\/schema\/person\/6d09a0595696524814757d23d22b4c33\",\"name\":\"Skechers T\u00fcrkiye\",\"image\":{\"@type\":\"ImageObject\",\"@id\":\"https:\/\/www.skechers.com.tr\/blog\/#personlogo\",\"inLanguage\":\"tr\",\"url\":\"https:\/\/secure.gravatar.com\/avatar\/0fc2191869a9a020b4606acf264338ae?s=96&d=mm&r=g\",\"contentUrl\":\"https:\/\/secure.gravatar.com\/avatar\/0fc2191869a9a020b4606acf264338ae?s=96&d=mm&r=g\",\"caption\":\"Skechers T\u00fcrkiye\"},\"description\":\"Skechers spor ayakkab\u0131 \u00fcr\u00fcnleri ile rahatl\u0131\u011f\u0131 ve kaliteyi hisset!\"}]}<\/script>\n<!-- \/ Yoast SEO plugin. -->","yoast_head_json":{"title":"Black Friday Ne Zaman? Black Friday Nedir? - Skechers Blog","description":"Black Friday i\u00e7in geri say\u0131m ba\u015flad\u0131. Black Friday ne zaman, 2023'de hangi g\u00fcne denk geliyor, bizi neler bekliyor merak ediyorsan t\u0131kla!","robots":{"index":"index","follow":"follow","max-snippet":"max-snippet:-1","max-image-preview":"max-image-preview:large","max-video-preview":"max-video-preview:-1"},"canonical":"https:\/\/www.skechers.com.tr\/blog\/black-friday-ne-zaman-black-friday-nedir\/","og_locale":"tr_TR","og_type":"article","og_title":"Black Friday Ne Zaman? Black Friday Nedir? - Skechers Blog","og_description":"Black Friday i\u00e7in geri say\u0131m ba\u015flad\u0131. Black Friday ne zaman, 2023'de hangi g\u00fcne denk geliyor, bizi neler bekliyor merak ediyorsan t\u0131kla!","og_url":"https:\/\/www.skechers.com.tr\/blog\/black-friday-ne-zaman-black-friday-nedir\/","og_site_name":"Skechers Blog","article_published_time":"2023-11-13T08:28:17+00:00","article_modified_time":"2023-11-13T09:31:10+00:00","og_image":[{"width":828,"height":552,"url":"https:\/\/www.skechers.com.tr\/blog\/wp-content\/uploads\/2021\/09\/pexels-max-fischer-5868272.jpg","type":"image\/jpeg"}],"twitter_card":"summary_large_image","twitter_misc":{"Yazan:":"Skechers T\u00fcrkiye","Tahmini okuma s\u00fcresi":"5 dakika"},"schema":{"@context":"https:\/\/schema.org","@graph":[{"@type":"WebSite","@id":"https:\/\/www.skechers.com.tr\/blog\/#website","url":"https:\/\/www.skechers.com.tr\/blog\/","name":"Skechers Blog","description":"Skechers","potentialAction":[{"@type":"SearchAction","target":{"@type":"EntryPoint","urlTemplate":"https:\/\/www.skechers.com.tr\/blog\/?s={search_term_string}"},"query-input":"required name=search_term_string"}],"inLanguage":"tr"},{"@type":"ImageObject","@id":"https:\/\/www.skechers.com.tr\/blog\/black-friday-ne-zaman-black-friday-nedir\/#primaryimage","inLanguage":"tr","url":"https:\/\/www.skechers.com.tr\/blog\/wp-content\/uploads\/2021\/09\/pexels-max-fischer-5868272.jpg","contentUrl":"https:\/\/www.skechers.com.tr\/blog\/wp-content\/uploads\/2021\/09\/pexels-max-fischer-5868272.jpg","width":828,"height":552,"caption":"Black Friday Ne Zaman? Black Friday Nedir?"},{"@type":"WebPage","@id":"https:\/\/www.skechers.com.tr\/blog\/black-friday-ne-zaman-black-friday-nedir\/#webpage","url":"https:\/\/www.skechers.com.tr\/blog\/black-friday-ne-zaman-black-friday-nedir\/","name":"Black Friday Ne Zaman? Black Friday Nedir? - Skechers Blog","isPartOf":{"@id":"https:\/\/www.skechers.com.tr\/blog\/#website"},"primaryImageOfPage":{"@id":"https:\/\/www.skechers.com.tr\/blog\/black-friday-ne-zaman-black-friday-nedir\/#primaryimage"},"datePublished":"2023-11-13T08:28:17+00:00","dateModified":"2023-11-13T09:31:10+00:00","author":{"@id":"https:\/\/www.skechers.com.tr\/blog\/#\/schema\/person\/6d09a0595696524814757d23d22b4c33"},"description":"Black Friday i\u00e7in geri say\u0131m ba\u015flad\u0131. Black Friday ne zaman, 2023'de hangi g\u00fcne denk geliyor, bizi neler bekliyor merak ediyorsan t\u0131kla!","breadcrumb":{"@id":"https:\/\/www.skechers.com.tr\/blog\/black-friday-ne-zaman-black-friday-nedir\/#breadcrumb"},"inLanguage":"tr","potentialAction":[{"@type":"ReadAction","target":["https:\/\/www.skechers.com.tr\/blog\/black-friday-ne-zaman-black-friday-nedir\/"]}]},{"@type":"BreadcrumbList","@id":"https:\/\/www.skechers.com.tr\/blog\/black-friday-ne-zaman-black-friday-nedir\/#breadcrumb","itemListElement":[{"@type":"ListItem","position":1,"name":"Black Friday Ne Zaman? Black Friday Nedir?"}]},{"@type":"Person","@id":"https:\/\/www.skechers.com.tr\/blog\/#\/schema\/person\/6d09a0595696524814757d23d22b4c33","name":"Skechers T\u00fcrkiye","image":{"@type":"ImageObject","@id":"https:\/\/www.skechers.com.tr\/blog\/#personlogo","inLanguage":"tr","url":"https:\/\/secure.gravatar.com\/avatar\/0fc2191869a9a020b4606acf264338ae?s=96&d=mm&r=g","contentUrl":"https:\/\/secure.gravatar.com\/avatar\/0fc2191869a9a020b4606acf264338ae?s=96&d=mm&r=g","caption":"Skechers T\u00fcrkiye"},"description":"Skechers spor ayakkab\u0131 \u00fcr\u00fcnleri ile rahatl\u0131\u011f\u0131 ve kaliteyi hisset!"}]}},"_links":{"self":[{"href":"https:\/\/www.skechers.com.tr\/blog\/wp-json\/wp\/v2\/posts\/2128"}],"collection":[{"href":"https:\/\/www.skechers.com.tr\/blog\/wp-json\/wp\/v2\/posts"}],"about":[{"href":"https:\/\/www.skechers.com.tr\/blog\/wp-json\/wp\/v2\/types\/post"}],"author":[{"embeddable":true,"href":"https:\/\/www.skechers.com.tr\/blog\/wp-json\/wp\/v2\/users\/1"}],"replies":[{"embeddable":true,"href":"https:\/\/www.skechers.com.tr\/blog\/wp-json\/wp\/v2\/comments?post=2128"}],"version-history":[{"count":7,"href":"https:\/\/www.skechers.com.tr\/blog\/wp-json\/wp\/v2\/posts\/2128\/revisions"}],"predecessor-version":[{"id":2943,"href":"https:\/\/www.skechers.com.tr\/blog\/wp-json\/wp\/v2\/posts\/2128\/revisions\/2943"}],"wp:featuredmedia":[{"embeddable":true,"href":"https:\/\/www.skechers.com.tr\/blog\/wp-json\/wp\/v2\/media\/2129"}],"wp:attachment":[{"href":"https:\/\/www.skechers.com.tr\/blog\/wp-json\/wp\/v2\/media?parent=2128"}],"wp:term":[{"taxonomy":"category","embeddable":true,"href":"https:\/\/www.skechers.com.tr\/blog\/wp-json\/wp\/v2\/categories?post=2128"},{"taxonomy":"post_tag","embeddable":true,"href":"https:\/\/www.skechers.com.tr\/blog\/wp-json\/wp\/v2\/tags?post=2128"}],"curies":[{"name":"wp","href":"https:\/\/api.w.org\/{rel}","templated":true}]}}