{"id":1971,"date":"2021-08-02T09:27:19","date_gmt":"2021-08-02T09:27:19","guid":{"rendered":"https:\/\/www.skechers.com.tr\/blog\/?p=1971"},"modified":"2021-08-12T18:04:37","modified_gmt":"2021-08-12T18:04:37","slug":"ss21-skechers-cocuk-sandalet-modelleri","status":"publish","type":"post","link":"https:\/\/www.skechers.com.tr\/blog\/ss21-skechers-cocuk-sandalet-modelleri\/","title":{"rendered":"SS21 Skechers \u00c7ocuk Sandalet Modelleri"},"content":{"rendered":"<p><span style=\"font-weight: 400;\">Yaz\u0131n dinamizmi, \u00e7ocuklar\u0131n u\u00e7suz bucaks\u0131z enerjisiyle bulu\u015fuyor. Yaz\u0131n s\u0131cak sahilleri dolduran, oyunlar\u0131yla sokaklara ne\u015fe salan \u00e7ocuklar, arad\u0131klar\u0131 rahatl\u0131\u011f\u0131 Skechers \u00e7ocuk sandalet modelleri ile buluyor. Hafiflik, \u015f\u0131kl\u0131k, ve konforla yaz i\u00e7in en ideal se\u00e7im olan sandaletler, \u00e7ocuklar\u0131n ayaklar\u0131n\u0131n nefes almas\u0131n\u0131 sa\u011fl\u0131yor. R\u00fczgarla bulu\u015fan ciltleri, s\u0131cak havada bile \u00e7ocuklar\u0131n \u00e7ok daha huzurlu hissetmelerine yard\u0131mc\u0131 oluyor. Oyunda, plajda, havuzda, gezide, evde giyilebilen erkek ve <\/span><a href=\"https:\/\/www.skechers.com.tr\/kiz-cocuk-sandalet-c-3004?utm_source=blog&amp;utm_id=ss21-skechers-cocuk-sandalet-modelleri&amp;utm_term=3004\"><span style=\"font-weight: 400;\">k\u0131z \u00e7ocuk sandalet<\/span><\/a><span style=\"font-weight: 400;\"> modelleri, \u00e7ocuklara \u00f6zg\u00fcrl\u00fck vadediyor.\u00a0<\/span><\/p>\n<p><span style=\"font-weight: 400;\">Skechers 2021 sezonu i\u00e7in haz\u0131rlad\u0131\u011f\u0131 birbirinden \u015f\u0131k \u00e7ocuk sandaletlerle, hem sezon trendlerini yans\u0131t\u0131yor hem de \u00e7ocuklar\u0131n al\u0131\u015fk\u0131n oldu\u011fu sportif ayakkab\u0131 konforunu sandalet formuyla birle\u015ftiriyor. \u00d6zel taban teknolojileri ve kaliteli tasar\u0131mlar\u0131yla ebeveynlerden tam not alan Skechers, \u00e7ocuk sandaletlerle yaz boyunda ayaklardan \u00e7\u0131km\u0131yor. Her yerde \u00e7ocuklar\u0131n en \u00f6zg\u00fcr, en keyifli ve rahat hareketlerine e\u015flik eden tasar\u0131mlar, yaz\u0131n en haval\u0131 isimlerinin imzas\u0131 oluyor. \u00c7ocuklar, rengarenk ayakkab\u0131lar\u0131yla sokak modas\u0131n\u0131 kombinlerinde ta\u015f\u0131yor.\u00a0<\/span><\/p>\n<h2><span style=\"font-weight: 400;\">2021 \u00c7ocuk Sandalet Trendleri\u00a0<\/span><\/h2>\n<ul>\n<li style=\"font-weight: 400;\" aria-level=\"1\"><span style=\"font-weight: 400;\">D\u00fcnya modas\u0131nda esteti\u011fin \u00f6nemi korunurken konfor da son y\u0131llarda \u00f6ne \u00e7\u0131k\u0131yor. Sadece \u015f\u0131k olmak de\u011fil, art\u0131k rahat hissetmek de modan\u0131n bir par\u00e7as\u0131n\u0131 olu\u015fturuyor. \u00c7ocuk sandalet modelleri de bu trendi yans\u0131t\u0131yor. \u00c7ocuklar\u0131n kolay giyece\u011fi, rahat hareket edece\u011fi tasar\u0131mlar, 2021 yaz\u0131na adeta damga vuruyor. C\u0131rt c\u0131rt bantl\u0131 ve d\u00fcz tabanl\u0131 \u00e7ocuk sandaletleri hemen her yerde g\u00f6rebilirsin.\u00a0<\/span><\/li>\n<li style=\"font-weight: 400;\" aria-level=\"1\"><span style=\"font-weight: 400;\">\u00c7ok fonksiyonlu tasar\u0131mlar vitrinlerde yerini al\u0131yor. Kullan\u0131\u015fl\u0131l\u0131k; k\u0131z ve <\/span><a href=\"https:\/\/www.skechers.com.tr\/erkek-cocuk-sandalet-c-3104?utm_source=blog&amp;utm_id=ss21-skechers-cocuk-sandalet-modelleri&amp;utm_term=3104\"><span style=\"font-weight: 400;\">erkek \u00e7ocuk sandalet<\/span><\/a><span style=\"font-weight: 400;\"> modelleri i\u00e7in aranan ilk \u00f6zellik halini al\u0131yor. Hem sandalet hem de yeri de\u011fi\u015ftirilebilen bant sayesinde terlik olan alternatifler \u00e7ok moda. \u00c7ocuklar ayn\u0131 ayakkab\u0131y\u0131 sandalet olarak kullan\u0131rken k\u00fc\u00e7\u00fck bir bant de\u011fi\u015fikli\u011fi ile an\u0131nda terli\u011fe d\u00f6n\u00fc\u015ft\u00fcrebiliyor.\u00a0<\/span><\/li>\n<li style=\"font-weight: 400;\" aria-level=\"1\"><span style=\"font-weight: 400;\">2021 \u00e7ocuk sandalet modas\u0131nda, yeti\u015fkin ayakkab\u0131lar\u0131na benzeyen daha sade tasar\u0131mlar \u00f6n plana \u00e7\u0131k\u0131yor. \u00c7ocuk ayakkab\u0131lar\u0131 yal\u0131n tasar\u0131mlar\u0131yla, bu sezon \u00e7ok daha fazla d\u00fczeyde yeti\u015fkin tasar\u0131mlar\u0131na benziyor. \u00d6rne\u011fin siyah ve <\/span><a href=\"https:\/\/www.skechers.com.tr\/kiz-cocuk-sandalet-c-3004?renk=beyaz&amp;utm_source=blog&amp;utm_id=ss21-skechers-cocuk-sandalet-modelleri&amp;utm_term=3004\"><span style=\"font-weight: 400;\">beyaz k\u0131z \u00e7ocuk sandalet <\/span><\/a><span style=\"font-weight: 400;\">modelleri, \u00e7ocuk kombinlerinde eskisinden \u00e7ok daha fazla kombinlerde yer al\u0131yor.\u00a0<\/span><\/li>\n<li style=\"font-weight: 400;\" aria-level=\"1\"><span style=\"font-weight: 400;\">Bask\u0131lar, desenler bu sezon her zamankinden \u00e7ok daha trend\u2026 \u00c7ocuk sandaletlerin \u00fczerinde rengarenk bask\u0131lar g\u00f6rmeye haz\u0131r m\u0131s\u0131n?\u00a0<\/span><\/li>\n<li style=\"font-weight: 400;\" aria-level=\"1\"><span style=\"font-weight: 400;\">Bal\u0131k\u00e7\u0131 stili sandaletler \u00e7ocuklar\u0131n ayaklar\u0131n\u0131 korurken bir yandan nefes ald\u0131rd\u0131\u011f\u0131 i\u00e7in her zaman klasikler aras\u0131nda yerini koruyor. 2021 y\u0131l\u0131nda ise bal\u0131k\u00e7\u0131 sandaletler trend \u00f6zelli\u011fi ta\u015f\u0131yor. \u00c7ocuklar i\u00e7in hem g\u00fcvenli hem de haval\u0131 olan burnu kapal\u0131, yanlar\u0131 a\u00e7\u0131k sandalet modellerini bu yaz daha \u00e7ok g\u00f6rebilirsin.\u00a0<\/span><\/li>\n<li style=\"font-weight: 400;\" aria-level=\"1\"><span style=\"font-weight: 400;\">I\u015f\u0131l \u0131\u015f\u0131l \u0131\u015f\u0131kl\u0131 sandaletler yine \u00e7ok moda. \u00c7ocuk sandalet modas\u0131n\u0131n vazge\u00e7ilmezlerinden olan \u0131\u015f\u0131kl\u0131 ayakkab\u0131larda bu sezon desenli d\u0131\u015f tabanlar ve renkli led \u0131\u015f\u0131klar dikkat \u00e7ekiyor.\u00a0<\/span><\/li>\n<li style=\"font-weight: 400;\" aria-level=\"1\"><span style=\"font-weight: 400;\">I\u015f\u0131kl\u0131 se\u00e7eneklerde de dikkatini \u00e7ekti\u011fi \u00fczere bu y\u0131l tabanlar\u0131n y\u0131l\u0131! Girintili \u00e7\u0131k\u0131nt\u0131l\u0131, e\u011flenceli d\u0131\u015f tabanlar sayadaki desenlerden rol \u00e7al\u0131yor. D\u0131\u015f tabandaki oyuntular, \u00e7ocuklara \u00e7ok daha dikkat \u00e7ekici bir stil arma\u011fan ediyor.\u00a0<\/span><\/li>\n<li style=\"font-weight: 400;\" aria-level=\"1\"><span style=\"font-weight: 400;\">Dijitalle\u015fmenin ba\u015frolde oldu\u011fu 2021 y\u0131l\u0131nda, teknolojiyi an\u0131msatan bask\u0131lar, tasar\u0131mlar \u00e7ocuk ayakkab\u0131lar\u0131nda bol bol g\u00f6r\u00fcl\u00fcyor. Sandaletlerde de yaz\u0131l\u0131m kodlar\u0131, piksel desenleri gibi alternatif bask\u0131lar g\u00f6rmeye haz\u0131rl\u0131kl\u0131 olmal\u0131s\u0131n.\u00a0<\/span><\/li>\n<\/ul>\n<figure id=\"attachment_1974\" aria-describedby=\"caption-attachment-1974\" style=\"width: 828px\" class=\"wp-caption aligncenter\"><img decoding=\"async\" loading=\"lazy\" class=\"size-full wp-image-1974\" src=\"https:\/\/www.skechers.com.tr\/blog\/wp-content\/uploads\/2021\/08\/2021-08-02_12-23-41-1.png\" alt=\"SS21 Skechers \u00c7ocuk Sandalet Modelleri\" width=\"828\" height=\"506\" srcset=\"https:\/\/www.skechers.com.tr\/blog\/wp-content\/uploads\/2021\/08\/2021-08-02_12-23-41-1.png 828w, https:\/\/www.skechers.com.tr\/blog\/wp-content\/uploads\/2021\/08\/2021-08-02_12-23-41-1-300x183.png 300w, https:\/\/www.skechers.com.tr\/blog\/wp-content\/uploads\/2021\/08\/2021-08-02_12-23-41-1-768x469.png 768w\" sizes=\"(max-width: 828px) 100vw, 828px\" \/><figcaption id=\"caption-attachment-1974\" class=\"wp-caption-text\">SS21 Skechers \u00c7ocuk Sandalet Modelleri<\/figcaption><\/figure>\n<h3><span style=\"font-weight: 400;\">Skechers \u00c7ocuk Sandalet Modelleri\u00a0<\/span><\/h3>\n<p><span style=\"font-weight: 400;\">Sezon trendlerini her tasar\u0131m\u0131yla birebir yans\u0131tan, \u00e7ocuklara son moda bir g\u00f6r\u00fcn\u00fcm\u00fcn s\u0131rr\u0131n\u0131 veren Skechers, modaya y\u00f6n veren \u00e7e\u015fitleriyle seninle. Skechers SS21 \u00e7ocuk sandalet modelleri aras\u0131nda neler var merak ediyor musun?\u00a0<\/span><\/p>\n<ul>\n<li style=\"font-weight: 400;\" aria-level=\"1\"><span style=\"font-weight: 400;\">C\u0131rt c\u0131rtl\u0131 kolay giyilen sandaletler, nefes alan kuma\u015f ve sentetik sayalar, \u00e7ocuklar i\u00e7in \u00f6zel tasarlanan tabanlar, Skechers\u2019ta seni bekliyor.\u00a0<\/span><\/li>\n<li style=\"font-weight: 400;\" aria-level=\"1\"><span style=\"font-weight: 400;\">Kullan\u0131\u015fl\u0131l\u0131k vadeden \u00e7ok i\u015flevli \u00fcr\u00fcnler bu sezon moda, elbette Skechers koleksiyonunda da fonksiyonel se\u00e7enekler mevcut. Skechers\u2019\u0131n \u00e7ocuk sandaletlerinde, arkas\u0131ndaki bant \u00f6ne do\u011fru al\u0131nabilen ve an\u0131nda terlik g\u00f6r\u00fcn\u00fcm\u00fcne kavu\u015fan se\u00e7enekleri bulabilirsin. \u0130stersen k\u0131z \u00e7ocuklar\u0131n g\u00f6zdesi olan<\/span><a href=\"https:\/\/www.skechers.com.tr\/kiz-cocuk-sandalet-c-3004?renk=pembe&amp;utm_source=blog&amp;utm_id=ss21-skechers-cocuk-sandalet-modelleri&amp;utm_term=3004\"><span style=\"font-weight: 400;\"> pembe sandalet<\/span><\/a><span style=\"font-weight: 400;\"> modellerine bakabilir, trendin \u00f6rneklerini inceleyebilirsin. Sandaletin an\u0131nda<\/span><a href=\"https:\/\/www.skechers.com.tr\/kiz-cocuk-terlik-c-3007?renk=pembe&amp;utm_source=blog&amp;utm_id=ss21-skechers-cocuk-sandalet-modelleri&amp;utm_term=3007\"><span style=\"font-weight: 400;\"> pembe terlik<\/span><\/a><span style=\"font-weight: 400;\"> oldu\u011funu g\u00f6rebilir, hemen k\u0131z\u0131n i\u00e7in bir tane sipari\u015f verebilirsin.<\/span><\/li>\n<li style=\"font-weight: 400;\" aria-level=\"1\"><span style=\"font-weight: 400;\">Skechers Foamies ailesi, yeti\u015fkin ve \u00e7ocuk sandalet modelleriyle yaz boyu en konforlu deneyimi ailelere arma\u011fan ediyor. EVA kullan\u0131lan hafif k\u00f6p\u00fck formu, yumu\u015fak sayas\u0131 ve \u015fok emici orta tabanla s\u0131radan tasar\u0131mlardan fazlas\u0131n\u0131 vadediyor. Sevimli tasar\u0131m\u0131, \u00fczerindeki e\u011flenceli ve rengarenk desenleri ile plajlar\u0131n g\u00f6zdesi olan modeller, hava alan \u00f6zelli\u011fi ile her ad\u0131mda serin hissetmeye imkan tan\u0131yor. \u00dcstelik makinede y\u0131kanabilme fonksiyonu da var. E\u011fer Foamies ailesinin en renkli modelini t\u00fcm detaylar\u0131yla incelemek istersen Heart Charmer &#8211; Photobomb \u00fcr\u00fcn\u00fcne bakabilirsin.\u00a0\u00a0<\/span><\/li>\n<li style=\"font-weight: 400;\" aria-level=\"1\"><span style=\"font-weight: 400;\">Bask\u0131lar\u0131n moda oldu\u011fu sezonda boya s\u0131\u00e7ramas\u0131 desenleriyle renklenen alternatifleri kolayl\u0131kla fark etmen m\u00fcmk\u00fcn. E\u011flenceli bask\u0131larla s\u00fcslenen \u00e7ocuk sandaletlerde Skechers\u2019\u0131n ikonik S logosunun da renklendirilmi\u015f farkl\u0131 formlar\u0131n\u0131 bulabilirsin.\u00a0<\/span><\/li>\n<li style=\"font-weight: 400;\" aria-level=\"1\"><span style=\"font-weight: 400;\">Bal\u0131k\u00e7\u0131 stili sandaletlerin moda olmas\u0131, Skechers koleksiyonunu takip eden ebeveynlerin y\u00fcz\u00fcn\u00fc g\u00fcld\u00fcr\u00fcyor. Sezonun en moda tasar\u0131m\u0131nda bir\u00e7ok alternatif k\u0131z ve erkek \u00e7ocuklar\u0131 bekliyor. \u00d6n\u00fc kapal\u0131, yan k\u0131s\u0131mlar\u0131 hava alacak \u015fekilde a\u00e7\u0131k olan bal\u0131k\u00e7\u0131 sandaletlerde bir\u00e7ok farkl\u0131 se\u00e7ene\u011fi inceleyebilirsin.\u00a0<\/span><\/li>\n<li style=\"font-weight: 400;\" aria-level=\"1\"><span style=\"font-weight: 400;\">Yeti\u015fkin modellerine benzeyen sade tasar\u0131ml\u0131 alternatifler de Skechers\u2019ta. Siyah ve beyaz gibi temel renklerde bir\u00e7ok se\u00e7enek bulabilir hatta benzer \u00e7ocuk ve <\/span><a href=\"https:\/\/www.skechers.com.tr\/kadin-sandalet-c-1008?utm_source=blog&amp;utm_id=ss21-skechers-cocuk-sandalet-modelleri&amp;utm_term=1008\"><span style=\"font-weight: 400;\">kad\u0131n sandalet<\/span><\/a><span style=\"font-weight: 400;\"> modelleriyle birbirinden \u015f\u0131k<\/span><a href=\"https:\/\/www.skechers.com.tr\/blog\/anne-kiz-kombinleri-nasil-yapilir\/\"><span style=\"font-weight: 400;\"> anne k\u0131z kombinleri<\/span><\/a><span style=\"font-weight: 400;\"> yapabilirsin.\u00a0<\/span><\/li>\n<li style=\"font-weight: 400;\" aria-level=\"1\"><span style=\"font-weight: 400;\">I\u015f\u0131kl\u0131 ayakkab\u0131larda d\u00fcnyan\u0131n ilk tercihi olan Skechers, sandalet \u00e7e\u015fitleriyle de \u0131\u015f\u0131k sa\u00e7\u0131yor. Modas\u0131 hi\u00e7 ge\u00e7meyen \u0131\u015f\u0131kl\u0131 \u00e7ocuk sandalet modellerini yeni sezon \u00a0 koleksiyonunda bulabilirsin. <\/span><a href=\"https:\/\/www.skechers.com.tr\/blog\/isikli-ayakkabi-alirken-nelere-dikkat-edilmelidir\/\"><span style=\"font-weight: 400;\">I\u015f\u0131kl\u0131 ayakkab\u0131 al\u0131rken nelere dikkat edilmeli <\/span><\/a><span style=\"font-weight: 400;\">\u00f6\u011frenmek i\u00e7in blog yaz\u0131m\u0131zdan destek alabilirsin.\u00a0<\/span><\/li>\n<li style=\"font-weight: 400;\" aria-level=\"1\"><span style=\"font-weight: 400;\">Dijital \u00e7a\u011f\u0131n yarat\u0131c\u0131 tasar\u0131mlar\u0131 da bilgisayar d\u00fcnyas\u0131ndan izler ta\u015f\u0131yor. Skechers\u2019\u0131n gelece\u011fin d\u00fcnyas\u0131n\u0131 \u00e7a\u011fr\u0131\u015ft\u0131ran \u00f6zel tasar\u0131ml\u0131 sandalet modellerinde piksel piksel g\u00f6r\u00fcn\u00fcm sergileyen modeli g\u00f6rebilirsin. \u0130lk bak\u0131\u015fta dikkat gerektiren, ilgi uyand\u0131ran sandalet tasar\u0131m\u0131yla \u00e7ocuklar\u0131n\u0131n \u00e7ok haval\u0131 g\u00f6r\u00fcnece\u011finden emin olabilirsin.\u00a0<\/span><\/li>\n<li style=\"font-weight: 400;\" aria-level=\"1\"><span style=\"font-weight: 400;\">Oymal\u0131 d\u0131\u015f tabanlar, k\u0131vr\u0131ml\u0131 hatlar\u0131yla \u00e7ocuklara e\u011flenceli bir ayakkab\u0131ya sahip olma imkan\u0131 tan\u0131yor. Kimi modellerde tabanlar, rengarenk led \u0131\u015f\u0131klarla tamamlan\u0131rken kimi, estetik girinti ve \u00e7\u0131k\u0131nt\u0131lar\u0131n renkli tasar\u0131mlar\u0131yla unutulmazlar aras\u0131nda yer al\u0131yor.\u00a0<\/span><\/li>\n<\/ul>\n<h3><span style=\"font-weight: 400;\">\u00c7ocuk Sandalet \u00d6zellikleri\u00a0<\/span><\/h3>\n<p><span style=\"font-weight: 400;\">Skechers \u00e7ocuk sandalet modelleri, t\u00fcm alternatiflerde sa\u011flam yer tutu\u015funu garanti ediyor. \u00c7ocuklar\u0131n ad\u0131mlar\u0131n\u0131 yere g\u00fc\u00e7l\u00fc atabilmesi, yere sa\u011flam basmas\u0131 i\u00e7in yer tutu\u015fu kuvvetli kau\u00e7uk ve k\u00f6p\u00fck tabanlar kullan\u0131l\u0131yor. Ebeveynlerin i\u00e7inin rahat etmesine yard\u0131mc\u0131 olacak bir di\u011fer teknik \u00f6zellik de orta taban destekleriyle ilgili. Skechers orta tabanda kulland\u0131\u011f\u0131 darbe etkisini azaltan \u00f6zel destekler sayesinde, sert ad\u0131mlar \u00e7ocuklar\u0131n ayaklar\u0131nda \u015fok etkisi yaratm\u0131yor. Ko\u015farken, oyun oynarken kimi zaman hareketlerinin sertli\u011fini fark\u0131na varamayan \u00e7ocuklar\u0131n ayaklar\u0131n\u0131n zarar g\u00f6rmemesi ad\u0131na orta taban destekleri b\u00fcy\u00fck \u00f6nem ta\u015f\u0131yor. Buna ek olarak Skechers\u2019\u0131n t\u00fcm \u00e7ocuk sandaletlerinde yumu\u015fak ve hafif kuma\u015flar kullan\u0131l\u0131yor. A\u011f\u0131rl\u0131k yapmayan, s\u00fcrt\u00fcnme nedeniyle aya\u011f\u0131 tahri\u015f etmeyen modeller, miniklerin rahatl\u0131\u011f\u0131n\u0131 sa\u011fl\u0131yor. Ayr\u0131ca nefes alan sandaletler ayaklar\u0131n s\u0131caklamas\u0131na engel oluyor, havas\u0131z kalma veya k\u00f6t\u00fc koku olu\u015fma sorunlar\u0131 ortadan kalk\u0131yor.\u00a0<\/span><\/p>\n<p><span style=\"font-weight: 400;\">E\u011fer \u00e7ocuklar\u0131n ayaklar\u0131n\u0131n sandaletle nas\u0131l korunaca\u011f\u0131 konusunda endi\u015fe duyuyorsan, bal\u0131k\u00e7\u0131 \u00e7ocuk sandaletlerine y\u00f6nelebilirsin. Burnunun kapal\u0131 olmas\u0131 nedeniyle \u00e7ocuklar\u0131n parmaklar\u0131n\u0131 vurma olas\u0131l\u0131\u011f\u0131n\u0131 \u00e7ok daha aza indiren bal\u0131k\u00e7\u0131 modeller, Skechers \u00e7ocuk sandaletleri aras\u0131nda bulunuyor. \u00c7ocuk sandaletlerin, ebeveynleri memnun edecek bir di\u011fer \u00f6zelli\u011fi ise giyim kolayl\u0131\u011f\u0131. C\u0131rt c\u0131rt bantlar\u0131yla kolay giyilen sandaletler, bir\u00e7ok \u00e7ocuk taraf\u0131ndan aya\u011fa ge\u00e7irilebiliyor. Ayakkab\u0131lar\u0131n\u0131 kendileri giymeye al\u0131\u015fan \u00e7ocuklar\u0131n el ve g\u00f6z koordinasyonlar\u0131n\u0131n geli\u015fimi destekleniyor. Son olarak, Skechers \u00e7ocuk sandaletlerin hi\u00e7birinde, \u00e7ocuk sa\u011fl\u0131\u011f\u0131na zararl\u0131 herhangi bir boya, kimyasal veya katk\u0131 maddesi kullan\u0131lm\u0131yor. \u00c7ocuklar\u0131n kullanabilece\u011fi \u00fcr\u00fcnlerin, d\u00fcnya \u00e7ap\u0131ndaki standartlar\u0131 g\u00f6z \u00f6n\u00fcne al\u0131narak \u00fcretilen ve bug\u00fcn d\u00fcnyan\u0131n y\u00fczlerce \u00fclkesinde ebeveynlerin tercihi olan Skechers \u00e7ocuk sandalet modelleri, ailelerden tam puan al\u0131yor.\u00a0<\/span><\/p>\n<p><span style=\"font-weight: 400;\">Sen de \u00e7ocu\u011funun yaz boyunca rahat hareket etmesi, ayaklar\u0131n\u0131 konforlu hissetmesi, \u015f\u0131k ve haval\u0131 g\u00f6r\u00fcnmesi i\u00e7in ona \u00e7ocuk sandaletler alabilirsin. Skechers \u00e7ocuk sandalet modellerini hemen sipari\u015f verebilir, \u00e7ocu\u011funa bu yaz rahatl\u0131\u011f\u0131 arma\u011fan edebilirsin.\u00a0<\/span><\/p>\n","protected":false},"excerpt":{"rendered":"<p>Yaz\u0131n dinamizmi, \u00e7ocuklar\u0131n u\u00e7suz bucaks\u0131z enerjisiyle bulu\u015fuyor. Yaz\u0131n s\u0131cak sahilleri dolduran, oyunlar\u0131yla sokaklara ne\u015fe salan \u00e7ocuklar, arad\u0131klar\u0131 rahatl\u0131\u011f\u0131 Skechers \u00e7ocuk sandalet modelleri ile buluyor. Hafiflik, \u015f\u0131kl\u0131k, ve konforla yaz i\u00e7in en ideal se\u00e7im olan sandaletler, \u00e7ocuklar\u0131n ayaklar\u0131n\u0131n nefes almas\u0131n\u0131 sa\u011fl\u0131yor. R\u00fczgarla bulu\u015fan ciltleri, s\u0131cak havada bile \u00e7ocuklar\u0131n \u00e7ok daha huzurlu hissetmelerine yard\u0131mc\u0131 oluyor. Oyunda, plajda, [&hellip;]<\/p>\n","protected":false},"author":1,"featured_media":1999,"comment_status":"open","ping_status":"open","sticky":false,"template":"","format":"standard","meta":[],"categories":[4],"tags":[],"yoast_head":"<!-- This site is optimized with the Yoast SEO plugin v18.5.1 - https:\/\/yoast.com\/wordpress\/plugins\/seo\/ -->\n<title>SS21 Skechers \u00c7ocuk Sandalet Modelleri - Skechers Blog<\/title>\n<meta name=\"description\" content=\"Skechers \u00e7ocuk sandalet modelleri SS21 sezonunda da haval\u0131 g\u00f6r\u00fcnmenin ve rahat hissetmenin s\u0131rr\u0131. SS21 Skechers \u00e7ocuk sandaletler i\u00e7in t\u0131kla!\" \/>\n<meta name=\"robots\" content=\"index, follow, max-snippet:-1, max-image-preview:large, max-video-preview:-1\" \/>\n<link rel=\"canonical\" href=\"https:\/\/www.skechers.com.tr\/blog\/ss21-skechers-cocuk-sandalet-modelleri\/\" \/>\n<meta property=\"og:locale\" content=\"tr_TR\" \/>\n<meta property=\"og:type\" content=\"article\" \/>\n<meta property=\"og:title\" content=\"SS21 Skechers \u00c7ocuk Sandalet Modelleri - Skechers Blog\" \/>\n<meta property=\"og:description\" content=\"Skechers \u00e7ocuk sandalet modelleri SS21 sezonunda da haval\u0131 g\u00f6r\u00fcnmenin ve rahat hissetmenin s\u0131rr\u0131. SS21 Skechers \u00e7ocuk sandaletler i\u00e7in t\u0131kla!\" \/>\n<meta property=\"og:url\" content=\"https:\/\/www.skechers.com.tr\/blog\/ss21-skechers-cocuk-sandalet-modelleri\/\" \/>\n<meta property=\"og:site_name\" content=\"Skechers Blog\" \/>\n<meta property=\"article:published_time\" content=\"2021-08-02T09:27:19+00:00\" \/>\n<meta property=\"article:modified_time\" content=\"2021-08-12T18:04:37+00:00\" \/>\n<meta property=\"og:image\" content=\"https:\/\/www.skechers.com.tr\/blog\/wp-content\/uploads\/2021\/08\/cocuk_sandalet.gif\" \/>\n\t<meta property=\"og:image:width\" content=\"600\" \/>\n\t<meta property=\"og:image:height\" content=\"300\" \/>\n\t<meta property=\"og:image:type\" content=\"image\/gif\" \/>\n<meta name=\"twitter:card\" content=\"summary_large_image\" \/>\n<meta name=\"twitter:label1\" content=\"Yazan:\" \/>\n\t<meta name=\"twitter:data1\" content=\"Skechers T\u00fcrkiye\" \/>\n\t<meta name=\"twitter:label2\" content=\"Tahmini okuma s\u00fcresi\" \/>\n\t<meta name=\"twitter:data2\" content=\"5 dakika\" \/>\n<script type=\"application\/ld+json\" class=\"yoast-schema-graph\">{\"@context\":\"https:\/\/schema.org\",\"@graph\":[{\"@type\":\"WebSite\",\"@id\":\"https:\/\/www.skechers.com.tr\/blog\/#website\",\"url\":\"https:\/\/www.skechers.com.tr\/blog\/\",\"name\":\"Skechers Blog\",\"description\":\"Skechers\",\"potentialAction\":[{\"@type\":\"SearchAction\",\"target\":{\"@type\":\"EntryPoint\",\"urlTemplate\":\"https:\/\/www.skechers.com.tr\/blog\/?s={search_term_string}\"},\"query-input\":\"required name=search_term_string\"}],\"inLanguage\":\"tr\"},{\"@type\":\"ImageObject\",\"@id\":\"https:\/\/www.skechers.com.tr\/blog\/ss21-skechers-cocuk-sandalet-modelleri\/#primaryimage\",\"inLanguage\":\"tr\",\"url\":\"https:\/\/www.skechers.com.tr\/blog\/wp-content\/uploads\/2021\/08\/cocuk_sandalet.gif\",\"contentUrl\":\"https:\/\/www.skechers.com.tr\/blog\/wp-content\/uploads\/2021\/08\/cocuk_sandalet.gif\",\"width\":600,\"height\":300,\"caption\":\"\u00c7ocuk Sandaletler\"},{\"@type\":\"WebPage\",\"@id\":\"https:\/\/www.skechers.com.tr\/blog\/ss21-skechers-cocuk-sandalet-modelleri\/#webpage\",\"url\":\"https:\/\/www.skechers.com.tr\/blog\/ss21-skechers-cocuk-sandalet-modelleri\/\",\"name\":\"SS21 Skechers \u00c7ocuk Sandalet Modelleri - Skechers Blog\",\"isPartOf\":{\"@id\":\"https:\/\/www.skechers.com.tr\/blog\/#website\"},\"primaryImageOfPage\":{\"@id\":\"https:\/\/www.skechers.com.tr\/blog\/ss21-skechers-cocuk-sandalet-modelleri\/#primaryimage\"},\"datePublished\":\"2021-08-02T09:27:19+00:00\",\"dateModified\":\"2021-08-12T18:04:37+00:00\",\"author\":{\"@id\":\"https:\/\/www.skechers.com.tr\/blog\/#\/schema\/person\/6d09a0595696524814757d23d22b4c33\"},\"description\":\"Skechers \u00e7ocuk sandalet modelleri SS21 sezonunda da haval\u0131 g\u00f6r\u00fcnmenin ve rahat hissetmenin s\u0131rr\u0131. SS21 Skechers \u00e7ocuk sandaletler i\u00e7in t\u0131kla!\",\"breadcrumb\":{\"@id\":\"https:\/\/www.skechers.com.tr\/blog\/ss21-skechers-cocuk-sandalet-modelleri\/#breadcrumb\"},\"inLanguage\":\"tr\",\"potentialAction\":[{\"@type\":\"ReadAction\",\"target\":[\"https:\/\/www.skechers.com.tr\/blog\/ss21-skechers-cocuk-sandalet-modelleri\/\"]}]},{\"@type\":\"BreadcrumbList\",\"@id\":\"https:\/\/www.skechers.com.tr\/blog\/ss21-skechers-cocuk-sandalet-modelleri\/#breadcrumb\",\"itemListElement\":[{\"@type\":\"ListItem\",\"position\":1,\"name\":\"SS21 Skechers \u00c7ocuk Sandalet Modelleri\"}]},{\"@type\":\"Person\",\"@id\":\"https:\/\/www.skechers.com.tr\/blog\/#\/schema\/person\/6d09a0595696524814757d23d22b4c33\",\"name\":\"Skechers T\u00fcrkiye\",\"image\":{\"@type\":\"ImageObject\",\"@id\":\"https:\/\/www.skechers.com.tr\/blog\/#personlogo\",\"inLanguage\":\"tr\",\"url\":\"https:\/\/secure.gravatar.com\/avatar\/0fc2191869a9a020b4606acf264338ae?s=96&d=mm&r=g\",\"contentUrl\":\"https:\/\/secure.gravatar.com\/avatar\/0fc2191869a9a020b4606acf264338ae?s=96&d=mm&r=g\",\"caption\":\"Skechers T\u00fcrkiye\"},\"description\":\"Skechers spor ayakkab\u0131 \u00fcr\u00fcnleri ile rahatl\u0131\u011f\u0131 ve kaliteyi hisset!\"}]}<\/script>\n<!-- \/ Yoast SEO plugin. -->","yoast_head_json":{"title":"SS21 Skechers \u00c7ocuk Sandalet Modelleri - Skechers Blog","description":"Skechers \u00e7ocuk sandalet modelleri SS21 sezonunda da haval\u0131 g\u00f6r\u00fcnmenin ve rahat hissetmenin s\u0131rr\u0131. SS21 Skechers \u00e7ocuk sandaletler i\u00e7in t\u0131kla!","robots":{"index":"index","follow":"follow","max-snippet":"max-snippet:-1","max-image-preview":"max-image-preview:large","max-video-preview":"max-video-preview:-1"},"canonical":"https:\/\/www.skechers.com.tr\/blog\/ss21-skechers-cocuk-sandalet-modelleri\/","og_locale":"tr_TR","og_type":"article","og_title":"SS21 Skechers \u00c7ocuk Sandalet Modelleri - Skechers Blog","og_description":"Skechers \u00e7ocuk sandalet modelleri SS21 sezonunda da haval\u0131 g\u00f6r\u00fcnmenin ve rahat hissetmenin s\u0131rr\u0131. SS21 Skechers \u00e7ocuk sandaletler i\u00e7in t\u0131kla!","og_url":"https:\/\/www.skechers.com.tr\/blog\/ss21-skechers-cocuk-sandalet-modelleri\/","og_site_name":"Skechers Blog","article_published_time":"2021-08-02T09:27:19+00:00","article_modified_time":"2021-08-12T18:04:37+00:00","og_image":[{"width":600,"height":300,"url":"https:\/\/www.skechers.com.tr\/blog\/wp-content\/uploads\/2021\/08\/cocuk_sandalet.gif","type":"image\/gif"}],"twitter_card":"summary_large_image","twitter_misc":{"Yazan:":"Skechers T\u00fcrkiye","Tahmini okuma s\u00fcresi":"5 dakika"},"schema":{"@context":"https:\/\/schema.org","@graph":[{"@type":"WebSite","@id":"https:\/\/www.skechers.com.tr\/blog\/#website","url":"https:\/\/www.skechers.com.tr\/blog\/","name":"Skechers Blog","description":"Skechers","potentialAction":[{"@type":"SearchAction","target":{"@type":"EntryPoint","urlTemplate":"https:\/\/www.skechers.com.tr\/blog\/?s={search_term_string}"},"query-input":"required name=search_term_string"}],"inLanguage":"tr"},{"@type":"ImageObject","@id":"https:\/\/www.skechers.com.tr\/blog\/ss21-skechers-cocuk-sandalet-modelleri\/#primaryimage","inLanguage":"tr","url":"https:\/\/www.skechers.com.tr\/blog\/wp-content\/uploads\/2021\/08\/cocuk_sandalet.gif","contentUrl":"https:\/\/www.skechers.com.tr\/blog\/wp-content\/uploads\/2021\/08\/cocuk_sandalet.gif","width":600,"height":300,"caption":"\u00c7ocuk Sandaletler"},{"@type":"WebPage","@id":"https:\/\/www.skechers.com.tr\/blog\/ss21-skechers-cocuk-sandalet-modelleri\/#webpage","url":"https:\/\/www.skechers.com.tr\/blog\/ss21-skechers-cocuk-sandalet-modelleri\/","name":"SS21 Skechers \u00c7ocuk Sandalet Modelleri - Skechers Blog","isPartOf":{"@id":"https:\/\/www.skechers.com.tr\/blog\/#website"},"primaryImageOfPage":{"@id":"https:\/\/www.skechers.com.tr\/blog\/ss21-skechers-cocuk-sandalet-modelleri\/#primaryimage"},"datePublished":"2021-08-02T09:27:19+00:00","dateModified":"2021-08-12T18:04:37+00:00","author":{"@id":"https:\/\/www.skechers.com.tr\/blog\/#\/schema\/person\/6d09a0595696524814757d23d22b4c33"},"description":"Skechers \u00e7ocuk sandalet modelleri SS21 sezonunda da haval\u0131 g\u00f6r\u00fcnmenin ve rahat hissetmenin s\u0131rr\u0131. SS21 Skechers \u00e7ocuk sandaletler i\u00e7in t\u0131kla!","breadcrumb":{"@id":"https:\/\/www.skechers.com.tr\/blog\/ss21-skechers-cocuk-sandalet-modelleri\/#breadcrumb"},"inLanguage":"tr","potentialAction":[{"@type":"ReadAction","target":["https:\/\/www.skechers.com.tr\/blog\/ss21-skechers-cocuk-sandalet-modelleri\/"]}]},{"@type":"BreadcrumbList","@id":"https:\/\/www.skechers.com.tr\/blog\/ss21-skechers-cocuk-sandalet-modelleri\/#breadcrumb","itemListElement":[{"@type":"ListItem","position":1,"name":"SS21 Skechers \u00c7ocuk Sandalet Modelleri"}]},{"@type":"Person","@id":"https:\/\/www.skechers.com.tr\/blog\/#\/schema\/person\/6d09a0595696524814757d23d22b4c33","name":"Skechers T\u00fcrkiye","image":{"@type":"ImageObject","@id":"https:\/\/www.skechers.com.tr\/blog\/#personlogo","inLanguage":"tr","url":"https:\/\/secure.gravatar.com\/avatar\/0fc2191869a9a020b4606acf264338ae?s=96&d=mm&r=g","contentUrl":"https:\/\/secure.gravatar.com\/avatar\/0fc2191869a9a020b4606acf264338ae?s=96&d=mm&r=g","caption":"Skechers T\u00fcrkiye"},"description":"Skechers spor ayakkab\u0131 \u00fcr\u00fcnleri ile rahatl\u0131\u011f\u0131 ve kaliteyi hisset!"}]}},"_links":{"self":[{"href":"https:\/\/www.skechers.com.tr\/blog\/wp-json\/wp\/v2\/posts\/1971"}],"collection":[{"href":"https:\/\/www.skechers.com.tr\/blog\/wp-json\/wp\/v2\/posts"}],"about":[{"href":"https:\/\/www.skechers.com.tr\/blog\/wp-json\/wp\/v2\/types\/post"}],"author":[{"embeddable":true,"href":"https:\/\/www.skechers.com.tr\/blog\/wp-json\/wp\/v2\/users\/1"}],"replies":[{"embeddable":true,"href":"https:\/\/www.skechers.com.tr\/blog\/wp-json\/wp\/v2\/comments?post=1971"}],"version-history":[{"count":2,"href":"https:\/\/www.skechers.com.tr\/blog\/wp-json\/wp\/v2\/posts\/1971\/revisions"}],"predecessor-version":[{"id":2000,"href":"https:\/\/www.skechers.com.tr\/blog\/wp-json\/wp\/v2\/posts\/1971\/revisions\/2000"}],"wp:featuredmedia":[{"embeddable":true,"href":"https:\/\/www.skechers.com.tr\/blog\/wp-json\/wp\/v2\/media\/1999"}],"wp:attachment":[{"href":"https:\/\/www.skechers.com.tr\/blog\/wp-json\/wp\/v2\/media?parent=1971"}],"wp:term":[{"taxonomy":"category","embeddable":true,"href":"https:\/\/www.skechers.com.tr\/blog\/wp-json\/wp\/v2\/categories?post=1971"},{"taxonomy":"post_tag","embeddable":true,"href":"https:\/\/www.skechers.com.tr\/blog\/wp-json\/wp\/v2\/tags?post=1971"}],"curies":[{"name":"wp","href":"https:\/\/api.w.org\/{rel}","templated":true}]}}