{"id":1722,"date":"2021-05-24T10:47:38","date_gmt":"2021-05-24T10:47:38","guid":{"rendered":"https:\/\/www.skechers.com.tr\/blog\/?p=1722"},"modified":"2021-06-01T12:12:12","modified_gmt":"2021-06-01T12:12:12","slug":"skechers-ayakkabi-kalibi","status":"publish","type":"post","link":"https:\/\/www.skechers.com.tr\/blog\/skechers-ayakkabi-kalibi\/","title":{"rendered":"Skechers Ayakkab\u0131 Kal\u0131b\u0131"},"content":{"rendered":"<p><span style=\"font-weight: 400;\">Daha \u00f6nce Skechers ayakkab\u0131 kullanmayan ki\u015filer, ayakkab\u0131 al\u0131rken Skechers ayakkab\u0131 kal\u0131b\u0131 nas\u0131ld\u0131r, dar m\u0131d\u0131r, geni\u015f midir gibi sorular sorabiliyor. Yanl\u0131\u015f numara ayakkab\u0131 se\u00e7iminin yaratt\u0131\u011f\u0131 sorunlar, yaln\u0131z ayakkab\u0131 deformasyonuna yol a\u00e7m\u0131yor, insan sa\u011fl\u0131\u011f\u0131 i\u00e7in de risk olu\u015fturuyor. Ayakkab\u0131 se\u00e7erken do\u011fru numaray\u0131 bulabilmek, uygun kal\u0131b\u0131 se\u00e7mek i\u00e7in notlar\u0131m\u0131z\u0131 dikkate alabilirsin.<\/span><\/p>\n<h2><span style=\"font-weight: 400;\">Skechers Ayakkab\u0131 Kal\u0131b\u0131 Dar m\u0131d\u0131r?\u00a0<\/span><\/h2>\n<p><span style=\"font-weight: 400;\">Skechers ayakkab\u0131 kal\u0131plar\u0131 genel standartlara g\u00f6re belirleniyor ancak yap\u0131lacak aktiviteye, en s\u0131k rastlanan ayak \u015fekillerine, ayakkab\u0131dan beklentilere g\u00f6re farkl\u0131 kal\u0131plarda ayakkab\u0131lara rastlanabiliyor. Bu bilgileri (e\u011fer \u00f6zel bir kal\u0131p varsa) Skechers \u00fcr\u00fcnlerinin detay sayfalar\u0131nda, ayakkab\u0131 bilgileri i\u00e7inde g\u00f6rebilirsin. Skechers ayakkab\u0131 se\u00e7erken, standart bir ayakkab\u0131 al\u0131yorsan, beden tablosu \u00fczerinden ilerlemelisin. Beden tablosu nas\u0131l okunur, do\u011fru ayakkab\u0131 nas\u0131l se\u00e7ilir detaylar\u0131yla yaz\u0131m\u0131z\u0131n ilerleyen b\u00f6l\u00fcmlerinden \u00f6\u011frenebilirsin.\u00a0<\/span><\/p>\n<h3><span style=\"font-weight: 400;\">Skechers Ayakkab\u0131 Kal\u0131b\u0131 Geni\u015f midir?<\/span><\/h3>\n<p><span style=\"font-weight: 400;\">Skechers ayakkab\u0131lar standart kal\u0131plarla haz\u0131rlan\u0131yor, kimi serilerde ise geni\u015f kal\u0131plar kullan\u0131larak kullan\u0131c\u0131lar bilgilendiriliyor. \u00dcr\u00fcn \u00f6zellikleri i\u00e7ine \u00f6zellikle not d\u00fc\u015f\u00fclen Skechers ayakkab\u0131 kal\u0131plar\u0131, 4 \u00e7e\u015fitle inceleniyor. Bu bilgiler \u0131\u015f\u0131\u011f\u0131nda ayaklar\u0131n geni\u015fli\u011fine g\u00f6re do\u011fru kal\u0131p bulunabiliyor:\u00a0<\/span><\/p>\n<ul>\n<li style=\"font-weight: 400;\" aria-level=\"1\"><span style=\"font-weight: 400;\">Classic Fit: Skechers\u2019\u0131n standart kal\u0131plar\u0131, uluslararas\u0131 etiketlerde Classic Fit ad\u0131yla an\u0131l\u0131yor. Standart ayakkab\u0131 kal\u0131b\u0131, al\u0131c\u0131lar\u0131n bir\u00e7o\u011funa uyuyor ve ayakkab\u0131larda en s\u0131k rastlanan kal\u0131p \u00e7e\u015fidini olu\u015fturuyor. Ayakkab\u0131n\u0131n \u00fcst kemeri, boy uzunlu\u011fu, \u00f6n k\u0131sm\u0131n\u0131n geni\u015fli\u011fi, kullan\u0131c\u0131lar\u0131n hemen hemen hepsine uyan genel standart \u00f6l\u00e7\u00fcleri i\u015faret ediyor. E\u011fer<\/span><a href=\"https:\/\/www.skechers.com.tr\/blog\/tarakli-ayaklar-icin-ideal-ayakkabi-nasil-olur\/\"><span style=\"font-weight: 400;\"> tarakl\u0131 ayak <\/span><\/a><span style=\"font-weight: 400;\">problemine sahip de\u011filsen rahatl\u0131kla Classic Fit ayakkab\u0131lar\u0131n sana uygun numaras\u0131n\u0131 alabilirsin. E\u011fer \u00fcr\u00fcn \u00f6zelliklerinde kal\u0131ba dair bir ifade g\u00f6rm\u00fcyorsan, ayakkab\u0131n\u0131n Classic Fit kal\u0131pta oldu\u011funu d\u00fc\u015f\u00fcnebilirsin.\u00a0<\/span><\/li>\n<\/ul>\n<figure id=\"attachment_1724\" aria-describedby=\"caption-attachment-1724\" style=\"width: 828px\" class=\"wp-caption aligncenter\"><img decoding=\"async\" loading=\"lazy\" class=\"size-full wp-image-1724\" src=\"https:\/\/www.skechers.com.tr\/blog\/wp-content\/uploads\/2021\/05\/relaxed-fit-2.jpg\" alt=\"Skechers Ayakkab\u0131 Kal\u0131b\u0131 Dar m\u0131d\u0131r?\u00a0\" width=\"828\" height=\"414\" srcset=\"https:\/\/www.skechers.com.tr\/blog\/wp-content\/uploads\/2021\/05\/relaxed-fit-2.jpg 828w, https:\/\/www.skechers.com.tr\/blog\/wp-content\/uploads\/2021\/05\/relaxed-fit-2-300x150.jpg 300w, https:\/\/www.skechers.com.tr\/blog\/wp-content\/uploads\/2021\/05\/relaxed-fit-2-768x384.jpg 768w\" sizes=\"(max-width: 828px) 100vw, 828px\" \/><figcaption id=\"caption-attachment-1724\" class=\"wp-caption-text\">Skechers Ayakkab\u0131 Kal\u0131b\u0131 Dar m\u0131d\u0131r?<\/figcaption><\/figure>\n<ul>\n<li style=\"font-weight: 400;\" aria-level=\"1\"><span style=\"font-weight: 400;\">Relaxed Fit: Skechers\u2019\u0131n \u00f6zellikle y\u00fcr\u00fcy\u00fc\u015f ayakkab\u0131lar\u0131 ve <\/span><a href=\"https:\/\/www.skechers.com.tr\/erkek-casual-ayakkabi-c-2024?utm_source=blog&amp;utm_medium=content&amp;utm_campaign=skechers-ayakkabi-kalibi&amp;utm_term=2024\"><span style=\"font-weight: 400;\">casual ayakkab\u0131 <\/span><\/a><span style=\"font-weight: 400;\">modellerinde g\u00f6r\u00fclen kal\u0131b\u0131 relaxed fit tasar\u0131m\u0131nda, \u00f6n k\u0131s\u0131m standart modellerden biraz daha geni\u015f oluyor. Y\u00fcr\u00fcrken a\u00e7\u0131lan tarak kemi\u011finin rahats\u0131z olmamas\u0131 i\u00e7in tasarlanan modellerin burun k\u0131sm\u0131 hafif\u00e7e daha geni\u015f olmas\u0131yla di\u011ferlerinden ayr\u0131l\u0131yor. E\u011fer se\u00e7ti\u011fin ayakkab\u0131n\u0131n \u00f6zelliklerinde relaxed fit yazd\u0131\u011f\u0131n\u0131 g\u00f6r\u00fcrsen, ayakkab\u0131 uzunlu\u011funun numarana uygun ancak \u00f6n k\u0131sm\u0131n\u0131n biraz daha geni\u015f oldu\u011funu anlayabilirsin. Bu modeller, hafif tarakl\u0131 kemik yap\u0131s\u0131na sahip kullan\u0131c\u0131lar taraf\u0131ndan da tercih ediliyor. Ayakkab\u0131n\u0131n topuk k\u0131sm\u0131 geni\u015fli\u011finin ise klasik kal\u0131ptan fark\u0131 bulunmuyor.\u00a0<\/span><\/li>\n<li style=\"font-weight: 400;\" aria-level=\"1\"><span style=\"font-weight: 400;\">Wide Fit: Kal\u0131b\u0131 geni\u015f ayakkab\u0131 olarak tarif edebilece\u011fimiz wide fit se\u00e7enekler daha az say\u0131da ayakkab\u0131da bulunuyor. Hem burun hem de topuk b\u00f6l\u00fcm\u00fc daha geni\u015f olan ayakkab\u0131lar\u0131n boy uzunlu\u011fu ise klasik numaralarla uyumlu g\u00f6r\u00fcn\u00fcyor. \u00d6zellikle kilolu ki\u015filerin ve ayak kemik yap\u0131s\u0131 geni\u015f kullan\u0131c\u0131lar\u0131n rahat etmesine yard\u0131mc\u0131 olan ayakkab\u0131lar, \u00fcr\u00fcn \u00f6zelliklerinde \u201cWide Fit\u201d ifadesi ile belirtiliyor.\u00a0<\/span><\/li>\n<li style=\"font-weight: 400;\" aria-level=\"1\"><span style=\"font-weight: 400;\">Extra Wide Fit: Extra Wide Fit ad\u0131yla \u00fcr\u00fcn \u00f6zellikleri i\u00e7inde belirtilen kal\u0131plar, \u00e7ok geni\u015f olarak dilimize \u00e7evriliyor. Bu kal\u0131plarda olan ayakkab\u0131lar\u0131n hem burun hem de topuk b\u00f6l\u00fcm\u00fcn\u00fcn eni geni\u015fliyor. \u00d6zellikle ayakkab\u0131lar\u0131 yandan s\u0131kan, \u00e7ok tarakl\u0131 olan, kilolu veya kemik yap\u0131s\u0131 geni\u015f ki\u015filer i\u00e7in tasarlan\u0131yor. Extra wide fit, toplumda \u00e7ok az say\u0131da ki\u015finin gereksinim duydu\u011fu \u00e7ok geni\u015f kal\u0131pta bulundu\u011fu i\u00e7in az say\u0131da \u00fcr\u00fcnde kar\u015f\u0131m\u0131za \u00e7\u0131k\u0131yor. Extra wide fit ayakkab\u0131lar\u0131n da boy uzunlu\u011fu klasik kal\u0131p ile ayn\u0131 oluyor.\u00a0<\/span><\/li>\n<\/ul>\n<p><span style=\"font-weight: 400;\">Bu bilgiler \u0131\u015f\u0131\u011f\u0131nda Skechers ayakkab\u0131lar\u0131n genel kal\u0131plar\u0131n\u0131n standartlara uygun oldu\u011fu g\u00f6r\u00fcl\u00fcyor. Ancak farkl\u0131 ayak \u015fekillerine uygun en a\u00e7\u0131s\u0131ndan geni\u015f kal\u0131p se\u00e7eneklerinin, koleksiyon i\u00e7inde ayakkab\u0131 bilgileri incelenerek bulunabilece\u011finin alt\u0131 \u00e7iziliyor.\u00a0<\/span><\/p>\n<p><a href=\"https:\/\/www.skechers.com.tr\/yuruyus-ayakkabilari-c-6002\"><img decoding=\"async\" loading=\"lazy\" class=\"size-full wp-image-1448 alignnone\" src=\"https:\/\/www.skechers.com.tr\/blog\/wp-content\/uploads\/2021\/05\/yuruyus-ayakkabi-blog-cta.jpg\" alt=\"\" width=\"550\" height=\"117\" srcset=\"https:\/\/www.skechers.com.tr\/blog\/wp-content\/uploads\/2021\/05\/yuruyus-ayakkabi-blog-cta.jpg 550w, https:\/\/www.skechers.com.tr\/blog\/wp-content\/uploads\/2021\/05\/yuruyus-ayakkabi-blog-cta-300x64.jpg 300w\" sizes=\"(max-width: 550px) 100vw, 550px\" \/><\/a><\/p>\n<figure id=\"attachment_1725\" aria-describedby=\"caption-attachment-1725\" style=\"width: 828px\" class=\"wp-caption aligncenter\"><img decoding=\"async\" loading=\"lazy\" class=\"size-full wp-image-1725\" src=\"https:\/\/www.skechers.com.tr\/blog\/wp-content\/uploads\/2021\/05\/fr1.jpg\" alt=\"Skechers Ayakkab\u0131 Kal\u0131b\u0131 Geni\u015f midir?\" width=\"828\" height=\"414\" srcset=\"https:\/\/www.skechers.com.tr\/blog\/wp-content\/uploads\/2021\/05\/fr1.jpg 828w, https:\/\/www.skechers.com.tr\/blog\/wp-content\/uploads\/2021\/05\/fr1-300x150.jpg 300w, https:\/\/www.skechers.com.tr\/blog\/wp-content\/uploads\/2021\/05\/fr1-768x384.jpg 768w\" sizes=\"(max-width: 828px) 100vw, 828px\" \/><figcaption id=\"caption-attachment-1725\" class=\"wp-caption-text\">Skechers Ayakkab\u0131 Kal\u0131b\u0131 Geni\u015f midir?<\/figcaption><\/figure>\n<h3><span style=\"font-weight: 400;\">Skechers Ayakkab\u0131 Beden Tablosu var m\u0131d\u0131r?<\/span><\/h3>\n<p><span style=\"font-weight: 400;\">Skechers ayakkab\u0131 beden tablosu, kad\u0131n, erkek ve \u00e7ocuklar i\u00e7in farkl\u0131 oluyor. Beden tablosunda USA, UK, EUROPE ve CM s\u00fctunlar\u0131 \u00fczerinden bilgiler payla\u015f\u0131l\u0131yor. Skechers beden tablosundaki bilgiler ayaklar\u0131n uzunlu\u011funa g\u00f6re ayakkab\u0131 numaras\u0131n\u0131n belirlenmesine yard\u0131mc\u0131 oluyor. Beden tablosu okunurken \u015fu noktalara dikkat ederek do\u011fru ayakkab\u0131y\u0131 bulabilirsin:<\/span><\/p>\n<ul>\n<li style=\"font-weight: 400;\" aria-level=\"1\"><span style=\"font-weight: 400;\">USA, Amerika\u2019da kullan\u0131lan ayakkab\u0131 numara standartlar\u0131n\u0131 ifade ediyor. Yeti\u015fkin modellerinde 5 ile 17 aras\u0131nda de\u011fi\u015fen numaralar, kullan\u0131c\u0131lar\u0131n ayakkab\u0131 se\u00e7imine rehberlik ediyor.\u00a0<\/span><\/li>\n<li style=\"font-weight: 400;\" aria-level=\"1\"><span style=\"font-weight: 400;\">EUROPE s\u00fctununda kar\u015f\u0131la\u015ft\u0131\u011f\u0131n numaralar Avrupa\u2019daki ayakkab\u0131 numaras\u0131 standartlar\u0131na uygun veri payla\u015f\u0131yor. Yeti\u015fkin ayakkab\u0131lar\u0131nda 35 ile 51 aras\u0131nda numaralar g\u00f6rebilirsin.\u00a0<\/span><\/li>\n<li style=\"font-weight: 400;\" aria-level=\"1\"><span style=\"font-weight: 400;\">UK s\u00fctunu, Birle\u015fik Krall\u0131k \u00fclkelerindeki ayakkab\u0131 bedenlerinin kar\u015f\u0131l\u0131\u011f\u0131n\u0131 g\u00f6steriyor. 2 ile 16 aras\u0131nda de\u011fi\u015fen numaralar ile kullan\u0131c\u0131lar ayakkab\u0131lar\u0131n\u0131 se\u00e7ebiliyor.\u00a0<\/span><\/li>\n<li style=\"font-weight: 400;\" aria-level=\"1\"><span style=\"font-weight: 400;\">Skechers ayakkab\u0131 se\u00e7erken e\u011fer numara bilinmiyorsa cm bilgisi \u00fczerinden ayakkab\u0131 al\u0131nmas\u0131n\u0131 \u00f6neriyor. Yeti\u015fkin ayakkab\u0131lar\u0131nda 22 ile 35 aras\u0131nda de\u011ferler, bulunuyor. Kullan\u0131c\u0131lar, ayaklar\u0131n\u0131 cm cinsinden \u00f6l\u00e7erek, kendilerine uygun uzunluktaki modellere kolayl\u0131kla ula\u015fabiliyor.\u00a0<\/span><\/li>\n<\/ul>\n<h3><span style=\"font-weight: 400;\">Ayak Nas\u0131l \u00d6l\u00e7\u00fcl\u00fcr? <\/span><\/h3>\n<p><span style=\"font-weight: 400;\">Ayaklar\u0131n cm cinsinden \u00f6l\u00e7\u00fcm\u00fcn\u00fc yaparken do\u011fru \u00f6l\u00e7\u00fc alma yolunun kullan\u0131lmas\u0131 \u00f6nem arz ediyor. Yanl\u0131\u015f \u00f6l\u00e7\u00fcm, yanl\u0131\u015f numara tespiti ve sipari\u015fi ile sonu\u00e7lanarak ki\u015fileri zor durumda b\u0131rakabiliyor.\u00a0<\/span><\/p>\n<ul>\n<li style=\"font-weight: 400;\" aria-level=\"1\"><span style=\"font-weight: 400;\">Do\u011fru ayak \u00f6l\u00e7\u00fcm\u00fc i\u00e7in yere bir ka\u011f\u0131t koyarak aya\u011f\u0131n\u0131 \u00fcst\u00fcne yerle\u015ftirmelisin. Bu s\u0131rada aya\u011f\u0131n \u00e7\u0131plak olmal\u0131. <\/span><\/li>\n<li style=\"font-weight: 400;\" aria-level=\"1\"><span style=\"font-weight: 400;\">En uzun parma\u011f\u0131 baz alarak tam parma\u011f\u0131n hizas\u0131nda, ka\u011f\u0131t \u00fczerine kur\u015fun kalemle bir i\u015faret koymal\u0131s\u0131n.\u00a0<\/span><\/li>\n<li style=\"font-weight: 400;\" aria-level=\"1\"><span style=\"font-weight: 400;\">Ard\u0131ndan ka\u011f\u0131da, topu\u011funun en uzun b\u00f6l\u00fcm\u00fcne denk gelecek bir i\u015faret daha koymal\u0131s\u0131n.\u00a0<\/span><\/li>\n<li style=\"font-weight: 400;\" aria-level=\"1\"><span style=\"font-weight: 400;\">Aya\u011f\u0131n\u0131 kald\u0131rarak bir mezura veya cetvel arac\u0131l\u0131\u011f\u0131yla ka\u011f\u0131ttaki iki \u00e7izginin aras\u0131n\u0131 \u00f6l\u00e7melisin.\u00a0<\/span><\/li>\n<li style=\"font-weight: 400;\" aria-level=\"1\"><span style=\"font-weight: 400;\">Son olarak aya\u011f\u0131n\u0131 en uzun parmak ve topuk b\u00f6l\u00fcm\u00fcnden \u00f6l\u00e7erek cm bilgisini teyit edebilirsin.\u00a0<\/span><\/li>\n<\/ul>\n<figure id=\"attachment_1726\" aria-describedby=\"caption-attachment-1726\" style=\"width: 828px\" class=\"wp-caption aligncenter\"><img decoding=\"async\" loading=\"lazy\" class=\"size-full wp-image-1726\" src=\"https:\/\/www.skechers.com.tr\/blog\/wp-content\/uploads\/2021\/05\/classic-fit-2.jpg\" alt=\"Skechers Ayakkab\u0131 Beden Tablosu var m\u0131d\u0131r?\" width=\"828\" height=\"414\" srcset=\"https:\/\/www.skechers.com.tr\/blog\/wp-content\/uploads\/2021\/05\/classic-fit-2.jpg 828w, https:\/\/www.skechers.com.tr\/blog\/wp-content\/uploads\/2021\/05\/classic-fit-2-300x150.jpg 300w, https:\/\/www.skechers.com.tr\/blog\/wp-content\/uploads\/2021\/05\/classic-fit-2-768x384.jpg 768w\" sizes=\"(max-width: 828px) 100vw, 828px\" \/><figcaption id=\"caption-attachment-1726\" class=\"wp-caption-text\">Skechers Ayakkab\u0131 Beden Tablosu var m\u0131d\u0131r?<\/figcaption><\/figure>\n<h3><span style=\"font-weight: 400;\">Skechers Ayakkab\u0131 Kal\u0131b\u0131 ve Ayak \u00d6l\u00e7\u00fcs\u00fc Belirlenirken Nelere Dikkat Edilmeli?<\/span><\/h3>\n<p><span style=\"font-weight: 400;\">Ayakkab\u0131 kal\u0131b\u0131n\u0131n belirlenece\u011fi, ayak \u00f6l\u00e7\u00fcs\u00fcn\u00fcn al\u0131naca\u011f\u0131 s\u00fcre\u00e7te, do\u011fru sonu\u00e7lar elde edebilmek i\u00e7in dikkat edilmesi gereken noktalar \u015f\u00f6yle:\u00a0<\/span><\/p>\n<ul>\n<li style=\"font-weight: 400;\" aria-level=\"1\"><span style=\"font-weight: 400;\">Hamilelik d\u00f6neminde v\u00fccutta biriken \u00f6dem ve al\u0131nan kilolar ayak numaras\u0131n\u0131 farkl\u0131la\u015ft\u0131rabiliyor.\u00a0<\/span><\/li>\n<li style=\"font-weight: 400;\" aria-level=\"1\"><span style=\"font-weight: 400;\">Zaman i\u00e7indeki kilo de\u011fi\u015fimi, ayak \u00f6l\u00e7\u00fcs\u00fcn\u00fc de\u011fi\u015ftiriyor. \u00d6l\u00e7\u00fcm\u00fcn kilo de\u011fi\u015fimi sonras\u0131 tekrar\u0131 \u00f6nem ta\u015f\u0131yor.\u00a0<\/span><\/li>\n<li style=\"font-weight: 400;\" aria-level=\"1\"><span style=\"font-weight: 400;\">Diyabet ve gut gibi hastal\u0131klar\u0131 olan ki\u015filer, zaman zaman farkl\u0131 ayak \u00f6l\u00e7\u00fcleri ile kar\u015f\u0131la\u015fabiliyor.\u00a0<\/span><\/li>\n<li style=\"font-weight: 400;\" aria-level=\"1\"><span style=\"font-weight: 400;\">B\u00fcy\u00fcme d\u00f6neminde \u00e7ocuklar\u0131n ayak numaralar\u0131 \u00e7ok s\u0131k de\u011fi\u015fiyor.\u00a0<\/span><\/li>\n<li style=\"font-weight: 400;\" aria-level=\"1\"><span style=\"font-weight: 400;\">Ayakta meydana gelen kazalar, k\u0131r\u0131k ve deformasyonlar ayak \u00f6l\u00e7\u00fcs\u00fcn\u00fcn ve buna ba\u011fl\u0131 olarak ayakkab\u0131 numaras\u0131n\u0131n de\u011fi\u015fmesine sebep olabiliyor. Kazalar sonras\u0131nda ayaklar\u0131n yeniden \u00f6l\u00e7\u00fclmesi ve \u00f6yle ayakkab\u0131 al\u0131nmas\u0131 \u00f6neriliyor.\u00a0<\/span><\/li>\n<li style=\"font-weight: 400;\" aria-level=\"1\"><span style=\"font-weight: 400;\">Ya\u015flanma gibi fakt\u00f6rler, ayak numaras\u0131nda de\u011fi\u015fikli\u011fe neden olabiliyor. Yeni bir ayakkab\u0131 almadan \u00f6nce ayak \u00f6l\u00e7\u00fcm\u00fc yap\u0131lmas\u0131 gerekti\u011fi \u00f6nemle belirtiliyor.<\/span><\/li>\n<li style=\"font-weight: 400;\" aria-level=\"1\"><span style=\"font-weight: 400;\">Uzun yolculuklardan, uzun s\u00fcre hareketsiz kald\u0131ktan sonra ayak \u00f6l\u00e7\u00fcm\u00fc yap\u0131lmas\u0131 yanl\u0131\u015f sonu\u00e7 alma ihtimali olu\u015fturuyor. \u015ei\u015fen ayaklar, daha b\u00fcy\u00fck \u00f6l\u00e7\u00fc \u00e7\u0131kmas\u0131na sebep verebiliyor.\u00a0<\/span><\/li>\n<li style=\"font-weight: 400;\" aria-level=\"1\"><span style=\"font-weight: 400;\">\u00c7ok s\u0131cak havada ayak \u00f6l\u00e7\u00fcs\u00fc al\u0131nmas\u0131 yan\u0131lt\u0131c\u0131 olabiliyor. Bu nedenle \u00f6l\u00e7\u00fcm yap\u0131l\u0131rken ayaklar\u0131n \u015fi\u015f olmad\u0131\u011f\u0131ndan emin olmak gerekiyor.\u00a0<\/span><\/li>\n<\/ul>\n<p><span style=\"font-weight: 400;\">Ayakkab\u0131n\u0131n numaras\u0131n\u0131n bu \u00f6l\u00e7\u00fc \u0131\u015f\u0131\u011f\u0131nda belirlenmesi, ayak geni\u015fli\u011finin takip edilerek kal\u0131b\u0131n se\u00e7ilmesi do\u011fru sonu\u00e7 alabilmeye yard\u0131mc\u0131 oluyor. \u015ei\u015f ayaklar\u0131n geni\u015flik ve dolay\u0131s\u0131yla al\u0131nacak kal\u0131p konusunda da yan\u0131lt\u0131c\u0131 olabilece\u011fi belirtiliyor. T\u00fcm dikkate ve \u00f6l\u00e7\u00fclere ra\u011fmen ayakkab\u0131n\u0131n aya\u011fa uymamas\u0131, ki\u015fiye b\u00fcy\u00fck veya k\u00fc\u00e7\u00fck gelmesi durumunda, kullan\u0131lmam\u0131\u015f ayakkab\u0131lar de\u011fi\u015ftirilebiliyor. Skechers m\u00fc\u015fteri hizmetlerini arayarak destek alabilir, t\u00fcm \u00fcr\u00fcnlerde \u00fccretsiz ve kolay iade, \u00fcr\u00fcn de\u011fi\u015fimi imkanlar\u0131ndan faydalanabilirsin.\u00a0<\/span><\/p>\n<p><a href=\"https:\/\/www.skechers.com.tr\/degisim-ve-iade?utm_source=blog&amp;utm_medium=content&amp;utm_campaign=skechers-ayakkabi-kalibi\"><span style=\"font-weight: 400;\">Skechers\u2019\u0131n iade, de\u011fi\u015fim, iptal ve inceleme politikas\u0131 hakk\u0131nda sayfam\u0131zdan bilgi alabilirsin.\u00a0<\/span><\/a><\/p>\n<p><span style=\"font-weight: 400;\">Sen de Skechers koleksiyonundan ayakkab\u0131 se\u00e7erken, bed<\/span><span style=\"font-weight: 400;\">pari\u015f vererek konforlu Skechers deneyimini ya\u015fayabilirsin. Skechers, d\u00fcnyan\u0131n d\u00f6rt bir yan\u0131nda rahat ayakkab\u0131 isteyen milyonlarca ki\u015finin se\u00e7imi oluyor. Sen de g\u00fcnl\u00fck ya\u015famda, i\u015fte, egzersizde, gezide, diledi\u011fin her anda kendini rahat hissetmek i\u00e7in Skechers\u2019\u0131 tercih edebilirsin.\u00a0<\/span><span>en se\u00e7eneklerinden sana uygun olan\u0131 i\u015faretleyebilirsin. Ayakkab\u0131 numaran\u0131 bilmiyorsan beden se\u00e7eneklerinin hemen yan\u0131nda yer alan beden tablosu \u00fczerinden referans de\u011ferlere ula\u015fabilir ve ayak \u00f6l\u00e7\u00fcne uygun olan numaray\u0131 kolayl\u0131kla bulabilirsin. K\u0131\u015fl\u0131k ayakkab\u0131 ve\u00a0<\/span><span>yazl\u0131k ayakkab\u0131<\/span><span>\u00a0i\u00e7in beden tablolar\u0131 do\u011fru referanslar olu\u015fturuyor. Ayakkab\u0131 se\u00e7imi s\u0131ras\u0131nda, \u00fcr\u00fcn \u00f6zelliklerini dikkatle incelemeli, a\u00e7\u0131klamada herhangi bir kal\u0131p bilgisi olup olmad\u0131\u011f\u0131na dikkat etmelisin. Senin i\u00e7in do\u011fru numaray\u0131 si<\/span><\/p>\n<p><a href=\"https:\/\/www.skechers.com.tr\/yuruyus-ayakkabilari-c-6002\"><img decoding=\"async\" loading=\"lazy\" class=\"size-full wp-image-1448 alignnone\" src=\"https:\/\/www.skechers.com.tr\/blog\/wp-content\/uploads\/2021\/05\/yuruyus-ayakkabi-blog-cta.jpg\" alt=\"\" width=\"550\" height=\"117\" srcset=\"https:\/\/www.skechers.com.tr\/blog\/wp-content\/uploads\/2021\/05\/yuruyus-ayakkabi-blog-cta.jpg 550w, https:\/\/www.skechers.com.tr\/blog\/wp-content\/uploads\/2021\/05\/yuruyus-ayakkabi-blog-cta-300x64.jpg 300w\" sizes=\"(max-width: 550px) 100vw, 550px\" \/><\/a><\/p>\n","protected":false},"excerpt":{"rendered":"<p>Daha \u00f6nce Skechers ayakkab\u0131 kullanmayan ki\u015filer, ayakkab\u0131 al\u0131rken Skechers ayakkab\u0131 kal\u0131b\u0131 nas\u0131ld\u0131r, dar m\u0131d\u0131r, geni\u015f midir gibi sorular sorabiliyor. Yanl\u0131\u015f numara ayakkab\u0131 se\u00e7iminin yaratt\u0131\u011f\u0131 sorunlar, yaln\u0131z ayakkab\u0131 deformasyonuna yol a\u00e7m\u0131yor, insan sa\u011fl\u0131\u011f\u0131 i\u00e7in de risk olu\u015fturuyor. Ayakkab\u0131 se\u00e7erken do\u011fru numaray\u0131 bulabilmek, uygun kal\u0131b\u0131 se\u00e7mek i\u00e7in notlar\u0131m\u0131z\u0131 dikkate alabilirsin. Skechers Ayakkab\u0131 Kal\u0131b\u0131 Dar m\u0131d\u0131r?\u00a0 Skechers ayakkab\u0131 [&hellip;]<\/p>\n","protected":false},"author":1,"featured_media":1723,"comment_status":"open","ping_status":"open","sticky":false,"template":"","format":"standard","meta":[],"categories":[4],"tags":[],"yoast_head":"<!-- This site is optimized with the Yoast SEO plugin v18.5.1 - https:\/\/yoast.com\/wordpress\/plugins\/seo\/ -->\n<title>Skechers Ayakkab\u0131 Kal\u0131b\u0131 - Skechers Blog<\/title>\n<meta name=\"description\" content=\"Skechers ayakkab\u0131 kal\u0131b\u0131 hakk\u0131nda bilgi almak i\u00e7in hemen t\u0131kla! Skechers ayakkab\u0131 kal\u0131b\u0131 dar m\u0131d\u0131r, geni\u015f midir detayl\u0131 bilgi seninle.\" \/>\n<meta name=\"robots\" content=\"index, follow, max-snippet:-1, max-image-preview:large, max-video-preview:-1\" \/>\n<link rel=\"canonical\" href=\"https:\/\/www.skechers.com.tr\/blog\/skechers-ayakkabi-kalibi\/\" \/>\n<meta property=\"og:locale\" content=\"tr_TR\" \/>\n<meta property=\"og:type\" content=\"article\" \/>\n<meta property=\"og:title\" content=\"Skechers Ayakkab\u0131 Kal\u0131b\u0131 - Skechers Blog\" \/>\n<meta property=\"og:description\" content=\"Skechers ayakkab\u0131 kal\u0131b\u0131 hakk\u0131nda bilgi almak i\u00e7in hemen t\u0131kla! Skechers ayakkab\u0131 kal\u0131b\u0131 dar m\u0131d\u0131r, geni\u015f midir detayl\u0131 bilgi seninle.\" \/>\n<meta property=\"og:url\" content=\"https:\/\/www.skechers.com.tr\/blog\/skechers-ayakkabi-kalibi\/\" \/>\n<meta property=\"og:site_name\" content=\"Skechers Blog\" \/>\n<meta property=\"article:published_time\" content=\"2021-05-24T10:47:38+00:00\" \/>\n<meta property=\"article:modified_time\" content=\"2021-06-01T12:12:12+00:00\" \/>\n<meta property=\"og:image\" content=\"https:\/\/www.skechers.com.tr\/blog\/wp-content\/uploads\/2021\/05\/relaxed-fit.jpg\" \/>\n\t<meta property=\"og:image:width\" content=\"828\" \/>\n\t<meta property=\"og:image:height\" content=\"414\" \/>\n\t<meta property=\"og:image:type\" content=\"image\/jpeg\" \/>\n<meta name=\"twitter:card\" content=\"summary_large_image\" \/>\n<meta name=\"twitter:label1\" content=\"Yazan:\" \/>\n\t<meta name=\"twitter:data1\" content=\"Skechers T\u00fcrkiye\" \/>\n\t<meta name=\"twitter:label2\" content=\"Tahmini okuma s\u00fcresi\" \/>\n\t<meta name=\"twitter:data2\" content=\"6 dakika\" \/>\n<script type=\"application\/ld+json\" class=\"yoast-schema-graph\">{\"@context\":\"https:\/\/schema.org\",\"@graph\":[{\"@type\":\"WebSite\",\"@id\":\"https:\/\/www.skechers.com.tr\/blog\/#website\",\"url\":\"https:\/\/www.skechers.com.tr\/blog\/\",\"name\":\"Skechers Blog\",\"description\":\"Skechers\",\"potentialAction\":[{\"@type\":\"SearchAction\",\"target\":{\"@type\":\"EntryPoint\",\"urlTemplate\":\"https:\/\/www.skechers.com.tr\/blog\/?s={search_term_string}\"},\"query-input\":\"required name=search_term_string\"}],\"inLanguage\":\"tr\"},{\"@type\":\"ImageObject\",\"@id\":\"https:\/\/www.skechers.com.tr\/blog\/skechers-ayakkabi-kalibi\/#primaryimage\",\"inLanguage\":\"tr\",\"url\":\"https:\/\/www.skechers.com.tr\/blog\/wp-content\/uploads\/2021\/05\/relaxed-fit.jpg\",\"contentUrl\":\"https:\/\/www.skechers.com.tr\/blog\/wp-content\/uploads\/2021\/05\/relaxed-fit.jpg\",\"width\":828,\"height\":414,\"caption\":\"Skechers Ayakkab\u0131 Kal\u0131b\u0131\"},{\"@type\":\"WebPage\",\"@id\":\"https:\/\/www.skechers.com.tr\/blog\/skechers-ayakkabi-kalibi\/#webpage\",\"url\":\"https:\/\/www.skechers.com.tr\/blog\/skechers-ayakkabi-kalibi\/\",\"name\":\"Skechers Ayakkab\u0131 Kal\u0131b\u0131 - Skechers Blog\",\"isPartOf\":{\"@id\":\"https:\/\/www.skechers.com.tr\/blog\/#website\"},\"primaryImageOfPage\":{\"@id\":\"https:\/\/www.skechers.com.tr\/blog\/skechers-ayakkabi-kalibi\/#primaryimage\"},\"datePublished\":\"2021-05-24T10:47:38+00:00\",\"dateModified\":\"2021-06-01T12:12:12+00:00\",\"author\":{\"@id\":\"https:\/\/www.skechers.com.tr\/blog\/#\/schema\/person\/6d09a0595696524814757d23d22b4c33\"},\"description\":\"Skechers ayakkab\u0131 kal\u0131b\u0131 hakk\u0131nda bilgi almak i\u00e7in hemen t\u0131kla! Skechers ayakkab\u0131 kal\u0131b\u0131 dar m\u0131d\u0131r, geni\u015f midir detayl\u0131 bilgi seninle.\",\"breadcrumb\":{\"@id\":\"https:\/\/www.skechers.com.tr\/blog\/skechers-ayakkabi-kalibi\/#breadcrumb\"},\"inLanguage\":\"tr\",\"potentialAction\":[{\"@type\":\"ReadAction\",\"target\":[\"https:\/\/www.skechers.com.tr\/blog\/skechers-ayakkabi-kalibi\/\"]}]},{\"@type\":\"BreadcrumbList\",\"@id\":\"https:\/\/www.skechers.com.tr\/blog\/skechers-ayakkabi-kalibi\/#breadcrumb\",\"itemListElement\":[{\"@type\":\"ListItem\",\"position\":1,\"name\":\"Skechers Ayakkab\u0131 Kal\u0131b\u0131\"}]},{\"@type\":\"Person\",\"@id\":\"https:\/\/www.skechers.com.tr\/blog\/#\/schema\/person\/6d09a0595696524814757d23d22b4c33\",\"name\":\"Skechers T\u00fcrkiye\",\"image\":{\"@type\":\"ImageObject\",\"@id\":\"https:\/\/www.skechers.com.tr\/blog\/#personlogo\",\"inLanguage\":\"tr\",\"url\":\"https:\/\/secure.gravatar.com\/avatar\/0fc2191869a9a020b4606acf264338ae?s=96&d=mm&r=g\",\"contentUrl\":\"https:\/\/secure.gravatar.com\/avatar\/0fc2191869a9a020b4606acf264338ae?s=96&d=mm&r=g\",\"caption\":\"Skechers T\u00fcrkiye\"},\"description\":\"Skechers spor ayakkab\u0131 \u00fcr\u00fcnleri ile rahatl\u0131\u011f\u0131 ve kaliteyi hisset!\"}]}<\/script>\n<!-- \/ Yoast SEO plugin. -->","yoast_head_json":{"title":"Skechers Ayakkab\u0131 Kal\u0131b\u0131 - Skechers Blog","description":"Skechers ayakkab\u0131 kal\u0131b\u0131 hakk\u0131nda bilgi almak i\u00e7in hemen t\u0131kla! Skechers ayakkab\u0131 kal\u0131b\u0131 dar m\u0131d\u0131r, geni\u015f midir detayl\u0131 bilgi seninle.","robots":{"index":"index","follow":"follow","max-snippet":"max-snippet:-1","max-image-preview":"max-image-preview:large","max-video-preview":"max-video-preview:-1"},"canonical":"https:\/\/www.skechers.com.tr\/blog\/skechers-ayakkabi-kalibi\/","og_locale":"tr_TR","og_type":"article","og_title":"Skechers Ayakkab\u0131 Kal\u0131b\u0131 - Skechers Blog","og_description":"Skechers ayakkab\u0131 kal\u0131b\u0131 hakk\u0131nda bilgi almak i\u00e7in hemen t\u0131kla! Skechers ayakkab\u0131 kal\u0131b\u0131 dar m\u0131d\u0131r, geni\u015f midir detayl\u0131 bilgi seninle.","og_url":"https:\/\/www.skechers.com.tr\/blog\/skechers-ayakkabi-kalibi\/","og_site_name":"Skechers Blog","article_published_time":"2021-05-24T10:47:38+00:00","article_modified_time":"2021-06-01T12:12:12+00:00","og_image":[{"width":828,"height":414,"url":"https:\/\/www.skechers.com.tr\/blog\/wp-content\/uploads\/2021\/05\/relaxed-fit.jpg","type":"image\/jpeg"}],"twitter_card":"summary_large_image","twitter_misc":{"Yazan:":"Skechers T\u00fcrkiye","Tahmini okuma s\u00fcresi":"6 dakika"},"schema":{"@context":"https:\/\/schema.org","@graph":[{"@type":"WebSite","@id":"https:\/\/www.skechers.com.tr\/blog\/#website","url":"https:\/\/www.skechers.com.tr\/blog\/","name":"Skechers Blog","description":"Skechers","potentialAction":[{"@type":"SearchAction","target":{"@type":"EntryPoint","urlTemplate":"https:\/\/www.skechers.com.tr\/blog\/?s={search_term_string}"},"query-input":"required name=search_term_string"}],"inLanguage":"tr"},{"@type":"ImageObject","@id":"https:\/\/www.skechers.com.tr\/blog\/skechers-ayakkabi-kalibi\/#primaryimage","inLanguage":"tr","url":"https:\/\/www.skechers.com.tr\/blog\/wp-content\/uploads\/2021\/05\/relaxed-fit.jpg","contentUrl":"https:\/\/www.skechers.com.tr\/blog\/wp-content\/uploads\/2021\/05\/relaxed-fit.jpg","width":828,"height":414,"caption":"Skechers Ayakkab\u0131 Kal\u0131b\u0131"},{"@type":"WebPage","@id":"https:\/\/www.skechers.com.tr\/blog\/skechers-ayakkabi-kalibi\/#webpage","url":"https:\/\/www.skechers.com.tr\/blog\/skechers-ayakkabi-kalibi\/","name":"Skechers Ayakkab\u0131 Kal\u0131b\u0131 - Skechers Blog","isPartOf":{"@id":"https:\/\/www.skechers.com.tr\/blog\/#website"},"primaryImageOfPage":{"@id":"https:\/\/www.skechers.com.tr\/blog\/skechers-ayakkabi-kalibi\/#primaryimage"},"datePublished":"2021-05-24T10:47:38+00:00","dateModified":"2021-06-01T12:12:12+00:00","author":{"@id":"https:\/\/www.skechers.com.tr\/blog\/#\/schema\/person\/6d09a0595696524814757d23d22b4c33"},"description":"Skechers ayakkab\u0131 kal\u0131b\u0131 hakk\u0131nda bilgi almak i\u00e7in hemen t\u0131kla! Skechers ayakkab\u0131 kal\u0131b\u0131 dar m\u0131d\u0131r, geni\u015f midir detayl\u0131 bilgi seninle.","breadcrumb":{"@id":"https:\/\/www.skechers.com.tr\/blog\/skechers-ayakkabi-kalibi\/#breadcrumb"},"inLanguage":"tr","potentialAction":[{"@type":"ReadAction","target":["https:\/\/www.skechers.com.tr\/blog\/skechers-ayakkabi-kalibi\/"]}]},{"@type":"BreadcrumbList","@id":"https:\/\/www.skechers.com.tr\/blog\/skechers-ayakkabi-kalibi\/#breadcrumb","itemListElement":[{"@type":"ListItem","position":1,"name":"Skechers Ayakkab\u0131 Kal\u0131b\u0131"}]},{"@type":"Person","@id":"https:\/\/www.skechers.com.tr\/blog\/#\/schema\/person\/6d09a0595696524814757d23d22b4c33","name":"Skechers T\u00fcrkiye","image":{"@type":"ImageObject","@id":"https:\/\/www.skechers.com.tr\/blog\/#personlogo","inLanguage":"tr","url":"https:\/\/secure.gravatar.com\/avatar\/0fc2191869a9a020b4606acf264338ae?s=96&d=mm&r=g","contentUrl":"https:\/\/secure.gravatar.com\/avatar\/0fc2191869a9a020b4606acf264338ae?s=96&d=mm&r=g","caption":"Skechers T\u00fcrkiye"},"description":"Skechers spor ayakkab\u0131 \u00fcr\u00fcnleri ile rahatl\u0131\u011f\u0131 ve kaliteyi hisset!"}]}},"_links":{"self":[{"href":"https:\/\/www.skechers.com.tr\/blog\/wp-json\/wp\/v2\/posts\/1722"}],"collection":[{"href":"https:\/\/www.skechers.com.tr\/blog\/wp-json\/wp\/v2\/posts"}],"about":[{"href":"https:\/\/www.skechers.com.tr\/blog\/wp-json\/wp\/v2\/types\/post"}],"author":[{"embeddable":true,"href":"https:\/\/www.skechers.com.tr\/blog\/wp-json\/wp\/v2\/users\/1"}],"replies":[{"embeddable":true,"href":"https:\/\/www.skechers.com.tr\/blog\/wp-json\/wp\/v2\/comments?post=1722"}],"version-history":[{"count":3,"href":"https:\/\/www.skechers.com.tr\/blog\/wp-json\/wp\/v2\/posts\/1722\/revisions"}],"predecessor-version":[{"id":1786,"href":"https:\/\/www.skechers.com.tr\/blog\/wp-json\/wp\/v2\/posts\/1722\/revisions\/1786"}],"wp:featuredmedia":[{"embeddable":true,"href":"https:\/\/www.skechers.com.tr\/blog\/wp-json\/wp\/v2\/media\/1723"}],"wp:attachment":[{"href":"https:\/\/www.skechers.com.tr\/blog\/wp-json\/wp\/v2\/media?parent=1722"}],"wp:term":[{"taxonomy":"category","embeddable":true,"href":"https:\/\/www.skechers.com.tr\/blog\/wp-json\/wp\/v2\/categories?post=1722"},{"taxonomy":"post_tag","embeddable":true,"href":"https:\/\/www.skechers.com.tr\/blog\/wp-json\/wp\/v2\/tags?post=1722"}],"curies":[{"name":"wp","href":"https:\/\/api.w.org\/{rel}","templated":true}]}}