{"id":1376,"date":"2021-04-08T15:27:48","date_gmt":"2021-04-08T15:27:48","guid":{"rendered":"https:\/\/www.skechers.com.tr\/blog\/?p=1376"},"modified":"2021-06-28T13:34:25","modified_gmt":"2021-06-28T13:34:25","slug":"anne-kiz-kombinleri-nasil-yapilir","status":"publish","type":"post","link":"https:\/\/www.skechers.com.tr\/blog\/anne-kiz-kombinleri-nasil-yapilir\/","title":{"rendered":"Anne K\u0131z Kombinleri Nas\u0131l Yap\u0131l\u0131r?"},"content":{"rendered":"<p><span style=\"font-weight: 400;\">Anneler ve k\u0131zlar\u0131n\u0131n uyumlu k\u0131yafetleriyle ahenk sergiledi\u011fi kombinler, anne k\u0131z kombinleri ad\u0131yla an\u0131l\u0131yor. Hem g\u00fcnl\u00fck ya\u015famda hem de \u00f6zel g\u00fcnlerde anne ile bir \u00f6rnek veya uyumlu giyinen \u00e7ocuklar, aile i\u00e7indeki m\u00fckemmel uyumu resmediyor. Annelerin k\u0131zlar\u0131yla, babalar\u0131n o\u011fullar\u0131yla uyumlu giyindi\u011fi moda ak\u0131m\u0131, foto\u011frafl\u0131 sosyal medya uygulamalar\u0131n\u0131n y\u00fckselmesiyle hayat\u0131m\u0131za girdi ve hala pop\u00fclerli\u011fini s\u00fcrd\u00fcr\u00fcyor. Sen de bu ak\u0131ma uyum sa\u011flamak istiyorsan Skechers koleksiyonu seninle, hemen inceleyerek Anneler G\u00fcn\u00fc\u2019nde poz verece\u011fin tak\u0131m\u0131 haz\u0131rlamaya zaman kaybetmeden ba\u015flayabilirsin.\u00a0<\/span><\/p>\n<h2><span style=\"font-weight: 400;\">Skechers Anne K\u0131z Kombinlerinde Yan\u0131nda\u00a0<\/span><\/h2>\n<p><span style=\"font-weight: 400;\">Anne k\u0131z kombinlerinde kullan\u0131lan \u00fcr\u00fcnlerin \u015f\u0131kl\u0131\u011f\u0131, uyumu g\u00f6z dolduruyor. Skechers anneler ve k\u0131zlar\u0131 i\u00e7in en \u00f6zel tasar\u0131mlar\u0131 Anneler G\u00fcn\u00fc\u2019nde kullan\u0131c\u0131larla bulu\u015fturuyor. Bu \u00f6zel g\u00fcnde rahatl\u0131ktan taviz vermeden anne k\u0131z kombinleri yapman\u0131za yard\u0131mc\u0131 olan Skechers modellerini D\u2019lites ve Meridian serilerinde bulabilirsin.\u00a0<\/span><\/p>\n<p><span style=\"font-weight: 400;\">\u00dcstelik D\u2019lites ailesinin bir\u00e7ok modeli hem b\u00fcy\u00fck hem de k\u00fc\u00e7\u00fck k\u0131z \u00e7ocuklar\u0131 i\u00e7in alternatifler bulunuyor. B\u00f6ylelikle farkl\u0131 ya\u015flarda iki k\u0131z\u0131 olan anneler, kolayl\u0131kla anne k\u0131z kombinleri i\u00e7in ayakkab\u0131lar\u0131n\u0131 al\u0131p Anneler G\u00fcn\u00fc\u2019ne haz\u0131r olabiliyor. Annelerin g\u00f6z bebe\u011fi olan k\u0131zlar\u0131n\u0131n kombinlerini tamamlayacak yeni sezon tasar\u0131mlarda, modern \u00e7izgiler dikkat \u00e7ekiyor. Tarz\u0131yla \u00e7ocuklar\u0131n, kalitesiyle annelerin sevgisini kazanan ayakkab\u0131lar, bir \u00f6rnek giyinirken konfordan emin olman\u0131n g\u00f6n\u00fcl rahatl\u0131\u011f\u0131n\u0131 annelere arma\u011fan ediyor. \u00c7ocuklar\u0131n\u0131n \u015f\u0131kl\u0131\u011f\u0131n\u0131, rahatl\u0131\u011f\u0131n\u0131 ve sa\u011fl\u0131\u011f\u0131n\u0131 d\u00fc\u015f\u00fcnen anneler, Skechers \u00fcr\u00fcnleriyle yapaca\u011f\u0131 anne k\u0131z kombinleri sayesinde, tebrikleri kabul etmeye haz\u0131rlan\u0131yor.\u00a0<\/span><\/p>\n<p><span style=\"font-weight: 400;\">E\u011fer sen de kendin ve \u00e7ocuklar\u0131n i\u00e7in Skechers ayakkab\u0131lar\u0131n\u0131 se\u00e7tiysen, \u00e7ocuklar\u0131nla anne k\u0131z kombinleri yapmak istiyorsan, nas\u0131l yap\u0131l\u0131r, nelere dikkat edilir Skechers Blog\u2019tan \u00f6\u011frenebilirsin.\u00a0<\/span><\/p>\n<figure id=\"attachment_1378\" aria-describedby=\"caption-attachment-1378\" style=\"width: 828px\" class=\"wp-caption aligncenter\"><img decoding=\"async\" loading=\"lazy\" class=\"wp-image-1378 size-full\" src=\"https:\/\/www.skechers.com.tr\/blog\/wp-content\/uploads\/2021\/04\/C_D_0506.jpg\" alt=\"Skechers Anne K\u0131z Kombinlerinde Yan\u0131nda\u00a0\" width=\"828\" height=\"552\" srcset=\"https:\/\/www.skechers.com.tr\/blog\/wp-content\/uploads\/2021\/04\/C_D_0506.jpg 828w, https:\/\/www.skechers.com.tr\/blog\/wp-content\/uploads\/2021\/04\/C_D_0506-300x200.jpg 300w, https:\/\/www.skechers.com.tr\/blog\/wp-content\/uploads\/2021\/04\/C_D_0506-768x512.jpg 768w\" sizes=\"(max-width: 828px) 100vw, 828px\" \/><figcaption id=\"caption-attachment-1378\" class=\"wp-caption-text\">Skechers Anne K\u0131z Kombinlerinde Yan\u0131nda<\/figcaption><\/figure>\n<h3><span style=\"font-weight: 400;\">Anne K\u0131z Kombini Nedir?\u00a0<\/span><\/h3>\n<p><span style=\"font-weight: 400;\">Anne ile k\u0131z \u00e7ocuklar\u0131n\u0131n ayn\u0131 veya benzer k\u0131yafetleri, aksesuar ve ayakkab\u0131lar\u0131 giydi\u011fi ak\u0131m yeni bir kombin tarz\u0131n\u0131n olu\u015fmas\u0131na neden oluyor. Hem basic k\u0131yafetlerin hem de \u00f6zel g\u00fcnler i\u00e7in haz\u0131rlanan \u015f\u0131k tasar\u0131mlar\u0131n kullan\u0131ld\u0131\u011f\u0131 kombinlerde, uyum ile dikkat \u00e7ekici tarz elde ediliyor. Her sezon markalar, kad\u0131n ve \u00e7ocuk koleksiyonlar\u0131nda uyumlu par\u00e7alara yer vererek anne k\u0131z kombinlerinin yap\u0131lmas\u0131na yard\u0131mc\u0131 oluyor. Modan\u0131n e\u011flenceli ve estetik y\u00fcz\u00fcn\u00fc g\u00f6z \u00f6n\u00fcne seren kombinler, foto\u011fraflanarak genellikle sosyal a\u011flarda ar\u015fivleniyor. Anne k\u0131zlar\u0131n beraber objektiflere g\u00fcl\u00fcmsedi\u011fi foto\u011fraflar, \u00f6zellikle instagramda pop\u00fcler bir ak\u0131m\u0131 i\u015faret ediyor.\u00a0<\/span><\/p>\n<p><a href=\"https:\/\/www.skechers.com.tr\/ozel-gunler-anneler-gunu-c-9001?utm_source=blog&amp;utm_medium=content&amp;utm_campaign=anne-kiz-kombinleri&amp;utm_term=9001\"><span style=\"font-weight: 400;\">Anneler G\u00fcn\u00fc<\/span><\/a><span style=\"font-weight: 400;\"> d\u00f6neminde h\u0131z kazanan ak\u0131m, bu \u00f6zel g\u00fcnde \u00e7ocuklar\u0131n annelerine olan sevgisini g\u00f6stermenin en \u015f\u0131k yolu oluyor. Anneleri ile uyum i\u00e7inde giyinen \u00e7ocuklar, estetik pozlarla an\u0131 olu\u015ftururken \u015f\u0131kl\u0131klar\u0131yla da haf\u0131zalarda yer ediyor. Moday\u0131 takip eden annelerin gelece\u011fin stil ikonu olacak \u00e7ocuklar\u0131, anne k\u0131z kombinlerinden belli oluyor.\u00a0<\/span><\/p>\n<p><span style=\"font-weight: 400;\">Anne k\u0131z kombinleri denince akla t\u00fct\u00fc etekler, kabar\u0131k prenses elbiseleri veya abiyeler gelebiliyor. Oysa bu kombinleri yapmak i\u00e7in illa iddial\u0131 bir k\u0131yafete sahip olmak gerekmiyor. Basic bir ti\u015f\u00f6rt, jean ve <\/span><a href=\"https:\/\/www.skechers.com.tr\/spor-ayakkabi-c-6004?utm_source=blog&amp;utm_medium=content&amp;utm_campaign=anne-kiz-kombinleri&amp;utm_term=6004\"><span style=\"font-weight: 400;\">spor ayakkab\u0131<\/span><\/a><span style=\"font-weight: 400;\"> ile anne k\u0131z bir \u00f6rnek kombin giyiniyor ve bu kombin de ak\u0131m\u0131n g\u00f6zdesi haline gelebiliyor. M\u00fchim olan uyumlu ve \u015f\u0131k g\u00f6r\u00fcnebilmek. Rahatl\u0131ktan \u00f6d\u00fcn vermeden de anne k\u0131z kombini yapabilirsin. <\/span><a href=\"https:\/\/www.skechers.com.tr\/sisme-yelek-c-6309?utm_source=blog&amp;utm_medium=content&amp;utm_campaign=anne-kiz-kombinleri&amp;utm_term=6309\"><span style=\"font-weight: 400;\">\u015ei\u015fme yelek<\/span><\/a><span style=\"font-weight: 400;\">, e\u015fofman ve sneakerslar ile kendi kombinini yaparken, ayn\u0131 tak\u0131m\u0131 k\u0131z\u0131n i\u00e7in de se\u00e7ebilir, beraber rahatl\u0131kla g\u00fcn\u00fc ge\u00e7irebilirsin.<\/span><\/p>\n<figure id=\"attachment_1379\" aria-describedby=\"caption-attachment-1379\" style=\"width: 828px\" class=\"wp-caption aligncenter\"><img decoding=\"async\" loading=\"lazy\" class=\"size-full wp-image-1379\" src=\"https:\/\/www.skechers.com.tr\/blog\/wp-content\/uploads\/2021\/04\/pexels-anastasiya-gepp-2333714.jpg\" alt=\"Anne K\u0131z Kombini Nedir?\u00a0\" width=\"828\" height=\"552\" srcset=\"https:\/\/www.skechers.com.tr\/blog\/wp-content\/uploads\/2021\/04\/pexels-anastasiya-gepp-2333714.jpg 828w, https:\/\/www.skechers.com.tr\/blog\/wp-content\/uploads\/2021\/04\/pexels-anastasiya-gepp-2333714-300x200.jpg 300w, https:\/\/www.skechers.com.tr\/blog\/wp-content\/uploads\/2021\/04\/pexels-anastasiya-gepp-2333714-768x512.jpg 768w\" sizes=\"(max-width: 828px) 100vw, 828px\" \/><figcaption id=\"caption-attachment-1379\" class=\"wp-caption-text\">Anne K\u0131z Kombini Nedir?<\/figcaption><\/figure>\n<h3><span style=\"font-weight: 400;\">Anne K\u0131z Kombinlerinin P\u00fcf Noktalar\u0131\u00a0<\/span><\/h3>\n<ul>\n<li style=\"font-weight: 400;\" aria-level=\"1\"><span style=\"font-weight: 400;\">Anne k\u0131z kombini yaparken birebir ayn\u0131 par\u00e7alar\u0131 kullanabilir veya benzer \u00fcr\u00fcnleri kombininde bulundurabilirsin. Ayn\u0131 \u00fcr\u00fcnleri bulamad\u0131\u011f\u0131n i\u00e7in \u00fcz\u00fclmemeli ahenkli g\u00f6r\u00fcn\u00fcme odaklanmal\u0131s\u0131n.\u00a0<\/span><\/li>\n<li style=\"font-weight: 400;\" aria-level=\"1\"><span style=\"font-weight: 400;\">Sadece renk uyumunu g\u00f6zeterek de anne k\u0131z kombini yap\u0131labiliyor. \u00d6rne\u011fin limon sar\u0131s\u0131 bir elbise giyen \u00e7ocu\u011funun kombinini denim bir ceket ile tamamlayabilir, alt\u0131na beyaz<\/span> <a href=\"https:\/\/www.skechers.com.tr\/kiz-cocuk-spor-ayakkabilari-c-3002?utm_source=blog&amp;utm_medium=content&amp;utm_campaign=anne-kiz-kombinleri&amp;utm_term=3002\"><span style=\"font-weight: 400;\">k\u0131z \u00e7ocuk ayakkab\u0131lar\u0131 <\/span><\/a><span style=\"font-weight: 400;\">giydirebilirsin. Kendi kombininde ise beyaz<\/span><a href=\"https:\/\/www.skechers.com.tr\/kadin-outdoor-ayakkabi-c-1221?utm_source=blog&amp;utm_medium=content&amp;utm_campaign=anne-kiz-kombinleri&amp;utm_term=1221\"><span style=\"font-weight: 400;\"> kad\u0131n outdoor ayakkab\u0131<\/span><\/a> <span style=\"font-weight: 400;\">se\u00e7eneklerine yer verebilir, denim pantolon ve limon sar\u0131s\u0131 bir ti\u015f\u00f6rt tercih edebilirsin.\u00a0<\/span><\/li>\n<li style=\"font-weight: 400;\" aria-level=\"1\"><span style=\"font-weight: 400;\">Aksesuarlar ba\u015frolde olsun istersen, basic par\u00e7alarla anne k\u0131z kombinleri olu\u015fturabilir, dikkat \u00e7ekici kad\u0131n aksesuarlar\u0131 y\u0131ld\u0131zla\u015ft\u0131rabilirsin. \u00d6rne\u011fin tamamen bej rengi bir k\u0131yafet ve<\/span><a href=\"https:\/\/www.skechers.com.tr\/spor-ayakkabi-c-6004?renk=bej&amp;utm_source=blog&amp;utm_medium=content&amp;utm_campaign=anne-kiz-kombinleri&amp;utm_term=6004\"><span style=\"font-weight: 400;\"> bej spor ayakkab\u0131 <\/span><\/a><span style=\"font-weight: 400;\">giyebilir, aksesuarlar\u0131n\u0131 neon renklerde kullanarak patlatabilirsin. Mesela, hem anne hem de k\u0131z kombinlerinde s\u0131rt \u00e7antalar\u0131yla uyumu bulman m\u00fcmk\u00fcn. Kad\u0131n ve<\/span> <a href=\"https:\/\/www.skechers.com.tr\/cocuk-sirt-cantasi-c-3202?utm_source=blog&amp;utm_medium=content&amp;utm_campaign=anne-kiz-kombinleri&amp;utm_term=3202\"><span style=\"font-weight: 400;\">\u00e7ocuk s\u0131rt \u00e7antas\u0131 <\/span><\/a><span style=\"font-weight: 400;\">alternatifleri i\u00e7inden ayn\u0131 renk neon \u00e7antalar\u0131 se\u00e7ebilirsin.\u00a0<\/span><\/li>\n<\/ul>\n<p><a href=\"https:\/\/www.skechers.com.tr\/kadin-sneakers-c-1012\"><img decoding=\"async\" loading=\"lazy\" class=\"size-full wp-image-1546 alignleft\" src=\"https:\/\/www.skechers.com.tr\/blog\/wp-content\/uploads\/2021\/04\/kadin-sneakers-blog-ctaa.jpg\" alt=\"\" width=\"550\" height=\"117\" srcset=\"https:\/\/www.skechers.com.tr\/blog\/wp-content\/uploads\/2021\/04\/kadin-sneakers-blog-ctaa.jpg 550w, https:\/\/www.skechers.com.tr\/blog\/wp-content\/uploads\/2021\/04\/kadin-sneakers-blog-ctaa-300x64.jpg 300w\" sizes=\"(max-width: 550px) 100vw, 550px\" \/><\/a><\/p>\n<p>&nbsp;<\/p>\n<p>&nbsp;<\/p>\n<p>&nbsp;<\/p>\n<figure id=\"attachment_1382\" aria-describedby=\"caption-attachment-1382\" style=\"width: 828px\" class=\"wp-caption aligncenter\"><img decoding=\"async\" loading=\"lazy\" class=\"size-full wp-image-1382\" src=\"https:\/\/www.skechers.com.tr\/blog\/wp-content\/uploads\/2021\/04\/C_D_0503.jpg\" alt=\"Skechers Anne \u00c7ocuk Ayakkab\u0131lar\u0131\" width=\"828\" height=\"428\" srcset=\"https:\/\/www.skechers.com.tr\/blog\/wp-content\/uploads\/2021\/04\/C_D_0503.jpg 828w, https:\/\/www.skechers.com.tr\/blog\/wp-content\/uploads\/2021\/04\/C_D_0503-300x155.jpg 300w, https:\/\/www.skechers.com.tr\/blog\/wp-content\/uploads\/2021\/04\/C_D_0503-768x397.jpg 768w\" sizes=\"(max-width: 828px) 100vw, 828px\" \/><figcaption id=\"caption-attachment-1382\" class=\"wp-caption-text\">Skechers Anne \u00c7ocuk Ayakkab\u0131lar\u0131<\/figcaption><\/figure>\n<ul>\n<li style=\"font-weight: 400;\" aria-level=\"1\"><span style=\"font-weight: 400;\">Bir di\u011fer \u00f6neri ise \u015f\u00f6yle, temel par\u00e7alarla g\u00fcnl\u00fck kombinler yap ve ayakkab\u0131lar\u0131 \u00f6ne \u00e7\u0131kar&#8230; Mesela, denim on denim modas\u0131n\u0131 yans\u0131tacak g\u00fcnl\u00fck bir tak\u0131m haz\u0131rlayabilir alt\u0131na<\/span><a href=\"https:\/\/www.skechers.com.tr\/kiz-cocuk-isikli-ayakkabilar-c-3003?utm_source=blog&amp;utm_medium=content&amp;utm_campaign=anne-kiz-kombinleri&amp;utm_term=3003\"><span style=\"font-weight: 400;\"> k\u0131z \u00e7ocuk \u0131\u015f\u0131kl\u0131 ayakkab\u0131<\/span><\/a><span style=\"font-weight: 400;\"> se\u00e7eneklerinden bir model kullanabilirsin. E\u011fer ayak numaran k\u00fc\u00e7\u00fckse, \u0131\u015f\u0131kl\u0131 \u00e7ocuk ayakkab\u0131lar\u0131n\u0131n kad\u0131nlara da uyabilece\u011fini akl\u0131nda tutmal\u0131s\u0131n.\u00a0<\/span><\/li>\n<li style=\"font-weight: 400;\" aria-level=\"1\"><span style=\"font-weight: 400;\">Ev giyim \u00fcr\u00fcnleri de anne k\u0131z kombinleri i\u00e7in tercih edilebiliyor. \u00d6zellikle pijama partisi konseptiyle kombinler haz\u0131rl\u0131yorsan ayn\u0131 pijamalar\u0131n kad\u0131n ve \u00e7ocuk modellerini kullanabilir, birbirinden \u015f\u0131k <\/span><a href=\"https:\/\/www.skechers.com.tr\/kadin-ev-ayakkabisi-c-1222?utm_source=blog&amp;utm_medium=content&amp;utm_campaign=anne-kiz-kombinleri&amp;utm_term=1222\"><span style=\"font-weight: 400;\">kad\u0131n ev ayakkab\u0131s\u0131<\/span><\/a><span style=\"font-weight: 400;\"> ve<a href=\"https:\/\/www.skechers.com.tr\/kiz-cocuk-terlik-c-3007?utm_source=blog&amp;utm_medium=content&amp;utm_campaign=anne-kiz-kombinleri-nasil-yapilir&amp;utm_term=3007\"> k\u0131z \u00e7ocuk terlik<\/a> se\u00e7enekleriyle tarz\u0131n\u0131 sergileyebilirsin.\u00a0<\/span><\/li>\n<li style=\"font-weight: 400;\" aria-level=\"1\"><span style=\"font-weight: 400;\">E\u011fer anne k\u0131z kombini yaparken uyum yaratacak par\u00e7alar\u0131 bulmakta zorlan\u0131yorsan bir tema belirleyerek ilerlemelisin. \u00d6rne\u011fin tenis temas\u0131 yapabilir, \u015fort, etek, yakal\u0131 ti\u015f\u00f6rt ve spor \u00e7oraplar\u0131 kullanarak elinize birer tenis raketi alabilirsiniz. Temay\u0131 belirledikten sonra kombini tamamlamak genellikle, daha kolay g\u00f6r\u00fcl\u00fcyor.<\/span><\/li>\n<li style=\"font-weight: 400;\" aria-level=\"1\"><span style=\"font-weight: 400;\">Dilersen oversize kombinler yaparak i\u015fini kolayla\u015ft\u0131rabilirsin. B\u00f6ylece beden bulma sorununu daha kolay a\u015fman m\u00fcmk\u00fcn.\u00a0<\/span><\/li>\n<\/ul>\n<figure id=\"attachment_1380\" aria-describedby=\"caption-attachment-1380\" style=\"width: 828px\" class=\"wp-caption aligncenter\"><img decoding=\"async\" loading=\"lazy\" class=\"size-full wp-image-1380\" src=\"https:\/\/www.skechers.com.tr\/blog\/wp-content\/uploads\/2021\/04\/C_D_0216.jpg\" alt=\"Skechers D'lites\" width=\"828\" height=\"417\" srcset=\"https:\/\/www.skechers.com.tr\/blog\/wp-content\/uploads\/2021\/04\/C_D_0216.jpg 828w, https:\/\/www.skechers.com.tr\/blog\/wp-content\/uploads\/2021\/04\/C_D_0216-300x151.jpg 300w, https:\/\/www.skechers.com.tr\/blog\/wp-content\/uploads\/2021\/04\/C_D_0216-768x387.jpg 768w\" sizes=\"(max-width: 828px) 100vw, 828px\" \/><figcaption id=\"caption-attachment-1380\" class=\"wp-caption-text\">Skechers D&#8217;lites<\/figcaption><\/figure>\n<h3><span style=\"font-weight: 400;\">Anne K\u0131z Kombinleri Yaparken Nelere Dikkat Edilmeli?\u00a0<\/span><\/h3>\n<p><span style=\"font-weight: 400;\">Anne k\u0131z kombinleri yapmak olduk\u00e7a kolay g\u00f6r\u00fcn\u00fcyor ancak dikkat edilmesi gereken noktalar da var. \u00c7ocu\u011fun \u00e7ocuk oldu\u011funu unutmadan kombinleri \u015fekillendirmek ve estetik beklentiyi konfor gereksiniminin ard\u0131ndan \u00f6nemsemek, ilk ve kati kural olarak yaz\u0131l\u0131yor. \u0130\u015fte anne k\u0131z kombini yaparken dikkat etmen gereken di\u011fer \u00f6nemli noktalar:\u00a0<\/span><\/p>\n<ul>\n<li style=\"font-weight: 400;\" aria-level=\"1\"><span style=\"font-weight: 400;\">Anne k\u0131z kombinleri yaparken birebir ayn\u0131 par\u00e7alar\u0131 kullanmak gerekmedi\u011fini akl\u0131nda tutmal\u0131s\u0131n. Sen topuklu ayakkab\u0131 giydi\u011fin i\u00e7in \u00e7ocu\u011funun da topuklu ayakkab\u0131 giymesi gerekmedi\u011finin fark\u0131nda olmal\u0131, onun rahat hareket edebilece\u011fi alternatifler \u00fczerinden kombinlerini planlamal\u0131s\u0131n.\u00a0<\/span><\/li>\n<li style=\"font-weight: 400;\" aria-level=\"1\"><span style=\"font-weight: 400;\">Kendin veya \u00e7ocu\u011fun i\u00e7in beden \u00f6l\u00e7\u00fclerine uygun olmayan se\u00e7enekleri giymeye \u00e7al\u0131\u015fmamal\u0131s\u0131n. Aya\u011f\u0131na k\u00fc\u00e7\u00fck gelen bir \u00e7ocuk ayakkab\u0131s\u0131n\u0131 s\u0131rf uyumlu diye giymek anneleri an\u0131n keyfini \u00e7\u0131karmaktan al\u0131koyabiliyor. Benzer bir \u015fekilde b\u00fcy\u00fck ayakkab\u0131lar giymek \u00e7ocuklar\u0131 rahats\u0131z hissettiriyor. Bedenine uygun olan se\u00e7enekleri tercih etmelisin.\u00a0<\/span><\/li>\n<li style=\"font-weight: 400;\" aria-level=\"1\"><span style=\"font-weight: 400;\">Anne k\u0131z kombinlerinde hem annenin hem de \u00e7ocu\u011fun kendini iyi hissetmesi gerekiyor. K\u0131yafet ve ayakkab\u0131 se\u00e7erken \u00e7ocu\u011funun da fikrini sormal\u0131 ve kombinlere beraber karar vermeyi denemelisin. Hatta birlikte kombin haz\u0131rlamay\u0131 bir anne k\u0131z etkinli\u011fi olarak d\u00fc\u015f\u00fcnebilir, bu anlar\u0131n keyfini s\u00fcrebilirsin. Beraber al\u0131\u015fveri\u015fe \u00e7\u0131kmak, ikinizin ortak zevklerini ke\u015ffetmek annelere de yeni ilhamlar verebiliyor.\u00a0<\/span><\/li>\n<li style=\"font-weight: 400;\" aria-level=\"1\"><span style=\"font-weight: 400;\">E\u011fer ikinizin zevkine uygun bir tak\u0131m haz\u0131rlayamazsan\u0131z biraz yarat\u0131c\u0131l\u0131\u011fa izin vermek gerekiyor. Sadece beyaz k\u0131yafetler ve spor ayakkab\u0131lar alarak, uygun boyalarla onlar\u0131 beraber renklendirmeyi deneyebilirsin. \u00dcst\u00fcne \u015fekiller \u00e7izebilir, boyayabilir ve tasarlayabilirsin. B\u00f6ylece ortaya \u00e7\u0131kacak tasar\u0131mlarla, d\u00fcnyada e\u015fi benzeri olmayan bir anne k\u0131z kombini yaratman\u0131n hakl\u0131 gururunu ya\u015fayabilirsin.\u00a0<\/span><\/li>\n<\/ul>\n<figure id=\"attachment_1381\" aria-describedby=\"caption-attachment-1381\" style=\"width: 828px\" class=\"wp-caption aligncenter\"><img decoding=\"async\" loading=\"lazy\" class=\"size-full wp-image-1381\" src=\"https:\/\/www.skechers.com.tr\/blog\/wp-content\/uploads\/2021\/04\/C_D_0659.jpg\" alt=\"Skechers Anne K\u0131z Modelleri\" width=\"828\" height=\"473\" srcset=\"https:\/\/www.skechers.com.tr\/blog\/wp-content\/uploads\/2021\/04\/C_D_0659.jpg 828w, https:\/\/www.skechers.com.tr\/blog\/wp-content\/uploads\/2021\/04\/C_D_0659-300x171.jpg 300w, https:\/\/www.skechers.com.tr\/blog\/wp-content\/uploads\/2021\/04\/C_D_0659-768x439.jpg 768w\" sizes=\"(max-width: 828px) 100vw, 828px\" \/><figcaption id=\"caption-attachment-1381\" class=\"wp-caption-text\">Skechers Anne K\u0131z Modelleri<\/figcaption><\/figure>\n<p><span style=\"font-weight: 400;\">Skechers Anneler G\u00fcn\u00fc\u2019nde de \u00f6zel \u00fcr\u00fcnleriyle seninle. E\u011fer k\u0131z\u0131n yoksa \u00fcz\u00fclme, Skechers <\/span><a href=\"https:\/\/www.skechers.com.tr\/erkek-cocuk-spor-ayakkabilari-c-3102?utm_source=blog&amp;utm_medium=content&amp;utm_campaign=anne-kiz-kombinleri&amp;utm_term=3102\"><span style=\"font-weight: 400;\">erkek \u00e7ocuk ayakkab\u0131<\/span><\/a> <span style=\"font-weight: 400;\">da anne \u00e7ocuk kombinleri i\u00e7in yan\u0131nda. Dilersen o\u011flunla poz verebilir, anne o\u011ful kombinlerinde bir \u00f6rnek<\/span><a href=\"https:\/\/www.skechers.com.tr\/erkek-cocuk-isikli-ayakkabilar-c-3103?utm_source=blog&amp;utm_medium=content&amp;utm_campaign=anne-kiz-kombinleri&amp;utm_term=3103\"><span style=\"font-weight: 400;\"> erkek \u00e7ocuk \u0131\u015f\u0131kl\u0131 ayakkab\u0131<\/span><\/a><span style=\"font-weight: 400;\"> se\u00e7enekleriyle objektiflere g\u00fcl\u00fcmseyebilirsiniz. Erkek \u00e7ocuk ayakkab\u0131lar\u0131n\u0131n numaralar\u0131 bir\u00e7ok kad\u0131n\u0131n bedenine de uyuyor. Dilersen erkek \u00e7ocuk koleksiyonundan da kendin i\u00e7in uygun numarada bir alternatif bulabilirsin. Anneler G\u00fcn\u00fc\u2019ne g\u00fczel bir an\u0131 b\u0131rakmak i\u00e7in Skechers\u2019\u0131 tercih edebilir, kalite, estetik ve tarz sunan \u00fcr\u00fcnlerle kombinlerini tamamlayabilirsin.\u00a0<\/span><\/p>\n<p><a href=\"https:\/\/www.skechers.com.tr\/kadin-sneakers-c-1012\"><img decoding=\"async\" loading=\"lazy\" class=\"size-full wp-image-1546 alignleft\" src=\"https:\/\/www.skechers.com.tr\/blog\/wp-content\/uploads\/2021\/04\/kadin-sneakers-blog-ctaa.jpg\" alt=\"\" width=\"550\" height=\"117\" srcset=\"https:\/\/www.skechers.com.tr\/blog\/wp-content\/uploads\/2021\/04\/kadin-sneakers-blog-ctaa.jpg 550w, https:\/\/www.skechers.com.tr\/blog\/wp-content\/uploads\/2021\/04\/kadin-sneakers-blog-ctaa-300x64.jpg 300w\" sizes=\"(max-width: 550px) 100vw, 550px\" \/><\/a><\/p>\n","protected":false},"excerpt":{"rendered":"<p>Anneler ve k\u0131zlar\u0131n\u0131n uyumlu k\u0131yafetleriyle ahenk sergiledi\u011fi kombinler, anne k\u0131z kombinleri ad\u0131yla an\u0131l\u0131yor. Hem g\u00fcnl\u00fck ya\u015famda hem de \u00f6zel g\u00fcnlerde anne ile bir \u00f6rnek veya uyumlu giyinen \u00e7ocuklar, aile i\u00e7indeki m\u00fckemmel uyumu resmediyor. Annelerin k\u0131zlar\u0131yla, babalar\u0131n o\u011fullar\u0131yla uyumlu giyindi\u011fi moda ak\u0131m\u0131, foto\u011frafl\u0131 sosyal medya uygulamalar\u0131n\u0131n y\u00fckselmesiyle hayat\u0131m\u0131za girdi ve hala pop\u00fclerli\u011fini s\u00fcrd\u00fcr\u00fcyor. Sen de bu [&hellip;]<\/p>\n","protected":false},"author":1,"featured_media":1377,"comment_status":"open","ping_status":"open","sticky":false,"template":"","format":"standard","meta":[],"categories":[1],"tags":[],"yoast_head":"<!-- This site is optimized with the Yoast SEO plugin v18.5.1 - https:\/\/yoast.com\/wordpress\/plugins\/seo\/ -->\n<title>Anne K\u0131z Kombinleri Nas\u0131l Yap\u0131l\u0131r? - Skechers Blog<\/title>\n<meta name=\"description\" content=\"Anne k\u0131z kombinleri nedir, nas\u0131l yap\u0131l\u0131r sorular\u0131n\u0131 yan\u0131tl\u0131yor. Skechers anne k\u0131z ayakkab\u0131 modelleriyle trende uyum sa\u011flamana imkan veriyor.\" \/>\n<meta name=\"robots\" content=\"index, follow, max-snippet:-1, max-image-preview:large, max-video-preview:-1\" \/>\n<link rel=\"canonical\" href=\"https:\/\/www.skechers.com.tr\/blog\/anne-kiz-kombinleri-nasil-yapilir\/\" \/>\n<meta property=\"og:locale\" content=\"tr_TR\" \/>\n<meta property=\"og:type\" content=\"article\" \/>\n<meta property=\"og:title\" content=\"Anne K\u0131z Kombinleri Nas\u0131l Yap\u0131l\u0131r? - Skechers Blog\" \/>\n<meta property=\"og:description\" content=\"Anne k\u0131z kombinleri nedir, nas\u0131l yap\u0131l\u0131r sorular\u0131n\u0131 yan\u0131tl\u0131yor. Skechers anne k\u0131z ayakkab\u0131 modelleriyle trende uyum sa\u011flamana imkan veriyor.\" \/>\n<meta property=\"og:url\" content=\"https:\/\/www.skechers.com.tr\/blog\/anne-kiz-kombinleri-nasil-yapilir\/\" \/>\n<meta property=\"og:site_name\" content=\"Skechers Blog\" \/>\n<meta property=\"article:published_time\" content=\"2021-04-08T15:27:48+00:00\" \/>\n<meta property=\"article:modified_time\" content=\"2021-06-28T13:34:25+00:00\" \/>\n<meta property=\"og:image\" content=\"https:\/\/www.skechers.com.tr\/blog\/wp-content\/uploads\/2021\/04\/pexels-thanh-nguyen-1438511.jpg\" \/>\n\t<meta property=\"og:image:width\" content=\"828\" \/>\n\t<meta property=\"og:image:height\" content=\"552\" \/>\n\t<meta property=\"og:image:type\" content=\"image\/jpeg\" \/>\n<meta name=\"twitter:card\" content=\"summary_large_image\" \/>\n<meta name=\"twitter:label1\" content=\"Yazan:\" \/>\n\t<meta name=\"twitter:data1\" content=\"Skechers T\u00fcrkiye\" \/>\n\t<meta name=\"twitter:label2\" content=\"Tahmini okuma s\u00fcresi\" \/>\n\t<meta name=\"twitter:data2\" content=\"6 dakika\" \/>\n<script type=\"application\/ld+json\" class=\"yoast-schema-graph\">{\"@context\":\"https:\/\/schema.org\",\"@graph\":[{\"@type\":\"WebSite\",\"@id\":\"https:\/\/www.skechers.com.tr\/blog\/#website\",\"url\":\"https:\/\/www.skechers.com.tr\/blog\/\",\"name\":\"Skechers Blog\",\"description\":\"Skechers\",\"potentialAction\":[{\"@type\":\"SearchAction\",\"target\":{\"@type\":\"EntryPoint\",\"urlTemplate\":\"https:\/\/www.skechers.com.tr\/blog\/?s={search_term_string}\"},\"query-input\":\"required name=search_term_string\"}],\"inLanguage\":\"tr\"},{\"@type\":\"ImageObject\",\"@id\":\"https:\/\/www.skechers.com.tr\/blog\/anne-kiz-kombinleri-nasil-yapilir\/#primaryimage\",\"inLanguage\":\"tr\",\"url\":\"https:\/\/www.skechers.com.tr\/blog\/wp-content\/uploads\/2021\/04\/pexels-thanh-nguyen-1438511.jpg\",\"contentUrl\":\"https:\/\/www.skechers.com.tr\/blog\/wp-content\/uploads\/2021\/04\/pexels-thanh-nguyen-1438511.jpg\",\"width\":828,\"height\":552,\"caption\":\"Anne K\u0131z Kombinleri Nas\u0131l Yap\u0131l\u0131r?\"},{\"@type\":\"WebPage\",\"@id\":\"https:\/\/www.skechers.com.tr\/blog\/anne-kiz-kombinleri-nasil-yapilir\/#webpage\",\"url\":\"https:\/\/www.skechers.com.tr\/blog\/anne-kiz-kombinleri-nasil-yapilir\/\",\"name\":\"Anne K\u0131z Kombinleri Nas\u0131l Yap\u0131l\u0131r? - Skechers Blog\",\"isPartOf\":{\"@id\":\"https:\/\/www.skechers.com.tr\/blog\/#website\"},\"primaryImageOfPage\":{\"@id\":\"https:\/\/www.skechers.com.tr\/blog\/anne-kiz-kombinleri-nasil-yapilir\/#primaryimage\"},\"datePublished\":\"2021-04-08T15:27:48+00:00\",\"dateModified\":\"2021-06-28T13:34:25+00:00\",\"author\":{\"@id\":\"https:\/\/www.skechers.com.tr\/blog\/#\/schema\/person\/6d09a0595696524814757d23d22b4c33\"},\"description\":\"Anne k\u0131z kombinleri nedir, nas\u0131l yap\u0131l\u0131r sorular\u0131n\u0131 yan\u0131tl\u0131yor. Skechers anne k\u0131z ayakkab\u0131 modelleriyle trende uyum sa\u011flamana imkan veriyor.\",\"breadcrumb\":{\"@id\":\"https:\/\/www.skechers.com.tr\/blog\/anne-kiz-kombinleri-nasil-yapilir\/#breadcrumb\"},\"inLanguage\":\"tr\",\"potentialAction\":[{\"@type\":\"ReadAction\",\"target\":[\"https:\/\/www.skechers.com.tr\/blog\/anne-kiz-kombinleri-nasil-yapilir\/\"]}]},{\"@type\":\"BreadcrumbList\",\"@id\":\"https:\/\/www.skechers.com.tr\/blog\/anne-kiz-kombinleri-nasil-yapilir\/#breadcrumb\",\"itemListElement\":[{\"@type\":\"ListItem\",\"position\":1,\"name\":\"Anne K\u0131z Kombinleri Nas\u0131l Yap\u0131l\u0131r?\"}]},{\"@type\":\"Person\",\"@id\":\"https:\/\/www.skechers.com.tr\/blog\/#\/schema\/person\/6d09a0595696524814757d23d22b4c33\",\"name\":\"Skechers T\u00fcrkiye\",\"image\":{\"@type\":\"ImageObject\",\"@id\":\"https:\/\/www.skechers.com.tr\/blog\/#personlogo\",\"inLanguage\":\"tr\",\"url\":\"https:\/\/secure.gravatar.com\/avatar\/0fc2191869a9a020b4606acf264338ae?s=96&d=mm&r=g\",\"contentUrl\":\"https:\/\/secure.gravatar.com\/avatar\/0fc2191869a9a020b4606acf264338ae?s=96&d=mm&r=g\",\"caption\":\"Skechers T\u00fcrkiye\"},\"description\":\"Skechers spor ayakkab\u0131 \u00fcr\u00fcnleri ile rahatl\u0131\u011f\u0131 ve kaliteyi hisset!\"}]}<\/script>\n<!-- \/ Yoast SEO plugin. -->","yoast_head_json":{"title":"Anne K\u0131z Kombinleri Nas\u0131l Yap\u0131l\u0131r? - Skechers Blog","description":"Anne k\u0131z kombinleri nedir, nas\u0131l yap\u0131l\u0131r sorular\u0131n\u0131 yan\u0131tl\u0131yor. Skechers anne k\u0131z ayakkab\u0131 modelleriyle trende uyum sa\u011flamana imkan veriyor.","robots":{"index":"index","follow":"follow","max-snippet":"max-snippet:-1","max-image-preview":"max-image-preview:large","max-video-preview":"max-video-preview:-1"},"canonical":"https:\/\/www.skechers.com.tr\/blog\/anne-kiz-kombinleri-nasil-yapilir\/","og_locale":"tr_TR","og_type":"article","og_title":"Anne K\u0131z Kombinleri Nas\u0131l Yap\u0131l\u0131r? - Skechers Blog","og_description":"Anne k\u0131z kombinleri nedir, nas\u0131l yap\u0131l\u0131r sorular\u0131n\u0131 yan\u0131tl\u0131yor. Skechers anne k\u0131z ayakkab\u0131 modelleriyle trende uyum sa\u011flamana imkan veriyor.","og_url":"https:\/\/www.skechers.com.tr\/blog\/anne-kiz-kombinleri-nasil-yapilir\/","og_site_name":"Skechers Blog","article_published_time":"2021-04-08T15:27:48+00:00","article_modified_time":"2021-06-28T13:34:25+00:00","og_image":[{"width":828,"height":552,"url":"https:\/\/www.skechers.com.tr\/blog\/wp-content\/uploads\/2021\/04\/pexels-thanh-nguyen-1438511.jpg","type":"image\/jpeg"}],"twitter_card":"summary_large_image","twitter_misc":{"Yazan:":"Skechers T\u00fcrkiye","Tahmini okuma s\u00fcresi":"6 dakika"},"schema":{"@context":"https:\/\/schema.org","@graph":[{"@type":"WebSite","@id":"https:\/\/www.skechers.com.tr\/blog\/#website","url":"https:\/\/www.skechers.com.tr\/blog\/","name":"Skechers Blog","description":"Skechers","potentialAction":[{"@type":"SearchAction","target":{"@type":"EntryPoint","urlTemplate":"https:\/\/www.skechers.com.tr\/blog\/?s={search_term_string}"},"query-input":"required name=search_term_string"}],"inLanguage":"tr"},{"@type":"ImageObject","@id":"https:\/\/www.skechers.com.tr\/blog\/anne-kiz-kombinleri-nasil-yapilir\/#primaryimage","inLanguage":"tr","url":"https:\/\/www.skechers.com.tr\/blog\/wp-content\/uploads\/2021\/04\/pexels-thanh-nguyen-1438511.jpg","contentUrl":"https:\/\/www.skechers.com.tr\/blog\/wp-content\/uploads\/2021\/04\/pexels-thanh-nguyen-1438511.jpg","width":828,"height":552,"caption":"Anne K\u0131z Kombinleri Nas\u0131l Yap\u0131l\u0131r?"},{"@type":"WebPage","@id":"https:\/\/www.skechers.com.tr\/blog\/anne-kiz-kombinleri-nasil-yapilir\/#webpage","url":"https:\/\/www.skechers.com.tr\/blog\/anne-kiz-kombinleri-nasil-yapilir\/","name":"Anne K\u0131z Kombinleri Nas\u0131l Yap\u0131l\u0131r? - Skechers Blog","isPartOf":{"@id":"https:\/\/www.skechers.com.tr\/blog\/#website"},"primaryImageOfPage":{"@id":"https:\/\/www.skechers.com.tr\/blog\/anne-kiz-kombinleri-nasil-yapilir\/#primaryimage"},"datePublished":"2021-04-08T15:27:48+00:00","dateModified":"2021-06-28T13:34:25+00:00","author":{"@id":"https:\/\/www.skechers.com.tr\/blog\/#\/schema\/person\/6d09a0595696524814757d23d22b4c33"},"description":"Anne k\u0131z kombinleri nedir, nas\u0131l yap\u0131l\u0131r sorular\u0131n\u0131 yan\u0131tl\u0131yor. Skechers anne k\u0131z ayakkab\u0131 modelleriyle trende uyum sa\u011flamana imkan veriyor.","breadcrumb":{"@id":"https:\/\/www.skechers.com.tr\/blog\/anne-kiz-kombinleri-nasil-yapilir\/#breadcrumb"},"inLanguage":"tr","potentialAction":[{"@type":"ReadAction","target":["https:\/\/www.skechers.com.tr\/blog\/anne-kiz-kombinleri-nasil-yapilir\/"]}]},{"@type":"BreadcrumbList","@id":"https:\/\/www.skechers.com.tr\/blog\/anne-kiz-kombinleri-nasil-yapilir\/#breadcrumb","itemListElement":[{"@type":"ListItem","position":1,"name":"Anne K\u0131z Kombinleri Nas\u0131l Yap\u0131l\u0131r?"}]},{"@type":"Person","@id":"https:\/\/www.skechers.com.tr\/blog\/#\/schema\/person\/6d09a0595696524814757d23d22b4c33","name":"Skechers T\u00fcrkiye","image":{"@type":"ImageObject","@id":"https:\/\/www.skechers.com.tr\/blog\/#personlogo","inLanguage":"tr","url":"https:\/\/secure.gravatar.com\/avatar\/0fc2191869a9a020b4606acf264338ae?s=96&d=mm&r=g","contentUrl":"https:\/\/secure.gravatar.com\/avatar\/0fc2191869a9a020b4606acf264338ae?s=96&d=mm&r=g","caption":"Skechers T\u00fcrkiye"},"description":"Skechers spor ayakkab\u0131 \u00fcr\u00fcnleri ile rahatl\u0131\u011f\u0131 ve kaliteyi hisset!"}]}},"_links":{"self":[{"href":"https:\/\/www.skechers.com.tr\/blog\/wp-json\/wp\/v2\/posts\/1376"}],"collection":[{"href":"https:\/\/www.skechers.com.tr\/blog\/wp-json\/wp\/v2\/posts"}],"about":[{"href":"https:\/\/www.skechers.com.tr\/blog\/wp-json\/wp\/v2\/types\/post"}],"author":[{"embeddable":true,"href":"https:\/\/www.skechers.com.tr\/blog\/wp-json\/wp\/v2\/users\/1"}],"replies":[{"embeddable":true,"href":"https:\/\/www.skechers.com.tr\/blog\/wp-json\/wp\/v2\/comments?post=1376"}],"version-history":[{"count":7,"href":"https:\/\/www.skechers.com.tr\/blog\/wp-json\/wp\/v2\/posts\/1376\/revisions"}],"predecessor-version":[{"id":1861,"href":"https:\/\/www.skechers.com.tr\/blog\/wp-json\/wp\/v2\/posts\/1376\/revisions\/1861"}],"wp:featuredmedia":[{"embeddable":true,"href":"https:\/\/www.skechers.com.tr\/blog\/wp-json\/wp\/v2\/media\/1377"}],"wp:attachment":[{"href":"https:\/\/www.skechers.com.tr\/blog\/wp-json\/wp\/v2\/media?parent=1376"}],"wp:term":[{"taxonomy":"category","embeddable":true,"href":"https:\/\/www.skechers.com.tr\/blog\/wp-json\/wp\/v2\/categories?post=1376"},{"taxonomy":"post_tag","embeddable":true,"href":"https:\/\/www.skechers.com.tr\/blog\/wp-json\/wp\/v2\/tags?post=1376"}],"curies":[{"name":"wp","href":"https:\/\/api.w.org\/{rel}","templated":true}]}}