{"id":1365,"date":"2021-02-05T15:42:35","date_gmt":"2021-02-05T15:42:35","guid":{"rendered":"https:\/\/www.skechers.com.tr\/blog\/?p=1365"},"modified":"2021-05-24T16:23:48","modified_gmt":"2021-05-24T16:23:48","slug":"skechers-ayakkabi-ayagi-vurur-mu","status":"publish","type":"post","link":"https:\/\/www.skechers.com.tr\/blog\/skechers-ayakkabi-ayagi-vurur-mu\/","title":{"rendered":"Skechers Ayakkab\u0131 Aya\u011f\u0131 Vurur mu?"},"content":{"rendered":"<p><span style=\"font-weight: 400;\">Skechers ayakkab\u0131 konforu ile tan\u0131nsa da daha \u00f6nce Skechers giymemi\u015f ki\u015filerin akl\u0131n\u0131 baz\u0131 sorular me\u015fgul edebiliyor. \u201cSkechers ayakkab\u0131 aya\u011f\u0131 vurur mu\u201d i\u015fte o sorulardan biri. Konforlu Skechers ayakkab\u0131lar do\u011fru se\u00e7ildi\u011finde, aya\u011fa uygun bir kal\u0131p ve numara al\u0131nd\u0131\u011f\u0131nda, kullan\u0131m \u00f6nerilerine uyuldu\u011funda, ayakkab\u0131lar kesinlikle aya\u011f\u0131 vurmuyor. Do\u011fru ayakkab\u0131 se\u00e7imi ve kullan\u0131m\u0131yla ilgili detaylara dikkat ederek ayakkab\u0131lar\u0131n vurmayaca\u011f\u0131ndan emin olabilir, konforlu Skechers modelleri ile g\u00fcnl\u00fck ya\u015famda rahatl\u0131\u011f\u0131 deneyimleyebilirsin.\u00a0<\/span><\/p>\n<h2><span style=\"font-weight: 400;\">Aya\u011f\u0131n Rahat Etmesi i\u00e7in Ayakkab\u0131 Se\u00e7imi Nas\u0131l Olmal\u0131d\u0131r?<\/span><\/h2>\n<p><span style=\"font-weight: 400;\">Aya\u011f\u0131n rahat hissetmesi i\u00e7in ayakkab\u0131n\u0131n denenmesi, numaras\u0131n\u0131n aya\u011fa uygun olmas\u0131, kal\u0131b\u0131n\u0131n ki\u015finin aya\u011f\u0131n\u0131 desteklemesi \u00f6nem ta\u015f\u0131yor. Skechers, aya\u011f\u0131n konforlu hissetmesi i\u00e7in teknik donan\u0131m\u0131yla kullan\u0131c\u0131lara yard\u0131mc\u0131 oluyor. Do\u011fru ayakkab\u0131 se\u00e7imi yaparak sen de bu konforu doyas\u0131ya hissedebilirsin. \u0130\u015fte ayakkab\u0131 se\u00e7iminin p\u00fcf noktalar\u0131:\u00a0<\/span><\/p>\n<ul>\n<li style=\"font-weight: 400;\" aria-level=\"1\"><span style=\"font-weight: 400;\">Ayakkab\u0131 denerken aya\u011f\u0131na uygun numara almal\u0131s\u0131n. Hem sa\u011f hem de sol tekleri denemeli, parmaklar\u0131n\u0131n hissini dikkatle inceleyerek modelin uygunlu\u011funa karar vermelisin. Yanl\u0131\u015f numara se\u00e7imi, ayakkab\u0131n\u0131n deformasyonuna neden olabiliyor. <\/span><a href=\"https:\/\/www.skechers.com.tr\/blog\/skechers-deforme-oluyor-mu\/\"><span style=\"font-weight: 400;\">Skechers ayakkab\u0131 deforme oluyor mu<\/span><\/a><span style=\"font-weight: 400;\"> sorusunun geni\u015f kapsaml\u0131 yan\u0131t\u0131n\u0131 yaz\u0131m\u0131zda bulabilirsin.\u00a0<\/span><\/li>\n<li style=\"font-weight: 400;\" aria-level=\"1\"><span style=\"font-weight: 400;\">Ayak parmaklar\u0131n\u0131n ayakkab\u0131n\u0131n \u00f6n y\u00fczeyine de\u011fmemesi gerekiyor.\u00a0<\/span><\/li>\n<li style=\"font-weight: 400;\" aria-level=\"1\"><span style=\"font-weight: 400;\">Aya\u011f\u0131nda her zaman giydi\u011fin kal\u0131nl\u0131kta \u00e7oraplar olmal\u0131 veya ayakkab\u0131y\u0131 giyece\u011fin \u00e7oraplar\u0131 d\u00fc\u015f\u00fcnerek se\u00e7im yapmal\u0131s\u0131n.\u00a0<\/span><\/li>\n<li style=\"font-weight: 400;\" aria-level=\"1\"><span style=\"font-weight: 400;\">Ayakkab\u0131lar, farkl\u0131 aktivitelere uygun tasarlanabiliyor. Y\u00fcr\u00fcy\u00fc\u015f ayakkab\u0131s\u0131 ile ko\u015fulmas\u0131 uygun olmad\u0131\u011f\u0131 gibi <a href=\"https:\/\/www.skechers.com.tr\/erkek-kosu-ayakkabilari-c-2005?utm_source=blog&amp;utm_medium=content&amp;utm_campaign=skechers-ayakkabi-ayagi-vurur-mu&amp;utm_term=2005\">ko\u015fu ayakkab\u0131s\u0131<\/a> ile uzun y\u00fcr\u00fcy\u00fc\u015fler yapmak da rahats\u0131z hisse neden olabiliyor. \u00d6rne\u011fin y\u00fcr\u00fcy\u00fc\u015f ayakkab\u0131lar\u0131n\u0131n \u00f6n\u00fc a\u00e7\u0131lan tarak kemi\u011fini desteklemek i\u00e7in daha geni\u015f tasarlan\u0131yor. Ko\u015fuda ise s\u0131k\u0131\u015fan kemiklerin daha dar \u00f6n k\u0131s\u0131mla desteklenmesi gerekiyor. Ayakkab\u0131n\u0131n do\u011fru aktivite i\u00e7in kullan\u0131ld\u0131\u011f\u0131ndan emin olmal\u0131s\u0131n.<\/span><\/li>\n<li style=\"font-weight: 400;\" aria-level=\"1\"><span style=\"font-weight: 400;\">Ayakkab\u0131larda yanl\u0131\u015f kullan\u0131m, \u00e7ekecek kullanmama, ayakkab\u0131n\u0131n arka k\u0131sm\u0131n\u0131n \u00fczerine basma gibi nedenlerle <\/span><a href=\"https:\/\/www.skechers.com.tr\/blog\/skechers-ic-astar-yirtigi\/\"><span style=\"font-weight: 400;\">Skechers i\u00e7 astar y\u0131rt\u0131\u011f\u0131 <\/span><\/a><span style=\"font-weight: 400;\">olu\u015fabiliyor. \u0130\u00e7 astar\u0131 y\u0131rt\u0131lm\u0131\u015f modellerde vurmaya rastlanabiliyor. Ancak \u00f6zenle kullan\u0131lan, fortu k\u0131r\u0131lmayan, kullan\u0131m \u00f6nerilerine uyulan tasar\u0131mlarda ayakkab\u0131 vurmas\u0131 s\u00f6z konusu olmuyor.\u00a0<\/span><\/li>\n<\/ul>\n<h3><span style=\"font-weight: 400;\">Skechers Ayakkab\u0131n\u0131n Ayak Sa\u011fl\u0131\u011f\u0131na Etkileri<\/span><\/h3>\n<p><span style=\"font-weight: 400;\">Skechers ayakkab\u0131lar, kaliteli materyallerden imal ediliyor. Uzun \u00f6m\u00fcrl\u00fc tasar\u0131mlar, do\u011fru se\u00e7im ve kullan\u0131mla kullan\u0131c\u0131lar\u0131n konfor aray\u0131\u015f\u0131n\u0131n yan\u0131t\u0131 haline geliyor. Skechers\u2019\u0131n \u00f6zel haf\u0131zal\u0131 taban teknolojisi sayesinde ayakkab\u0131lar, aya\u011f\u0131n tam \u015feklini alarak m\u00fckemmel yast\u0131klama sa\u011fl\u0131yor. Modellerin kaymayan k\u00f6p\u00fck alt tabanlar\u0131, y\u00fcksek yer tutu\u015f sa\u011flayarak g\u00fcven veriyor. Ayr\u0131ca, \u00f6zellikle k\u0131\u015fl\u0131k ve outdoor modellerde yer alan y\u00fcksek bilekler, ayak burkulmalar\u0131na kar\u015f\u0131 korumada kullan\u0131c\u0131lara destek veriyor. Skechers modellerinde bulunan nefes alan paneller ayakkab\u0131 i\u00e7indeki \u0131s\u0131 derecesinin dengelenmesine yard\u0131mc\u0131 oluyor. Skechers, her modelinde tasar\u0131m\u0131n\u0131 ayaklar\u0131n rahat hissetmesi i\u00e7in haz\u0131rl\u0131yor. \u00d6rne\u011fin, ortopedik ayakkab\u0131 serisi Arch Fit\u2019in 20 y\u0131l\u0131 a\u015fk\u0131n \u00e7al\u0131\u015fmalar ve 120.000 farkl\u0131 ayak anatomisinin incelenmesiyle haz\u0131rland\u0131\u011f\u0131 biliniyor. Ayak hastal\u0131klar\u0131 uzmanlar\u0131 taraf\u0131ndan tasarlanan ortopedik ayakkab\u0131lar, Skechers\u2019\u0131n <\/span><a href=\"https:\/\/www.skechers.com.tr\/blog\/ayak-sagligi\/\"><span style=\"font-weight: 400;\">ayak sa\u011fl\u0131\u011f\u0131<\/span><\/a><span style=\"font-weight: 400;\"> konusundaki hassasiyetini g\u00f6z \u00f6n\u00fcne seriyor.\u00a0<\/span><\/p>\n<h3><span style=\"font-weight: 400;\">Skechers Ayakkab\u0131 Esner mi?<\/span><\/h3>\n<p><span style=\"font-weight: 400;\">Ayakkab\u0131lar\u0131n uzun s\u00fcreli kullan\u0131mda bir miktar esnedi\u011finden s\u00f6z edilebiliyor ancak \u201cayakkab\u0131lar nas\u0131lsa esner\u201d diyerek k\u00fc\u00e7\u00fck numara modeller tercih edildi\u011finde ayakkab\u0131n\u0131n k\u00fc\u00e7\u00fck geldi\u011finden \u015fikayet edilebiliyor. Skechers modellerinde k\u00fc\u00e7\u00fck bir esneme pay\u0131 bulunsa da, numara de\u011fi\u015ftirecek bir esneklik ya\u015fanm\u0131yor. Ki\u015filerin do\u011fru ayak numaras\u0131nda, kal\u0131pta \u00fcr\u00fcnleri se\u00e7tikten sonra ilk giyimde hafif s\u0131kma hissetmeleri normal kar\u015f\u0131lan\u0131yor ancak birka\u00e7 giyimde bu s\u0131k\u0131l\u0131\u011f\u0131n hafif\u00e7e esneyebilece\u011fi \u00f6ng\u00f6r\u00fcl\u00fcyor. Ayakkab\u0131n\u0131n geni\u015flemesi i\u00e7in \u00e7eki\u015ftirmek, deforme edici kimyasallara maruz b\u0131rakmak, y\u0131kamak gibi uygulamalar, kesinlikle \u00f6nerilmiyor. Ayakkab\u0131n\u0131n maksimum esnekli\u011fe ula\u015fmas\u0131 i\u00e7in evde aya\u011f\u0131na giyebilir, birka\u00e7 saat kullanabilirsin. S\u00fcre zarf\u0131nda ayakkab\u0131n\u0131n biraz esnedi\u011fine \u015fahit olman m\u00fcmk\u00fcn.\u00a0<\/span><\/p>\n<h3><span style=\"font-weight: 400;\">Skechers Ayakkab\u0131 Nas\u0131l Se\u00e7ilmelidir?<\/span><\/h3>\n<p><span style=\"font-weight: 400;\">Ayakkab\u0131 se\u00e7imi s\u0131ras\u0131nda olduk\u00e7a dikkatli olmal\u0131, ayakkab\u0131n\u0131n kullan\u0131m alan\u0131na, g\u00fcnl\u00fck ya\u015fam al\u0131\u015fkanl\u0131klar\u0131na, ayakkab\u0131dan beklentilere odaklanmal\u0131s\u0131n.<\/span><\/p>\n<ul>\n<li style=\"font-weight: 400;\" aria-level=\"1\"><span style=\"font-weight: 400;\">Ayakkab\u0131y\u0131 ko\u015fu gibi sert egzersizlerde kullanacaksan orta taban desteklerine dikkat etmeli ve \u015fok emicili\u011fini inceleyerek se\u00e7im yapmal\u0131s\u0131n.\u00a0<\/span><\/li>\n<li style=\"font-weight: 400;\" aria-level=\"1\"><span style=\"font-weight: 400;\">E\u011fer uzun y\u00fcr\u00fcy\u00fc\u015flerde \u00e7ok yoruldu\u011fundan \u015fikayet ediyor ve bu sorunun azalmas\u0131na yard\u0131mc\u0131 olacak bir model ar\u0131yorsan, ayakkab\u0131n\u0131n enerji d\u00f6n\u00fc\u015f\u00fcm \u00f6zelliklerine bakmal\u0131s\u0131n.\u00a0<\/span><\/li>\n<li style=\"font-weight: 400;\" aria-level=\"1\"><span style=\"font-weight: 400;\">Ayakkab\u0131 yaz aylar\u0131nda kullan\u0131lacaksa Air Cooled Memory Foam gibi ayak taban\u0131ndan hava alan \u00f6zel i\u00e7 taban desteklerine y\u00f6nelmelisin.\u00a0<\/span><\/li>\n<li style=\"font-weight: 400;\" aria-level=\"1\"><span style=\"font-weight: 400;\">Ayakkab\u0131n\u0131n zemin tutu\u015funu \u00f6l\u00e7mek i\u00e7in, denedi\u011fin zeminin kullanaca\u011f\u0131n zeminle ayn\u0131 olmas\u0131na dikkat edebilir, alt taban materyalini inceleyebilirsin. Taban\u0131n girintili \u00e7\u0131k\u0131nt\u0131l\u0131 olmas\u0131n\u0131n da ayakkab\u0131n\u0131n yer tutu\u015funu art\u0131raca\u011f\u0131n\u0131 not d\u00fc\u015febilirsin.\u00a0<\/span><\/li>\n<li style=\"font-weight: 400;\" aria-level=\"1\"><span style=\"font-weight: 400;\">Ayakkab\u0131lar\u0131 giyerken destek olacak Quick Fit tasar\u0131m \u00f6zelli\u011fine veya \u00e7ekme halkas\u0131 eklentilerine bakabilirsin. B\u00f6ylece ayakkab\u0131 giyerken daha az zahmet g\u00f6sterebilirsin.\u00a0<\/span><\/li>\n<li style=\"font-weight: 400;\" aria-level=\"1\"><span style=\"font-weight: 400;\">Ayaklar\u0131n\u0131n \u00f6n k\u0131sm\u0131 daha geni\u015fse, y\u00fcr\u00fcy\u00fc\u015f yapan biriysen, kendine uygun bir model aray\u0131\u015f\u0131ndaysan Relaxed Fit tasar\u0131m \u00f6zellikli y\u00fcr\u00fcy\u00fc\u015f ayakkab\u0131lar\u0131n\u0131 ara\u015ft\u0131rarak Skechers\u2019\u0131n\u0131 se\u00e7ebilirsin.\u00a0<\/span><\/li>\n<\/ul>\n<h3><span style=\"font-weight: 400;\">Vurmamas\u0131 \u0130\u00e7in Skechers Ayakkab\u0131 Nas\u0131l Kullan\u0131lmal\u0131d\u0131r?\u00a0<\/span><\/h3>\n<p><span style=\"font-weight: 400;\">Skechers ayakkab\u0131lar\u0131n vurmamas\u0131 i\u00e7in kullan\u0131m \u00f6nerilerine harfiyen uyulmas\u0131 tavsiye ediliyor. Ayakkab\u0131 giyildi\u011finde, g\u00fcn boyu i\u00e7inde olu\u015fan ter, \u00f6l\u00fc deri, buhar ve nem bakteri i\u00e7in ideal ortam meydana getiriyor.\u00a0 Bu nedenle ayakkab\u0131lar\u0131n her giyimin ard\u0131ndan 1 g\u00fcn havaland\u0131r\u0131lmas\u0131 \u00f6neriliyor. Bir g\u00fcn aral\u0131kla giyilen, d\u00fczenli olarak havaland\u0131r\u0131lan ayakkab\u0131larda bakteri olu\u015fumunun \u00f6n\u00fcne ge\u00e7iliyor. Deformasyon ihtimali azal\u0131rken, ayakkab\u0131n\u0131n \u00f6mr\u00fc uzuyor.\u00a0<\/span><\/p>\n<p><span style=\"font-weight: 400;\">Ayakkab\u0131lar\u0131n \u00e7ekeceksiz giymeye \u00e7al\u0131\u015f\u0131lmas\u0131, ba\u011fc\u0131klar\u0131 a\u00e7madan ayakkab\u0131y\u0131 giyme tela\u015f\u0131, ayakkab\u0131y\u0131 \u00e7eki\u015ftirme gibi eylemler yine deformasyona davetiye \u00e7\u0131kart\u0131yor. Terle \u0131slanan, havaland\u0131r\u0131lmayan modellerde a\u015f\u0131nma, iplik atmas\u0131, astar y\u0131rt\u0131lmas\u0131, k\u00f6t\u00fc koku gibi sorunlar g\u00f6r\u00fclebiliyor. A\u015f\u0131nan ayakkab\u0131da ayaklar, normalde temas etmemesi gereken i\u00e7 y\u00fczeylere de\u011febiliyor, bu da s\u00fcrt\u00fcnmeyi ve vurmay\u0131 beraberinde getiriyor. A\u015f\u0131nan y\u00fczeyler, i\u00e7eride olu\u015fan bakteriler ve terle beraber, ayaklarda rahats\u0131z edici s\u00fcrt\u00fcnme hissi g\u00f6r\u00fclebiliyo.\u00a0<\/span><\/p>\n<p><span style=\"font-weight: 400;\">Ayakkab\u0131lar\u0131n \u00e7oraps\u0131z giyilmesi, ayakta olu\u015fan nemin, terin ve \u0131s\u0131n\u0131n direkt ayakkab\u0131 y\u00fczeyiyle temas\u0131na imkan tan\u0131yor. Bu da a\u015f\u0131nman\u0131n nedenlerinden birini olu\u015fturuyor. Ayakkab\u0131lar\u0131 mukakkak \u00e7orapla beraber giymeli ve vurup vurmad\u0131\u011f\u0131n\u0131 b\u00f6yle test etmelisin. Hi\u00e7bir model, \u00e7oraps\u0131z giyim d\u00fc\u015f\u00fcn\u00fclerek haz\u0131rlanm\u0131yor.\u00a0<\/span><\/p>\n<p><span style=\"font-weight: 400;\">Ayakkab\u0131lar\u0131n depolanmas\u0131 da kullan\u0131m \u00f6nerileri aras\u0131nda \u00f6nemli bir maddeyi i\u015faret ediyor. Modellerin \u00fcst \u00fcste, birbirlerine bask\u0131 yapacak \u015fekilde dizilmesi, deformasyon olu\u015fturabiliyor. Yine a\u00e7\u0131k havada havaland\u0131rmak yerine ayakkab\u0131lar, s\u00fcrekli havas\u0131z ve k\u00fc\u00e7\u00fck dolaplarda tutuldu\u011funda, bakteri \u00fcreme olas\u0131l\u0131\u011f\u0131 art\u0131yor. Ayakkab\u0131lar\u0131n uzun s\u00fcre g\u00fcne\u015f alt\u0131nda veya rutubetli ortamda tutulmas\u0131 da depolama \u00f6nerilerine ayk\u0131r\u0131 g\u00f6r\u00fcl\u00fcyor ve deformasyonu, do\u011fal olarak vurma olas\u0131l\u0131\u011f\u0131n\u0131 art\u0131r\u0131yor.\u00a0<\/span><\/p>\n<p><span style=\"font-weight: 400;\">T\u00fcm kullan\u0131m \u00f6nerileri dikkate al\u0131nd\u0131\u011f\u0131nda, ayakkab\u0131lar ilk g\u00fcnk\u00fc g\u00f6r\u00fcn\u00fcm\u00fcn\u00fc, konforunu uzun s\u00fcre koruyor. Kullan\u0131c\u0131lar\u0131n Skechers ile tan\u0131\u015ft\u0131klar\u0131 g\u00fcnden itibaren ayakkab\u0131lar\u0131n\u0131 \u00f6nerilen \u015fekilde kullanmalar\u0131 b\u00fcy\u00fck \u00f6nem ta\u015f\u0131yor.\u00a0<\/span><\/p>\n<h3><span style=\"font-weight: 400;\">Skechers Vurma \u015eikayeti\u00a0<\/span><\/h3>\n<p><span style=\"font-weight: 400;\">Ayakkab\u0131 vurmas\u0131 ile ilgili \u015fikayetler s\u00f6z konusu oldu\u011funda, sorunun \u00fcretim kaynakl\u0131 olup olmad\u0131\u011f\u0131 ara\u015ft\u0131r\u0131lmak \u00fczere \u00fcr\u00fcnler incelemeye al\u0131n\u0131yor. Nadiren rastlanan \u015fikayetler i\u00e7in, \u00fcr\u00fcnler uzmanlar taraf\u0131ndan detayl\u0131ca kontrol edilirken, sorunlar\u0131n genellikle kullan\u0131c\u0131 hatas\u0131 ve yanl\u0131\u015f numara se\u00e7imi ile ili\u015fkili oldu\u011fu belirleniyor. \u00dcr\u00fcnlerin giyerken arka k\u0131sm\u0131n\u0131n \u00fczerine bas\u0131lmas\u0131 fort k\u0131r\u0131lmas\u0131na neden oluyor ve fort b\u00f6l\u00fcm\u00fc k\u0131r\u0131k ayakkab\u0131lar garanti kapsam\u0131na al\u0131nm\u0131yor. Olduk\u00e7a basit hatalar, ayakkab\u0131n\u0131n konfor vaatlerinin yerine getirilmesi i\u00e7in b\u00fcy\u00fck engeller olu\u015fturabiliyor. \u0130ncelemeler sonucu e\u011fer \u00fcretim kaynakl\u0131 bir sorun ke\u015ffedilirse, \u00fcr\u00fcnler garanti kapsam\u0131nda de\u011ferlendirilebiliyor. Vurma sorununun kayna\u011f\u0131 kullan\u0131m veya ayakkab\u0131 se\u00e7imi ile ilgili bir problem oldu\u011funda ise ayakkab\u0131n\u0131n t\u00fcketiciye iadesi ger\u00e7ekle\u015ftiriliyor. Ayakkab\u0131nla ilgili bir vurma sorunu ya\u015f\u0131yorsan, \u00fcr\u00fcn\u00fcn incelenmesi i\u00e7in faturayla beraber Skechers\u2019a ba\u015fvurabilirsin. \u00dcr\u00fcnlerin fatura tarihinden itibaren 2 y\u0131l s\u00fcresince garantisi bulunuyor. Ya\u015fanan sorun, yasal inceleme s\u00fcresi i\u00e7inde uzmanlar taraf\u0131ndan kontrol edilerek raporlan\u0131yor.<\/span><a href=\"https:\/\/www.skechers.com.tr\/blog\/skechers-ayakkabi-garantisi\/\"><span style=\"font-weight: 400;\"> Skechers ayakkab\u0131 garantisi <\/span><\/a><span style=\"font-weight: 400;\">hakk\u0131nda t\u00fcm detaylar\u0131 yaz\u0131m\u0131zdan okuyabilirsin.\u00a0<\/span><\/p>\n","protected":false},"excerpt":{"rendered":"<p>Skechers ayakkab\u0131 konforu ile tan\u0131nsa da daha \u00f6nce Skechers giymemi\u015f ki\u015filerin akl\u0131n\u0131 baz\u0131 sorular me\u015fgul edebiliyor. \u201cSkechers ayakkab\u0131 aya\u011f\u0131 vurur mu\u201d i\u015fte o sorulardan biri. Konforlu Skechers ayakkab\u0131lar do\u011fru se\u00e7ildi\u011finde, aya\u011fa uygun bir kal\u0131p ve numara al\u0131nd\u0131\u011f\u0131nda, kullan\u0131m \u00f6nerilerine uyuldu\u011funda, ayakkab\u0131lar kesinlikle aya\u011f\u0131 vurmuyor. Do\u011fru ayakkab\u0131 se\u00e7imi ve kullan\u0131m\u0131yla ilgili detaylara dikkat ederek ayakkab\u0131lar\u0131n vurmayaca\u011f\u0131ndan [&hellip;]<\/p>\n","protected":false},"author":1,"featured_media":1366,"comment_status":"open","ping_status":"open","sticky":false,"template":"","format":"standard","meta":[],"categories":[4],"tags":[],"yoast_head":"<!-- This site is optimized with the Yoast SEO plugin v18.5.1 - https:\/\/yoast.com\/wordpress\/plugins\/seo\/ -->\n<title>Skechers Ayakkab\u0131 Aya\u011f\u0131 Vurur mu? - Skechers Blog<\/title>\n<meta name=\"description\" content=\"Skechers Ayakkab\u0131 Aya\u011f\u0131 Vurur mu? Soru Skechers Blog&#039;ta yan\u0131tlan\u0131yor. Skechers ayakkab\u0131da vurma sorunu olur mu merak ediyorsan okuyabilirsin.\" \/>\n<meta name=\"robots\" content=\"index, follow, max-snippet:-1, max-image-preview:large, max-video-preview:-1\" \/>\n<link rel=\"canonical\" href=\"https:\/\/www.skechers.com.tr\/blog\/skechers-ayakkabi-ayagi-vurur-mu\/\" \/>\n<meta property=\"og:locale\" content=\"tr_TR\" \/>\n<meta property=\"og:type\" content=\"article\" \/>\n<meta property=\"og:title\" content=\"Skechers Ayakkab\u0131 Aya\u011f\u0131 Vurur mu? - Skechers Blog\" \/>\n<meta property=\"og:description\" content=\"Skechers Ayakkab\u0131 Aya\u011f\u0131 Vurur mu? Soru Skechers Blog&#039;ta yan\u0131tlan\u0131yor. Skechers ayakkab\u0131da vurma sorunu olur mu merak ediyorsan okuyabilirsin.\" \/>\n<meta property=\"og:url\" content=\"https:\/\/www.skechers.com.tr\/blog\/skechers-ayakkabi-ayagi-vurur-mu\/\" \/>\n<meta property=\"og:site_name\" content=\"Skechers Blog\" \/>\n<meta property=\"article:published_time\" content=\"2021-02-05T15:42:35+00:00\" \/>\n<meta property=\"article:modified_time\" content=\"2021-05-24T16:23:48+00:00\" \/>\n<meta property=\"og:image\" content=\"https:\/\/www.skechers.com.tr\/blog\/wp-content\/uploads\/2021\/04\/pexels-nataliya-vaitkevich-4450400.jpg\" \/>\n\t<meta property=\"og:image:width\" content=\"828\" \/>\n\t<meta property=\"og:image:height\" content=\"552\" \/>\n\t<meta property=\"og:image:type\" content=\"image\/jpeg\" \/>\n<meta name=\"twitter:card\" content=\"summary_large_image\" \/>\n<meta name=\"twitter:label1\" content=\"Yazan:\" \/>\n\t<meta name=\"twitter:data1\" content=\"Skechers T\u00fcrkiye\" \/>\n\t<meta name=\"twitter:label2\" content=\"Tahmini okuma s\u00fcresi\" \/>\n\t<meta name=\"twitter:data2\" content=\"5 dakika\" \/>\n<script type=\"application\/ld+json\" class=\"yoast-schema-graph\">{\"@context\":\"https:\/\/schema.org\",\"@graph\":[{\"@type\":\"WebSite\",\"@id\":\"https:\/\/www.skechers.com.tr\/blog\/#website\",\"url\":\"https:\/\/www.skechers.com.tr\/blog\/\",\"name\":\"Skechers Blog\",\"description\":\"Skechers\",\"potentialAction\":[{\"@type\":\"SearchAction\",\"target\":{\"@type\":\"EntryPoint\",\"urlTemplate\":\"https:\/\/www.skechers.com.tr\/blog\/?s={search_term_string}\"},\"query-input\":\"required name=search_term_string\"}],\"inLanguage\":\"tr\"},{\"@type\":\"ImageObject\",\"@id\":\"https:\/\/www.skechers.com.tr\/blog\/skechers-ayakkabi-ayagi-vurur-mu\/#primaryimage\",\"inLanguage\":\"tr\",\"url\":\"https:\/\/www.skechers.com.tr\/blog\/wp-content\/uploads\/2021\/04\/pexels-nataliya-vaitkevich-4450400.jpg\",\"contentUrl\":\"https:\/\/www.skechers.com.tr\/blog\/wp-content\/uploads\/2021\/04\/pexels-nataliya-vaitkevich-4450400.jpg\",\"width\":828,\"height\":552,\"caption\":\"Skechers Ayakkab\u0131 Aya\u011f\u0131 Vurur mu?\"},{\"@type\":\"WebPage\",\"@id\":\"https:\/\/www.skechers.com.tr\/blog\/skechers-ayakkabi-ayagi-vurur-mu\/#webpage\",\"url\":\"https:\/\/www.skechers.com.tr\/blog\/skechers-ayakkabi-ayagi-vurur-mu\/\",\"name\":\"Skechers Ayakkab\u0131 Aya\u011f\u0131 Vurur mu? - Skechers Blog\",\"isPartOf\":{\"@id\":\"https:\/\/www.skechers.com.tr\/blog\/#website\"},\"primaryImageOfPage\":{\"@id\":\"https:\/\/www.skechers.com.tr\/blog\/skechers-ayakkabi-ayagi-vurur-mu\/#primaryimage\"},\"datePublished\":\"2021-02-05T15:42:35+00:00\",\"dateModified\":\"2021-05-24T16:23:48+00:00\",\"author\":{\"@id\":\"https:\/\/www.skechers.com.tr\/blog\/#\/schema\/person\/6d09a0595696524814757d23d22b4c33\"},\"description\":\"Skechers Ayakkab\u0131 Aya\u011f\u0131 Vurur mu? Soru Skechers Blog'ta yan\u0131tlan\u0131yor. Skechers ayakkab\u0131da vurma sorunu olur mu merak ediyorsan okuyabilirsin.\",\"breadcrumb\":{\"@id\":\"https:\/\/www.skechers.com.tr\/blog\/skechers-ayakkabi-ayagi-vurur-mu\/#breadcrumb\"},\"inLanguage\":\"tr\",\"potentialAction\":[{\"@type\":\"ReadAction\",\"target\":[\"https:\/\/www.skechers.com.tr\/blog\/skechers-ayakkabi-ayagi-vurur-mu\/\"]}]},{\"@type\":\"BreadcrumbList\",\"@id\":\"https:\/\/www.skechers.com.tr\/blog\/skechers-ayakkabi-ayagi-vurur-mu\/#breadcrumb\",\"itemListElement\":[{\"@type\":\"ListItem\",\"position\":1,\"name\":\"Skechers Ayakkab\u0131 Aya\u011f\u0131 Vurur mu?\"}]},{\"@type\":\"Person\",\"@id\":\"https:\/\/www.skechers.com.tr\/blog\/#\/schema\/person\/6d09a0595696524814757d23d22b4c33\",\"name\":\"Skechers T\u00fcrkiye\",\"image\":{\"@type\":\"ImageObject\",\"@id\":\"https:\/\/www.skechers.com.tr\/blog\/#personlogo\",\"inLanguage\":\"tr\",\"url\":\"https:\/\/secure.gravatar.com\/avatar\/0fc2191869a9a020b4606acf264338ae?s=96&d=mm&r=g\",\"contentUrl\":\"https:\/\/secure.gravatar.com\/avatar\/0fc2191869a9a020b4606acf264338ae?s=96&d=mm&r=g\",\"caption\":\"Skechers T\u00fcrkiye\"},\"description\":\"Skechers spor ayakkab\u0131 \u00fcr\u00fcnleri ile rahatl\u0131\u011f\u0131 ve kaliteyi hisset!\"}]}<\/script>\n<!-- \/ Yoast SEO plugin. -->","yoast_head_json":{"title":"Skechers Ayakkab\u0131 Aya\u011f\u0131 Vurur mu? - Skechers Blog","description":"Skechers Ayakkab\u0131 Aya\u011f\u0131 Vurur mu? Soru Skechers Blog'ta yan\u0131tlan\u0131yor. Skechers ayakkab\u0131da vurma sorunu olur mu merak ediyorsan okuyabilirsin.","robots":{"index":"index","follow":"follow","max-snippet":"max-snippet:-1","max-image-preview":"max-image-preview:large","max-video-preview":"max-video-preview:-1"},"canonical":"https:\/\/www.skechers.com.tr\/blog\/skechers-ayakkabi-ayagi-vurur-mu\/","og_locale":"tr_TR","og_type":"article","og_title":"Skechers Ayakkab\u0131 Aya\u011f\u0131 Vurur mu? - Skechers Blog","og_description":"Skechers Ayakkab\u0131 Aya\u011f\u0131 Vurur mu? Soru Skechers Blog'ta yan\u0131tlan\u0131yor. Skechers ayakkab\u0131da vurma sorunu olur mu merak ediyorsan okuyabilirsin.","og_url":"https:\/\/www.skechers.com.tr\/blog\/skechers-ayakkabi-ayagi-vurur-mu\/","og_site_name":"Skechers Blog","article_published_time":"2021-02-05T15:42:35+00:00","article_modified_time":"2021-05-24T16:23:48+00:00","og_image":[{"width":828,"height":552,"url":"https:\/\/www.skechers.com.tr\/blog\/wp-content\/uploads\/2021\/04\/pexels-nataliya-vaitkevich-4450400.jpg","type":"image\/jpeg"}],"twitter_card":"summary_large_image","twitter_misc":{"Yazan:":"Skechers T\u00fcrkiye","Tahmini okuma s\u00fcresi":"5 dakika"},"schema":{"@context":"https:\/\/schema.org","@graph":[{"@type":"WebSite","@id":"https:\/\/www.skechers.com.tr\/blog\/#website","url":"https:\/\/www.skechers.com.tr\/blog\/","name":"Skechers Blog","description":"Skechers","potentialAction":[{"@type":"SearchAction","target":{"@type":"EntryPoint","urlTemplate":"https:\/\/www.skechers.com.tr\/blog\/?s={search_term_string}"},"query-input":"required name=search_term_string"}],"inLanguage":"tr"},{"@type":"ImageObject","@id":"https:\/\/www.skechers.com.tr\/blog\/skechers-ayakkabi-ayagi-vurur-mu\/#primaryimage","inLanguage":"tr","url":"https:\/\/www.skechers.com.tr\/blog\/wp-content\/uploads\/2021\/04\/pexels-nataliya-vaitkevich-4450400.jpg","contentUrl":"https:\/\/www.skechers.com.tr\/blog\/wp-content\/uploads\/2021\/04\/pexels-nataliya-vaitkevich-4450400.jpg","width":828,"height":552,"caption":"Skechers Ayakkab\u0131 Aya\u011f\u0131 Vurur mu?"},{"@type":"WebPage","@id":"https:\/\/www.skechers.com.tr\/blog\/skechers-ayakkabi-ayagi-vurur-mu\/#webpage","url":"https:\/\/www.skechers.com.tr\/blog\/skechers-ayakkabi-ayagi-vurur-mu\/","name":"Skechers Ayakkab\u0131 Aya\u011f\u0131 Vurur mu? - Skechers Blog","isPartOf":{"@id":"https:\/\/www.skechers.com.tr\/blog\/#website"},"primaryImageOfPage":{"@id":"https:\/\/www.skechers.com.tr\/blog\/skechers-ayakkabi-ayagi-vurur-mu\/#primaryimage"},"datePublished":"2021-02-05T15:42:35+00:00","dateModified":"2021-05-24T16:23:48+00:00","author":{"@id":"https:\/\/www.skechers.com.tr\/blog\/#\/schema\/person\/6d09a0595696524814757d23d22b4c33"},"description":"Skechers Ayakkab\u0131 Aya\u011f\u0131 Vurur mu? Soru Skechers Blog'ta yan\u0131tlan\u0131yor. Skechers ayakkab\u0131da vurma sorunu olur mu merak ediyorsan okuyabilirsin.","breadcrumb":{"@id":"https:\/\/www.skechers.com.tr\/blog\/skechers-ayakkabi-ayagi-vurur-mu\/#breadcrumb"},"inLanguage":"tr","potentialAction":[{"@type":"ReadAction","target":["https:\/\/www.skechers.com.tr\/blog\/skechers-ayakkabi-ayagi-vurur-mu\/"]}]},{"@type":"BreadcrumbList","@id":"https:\/\/www.skechers.com.tr\/blog\/skechers-ayakkabi-ayagi-vurur-mu\/#breadcrumb","itemListElement":[{"@type":"ListItem","position":1,"name":"Skechers Ayakkab\u0131 Aya\u011f\u0131 Vurur mu?"}]},{"@type":"Person","@id":"https:\/\/www.skechers.com.tr\/blog\/#\/schema\/person\/6d09a0595696524814757d23d22b4c33","name":"Skechers T\u00fcrkiye","image":{"@type":"ImageObject","@id":"https:\/\/www.skechers.com.tr\/blog\/#personlogo","inLanguage":"tr","url":"https:\/\/secure.gravatar.com\/avatar\/0fc2191869a9a020b4606acf264338ae?s=96&d=mm&r=g","contentUrl":"https:\/\/secure.gravatar.com\/avatar\/0fc2191869a9a020b4606acf264338ae?s=96&d=mm&r=g","caption":"Skechers T\u00fcrkiye"},"description":"Skechers spor ayakkab\u0131 \u00fcr\u00fcnleri ile rahatl\u0131\u011f\u0131 ve kaliteyi hisset!"}]}},"_links":{"self":[{"href":"https:\/\/www.skechers.com.tr\/blog\/wp-json\/wp\/v2\/posts\/1365"}],"collection":[{"href":"https:\/\/www.skechers.com.tr\/blog\/wp-json\/wp\/v2\/posts"}],"about":[{"href":"https:\/\/www.skechers.com.tr\/blog\/wp-json\/wp\/v2\/types\/post"}],"author":[{"embeddable":true,"href":"https:\/\/www.skechers.com.tr\/blog\/wp-json\/wp\/v2\/users\/1"}],"replies":[{"embeddable":true,"href":"https:\/\/www.skechers.com.tr\/blog\/wp-json\/wp\/v2\/comments?post=1365"}],"version-history":[{"count":2,"href":"https:\/\/www.skechers.com.tr\/blog\/wp-json\/wp\/v2\/posts\/1365\/revisions"}],"predecessor-version":[{"id":1738,"href":"https:\/\/www.skechers.com.tr\/blog\/wp-json\/wp\/v2\/posts\/1365\/revisions\/1738"}],"wp:featuredmedia":[{"embeddable":true,"href":"https:\/\/www.skechers.com.tr\/blog\/wp-json\/wp\/v2\/media\/1366"}],"wp:attachment":[{"href":"https:\/\/www.skechers.com.tr\/blog\/wp-json\/wp\/v2\/media?parent=1365"}],"wp:term":[{"taxonomy":"category","embeddable":true,"href":"https:\/\/www.skechers.com.tr\/blog\/wp-json\/wp\/v2\/categories?post=1365"},{"taxonomy":"post_tag","embeddable":true,"href":"https:\/\/www.skechers.com.tr\/blog\/wp-json\/wp\/v2\/tags?post=1365"}],"curies":[{"name":"wp","href":"https:\/\/api.w.org\/{rel}","templated":true}]}}