{"id":1320,"date":"2021-03-24T15:49:48","date_gmt":"2021-03-24T15:49:48","guid":{"rendered":"https:\/\/www.skechers.com.tr\/blog\/?p=1320"},"modified":"2021-05-28T12:02:17","modified_gmt":"2021-05-28T12:02:17","slug":"skechers-magazalari-seninle","status":"publish","type":"post","link":"https:\/\/www.skechers.com.tr\/blog\/skechers-magazalari-seninle\/","title":{"rendered":"Skechers Ma\u011fazalar\u0131 Seninle!"},"content":{"rendered":"<p><span style=\"font-weight: 400;\">Skechers, T\u00fcrkiye\u2019nin d\u00f6rt bir yan\u0131ndaki onlarca ma\u011fazas\u0131yla seni konforla bulu\u015fturmaya devam ediyor. Skechers\u2019\u0131n y\u00fcksek kaliteli, \u00f6zenli i\u015f\u00e7ilik ve \u00f6zg\u00fcn tasar\u0131m \u00fcr\u00fcn\u00fc, sezon koleksiyonunu ve outlet se\u00e7enekleri ma\u011fazalarda seni bekliyor. Ayr\u0131ca, Skechers a\u00e7\u0131lan yeni ma\u011fazalar\u0131yla kolay ula\u015f\u0131labilir olmaya devam ediyor. En yeni Skechers ma\u011fazas\u0131 nerede merak ediyorsan, \u015fimdi Kad\u0131k\u00f6y&#8217;\u00fcn merkezinde de Skechers&#8217;\u0131 bulabilece\u011fini m\u00fcjdeliyoruz. T\u00fcm <\/span><span style=\"font-weight: 400;\">Skechers ma\u011fazalar\u0131 hakk\u0131nda daha fazla bilgiye yaz\u0131m\u0131z \u00fczerinden ula\u015fabilirsin.\u00a0<\/span><\/p>\n<figure id=\"attachment_1779\" aria-describedby=\"caption-attachment-1779\" style=\"width: 828px\" class=\"wp-caption aligncenter\"><img decoding=\"async\" loading=\"lazy\" class=\"size-full wp-image-1779\" src=\"https:\/\/www.skechers.com.tr\/blog\/wp-content\/uploads\/2021\/03\/WhatsApp-Image-2021-05-27-at-15.01.15.jpeg\" alt=\"Skechers Kad\u0131k\u00f6y Ma\u011fazas\u0131 A\u00e7\u0131ld\u0131\" width=\"828\" height=\"618\" srcset=\"https:\/\/www.skechers.com.tr\/blog\/wp-content\/uploads\/2021\/03\/WhatsApp-Image-2021-05-27-at-15.01.15.jpeg 828w, https:\/\/www.skechers.com.tr\/blog\/wp-content\/uploads\/2021\/03\/WhatsApp-Image-2021-05-27-at-15.01.15-300x224.jpeg 300w, https:\/\/www.skechers.com.tr\/blog\/wp-content\/uploads\/2021\/03\/WhatsApp-Image-2021-05-27-at-15.01.15-768x573.jpeg 768w\" sizes=\"(max-width: 828px) 100vw, 828px\" \/><figcaption id=\"caption-attachment-1779\" class=\"wp-caption-text\">Skechers Kad\u0131k\u00f6y Ma\u011fazas\u0131 A\u00e7\u0131ld\u0131<\/figcaption><\/figure>\n<h2><span style=\"font-weight: 400;\">Skechers Ma\u011fazalar\u0131nda G\u00fcvenli Al\u0131\u015fveri\u015f\u00a0<\/span><\/h2>\n<p><span style=\"font-weight: 400;\">Skechers ma\u011fazalar\u0131, al\u0131nan geni\u015f \u00f6nlemlerle pandemi d\u00f6neminde de hizmet vermeye devam ediyor. Skechers ma\u011fazalar\u0131ndaki hijyen standartlar\u0131, t\u00fcm ziyaret\u00e7ilerin g\u00f6n\u00fcl rahatl\u0131\u011f\u0131 ile al\u0131\u015fveri\u015f yapmas\u0131n\u0131 sa\u011fl\u0131yor.\u00a0<\/span><\/p>\n<ul>\n<li style=\"font-weight: 400;\" aria-level=\"1\"><span style=\"font-weight: 400;\">Skechers ma\u011fazalar\u0131ndaki t\u00fcm y\u00fczeyler ve ilgili ekipmanlar, 60 g\u00fcn koruma sa\u011flayan antimic ile dezenfekte ediliyor. Vir\u00fcsler, bakteriler ve mikroplara kar\u015f\u0131 60 g\u00fcn tam koruma sa\u011flayan hijyenik temizlik, hem personelin hem de ziyaret\u00e7ilerin y\u00fcz\u00fcn\u00fc g\u00fcld\u00fcr\u00fcyor.\u00a0<\/span><\/li>\n<li style=\"font-weight: 400;\" aria-level=\"1\"><span style=\"font-weight: 400;\">T\u00fcm Skechers ma\u011fazalar\u0131n\u0131n giri\u015flerinde ate\u015f \u00f6l\u00e7\u00fcm\u00fc yap\u0131l\u0131yor. Ate\u015fi normal d\u00fczeyde olan ziyaret\u00e7iler, i\u00e7eri al\u0131narak al\u0131\u015fveri\u015f yapabiliyor. V\u00fccut s\u0131cakl\u0131\u011f\u0131 y\u00fcksek olan ki\u015filer bilgilendiriliyor ve sa\u011fl\u0131k deste\u011fi almas\u0131 i\u00e7in \u00f6nerilerde bulunuluyor.\u00a0<\/span><\/li>\n<\/ul>\n<div class=\"mceTemp\"><\/div>\n<figure id=\"attachment_1321\" aria-describedby=\"caption-attachment-1321\" style=\"width: 828px\" class=\"wp-caption aligncenter\"><img decoding=\"async\" loading=\"lazy\" class=\"size-full wp-image-1321\" src=\"https:\/\/www.skechers.com.tr\/blog\/wp-content\/uploads\/2021\/03\/Buyaka-828.jpg\" alt=\"Skechers Ma\u011fazalar\u0131\" width=\"828\" height=\"403\" srcset=\"https:\/\/www.skechers.com.tr\/blog\/wp-content\/uploads\/2021\/03\/Buyaka-828.jpg 828w, https:\/\/www.skechers.com.tr\/blog\/wp-content\/uploads\/2021\/03\/Buyaka-828-300x146.jpg 300w, https:\/\/www.skechers.com.tr\/blog\/wp-content\/uploads\/2021\/03\/Buyaka-828-768x374.jpg 768w\" sizes=\"(max-width: 828px) 100vw, 828px\" \/><figcaption id=\"caption-attachment-1321\" class=\"wp-caption-text\">Skechers Ma\u011fazalar\u0131<\/figcaption><\/figure>\n<ul>\n<li style=\"font-weight: 400;\" aria-level=\"1\"><span style=\"font-weight: 400;\">Ma\u011faza metrekarelerine g\u00f6re belirlenen kapasite \u00f6nlemleri taviz verilmeden uygulan\u0131yor. Ayn\u0131 anda ma\u011fazada bulunabilen ki\u015fi say\u0131s\u0131 an be an takip ediliyor. Ziyaret\u00e7i say\u0131s\u0131 ma\u011fazadaki kapasite ile s\u0131n\u0131rl\u0131 tutuluyor.\u00a0<\/span><\/li>\n<li style=\"font-weight: 400;\" aria-level=\"1\"><span style=\"font-weight: 400;\">T\u00fcm ziyaret\u00e7iler maske ve mesafe kurallar\u0131 \u00e7er\u00e7evesinde al\u0131\u015fveri\u015f yapabiliyor. E\u011fer maske veya mesafede sorun meydana gelirse, destek personeli devreye girerek t\u00fcm misafirlerin g\u00fcvenli\u011fi i\u00e7in uyar\u0131da bulunuyor.\u00a0<\/span><\/li>\n<li style=\"font-weight: 400;\" aria-level=\"1\"><span style=\"font-weight: 400;\">Skechers\u2019\u0131n t\u00fcm ma\u011fazalar\u0131nda profesyonel destek personeli, \u00e7al\u0131\u015ft\u0131\u011f\u0131 s\u0131rada y\u00fcz siperli\u011fi, maske ve eldiven kullanarak ziyaret\u00e7ilere yard\u0131mc\u0131 oluyor. Hi\u00e7bir \u015fartta, g\u00fcvenlik \u00f6nlemlerinden \u00f6d\u00fcn verilmiyor.\u00a0<\/span><\/li>\n<li style=\"font-weight: 400;\" aria-level=\"1\"><span style=\"font-weight: 400;\">Skechers ayakkab\u0131lar\u0131 denemek isteyen ziyaret\u00e7iler, ayakkab\u0131 denemelerinde personel taraf\u0131ndan sunulan tek kullan\u0131ml\u0131k \u00e7oraplar\u0131 kullan\u0131l\u0131yor. Kullan\u0131lan \u00e7oraplar, denemenin hemen sonras\u0131nda temas edilmeden \u00e7\u00f6pe at\u0131l\u0131yor.\u00a0<\/span><\/li>\n<li style=\"font-weight: 400;\" aria-level=\"1\"><span style=\"font-weight: 400;\">Denenen her ayakkab\u0131, \u00f6zenle dezenfekte edilerek belli bir s\u00fcre di\u011fer \u00fcr\u00fcnlerden ayr\u0131 bir yerde bekletiliyor. B\u00f6ylelikle denenen ayakkab\u0131larda da herhangi bir hijyen sorunu olu\u015fmuyor. Denenmi\u015f \u00fcr\u00fcnler, dezenfeksiyon s\u00fcreci tamamlanmadan di\u011fer ziyaret\u00e7ilere sunulmuyor.\u00a0<\/span><\/li>\n<li style=\"font-weight: 400;\" aria-level=\"1\"><span style=\"font-weight: 400;\">Skechers ma\u011fazalar\u0131nda hem personelin hem de ziyaret\u00e7ilerin g\u00fcvenli\u011fi i\u00e7in temas\u0131 azaltmak ad\u0131na, kredi kart\u0131 veya mobil cihazlar \u00fczerinden temass\u0131z \u00f6deme se\u00e7ene\u011fi \u00f6neriliyor. Ziyaret\u00e7ilere hat\u0131rlat\u0131lan temass\u0131z \u00f6deme sayesinde, ziyaret\u00e7iler pos makinesine veya paraya temas etmeden al\u0131\u015fveri\u015flerini k\u0131sa s\u00fcrede tamaml\u0131yor.\u00a0<\/span><\/li>\n<\/ul>\n<figure id=\"attachment_1326\" aria-describedby=\"caption-attachment-1326\" style=\"width: 828px\" class=\"wp-caption aligncenter\"><img decoding=\"async\" loading=\"lazy\" class=\"size-full wp-image-1326\" src=\"https:\/\/www.skechers.com.tr\/blog\/wp-content\/uploads\/2021\/03\/Saskinbakkal-2.jpg\" alt=\"Skechers \u015ea\u015fk\u0131nbakkal Ma\u011fazas\u0131\" width=\"828\" height=\"619\" srcset=\"https:\/\/www.skechers.com.tr\/blog\/wp-content\/uploads\/2021\/03\/Saskinbakkal-2.jpg 828w, https:\/\/www.skechers.com.tr\/blog\/wp-content\/uploads\/2021\/03\/Saskinbakkal-2-300x224.jpg 300w, https:\/\/www.skechers.com.tr\/blog\/wp-content\/uploads\/2021\/03\/Saskinbakkal-2-768x574.jpg 768w\" sizes=\"(max-width: 828px) 100vw, 828px\" \/><figcaption id=\"caption-attachment-1326\" class=\"wp-caption-text\">Skechers \u015ea\u015fk\u0131nbakkal Ma\u011fazas\u0131<\/figcaption><\/figure>\n<ul>\n<li style=\"font-weight: 400;\" aria-level=\"1\"><span style=\"font-weight: 400;\">E\u011fer \u00f6deme s\u0131ras\u0131nda ziyaret\u00e7i ile birebir temas veya para al\u0131\u015fveri\u015fi ger\u00e7ekle\u015firse, personelde eldiven de\u011fi\u015fimi ve dezenfeksiyon yap\u0131l\u0131yor. B\u00f6ylece s\u0131radaki ziyaret\u00e7i ile g\u00f6r\u00fc\u015fme s\u0131ras\u0131nda hijyen sorunu ya\u015fanmas\u0131 engelleniyor.\u00a0<\/span><\/li>\n<li style=\"font-weight: 400;\" aria-level=\"1\"><span style=\"font-weight: 400;\">Personelin sa\u011fl\u0131k durumu, sorulan sorular ve doldurulan envanter \u00fczerinden toplanan bilgilerle takip ediliyor. Herhangi bir sa\u011fl\u0131k sorunu ya\u015fanmas\u0131 halinde, yasal mevzuat gere\u011fince s\u00fcre\u00e7ler ilerliyor.\u00a0<\/span><\/li>\n<li style=\"font-weight: 400;\" aria-level=\"1\"><span style=\"font-weight: 400;\">T\u00fcm pandemi \u00f6nlemlerinin yan\u0131 s\u0131ra, Skechers ma\u011fazalar\u0131nda rutin temizlik i\u015flemleri ideal aral\u0131klarla yap\u0131l\u0131yor ve kontroller ger\u00e7ekle\u015ftiriliyor. Ma\u011fazan\u0131n havaland\u0131rmas\u0131na dikkat ediliyor.\u00a0<\/span><\/li>\n<\/ul>\n<figure id=\"attachment_1325\" aria-describedby=\"caption-attachment-1325\" style=\"width: 828px\" class=\"wp-caption aligncenter\"><img decoding=\"async\" loading=\"lazy\" class=\"size-full wp-image-1325\" src=\"https:\/\/www.skechers.com.tr\/blog\/wp-content\/uploads\/2021\/03\/Terracity-2.jpg\" alt=\"Skechers Terracity\" width=\"828\" height=\"621\" srcset=\"https:\/\/www.skechers.com.tr\/blog\/wp-content\/uploads\/2021\/03\/Terracity-2.jpg 828w, https:\/\/www.skechers.com.tr\/blog\/wp-content\/uploads\/2021\/03\/Terracity-2-300x225.jpg 300w, https:\/\/www.skechers.com.tr\/blog\/wp-content\/uploads\/2021\/03\/Terracity-2-768x576.jpg 768w\" sizes=\"(max-width: 828px) 100vw, 828px\" \/><figcaption id=\"caption-attachment-1325\" class=\"wp-caption-text\">Skechers Terracity<\/figcaption><\/figure>\n<h3><span style=\"font-weight: 400;\">Skechers.com.tr\u2019den Be\u011fen, Skechers Ma\u011fazalar\u0131ndan Al<\/span><\/h3>\n<p><span style=\"font-weight: 400;\">Skechers, \u015fimdi yepyeni bir hizmetle seninle\u2026 E\u011fer ma\u011fazada zaman ge\u00e7irmeden, ma\u011faza ma\u011faza aramadan diledi\u011fin \u00fcr\u00fcn\u00fc bulmak istersen, Skechers.com.tr\u2019den se\u00e7ti\u011fin spor giyim ve ayakkab\u0131 \u00fcr\u00fcn\u00fcn\u00fcn hangi ma\u011fazada oldu\u011funu kolayl\u0131kla \u00f6\u011frenebilirsin. Sipari\u015fini online al\u0131\u015fveri\u015fle verebilir, ayakkab\u0131y\u0131 ma\u011fazadan teslim alabilir veya arad\u0131\u011f\u0131n modeli ma\u011fazada denedikten sonra al\u0131\u015fveri\u015f yapabilirsin. Hangi Skechers hangi ma\u011fazada diye aramadan, online\u2019da be\u011fendi\u011fin \u00fcr\u00fcn\u00fcn hangi ma\u011fazada oldu\u011fu bilgisine kolayca ula\u015fabilirsin.<\/span><\/p>\n<p><span style=\"font-weight: 400;\">Skechers tasar\u0131mlar\u0131n\u0131n t\u00fcm\u00fc Skechers.com.tr \u00fczerinden de sunuluyor. Online al\u0131\u015fveri\u015flerde olu\u015fturulan sipari\u015fler, ma\u011fazadaki \u00f6zen ile haz\u0131rlanarak adresine ula\u015fmak \u00fczere yola \u00e7\u0131k\u0131yor.\u00a0<\/span><\/p>\n<p><a href=\"https:\/\/www.skechers.com.tr\/sayfa\/magazalarimiz\"><img decoding=\"async\" loading=\"lazy\" class=\"size-full wp-image-1782 alignleft\" src=\"https:\/\/www.skechers.com.tr\/blog\/wp-content\/uploads\/2021\/03\/MAGAZA-blog-cta.png\" alt=\"\" width=\"550\" height=\"117\" srcset=\"https:\/\/www.skechers.com.tr\/blog\/wp-content\/uploads\/2021\/03\/MAGAZA-blog-cta.png 550w, https:\/\/www.skechers.com.tr\/blog\/wp-content\/uploads\/2021\/03\/MAGAZA-blog-cta-300x64.png 300w\" sizes=\"(max-width: 550px) 100vw, 550px\" \/><\/a><\/p>\n<figure id=\"attachment_1324\" aria-describedby=\"caption-attachment-1324\" style=\"width: 828px\" class=\"wp-caption aligncenter\"><img decoding=\"async\" loading=\"lazy\" class=\"size-full wp-image-1324\" src=\"https:\/\/www.skechers.com.tr\/blog\/wp-content\/uploads\/2021\/03\/Trabzon-Forum-3.jpg\" alt=\"Skechers Trabzon Forum\" width=\"828\" height=\"466\" srcset=\"https:\/\/www.skechers.com.tr\/blog\/wp-content\/uploads\/2021\/03\/Trabzon-Forum-3.jpg 828w, https:\/\/www.skechers.com.tr\/blog\/wp-content\/uploads\/2021\/03\/Trabzon-Forum-3-300x169.jpg 300w, https:\/\/www.skechers.com.tr\/blog\/wp-content\/uploads\/2021\/03\/Trabzon-Forum-3-768x432.jpg 768w\" sizes=\"(max-width: 828px) 100vw, 828px\" \/><figcaption id=\"caption-attachment-1324\" class=\"wp-caption-text\">Skechers Trabzon Forum<\/figcaption><\/figure>\n<h3><span style=\"font-weight: 400;\">Skechers Ma\u011fazalar\u0131nda Yenilikler\u00a0<\/span><\/h3>\n<p><span style=\"font-weight: 400;\">Skechers ma\u011fazalar\u0131nda daha iyi hizmet i\u00e7in yenilikler h\u0131z kesmeden devam ediyor. Renovasyon ve yer de\u011fi\u015fikli\u011fi ile yenilenen Skechers Marmara Park, Skechers \u0130stinye Park ve Skechers Buyaka ma\u011fazalar\u0131 ziyaret\u00e7ilerini bekliyor.\u00a0<\/span><\/p>\n<p><span style=\"font-weight: 400;\">Pandemi tedbirleri kapsam\u0131nda yeniden a\u00e7\u0131lan ma\u011fazalarda, al\u0131nan \u00fcr\u00fcnlerin iadesi ve de\u011fi\u015fimi, ma\u011faza a\u00e7\u0131l\u0131\u015f tarihinden itibaren ge\u00e7erli olacak \u015fekilde yap\u0131l\u0131yor. B\u00f6ylece, ma\u011fazalardan al\u0131nan \u00fcr\u00fcnlerin iade s\u00fcresi i\u00e7in \u00f6ng\u00f6r\u00fclen 15 g\u00fcn, de\u011fi\u015fim i\u00e7in belirlenen 30 g\u00fcn s\u0131n\u0131r\u0131 dolay\u0131s\u0131yla, ma\u011fazalar\u0131n kapal\u0131 oldu\u011fu s\u00fcre g\u00f6z \u00f6n\u00fcne al\u0131narak ziyaret\u00e7ilerin ma\u011fdur olmas\u0131n\u0131n \u00f6n\u00fcne ge\u00e7iliyor.\u00a0<\/span><\/p>\n<p><span style=\"font-weight: 400;\">Pandemi ve ma\u011fazalar\u0131n bir s\u00fcre kapal\u0131 kalmas\u0131 dolay\u0131s\u0131yla herhangi bir ma\u011fduriyet olu\u015fmamas\u0131 i\u00e7in Skechers ma\u011fazalar\u0131ndan al\u0131nan hediye \u00e7eklerinin kullan\u0131m s\u00fcresi 2021 y\u0131l\u0131n\u0131n sonuna kadar uzayacak \u015fekilde g\u00fcncelleniyor.\u00a0<\/span><\/p>\n<p><span style=\"font-weight: 400;\">Skechers.com.tr ma\u011fazalar\u0131n\u0131n bir\u00e7o\u011fu, online al\u0131\u015fveri\u015flerde iade \u00e7eki ve de\u011fi\u015fim servisi olarak da hizmet veriyor. Bu bilgiye Skechers.com.tr \u00fczerinden \u015fimdi tek t\u0131kla ula\u015f\u0131labiliyor. Yan\u0131nda \u201cONLINE S\u0130PAR\u0130\u015eLERDE \u0130ADE \u00c7EK\u0130 VE DE\u011e\u0130\u015e\u0130M SERV\u0130S\u0130\u201d ibaresini g\u00f6rd\u00fc\u011f\u00fcn ma\u011fazalardan i\u015flemlerini ger\u00e7ekle\u015ftirebilirsin. T\u00fcrkiye\u2019nin d\u00f6rt bir yan\u0131nda, <\/span><a href=\"https:\/\/www.skechers.com.tr\/sayfa\/magazalarimiz?utm_source=blog&amp;utm_medium=content&amp;utm_campaign=skechers-magazalari-seninle\"><span style=\"font-weight: 400;\">Skechers en yak\u0131n ma\u011faza<\/span><\/a><span style=\"font-weight: 400;\"> yerle\u015fkesi ile seni bekliyor. \u0130ade \u00e7eki ve de\u011fi\u015fim servisi olan ma\u011fazalar\u0131, ma\u011faza listesi i\u00e7inden kolayl\u0131kla ay\u0131rt edebilirsin.\u00a0<\/span><\/p>\n<figure id=\"attachment_1323\" aria-describedby=\"caption-attachment-1323\" style=\"width: 828px\" class=\"wp-caption aligncenter\"><img decoding=\"async\" loading=\"lazy\" class=\"size-full wp-image-1323\" src=\"https:\/\/www.skechers.com.tr\/blog\/wp-content\/uploads\/2021\/03\/Vadi-2.jpg\" alt=\"Skechers Vadi Ma\u011fazas\u0131\" width=\"828\" height=\"622\" srcset=\"https:\/\/www.skechers.com.tr\/blog\/wp-content\/uploads\/2021\/03\/Vadi-2.jpg 828w, https:\/\/www.skechers.com.tr\/blog\/wp-content\/uploads\/2021\/03\/Vadi-2-300x225.jpg 300w, https:\/\/www.skechers.com.tr\/blog\/wp-content\/uploads\/2021\/03\/Vadi-2-768x577.jpg 768w\" sizes=\"(max-width: 828px) 100vw, 828px\" \/><figcaption id=\"caption-attachment-1323\" class=\"wp-caption-text\">Skechers Vadi Ma\u011fazas\u0131<\/figcaption><\/figure>\n<h3><span style=\"font-weight: 400;\">Skechers Ma\u011fazalar\u0131 Nerede?\u00a0<\/span><\/h3>\n<p><span style=\"font-weight: 400;\">Skechers\u2019\u0131n Antalya, Bursa, \u0130stanbul, \u0130zmir, Kocaeli, Mersin, Samsun, Adana, Diyarbak\u0131r, Bodrum, K\u0131br\u0131s ve Trabzon\u2019da ma\u011fazalar\u0131 bulunuyor. Her ge\u00e7en g\u00fcn ma\u011fazalar\u0131na yenilerini ekleyen Skechers, konsept yeni sezon koleksiyonlar\u0131 sunan ma\u011fazalar\u0131n\u0131n yan\u0131 s\u0131ra outlet ma\u011fazalar\u0131n\u0131n yayg\u0131nl\u0131\u011f\u0131yla da biliniyor.\u00a0<\/span><\/p>\n<p><span style=\"font-weight: 400;\">Skechers Ankara Optimum, Skechers Antalya Marka, Skechers Antalya Moa, Skechers Antalya Olivium, Skechers Optimum, Skechers \u0130stanbul Venezia, Skechers \u0130stanbul Viaport, Skechers \u0130zmir Optimum, Skechers \u0130zmir Westpark, Skechers \u0130zmir Outlet ma\u011fazalar\u0131 outlet \u00fcr\u00fcnleri kullan\u0131c\u0131larla bulu\u015fturuyor.\u00a0<\/span><\/p>\n<p><span style=\"font-weight: 400;\">Skechers\u2019\u0131n en geni\u015f ma\u011fazalar\u0131 biliyor musunuz? Skechers Adana M1, Skechers \u0130stanbul Buyaka, Skechers \u0130stanbul Cevahir, Skechers Taksim \u0130stiklal, Skechers \u0130stanbul \u0130stinyepark, Skechers \u0130stanbul Marmara Forum ve Skechers Trabzon Forum ma\u011fazalar\u0131, b\u00fcy\u00fck Skechers zincirinin en geni\u015f metrekareye sahip ma\u011fazalar\u0131 olarak kay\u0131tlara ge\u00e7iyor.\u00a0<\/span><\/p>\n<p><span style=\"font-weight: 400;\">Peki, 2021\u2019in en sevilen Skechers ma\u011fazalar\u0131 hangileri? Yap\u0131lan \u00e7al\u0131\u015fmalar; Skechers \u0130stanbul \u0130stinyepark, Skechers \u0130stanbul \u0130stiklal, Skechers \u0130stanbul Moi, Skechers \u0130stanbul Cevahir, Skechers \u0130stanbul Marmarapark ve Skechers \u0130stanbul \u015ea\u015fk\u0131nbakkal ma\u011fazalar\u0131n\u0131n de\u011ferlendirmelerde \u00f6n plana \u00e7\u0131kt\u0131\u011f\u0131n\u0131 g\u00f6steriyor. T\u00fcm ma\u011fazalarda ayn\u0131 \u00f6zenli hizmetin bulunaca\u011f\u0131 ise Skechers taraf\u0131ndan taahh\u00fct ediliyor.\u00a0<\/span><\/p>\n<p>Skechers&#8217;\u0131n en yeni ma\u011fazas\u0131 ise Kad\u0131k\u00f6y&#8217;de seni bekliyor. Kolay ula\u015f\u0131labilir ve merkezi konumuyla Kad\u0131k\u00f6y&#8217;de yerini alan Skechers, Cafera\u011fa mah. M\u00fch\u00fcrdar cad. No: 19 Kad\u0131k\u00f6y\/\u0130stanbul adresinde.<\/p>\n<figure id=\"attachment_1322\" aria-describedby=\"caption-attachment-1322\" style=\"width: 828px\" class=\"wp-caption aligncenter\"><img decoding=\"async\" loading=\"lazy\" class=\"size-full wp-image-1322\" src=\"https:\/\/www.skechers.com.tr\/blog\/wp-content\/uploads\/2021\/03\/Venezia-1.jpg\" alt=\"Skechers Venezia Ma\u011fazas\u0131\" width=\"828\" height=\"621\" srcset=\"https:\/\/www.skechers.com.tr\/blog\/wp-content\/uploads\/2021\/03\/Venezia-1.jpg 828w, https:\/\/www.skechers.com.tr\/blog\/wp-content\/uploads\/2021\/03\/Venezia-1-300x225.jpg 300w, https:\/\/www.skechers.com.tr\/blog\/wp-content\/uploads\/2021\/03\/Venezia-1-768x576.jpg 768w\" sizes=\"(max-width: 828px) 100vw, 828px\" \/><figcaption id=\"caption-attachment-1322\" class=\"wp-caption-text\">Skechers Venezia Ma\u011fazas\u0131<\/figcaption><\/figure>\n<h3><span style=\"font-weight: 400;\">Skechers Ma\u011fazalar\u0131 A\u00e7\u0131l\u0131\u015f ve Kapan\u0131\u015f Saatleri\u00a0<\/span><\/h3>\n<p><span style=\"font-weight: 400;\">Skechers ma\u011fazalar\u0131n\u0131n a\u00e7\u0131l\u0131\u015f ve kapan\u0131\u015f saatleri, pandemi dolay\u0131s\u0131yla al\u0131nan b\u00f6lgesel \u00f6nlemler \u00e7er\u00e7evesinde belirleniyor. Soka\u011fa \u00e7\u0131kma k\u0131s\u0131tlamalar\u0131n\u0131n oldu\u011fu g\u00fcnlerde ma\u011fazalar kapal\u0131 olurken, di\u011fer g\u00fcnler 10.00-20.00 saatleri aras\u0131nda \u00f6zenle t\u00fcm ziyaret\u00e7ilere hizmet vermeye devam ediliyor. B\u00f6lgesel ve \u00fclke \u00e7ap\u0131nda uygulanan pandemi \u00f6nlemlerinde yap\u0131lan de\u011fi\u015fikliklerin etkisiyle ma\u011faza a\u00e7\u0131l\u0131\u015f ve kapan\u0131\u015f saatlerinde olabilecek olas\u0131 de\u011fi\u015fiklikler i\u00e7in Skechers\u2019\u0131n sosyal medya hesaplar\u0131n\u0131 takip edebilirsin.<\/span><a href=\"https:\/\/www.facebook.com\/SkechersTr\"><span style=\"font-weight: 400;\"> Skechers T\u00fcrkiye Facebook<\/span><\/a><span style=\"font-weight: 400;\">, <\/span><a href=\"https:\/\/www.instagram.com\/SKECHERSTR\/\"><span style=\"font-weight: 400;\">Skechers T\u00fcrkiye Instagram<\/span><\/a><span style=\"font-weight: 400;\"> hesaplar\u0131ndan g\u00fcncel bilgiye ula\u015fabilirsin.<\/span><\/p>\n<figure id=\"attachment_1780\" aria-describedby=\"caption-attachment-1780\" style=\"width: 828px\" class=\"wp-caption aligncenter\"><img decoding=\"async\" loading=\"lazy\" class=\"size-full wp-image-1780\" src=\"https:\/\/www.skechers.com.tr\/blog\/wp-content\/uploads\/2021\/03\/WhatsApp-Image-2021-05-27-at-15.01.16.jpeg\" alt=\"Kad\u0131k\u00f6y Skechers Ma\u011fazas\u0131\" width=\"828\" height=\"618\" srcset=\"https:\/\/www.skechers.com.tr\/blog\/wp-content\/uploads\/2021\/03\/WhatsApp-Image-2021-05-27-at-15.01.16.jpeg 828w, https:\/\/www.skechers.com.tr\/blog\/wp-content\/uploads\/2021\/03\/WhatsApp-Image-2021-05-27-at-15.01.16-300x224.jpeg 300w, https:\/\/www.skechers.com.tr\/blog\/wp-content\/uploads\/2021\/03\/WhatsApp-Image-2021-05-27-at-15.01.16-768x573.jpeg 768w\" sizes=\"(max-width: 828px) 100vw, 828px\" \/><figcaption id=\"caption-attachment-1780\" class=\"wp-caption-text\">Kad\u0131k\u00f6y Skechers Ma\u011fazas\u0131<\/figcaption><\/figure>\n<h3><span style=\"font-weight: 400;\">Skechers M\u00fc\u015fteri Destek Ekibi Hizmetinde<\/span><\/h3>\n<p><span style=\"font-weight: 400;\">Skechers ma\u011fazalar\u0131nda daha iyi hizmet, daha hijyenik ve g\u00fcvenli servis i\u00e7in her g\u00fcn \u00f6zenle \u00e7al\u0131\u015fan Skechers kadrosunu g\u00f6r\u00fc\u015flerinle de\u011ferlendirebilir, \u00f6nerilerinle Skechers ma\u011fazalar\u0131n\u0131n geli\u015fmesine katk\u0131 sunabilirsin. Skechers ma\u011fazalar\u0131 hakk\u0131nda her soru ve sorununda profesyonel m\u00fc\u015fteri destek ekibinden bilgi ve yard\u0131m alabilirsin. 0850 488 02 00 telefon numaras\u0131ndan, hafta i\u00e7i her g\u00fcn 09.00 &#8211; 18.00 saatleri aras\u0131nda uzman m\u00fc\u015fteri temsilcileri ile g\u00f6r\u00fc\u015febilirsin. Dilersen, <\/span><a href=\"https:\/\/www.skechers.com.tr\/contactus?utm_source=blog&amp;utm_medium=content&amp;utm_campaign=skechers-magazalari-seninle\"><span style=\"font-weight: 400;\">Skechers T\u00fcrkiye\u2019nin bize ula\u015f\u0131n sayfas\u0131<\/span><\/a><span style=\"font-weight: 400;\"> \u00fczerinden form doldurarak \u00f6neri ve yorumlar\u0131n\u0131 iletmen m\u00fcmk\u00fcn.\u00a0<\/span><\/p>\n<p><span style=\"font-weight: 400;\">Amerika\u2019n\u0131n g\u00fcnl\u00fck giyim ve \u00e7ocuk kategorilerinde pazar lideri olan Skechers 10 y\u0131ld\u0131r, T\u00fcrkiye\u2019deki m\u00fc\u015fteriler ile bulu\u015fuyor. Her ge\u00e7en g\u00fcn say\u0131s\u0131 artan Skechers ma\u011fazalar\u0131 ve Skechers.com.tr ile hizmet sa\u011flayan marka, d\u00fcnyan\u0131n 190\u2019dan fazla \u00fclkesinde oldu\u011fu gibi T\u00fcrkiye\u2019de de kalitenin adresi oluyor. Sen de Skechers kalitesi ile hemen tan\u0131\u015fmak, \u00f6zenli hizmet ile g\u00fcvenle al\u0131\u015fveri\u015f yapmak i\u00e7in hemen Skechers ma\u011fazalar\u0131n\u0131 ziyaret edebilirsin. Skechers konforunu al\u0131\u015fkanl\u0131k haline getirecek \u00fcr\u00fcnler ma\u011fazalarda ve Skechers.com.tr\u2019de seni bekliyor.\u00a0<\/span><\/p>\n<p>&nbsp;<\/p>\n","protected":false},"excerpt":{"rendered":"<p>Skechers, T\u00fcrkiye\u2019nin d\u00f6rt bir yan\u0131ndaki onlarca ma\u011fazas\u0131yla seni konforla bulu\u015fturmaya devam ediyor. Skechers\u2019\u0131n y\u00fcksek kaliteli, \u00f6zenli i\u015f\u00e7ilik ve \u00f6zg\u00fcn tasar\u0131m \u00fcr\u00fcn\u00fc, sezon koleksiyonunu ve outlet se\u00e7enekleri ma\u011fazalarda seni bekliyor. Ayr\u0131ca, Skechers a\u00e7\u0131lan yeni ma\u011fazalar\u0131yla kolay ula\u015f\u0131labilir olmaya devam ediyor. En yeni Skechers ma\u011fazas\u0131 nerede merak ediyorsan, \u015fimdi Kad\u0131k\u00f6y&#8217;\u00fcn merkezinde de Skechers&#8217;\u0131 bulabilece\u011fini m\u00fcjdeliyoruz. T\u00fcm Skechers [&hellip;]<\/p>\n","protected":false},"author":1,"featured_media":1327,"comment_status":"open","ping_status":"open","sticky":false,"template":"","format":"standard","meta":[],"categories":[1],"tags":[],"yoast_head":"<!-- This site is optimized with the Yoast SEO plugin v18.5.1 - https:\/\/yoast.com\/wordpress\/plugins\/seo\/ -->\n<title>Skechers Ma\u011fazalar\u0131 Seninle! - Skechers Blog<\/title>\n<meta name=\"robots\" content=\"index, follow, max-snippet:-1, max-image-preview:large, max-video-preview:-1\" \/>\n<link rel=\"canonical\" href=\"https:\/\/www.skechers.com.tr\/blog\/skechers-magazalari-seninle\/\" \/>\n<meta property=\"og:locale\" content=\"tr_TR\" \/>\n<meta property=\"og:type\" content=\"article\" \/>\n<meta property=\"og:title\" content=\"Skechers Ma\u011fazalar\u0131 Seninle! - Skechers Blog\" \/>\n<meta property=\"og:description\" content=\"Skechers, T\u00fcrkiye\u2019nin d\u00f6rt bir yan\u0131ndaki onlarca ma\u011fazas\u0131yla seni konforla bulu\u015fturmaya devam ediyor. Skechers\u2019\u0131n y\u00fcksek kaliteli, \u00f6zenli i\u015f\u00e7ilik ve \u00f6zg\u00fcn tasar\u0131m \u00fcr\u00fcn\u00fc, sezon koleksiyonunu ve outlet se\u00e7enekleri ma\u011fazalarda seni bekliyor. Ayr\u0131ca, Skechers a\u00e7\u0131lan yeni ma\u011fazalar\u0131yla kolay ula\u015f\u0131labilir olmaya devam ediyor. En yeni Skechers ma\u011fazas\u0131 nerede merak ediyorsan, \u015fimdi Kad\u0131k\u00f6y&#8217;\u00fcn merkezinde de Skechers&#8217;\u0131 bulabilece\u011fini m\u00fcjdeliyoruz. T\u00fcm Skechers [&hellip;]\" \/>\n<meta property=\"og:url\" content=\"https:\/\/www.skechers.com.tr\/blog\/skechers-magazalari-seninle\/\" \/>\n<meta property=\"og:site_name\" content=\"Skechers Blog\" \/>\n<meta property=\"article:published_time\" content=\"2021-03-24T15:49:48+00:00\" \/>\n<meta property=\"article:modified_time\" content=\"2021-05-28T12:02:17+00:00\" \/>\n<meta property=\"og:image\" content=\"https:\/\/www.skechers.com.tr\/blog\/wp-content\/uploads\/2021\/03\/Mall-Of-Istanbul-1.jpg\" \/>\n\t<meta property=\"og:image:width\" content=\"828\" \/>\n\t<meta property=\"og:image:height\" content=\"621\" \/>\n\t<meta property=\"og:image:type\" content=\"image\/jpeg\" \/>\n<meta name=\"twitter:card\" content=\"summary_large_image\" \/>\n<meta name=\"twitter:label1\" content=\"Yazan:\" \/>\n\t<meta name=\"twitter:data1\" content=\"Skechers T\u00fcrkiye\" \/>\n\t<meta name=\"twitter:label2\" content=\"Tahmini okuma s\u00fcresi\" \/>\n\t<meta name=\"twitter:data2\" content=\"7 dakika\" \/>\n<script type=\"application\/ld+json\" class=\"yoast-schema-graph\">{\"@context\":\"https:\/\/schema.org\",\"@graph\":[{\"@type\":\"WebSite\",\"@id\":\"https:\/\/www.skechers.com.tr\/blog\/#website\",\"url\":\"https:\/\/www.skechers.com.tr\/blog\/\",\"name\":\"Skechers Blog\",\"description\":\"Skechers\",\"potentialAction\":[{\"@type\":\"SearchAction\",\"target\":{\"@type\":\"EntryPoint\",\"urlTemplate\":\"https:\/\/www.skechers.com.tr\/blog\/?s={search_term_string}\"},\"query-input\":\"required name=search_term_string\"}],\"inLanguage\":\"tr\"},{\"@type\":\"ImageObject\",\"@id\":\"https:\/\/www.skechers.com.tr\/blog\/skechers-magazalari-seninle\/#primaryimage\",\"inLanguage\":\"tr\",\"url\":\"https:\/\/www.skechers.com.tr\/blog\/wp-content\/uploads\/2021\/03\/Mall-Of-Istanbul-1.jpg\",\"contentUrl\":\"https:\/\/www.skechers.com.tr\/blog\/wp-content\/uploads\/2021\/03\/Mall-Of-Istanbul-1.jpg\",\"width\":828,\"height\":621,\"caption\":\"Skechers Mall Of \u0130stanbul\"},{\"@type\":\"WebPage\",\"@id\":\"https:\/\/www.skechers.com.tr\/blog\/skechers-magazalari-seninle\/#webpage\",\"url\":\"https:\/\/www.skechers.com.tr\/blog\/skechers-magazalari-seninle\/\",\"name\":\"Skechers Ma\u011fazalar\u0131 Seninle! - Skechers Blog\",\"isPartOf\":{\"@id\":\"https:\/\/www.skechers.com.tr\/blog\/#website\"},\"primaryImageOfPage\":{\"@id\":\"https:\/\/www.skechers.com.tr\/blog\/skechers-magazalari-seninle\/#primaryimage\"},\"datePublished\":\"2021-03-24T15:49:48+00:00\",\"dateModified\":\"2021-05-28T12:02:17+00:00\",\"author\":{\"@id\":\"https:\/\/www.skechers.com.tr\/blog\/#\/schema\/person\/6d09a0595696524814757d23d22b4c33\"},\"breadcrumb\":{\"@id\":\"https:\/\/www.skechers.com.tr\/blog\/skechers-magazalari-seninle\/#breadcrumb\"},\"inLanguage\":\"tr\",\"potentialAction\":[{\"@type\":\"ReadAction\",\"target\":[\"https:\/\/www.skechers.com.tr\/blog\/skechers-magazalari-seninle\/\"]}]},{\"@type\":\"BreadcrumbList\",\"@id\":\"https:\/\/www.skechers.com.tr\/blog\/skechers-magazalari-seninle\/#breadcrumb\",\"itemListElement\":[{\"@type\":\"ListItem\",\"position\":1,\"name\":\"Skechers Ma\u011fazalar\u0131 Seninle!\"}]},{\"@type\":\"Person\",\"@id\":\"https:\/\/www.skechers.com.tr\/blog\/#\/schema\/person\/6d09a0595696524814757d23d22b4c33\",\"name\":\"Skechers T\u00fcrkiye\",\"image\":{\"@type\":\"ImageObject\",\"@id\":\"https:\/\/www.skechers.com.tr\/blog\/#personlogo\",\"inLanguage\":\"tr\",\"url\":\"https:\/\/secure.gravatar.com\/avatar\/0fc2191869a9a020b4606acf264338ae?s=96&d=mm&r=g\",\"contentUrl\":\"https:\/\/secure.gravatar.com\/avatar\/0fc2191869a9a020b4606acf264338ae?s=96&d=mm&r=g\",\"caption\":\"Skechers T\u00fcrkiye\"},\"description\":\"Skechers spor ayakkab\u0131 \u00fcr\u00fcnleri ile rahatl\u0131\u011f\u0131 ve kaliteyi hisset!\"}]}<\/script>\n<!-- \/ Yoast SEO plugin. -->","yoast_head_json":{"title":"Skechers Ma\u011fazalar\u0131 Seninle! - Skechers Blog","robots":{"index":"index","follow":"follow","max-snippet":"max-snippet:-1","max-image-preview":"max-image-preview:large","max-video-preview":"max-video-preview:-1"},"canonical":"https:\/\/www.skechers.com.tr\/blog\/skechers-magazalari-seninle\/","og_locale":"tr_TR","og_type":"article","og_title":"Skechers Ma\u011fazalar\u0131 Seninle! - Skechers Blog","og_description":"Skechers, T\u00fcrkiye\u2019nin d\u00f6rt bir yan\u0131ndaki onlarca ma\u011fazas\u0131yla seni konforla bulu\u015fturmaya devam ediyor. Skechers\u2019\u0131n y\u00fcksek kaliteli, \u00f6zenli i\u015f\u00e7ilik ve \u00f6zg\u00fcn tasar\u0131m \u00fcr\u00fcn\u00fc, sezon koleksiyonunu ve outlet se\u00e7enekleri ma\u011fazalarda seni bekliyor. Ayr\u0131ca, Skechers a\u00e7\u0131lan yeni ma\u011fazalar\u0131yla kolay ula\u015f\u0131labilir olmaya devam ediyor. En yeni Skechers ma\u011fazas\u0131 nerede merak ediyorsan, \u015fimdi Kad\u0131k\u00f6y&#8217;\u00fcn merkezinde de Skechers&#8217;\u0131 bulabilece\u011fini m\u00fcjdeliyoruz. T\u00fcm Skechers [&hellip;]","og_url":"https:\/\/www.skechers.com.tr\/blog\/skechers-magazalari-seninle\/","og_site_name":"Skechers Blog","article_published_time":"2021-03-24T15:49:48+00:00","article_modified_time":"2021-05-28T12:02:17+00:00","og_image":[{"width":828,"height":621,"url":"https:\/\/www.skechers.com.tr\/blog\/wp-content\/uploads\/2021\/03\/Mall-Of-Istanbul-1.jpg","type":"image\/jpeg"}],"twitter_card":"summary_large_image","twitter_misc":{"Yazan:":"Skechers T\u00fcrkiye","Tahmini okuma s\u00fcresi":"7 dakika"},"schema":{"@context":"https:\/\/schema.org","@graph":[{"@type":"WebSite","@id":"https:\/\/www.skechers.com.tr\/blog\/#website","url":"https:\/\/www.skechers.com.tr\/blog\/","name":"Skechers Blog","description":"Skechers","potentialAction":[{"@type":"SearchAction","target":{"@type":"EntryPoint","urlTemplate":"https:\/\/www.skechers.com.tr\/blog\/?s={search_term_string}"},"query-input":"required name=search_term_string"}],"inLanguage":"tr"},{"@type":"ImageObject","@id":"https:\/\/www.skechers.com.tr\/blog\/skechers-magazalari-seninle\/#primaryimage","inLanguage":"tr","url":"https:\/\/www.skechers.com.tr\/blog\/wp-content\/uploads\/2021\/03\/Mall-Of-Istanbul-1.jpg","contentUrl":"https:\/\/www.skechers.com.tr\/blog\/wp-content\/uploads\/2021\/03\/Mall-Of-Istanbul-1.jpg","width":828,"height":621,"caption":"Skechers Mall Of \u0130stanbul"},{"@type":"WebPage","@id":"https:\/\/www.skechers.com.tr\/blog\/skechers-magazalari-seninle\/#webpage","url":"https:\/\/www.skechers.com.tr\/blog\/skechers-magazalari-seninle\/","name":"Skechers Ma\u011fazalar\u0131 Seninle! - Skechers Blog","isPartOf":{"@id":"https:\/\/www.skechers.com.tr\/blog\/#website"},"primaryImageOfPage":{"@id":"https:\/\/www.skechers.com.tr\/blog\/skechers-magazalari-seninle\/#primaryimage"},"datePublished":"2021-03-24T15:49:48+00:00","dateModified":"2021-05-28T12:02:17+00:00","author":{"@id":"https:\/\/www.skechers.com.tr\/blog\/#\/schema\/person\/6d09a0595696524814757d23d22b4c33"},"breadcrumb":{"@id":"https:\/\/www.skechers.com.tr\/blog\/skechers-magazalari-seninle\/#breadcrumb"},"inLanguage":"tr","potentialAction":[{"@type":"ReadAction","target":["https:\/\/www.skechers.com.tr\/blog\/skechers-magazalari-seninle\/"]}]},{"@type":"BreadcrumbList","@id":"https:\/\/www.skechers.com.tr\/blog\/skechers-magazalari-seninle\/#breadcrumb","itemListElement":[{"@type":"ListItem","position":1,"name":"Skechers Ma\u011fazalar\u0131 Seninle!"}]},{"@type":"Person","@id":"https:\/\/www.skechers.com.tr\/blog\/#\/schema\/person\/6d09a0595696524814757d23d22b4c33","name":"Skechers T\u00fcrkiye","image":{"@type":"ImageObject","@id":"https:\/\/www.skechers.com.tr\/blog\/#personlogo","inLanguage":"tr","url":"https:\/\/secure.gravatar.com\/avatar\/0fc2191869a9a020b4606acf264338ae?s=96&d=mm&r=g","contentUrl":"https:\/\/secure.gravatar.com\/avatar\/0fc2191869a9a020b4606acf264338ae?s=96&d=mm&r=g","caption":"Skechers T\u00fcrkiye"},"description":"Skechers spor ayakkab\u0131 \u00fcr\u00fcnleri ile rahatl\u0131\u011f\u0131 ve kaliteyi hisset!"}]}},"_links":{"self":[{"href":"https:\/\/www.skechers.com.tr\/blog\/wp-json\/wp\/v2\/posts\/1320"}],"collection":[{"href":"https:\/\/www.skechers.com.tr\/blog\/wp-json\/wp\/v2\/posts"}],"about":[{"href":"https:\/\/www.skechers.com.tr\/blog\/wp-json\/wp\/v2\/types\/post"}],"author":[{"embeddable":true,"href":"https:\/\/www.skechers.com.tr\/blog\/wp-json\/wp\/v2\/users\/1"}],"replies":[{"embeddable":true,"href":"https:\/\/www.skechers.com.tr\/blog\/wp-json\/wp\/v2\/comments?post=1320"}],"version-history":[{"count":6,"href":"https:\/\/www.skechers.com.tr\/blog\/wp-json\/wp\/v2\/posts\/1320\/revisions"}],"predecessor-version":[{"id":1783,"href":"https:\/\/www.skechers.com.tr\/blog\/wp-json\/wp\/v2\/posts\/1320\/revisions\/1783"}],"wp:featuredmedia":[{"embeddable":true,"href":"https:\/\/www.skechers.com.tr\/blog\/wp-json\/wp\/v2\/media\/1327"}],"wp:attachment":[{"href":"https:\/\/www.skechers.com.tr\/blog\/wp-json\/wp\/v2\/media?parent=1320"}],"wp:term":[{"taxonomy":"category","embeddable":true,"href":"https:\/\/www.skechers.com.tr\/blog\/wp-json\/wp\/v2\/categories?post=1320"},{"taxonomy":"post_tag","embeddable":true,"href":"https:\/\/www.skechers.com.tr\/blog\/wp-json\/wp\/v2\/tags?post=1320"}],"curies":[{"name":"wp","href":"https:\/\/api.w.org\/{rel}","templated":true}]}}