{"id":1298,"date":"2021-03-24T15:13:10","date_gmt":"2021-03-24T15:13:10","guid":{"rendered":"https:\/\/www.skechers.com.tr\/blog\/?p=1298"},"modified":"2021-05-17T08:03:31","modified_gmt":"2021-05-17T08:03:31","slug":"skechers-ayakkabisi-hatali-cikar-mi","status":"publish","type":"post","link":"https:\/\/www.skechers.com.tr\/blog\/skechers-ayakkabisi-hatali-cikar-mi\/","title":{"rendered":"Skechers Ayakkab\u0131s\u0131 Hatal\u0131 \u00c7\u0131kar m\u0131?"},"content":{"rendered":"<p><span style=\"font-weight: 400;\">Skechers, t\u00fcm \u00fcr\u00fcnlerini ayn\u0131 \u00f6zen ve kalite ile \u00fcretiyor. Uluslararas\u0131 kalite standartlar\u0131na uygun olarak tasarlanan, haz\u0131rlanan ve kullan\u0131c\u0131lara sunulan Skechers ayakkab\u0131 modelleri, d\u00fcnyan\u0131n d\u00f6rt bir yan\u0131ndaki milyonlarca kullan\u0131c\u0131ya g\u00fcven veriyor. Skechers kullan\u0131c\u0131lar\u0131, ald\u0131klar\u0131 her \u00fcr\u00fcn\u00fcn kalitesinden emin olarak al\u0131\u015fveri\u015flerini tamaml\u0131yor. Seri \u00fcretim ile \u00e7al\u0131\u015fan, \u00fcst d\u00fczey teknoloji arac\u0131l\u0131\u011f\u0131yla, el de\u011fmeden \u00fcretim a\u015famalar\u0131 tamamlanan ayakkab\u0131lar, nadiren \u00fcretimden kaynaklanan hatalarla sunulabiliyor. \u00c7ok s\u0131k kar\u015f\u0131m\u0131za \u00e7\u0131kmayan ancak nadiren \u00fcreticilerin rastlad\u0131klar\u0131 \u00fcretim hatal\u0131 \u00fcr\u00fcnler, \u201cSkechers ayakkab\u0131s\u0131 hatal\u0131 \u00e7\u0131kar m\u0131?\u201d sorusuna \u201c\u00e7o\u011funlukla hay\u0131r, nadiren evet\u201d yan\u0131t\u0131n\u0131 vermemize neden oluyor.\u00a0<\/span><\/p>\n<p><span style=\"font-weight: 400;\">Skechers ayakkab\u0131larda g\u00f6r\u00fclebilen \u00fcretim hatalar\u0131 temel olarak 6 kategoride s\u0131n\u0131fland\u0131r\u0131l\u0131yor. Kullan\u0131c\u0131 \u015fikayetlerinde, \u00fcr\u00fcnlerde herhangi bir \u00fcretim hatas\u0131 bulunup bulunmad\u0131\u011f\u0131 detayl\u0131 inceleme ve uzman g\u00f6r\u00fc\u015f\u00fc sonunda belirleniyor. <\/span><a href=\"https:\/\/www.skechers.com.tr\/blog\/skechers-ayakkabi-garantisi\/\"><span style=\"font-weight: 400;\">Skechers ayakkab\u0131 garantisi <\/span><\/a><span style=\"font-weight: 400;\">i\u00e7in bir inceleme yap\u0131l\u0131rken, sorunun \u00fcretimden kaynakland\u0131\u011f\u0131 belirlendi\u011finde, \u00fcr\u00fcnler garanti kapsam\u0131nda de\u011ferlendirilerek kullan\u0131c\u0131lara bilgi veriliyor. Skechers ayakkab\u0131larda en s\u0131k rastlanan \u00fcretim hatalar\u0131 \u015f\u00f6yle s\u0131ralan\u0131yor:\u00a0<\/span><\/p>\n<h2><span style=\"font-weight: 400;\">Skechers Ayakkab\u0131larda Fort Hatas\u0131\u00a0<\/span><\/h2>\n<p><span style=\"font-weight: 400;\">Ayakkab\u0131lar\u0131n topuk arkas\u0131na denk gelen, arka k\u0131sm\u0131n\u0131n dik durmas\u0131n\u0131 sa\u011flayan sert b\u00f6l\u00fcme fort ad\u0131 veriliyor. Saya ile deri i\u00e7 astar aras\u0131na yerle\u015ftirilen fortun y\u00fcksekli\u011finin, ayakkab\u0131n\u0131n iki e\u015finde de ayn\u0131 olmas\u0131 gerekiyor. Nadiren g\u00f6r\u00fclen \u00fcretim hatalar\u0131nda, fort y\u00fcksekliklerinin de\u011fi\u015fti\u011fi kaydediliyor. \u00d6rne\u011fin ayakkab\u0131n\u0131n sa\u011f tekinin fort y\u00fcksekli\u011fi ile sol tekinin fort y\u00fcksekli\u011fi aras\u0131nda milimetrik farkl\u0131l\u0131klar g\u00f6ze \u00e7arp\u0131yor. \u00dcretim kaynakl\u0131 olan bu sorunlar\u0131n ya\u015fanmamas\u0131 ad\u0131na, Skechers ma\u011fazalar\u0131ndan al\u0131\u015fveri\u015f yaparken ayakkab\u0131lar\u0131n fort y\u00fcksekliklerine bak\u0131lmas\u0131, d\u00fcz bir zemine yerle\u015ftirerek ayakkab\u0131lar\u0131n arka k\u0131s\u0131mlar\u0131n\u0131n y\u00fcksekliklerinin kontrol edilmesi \u00f6neriliyor. Al\u0131nan ayakkab\u0131da y\u00fckseklik fark\u0131 fark edildi\u011finde, Skechers m\u00fc\u015fteri hizmetlerine ve Skechers ma\u011fazalar\u0131na ba\u015fvurularak inceleme talebinde bulunabilirsin. \u0130nceleme sonunda \u00fcretim hatas\u0131n\u0131n onaylanmas\u0131 halinde, m\u00fc\u015fteri memnuniyeti oda\u011fa al\u0131narak, garanti kapsam\u0131nda gerekli i\u015flemler tamamlan\u0131yor.\u00a0<\/span><\/p>\n<figure id=\"attachment_1300\" aria-describedby=\"caption-attachment-1300\" style=\"width: 828px\" class=\"wp-caption aligncenter\"><img decoding=\"async\" loading=\"lazy\" class=\"size-full wp-image-1300\" src=\"https:\/\/www.skechers.com.tr\/blog\/wp-content\/uploads\/2021\/03\/max-blog.jpg\" alt=\"Skechers Ayakkab\u0131larda Fort Hatas\u0131\u00a0\" width=\"828\" height=\"415\" srcset=\"https:\/\/www.skechers.com.tr\/blog\/wp-content\/uploads\/2021\/03\/max-blog.jpg 828w, https:\/\/www.skechers.com.tr\/blog\/wp-content\/uploads\/2021\/03\/max-blog-300x150.jpg 300w, https:\/\/www.skechers.com.tr\/blog\/wp-content\/uploads\/2021\/03\/max-blog-768x385.jpg 768w\" sizes=\"(max-width: 828px) 100vw, 828px\" \/><figcaption id=\"caption-attachment-1300\" class=\"wp-caption-text\">Skechers Ayakkab\u0131larda Fort Hatas\u0131<\/figcaption><\/figure>\n<h3><span style=\"font-weight: 400;\">Taban Uzunlu\u011fu \u00d6l\u00e7\u00fcleri\u00a0<\/span><\/h3>\n<p><span style=\"font-weight: 400;\">Skechers ayakkab\u0131lar\u0131n nadir rastlanan \u00fcretim hatalar\u0131 aras\u0131nda e\u015fler aras\u0131ndaki taban uzunlu\u011fu farklar\u0131 say\u0131l\u0131yor. Ayn\u0131 numara iki ayakkab\u0131n\u0131n, \u00e7iftin teklerinin taban uzunluklar\u0131 aras\u0131nda fark g\u00f6zlemlenebiliyor. Ayakkab\u0131n\u0131n e\u015fleri yan yana, d\u00fcz, e\u011fimsiz ve p\u00fcr\u00fczs\u00fcz bir zemine yerle\u015ftirildi\u011finde, taban uzunluklar\u0131na bak\u0131lmas\u0131, ayakkab\u0131n\u0131n kavislerine uygun bir \u00f6l\u00e7\u00fcm arac\u0131 ile \u00f6l\u00e7\u00fclmesi sorunun ke\u015ffi i\u00e7in yeterli oluyor. Kimi zaman g\u00f6zle g\u00f6r\u00fclebilecek kadar, zaman zaman \u00e7ok k\u00fc\u00e7\u00fck olabilen farklar ke\u015ffedildi\u011finde, Skechers\u2019tan \u00fcr\u00fcnler hakk\u0131nda inceleme talep edilebiliyor. Skechers\u2019\u0131n uzman g\u00f6r\u00fc\u015f\u00fc ve incelemeleri sonucunda \u00fcretim hatas\u0131n\u0131n onaylanmas\u0131 halinde, m\u00fc\u015fteri bilgilendirilerek garanti i\u015flemleri s\u00fcrd\u00fcr\u00fcl\u00fcyor.\u00a0<\/span><\/p>\n<h3><span style=\"font-weight: 400;\">I\u015f\u0131kl\u0131 Ayakkab\u0131lar ve Led I\u015f\u0131klar\u00a0<\/span><\/h3>\n<p><span style=\"font-weight: 400;\">Skechers ayakkab\u0131 hatalar\u0131 aras\u0131nda \u0131\u015f\u0131kl\u0131 modellerde g\u00f6r\u00fclen led problemi de say\u0131l\u0131yor. \u00c7ok az say\u0131da rastlanan ancak yine de kay\u0131tlarda kendine yer bulan sorun, genellikle \u0131\u015f\u0131kl\u0131 ayakkab\u0131lardaki bir led lambas\u0131n\u0131n \u00e7al\u0131\u015fmamas\u0131ndan kaynaklan\u0131yor. Led \u0131\u015f\u0131kta sorun olmas\u0131, e\u011fer ayakkab\u0131 kullan\u0131lmam\u0131\u015fsa \u00e7o\u011funlukla \u00fcretim hatas\u0131na ba\u011fl\u0131 g\u00f6r\u00fcn\u00fcyor. Uzun s\u00fcre kullan\u0131lan ayakkab\u0131larda ise led ampul\u00fcn \u00f6mr\u00fcn\u00fcn sona ermesi veya bir darbe sonucu ledin hasar almas\u0131 gibi sorunlar da kar\u015f\u0131m\u0131za \u00e7\u0131kabiliyor. Bu nedenle \u0131\u015f\u0131kl\u0131 ayakkab\u0131larda led \u0131\u015f\u0131klardan birinin yanmamas\u0131 durumunda, kullan\u0131c\u0131lar \u015fikayetlerini belirterek Skechers m\u00fc\u015fteri ekibinden ve Skechers ma\u011fazalar\u0131ndan destek al\u0131yor. Yap\u0131lan inceleme, sorunun led \u0131\u015f\u0131klar\u0131n veya ayakkab\u0131n\u0131n \u00fcretiminden kaynakland\u0131\u011f\u0131n\u0131 ispat etti\u011finde, m\u00fc\u015fterilere d\u00f6n\u00fc\u015f sa\u011flanarak sorunun \u00e7\u00f6z\u00fcm\u00fc i\u00e7in belirlenen yol haritas\u0131 izleniyor. I\u015f\u0131kl\u0131 ayakkab\u0131lar, devresel bir sistem ta\u015f\u0131d\u0131\u011f\u0131 i\u00e7in kaliteli materyaller ve \u00f6zenli i\u015f\u00e7ilik standartlar\u0131 korundu\u011funda dahi k\u00fc\u00e7\u00fck sorunlar \u00e7\u0131kmas\u0131 normal g\u00f6r\u00fcl\u00fcyor. Led kaynakl\u0131 bu tip k\u00fc\u00e7\u00fck problemlerde, m\u00fc\u015fterilerin anlay\u0131\u015f\u0131 ve Skechers\u2019\u0131n memnuniyet odakl\u0131 yakla\u015f\u0131m\u0131yla gereken ad\u0131mlar en k\u0131sa s\u00fcrede at\u0131larak sorun ortadan kald\u0131r\u0131l\u0131yor.\u00a0<\/span><\/p>\n<p><a href=\"https:\/\/www.skechers.com.tr\/isikli-ayakkabilar-c-6011\"><img decoding=\"async\" loading=\"lazy\" class=\"size-full wp-image-1440 alignleft\" src=\"https:\/\/www.skechers.com.tr\/blog\/wp-content\/uploads\/2021\/05\/isikli-ayakkabi-blog-cta.jpg\" alt=\"\" width=\"550\" height=\"117\" srcset=\"https:\/\/www.skechers.com.tr\/blog\/wp-content\/uploads\/2021\/05\/isikli-ayakkabi-blog-cta.jpg 550w, https:\/\/www.skechers.com.tr\/blog\/wp-content\/uploads\/2021\/05\/isikli-ayakkabi-blog-cta-300x64.jpg 300w\" sizes=\"(max-width: 550px) 100vw, 550px\" \/><\/a><\/p>\n<p>&nbsp;<\/p>\n<p>&nbsp;<\/p>\n<p>&nbsp;<\/p>\n<figure id=\"attachment_1301\" aria-describedby=\"caption-attachment-1301\" style=\"width: 828px\" class=\"wp-caption aligncenter\"><img decoding=\"async\" loading=\"lazy\" class=\"size-full wp-image-1301\" src=\"https:\/\/www.skechers.com.tr\/blog\/wp-content\/uploads\/2021\/03\/isikli-ayakkabi-blog.gif\" alt=\"I\u015f\u0131kl\u0131 Ayakkab\u0131lar ve Led I\u015f\u0131klar\u00a0\" width=\"828\" height=\"470\" \/><figcaption id=\"caption-attachment-1301\" class=\"wp-caption-text\">I\u015f\u0131kl\u0131 Ayakkab\u0131lar ve Led I\u015f\u0131klar<\/figcaption><\/figure>\n<h3><span style=\"font-weight: 400;\">Saya ve Taban Birle\u015fimi Sorunu\u00a0<\/span><\/h3>\n<p><span style=\"font-weight: 400;\">Ayakkab\u0131lar, farkl\u0131 par\u00e7alar\u0131n bir araya getirilmesiyle son halini al\u0131yor. Belli kal\u0131plar ve standart \u00f6l\u00e7\u00fcler ile tasarlanan her model, milimetrik hesaplarla \u00fcretim band\u0131na giriyor. Ancak her seri \u00fcretim sisteminde oldu\u011fu gibi Skechers ayakkab\u0131 \u00fcretiminde nadir de olsa milimetrik hata paylar\u0131 bulunuyor. Skechers ayakkab\u0131 modellerinin saya ad\u0131 verilen \u00fcst k\u0131sm\u0131 ile tabanlar\u0131n\u0131n birle\u015fti\u011fi b\u00f6l\u00fcmlerde, milimetrik bo\u015fluklar\u0131n yer almas\u0131 \u00fcretim hatalar\u0131 aras\u0131nda say\u0131l\u0131yor. Kullan\u0131c\u0131lar\u0131n \u00fcr\u00fcnleri al\u0131rken kontrol etmeleri, saya ile taban\u0131n birle\u015fti\u011fi noktalar\u0131n tam oturdu\u011fundan emin olmalar\u0131 gerekiyor. Ma\u011fazalardan al\u0131\u015fveri\u015f yapan t\u00fcketiciler, ayakkab\u0131lar\u0131n estetik cazibesine kap\u0131larak zaman zaman teknik \u00f6zelliklerini incelemeyi g\u00f6z ard\u0131 edebiliyor. K\u00fc\u00e7\u00fck bir fark olan milimetrik bo\u015fluklar, ayakkab\u0131n\u0131n konforunda fark edilir sorunlara neden olabiliyor. Bu nedenle ayakkab\u0131 se\u00e7erken birle\u015fim yerlerini dikkatle incelemeli, bir bo\u015fluk olmas\u0131 durumunda m\u00fc\u015fteri destek ekiplerinden yard\u0131m alarak ba\u015fka bir \u00fcr\u00fcn almay\u0131 rica etmelisin. Ayakkab\u0131 ald\u0131ktan sonra bir sorun fark etti\u011finde destek birimleriyle ileti\u015fime ge\u00e7erek \u00fcr\u00fcnlerin incelenmesini isteyebilirsin. \u0130nceleme sonucunda ayakkab\u0131lardaki bo\u015fluklar\u0131n \u00fcretim kaynakl\u0131 oldu\u011fu belirlenirse, m\u00fc\u015fteriler bilgilendiriliyor, s\u00fcre\u00e7 kar\u015f\u0131l\u0131kl\u0131 onay ile s\u00fcrd\u00fcr\u00fclerek t\u00fcketicilerin memnuniyeti sa\u011flan\u0131yor. Kullan\u0131m s\u00fcrecinde, kullan\u0131c\u0131ya ba\u011fl\u0131 hatalar da zaman i\u00e7inde ayakkab\u0131lar\u0131n deformasyonuna neden olabiliyor. Bu nedenle ayakkab\u0131n\u0131n saya ve taban birle\u015fimindeki her bo\u015flu\u011fun \u00fcretim kaynakl\u0131 olmayabilece\u011fi ve her durumda detayl\u0131 incelemeye tabi tutulmas\u0131 gerekti\u011fi konusunda uzmanlar birle\u015fiyor.\u00a0<\/span><\/p>\n<h3><span style=\"font-weight: 400;\">Sayada Renk Farkl\u0131l\u0131klar\u0131\u00a0<\/span><\/h3>\n<p><span style=\"font-weight: 400;\">Skechers kullan\u0131c\u0131lar\u0131 yeni ald\u0131klar\u0131 ayakkab\u0131lar\u0131n saya, yani \u00fcst b\u00f6l\u00fcmlerinde, iki e\u015f aras\u0131nda renk farkl\u0131l\u0131klar\u0131 g\u00f6rebiliyor. S\u0131k rastlanan bir sorun olmasa da, \u00fcretimden kaynakl\u0131 olarak ayn\u0131 \u00e7iftin e\u015flerinde g\u00f6zle g\u00f6r\u00fcl\u00fcr renk sorunlar\u0131 yer alabiliyor. Deri ayakkab\u0131larda g\u00f6r\u00fclen bu sorunla kar\u015f\u0131la\u015ft\u0131\u011f\u0131nda, Skechers\u2019tan inceleme isteyebilirsin. Ma\u011fazalar arac\u0131l\u0131\u011f\u0131yla veya anla\u015fmal\u0131 kargo firmas\u0131 ile posta yoluyla g\u00f6ndererek incelemeye verdi\u011fin ayakkab\u0131lar\u0131n, t\u00fcm ara\u015ft\u0131rma s\u00fcrecini kolayl\u0131kla takip edebilir ve sonu\u00e7 hakk\u0131nda bilgi alabilirsin. Yap\u0131lan ara\u015ft\u0131rma sonucu, sorunun bak\u0131m veya kullan\u0131m de\u011fil de \u00fcretim kaynakl\u0131 oldu\u011fu raporlan\u0131rsa, garanti prosed\u00fcrleri i\u00e7inde s\u00fcrecin tamamlanmas\u0131n\u0131 rica edebilirsin. Ancak sayadaki her renk farkl\u0131l\u0131\u011f\u0131n\u0131n \u00fcretimden dolay\u0131 olmayabilece\u011finin alt\u0131 \u00e7iziliyor. Ayakkab\u0131lar\u0131n a\u015f\u0131nd\u0131r\u0131c\u0131 kimyasallarla temas\u0131, yanl\u0131\u015f bak\u0131m ve temizlik uygulamalar\u0131, d\u0131\u015f etkenlere maruz b\u0131rakma, yanl\u0131\u015f kullan\u0131m nedenleriyle y\u00fczeylerinde renk ve doku kay\u0131plar\u0131, ton de\u011fi\u015fiklikleri, kal\u0131c\u0131 lekelenmeler meydana gelebiliyor. Bu nedenle kullan\u0131c\u0131lar\u0131n ayakkab\u0131lar\u0131 al\u0131rken kullan\u0131m \u00f6nerilerini incelemeleri ve <\/span><a href=\"https:\/\/www.skechers.com.tr\/blog\/skechers-deforme-oluyor-mu\/\"><span style=\"font-weight: 400;\">Skechers deforme oluyor mu<\/span><\/a><span style=\"font-weight: 400;\">, hangi hatalar deformasyona neden oluyor \u00f6\u011frenmeleri tavsiye ediliyor.\u00a0<\/span><\/p>\n<h3><span style=\"font-weight: 400;\">Saya ve Taban Birle\u015fiminde Sol\u00fcsyon Sorunu\u00a0<\/span><\/h3>\n<p><span style=\"font-weight: 400;\">Skechers ayakkab\u0131lar\u0131n saya ve taban b\u00f6l\u00fcmlerinin birle\u015ftirilmesi s\u0131ras\u0131nda baz\u0131 yap\u0131\u015ft\u0131r\u0131c\u0131 sol\u00fcsyonlar kullan\u0131l\u0131yor. \u015eeffaf veya beyaz renkte olabilen sol\u00fcsyonlar\u0131n birle\u015fim k\u0131sm\u0131nda bo\u015fluk b\u0131rakmamas\u0131, saya ve taban\u0131 s\u0131k\u0131 s\u0131k\u0131ya birbirine tutturmas\u0131 gerekiyor. Ancak zaman zaman sol\u00fcsyonun saya veya taban \u00fczerine ta\u015ft\u0131\u011f\u0131, d\u0131\u015far\u0131dan g\u00f6r\u00fcld\u00fc\u011f\u00fc, yap\u0131\u015fkan sol\u00fcsyonun fazla kullan\u0131ld\u0131\u011f\u0131 bilgisi Skechers\u2019a ula\u015fabiliyor. Skechers ayakkab\u0131lar\u0131n birle\u015fim yerlerinde yap\u0131\u015ft\u0131r\u0131c\u0131 sol\u00fcsyon ta\u015fmas\u0131 fark edildi\u011finde, bu bir \u00fcretim hatas\u0131 kabul ediliyor ve Skechers\u2019tan destek al\u0131nabiliyor. Ayakkab\u0131n\u0131n \u00fcretimi s\u0131ras\u0131nda kullan\u0131lan sol\u00fcsyonun hatal\u0131 s\u00fcr\u00fcld\u00fc\u011f\u00fc onayland\u0131\u011f\u0131nda m\u00fc\u015fteriler, garanti prosed\u00fcrlerine tabi tutularak a\u015famalar\u0131 tamaml\u0131yor. Farkl\u0131 kullan\u0131m hatalar\u0131 neticesinde ayakkab\u0131lar\u0131n a\u00e7\u0131lmas\u0131na neden olan kimi kullan\u0131c\u0131lar\u0131n, kendi sol\u00fcsyonlar\u0131yla ayakkab\u0131lar\u0131 yap\u0131\u015ft\u0131rma \u00e7abalar\u0131, ta\u015fmaya neden olabiliyor. \u015eikayet geldi\u011finde, yap\u0131lan inceleme sonucu, ta\u015fan sol\u00fcsyonun niteli\u011fi belirlenerek t\u00fcketicilere bilgi veriliyor. E\u011fer sorun \u00fcretimden de\u011fil kullan\u0131c\u0131 m\u00fcdahalesinden kaynaklan\u0131yorsa, ayakkab\u0131lar hi\u00e7bir i\u015flem g\u00f6rmeden t\u00fcketicilere iade ediliyor. Yasal s\u00fcre zarf\u0131nda uzmanlarca tamamlanan incelemelerde, m\u00fc\u015fteri memnuniyeti esas al\u0131n\u0131yor.\u00a0<\/span><\/p>\n<p><span style=\"font-weight: 400;\">Sen de Skechers ayakkab\u0131 se\u00e7erken, Skechers kalitesine g\u00fcvenerek modelleri inceleyebilirsin. Se\u00e7ti\u011fin modelin kullan\u0131m \u00f6nerilerine dikkat ederek bak\u0131m\u0131n\u0131 ger\u00e7ekle\u015ftirebilir, uzun s\u00fcre ilk g\u00fcnk\u00fc formunu koruyabilirsin. Herhangi bir sorun fark etmen durumunda Skechers\u2019\u0131n uzman kadrosundan hemen inceleme talep edebilirsin.\u00a0<\/span><\/p>\n<p><a href=\"https:\/\/www.skechers.com.tr\/isikli-ayakkabilar-c-6011\"><img decoding=\"async\" loading=\"lazy\" class=\"size-full wp-image-1440 alignleft\" src=\"https:\/\/www.skechers.com.tr\/blog\/wp-content\/uploads\/2021\/05\/isikli-ayakkabi-blog-cta.jpg\" alt=\"\" width=\"550\" height=\"117\" srcset=\"https:\/\/www.skechers.com.tr\/blog\/wp-content\/uploads\/2021\/05\/isikli-ayakkabi-blog-cta.jpg 550w, https:\/\/www.skechers.com.tr\/blog\/wp-content\/uploads\/2021\/05\/isikli-ayakkabi-blog-cta-300x64.jpg 300w\" sizes=\"(max-width: 550px) 100vw, 550px\" \/><\/a><\/p>\n","protected":false},"excerpt":{"rendered":"<p>Skechers, t\u00fcm \u00fcr\u00fcnlerini ayn\u0131 \u00f6zen ve kalite ile \u00fcretiyor. Uluslararas\u0131 kalite standartlar\u0131na uygun olarak tasarlanan, haz\u0131rlanan ve kullan\u0131c\u0131lara sunulan Skechers ayakkab\u0131 modelleri, d\u00fcnyan\u0131n d\u00f6rt bir yan\u0131ndaki milyonlarca kullan\u0131c\u0131ya g\u00fcven veriyor. Skechers kullan\u0131c\u0131lar\u0131, ald\u0131klar\u0131 her \u00fcr\u00fcn\u00fcn kalitesinden emin olarak al\u0131\u015fveri\u015flerini tamaml\u0131yor. Seri \u00fcretim ile \u00e7al\u0131\u015fan, \u00fcst d\u00fczey teknoloji arac\u0131l\u0131\u011f\u0131yla, el de\u011fmeden \u00fcretim a\u015famalar\u0131 tamamlanan ayakkab\u0131lar, nadiren [&hellip;]<\/p>\n","protected":false},"author":1,"featured_media":1299,"comment_status":"open","ping_status":"open","sticky":false,"template":"","format":"standard","meta":[],"categories":[4],"tags":[],"yoast_head":"<!-- This site is optimized with the Yoast SEO plugin v18.5.1 - https:\/\/yoast.com\/wordpress\/plugins\/seo\/ -->\n<title>Skechers Ayakkab\u0131s\u0131 Hatal\u0131 \u00c7\u0131kar m\u0131? - Skechers Blog<\/title>\n<meta name=\"description\" content=\"Skechers ayakkab\u0131s\u0131 hatal\u0131 \u00e7\u0131kar m\u0131 sorusu Skechers Blog&#039;ta yan\u0131tlan\u0131yor. Skechers ayakkab\u0131da nadiren g\u00f6r\u00fclen hatalar\u0131 hemen \u00f6\u011frenebilirsin.\" \/>\n<meta name=\"robots\" content=\"index, follow, max-snippet:-1, max-image-preview:large, max-video-preview:-1\" \/>\n<link rel=\"canonical\" href=\"https:\/\/www.skechers.com.tr\/blog\/skechers-ayakkabisi-hatali-cikar-mi\/\" \/>\n<meta property=\"og:locale\" content=\"tr_TR\" \/>\n<meta property=\"og:type\" content=\"article\" \/>\n<meta property=\"og:title\" content=\"Skechers Ayakkab\u0131s\u0131 Hatal\u0131 \u00c7\u0131kar m\u0131? - Skechers Blog\" \/>\n<meta property=\"og:description\" content=\"Skechers ayakkab\u0131s\u0131 hatal\u0131 \u00e7\u0131kar m\u0131 sorusu Skechers Blog&#039;ta yan\u0131tlan\u0131yor. Skechers ayakkab\u0131da nadiren g\u00f6r\u00fclen hatalar\u0131 hemen \u00f6\u011frenebilirsin.\" \/>\n<meta property=\"og:url\" content=\"https:\/\/www.skechers.com.tr\/blog\/skechers-ayakkabisi-hatali-cikar-mi\/\" \/>\n<meta property=\"og:site_name\" content=\"Skechers Blog\" \/>\n<meta property=\"article:published_time\" content=\"2021-03-24T15:13:10+00:00\" \/>\n<meta property=\"article:modified_time\" content=\"2021-05-17T08:03:31+00:00\" \/>\n<meta property=\"og:image\" content=\"https:\/\/www.skechers.com.tr\/blog\/wp-content\/uploads\/2021\/03\/track-blog.jpg\" \/>\n\t<meta property=\"og:image:width\" content=\"828\" \/>\n\t<meta property=\"og:image:height\" content=\"415\" \/>\n\t<meta property=\"og:image:type\" content=\"image\/jpeg\" \/>\n<meta name=\"twitter:card\" content=\"summary_large_image\" \/>\n<meta name=\"twitter:label1\" content=\"Yazan:\" \/>\n\t<meta name=\"twitter:data1\" content=\"Skechers T\u00fcrkiye\" \/>\n\t<meta name=\"twitter:label2\" content=\"Tahmini okuma s\u00fcresi\" \/>\n\t<meta name=\"twitter:data2\" content=\"6 dakika\" \/>\n<script type=\"application\/ld+json\" class=\"yoast-schema-graph\">{\"@context\":\"https:\/\/schema.org\",\"@graph\":[{\"@type\":\"WebSite\",\"@id\":\"https:\/\/www.skechers.com.tr\/blog\/#website\",\"url\":\"https:\/\/www.skechers.com.tr\/blog\/\",\"name\":\"Skechers Blog\",\"description\":\"Skechers\",\"potentialAction\":[{\"@type\":\"SearchAction\",\"target\":{\"@type\":\"EntryPoint\",\"urlTemplate\":\"https:\/\/www.skechers.com.tr\/blog\/?s={search_term_string}\"},\"query-input\":\"required name=search_term_string\"}],\"inLanguage\":\"tr\"},{\"@type\":\"ImageObject\",\"@id\":\"https:\/\/www.skechers.com.tr\/blog\/skechers-ayakkabisi-hatali-cikar-mi\/#primaryimage\",\"inLanguage\":\"tr\",\"url\":\"https:\/\/www.skechers.com.tr\/blog\/wp-content\/uploads\/2021\/03\/track-blog.jpg\",\"contentUrl\":\"https:\/\/www.skechers.com.tr\/blog\/wp-content\/uploads\/2021\/03\/track-blog.jpg\",\"width\":828,\"height\":415,\"caption\":\"Skechers Ayakkab\u0131s\u0131 Hatal\u0131 \u00c7\u0131kar m\u0131?\"},{\"@type\":\"WebPage\",\"@id\":\"https:\/\/www.skechers.com.tr\/blog\/skechers-ayakkabisi-hatali-cikar-mi\/#webpage\",\"url\":\"https:\/\/www.skechers.com.tr\/blog\/skechers-ayakkabisi-hatali-cikar-mi\/\",\"name\":\"Skechers Ayakkab\u0131s\u0131 Hatal\u0131 \u00c7\u0131kar m\u0131? - Skechers Blog\",\"isPartOf\":{\"@id\":\"https:\/\/www.skechers.com.tr\/blog\/#website\"},\"primaryImageOfPage\":{\"@id\":\"https:\/\/www.skechers.com.tr\/blog\/skechers-ayakkabisi-hatali-cikar-mi\/#primaryimage\"},\"datePublished\":\"2021-03-24T15:13:10+00:00\",\"dateModified\":\"2021-05-17T08:03:31+00:00\",\"author\":{\"@id\":\"https:\/\/www.skechers.com.tr\/blog\/#\/schema\/person\/6d09a0595696524814757d23d22b4c33\"},\"description\":\"Skechers ayakkab\u0131s\u0131 hatal\u0131 \u00e7\u0131kar m\u0131 sorusu Skechers Blog'ta yan\u0131tlan\u0131yor. Skechers ayakkab\u0131da nadiren g\u00f6r\u00fclen hatalar\u0131 hemen \u00f6\u011frenebilirsin.\",\"breadcrumb\":{\"@id\":\"https:\/\/www.skechers.com.tr\/blog\/skechers-ayakkabisi-hatali-cikar-mi\/#breadcrumb\"},\"inLanguage\":\"tr\",\"potentialAction\":[{\"@type\":\"ReadAction\",\"target\":[\"https:\/\/www.skechers.com.tr\/blog\/skechers-ayakkabisi-hatali-cikar-mi\/\"]}]},{\"@type\":\"BreadcrumbList\",\"@id\":\"https:\/\/www.skechers.com.tr\/blog\/skechers-ayakkabisi-hatali-cikar-mi\/#breadcrumb\",\"itemListElement\":[{\"@type\":\"ListItem\",\"position\":1,\"name\":\"Skechers Ayakkab\u0131s\u0131 Hatal\u0131 \u00c7\u0131kar m\u0131?\"}]},{\"@type\":\"Person\",\"@id\":\"https:\/\/www.skechers.com.tr\/blog\/#\/schema\/person\/6d09a0595696524814757d23d22b4c33\",\"name\":\"Skechers T\u00fcrkiye\",\"image\":{\"@type\":\"ImageObject\",\"@id\":\"https:\/\/www.skechers.com.tr\/blog\/#personlogo\",\"inLanguage\":\"tr\",\"url\":\"https:\/\/secure.gravatar.com\/avatar\/0fc2191869a9a020b4606acf264338ae?s=96&d=mm&r=g\",\"contentUrl\":\"https:\/\/secure.gravatar.com\/avatar\/0fc2191869a9a020b4606acf264338ae?s=96&d=mm&r=g\",\"caption\":\"Skechers T\u00fcrkiye\"},\"description\":\"Skechers spor ayakkab\u0131 \u00fcr\u00fcnleri ile rahatl\u0131\u011f\u0131 ve kaliteyi hisset!\"}]}<\/script>\n<!-- \/ Yoast SEO plugin. -->","yoast_head_json":{"title":"Skechers Ayakkab\u0131s\u0131 Hatal\u0131 \u00c7\u0131kar m\u0131? - Skechers Blog","description":"Skechers ayakkab\u0131s\u0131 hatal\u0131 \u00e7\u0131kar m\u0131 sorusu Skechers Blog'ta yan\u0131tlan\u0131yor. Skechers ayakkab\u0131da nadiren g\u00f6r\u00fclen hatalar\u0131 hemen \u00f6\u011frenebilirsin.","robots":{"index":"index","follow":"follow","max-snippet":"max-snippet:-1","max-image-preview":"max-image-preview:large","max-video-preview":"max-video-preview:-1"},"canonical":"https:\/\/www.skechers.com.tr\/blog\/skechers-ayakkabisi-hatali-cikar-mi\/","og_locale":"tr_TR","og_type":"article","og_title":"Skechers Ayakkab\u0131s\u0131 Hatal\u0131 \u00c7\u0131kar m\u0131? - Skechers Blog","og_description":"Skechers ayakkab\u0131s\u0131 hatal\u0131 \u00e7\u0131kar m\u0131 sorusu Skechers Blog'ta yan\u0131tlan\u0131yor. Skechers ayakkab\u0131da nadiren g\u00f6r\u00fclen hatalar\u0131 hemen \u00f6\u011frenebilirsin.","og_url":"https:\/\/www.skechers.com.tr\/blog\/skechers-ayakkabisi-hatali-cikar-mi\/","og_site_name":"Skechers Blog","article_published_time":"2021-03-24T15:13:10+00:00","article_modified_time":"2021-05-17T08:03:31+00:00","og_image":[{"width":828,"height":415,"url":"https:\/\/www.skechers.com.tr\/blog\/wp-content\/uploads\/2021\/03\/track-blog.jpg","type":"image\/jpeg"}],"twitter_card":"summary_large_image","twitter_misc":{"Yazan:":"Skechers T\u00fcrkiye","Tahmini okuma s\u00fcresi":"6 dakika"},"schema":{"@context":"https:\/\/schema.org","@graph":[{"@type":"WebSite","@id":"https:\/\/www.skechers.com.tr\/blog\/#website","url":"https:\/\/www.skechers.com.tr\/blog\/","name":"Skechers Blog","description":"Skechers","potentialAction":[{"@type":"SearchAction","target":{"@type":"EntryPoint","urlTemplate":"https:\/\/www.skechers.com.tr\/blog\/?s={search_term_string}"},"query-input":"required name=search_term_string"}],"inLanguage":"tr"},{"@type":"ImageObject","@id":"https:\/\/www.skechers.com.tr\/blog\/skechers-ayakkabisi-hatali-cikar-mi\/#primaryimage","inLanguage":"tr","url":"https:\/\/www.skechers.com.tr\/blog\/wp-content\/uploads\/2021\/03\/track-blog.jpg","contentUrl":"https:\/\/www.skechers.com.tr\/blog\/wp-content\/uploads\/2021\/03\/track-blog.jpg","width":828,"height":415,"caption":"Skechers Ayakkab\u0131s\u0131 Hatal\u0131 \u00c7\u0131kar m\u0131?"},{"@type":"WebPage","@id":"https:\/\/www.skechers.com.tr\/blog\/skechers-ayakkabisi-hatali-cikar-mi\/#webpage","url":"https:\/\/www.skechers.com.tr\/blog\/skechers-ayakkabisi-hatali-cikar-mi\/","name":"Skechers Ayakkab\u0131s\u0131 Hatal\u0131 \u00c7\u0131kar m\u0131? - Skechers Blog","isPartOf":{"@id":"https:\/\/www.skechers.com.tr\/blog\/#website"},"primaryImageOfPage":{"@id":"https:\/\/www.skechers.com.tr\/blog\/skechers-ayakkabisi-hatali-cikar-mi\/#primaryimage"},"datePublished":"2021-03-24T15:13:10+00:00","dateModified":"2021-05-17T08:03:31+00:00","author":{"@id":"https:\/\/www.skechers.com.tr\/blog\/#\/schema\/person\/6d09a0595696524814757d23d22b4c33"},"description":"Skechers ayakkab\u0131s\u0131 hatal\u0131 \u00e7\u0131kar m\u0131 sorusu Skechers Blog'ta yan\u0131tlan\u0131yor. Skechers ayakkab\u0131da nadiren g\u00f6r\u00fclen hatalar\u0131 hemen \u00f6\u011frenebilirsin.","breadcrumb":{"@id":"https:\/\/www.skechers.com.tr\/blog\/skechers-ayakkabisi-hatali-cikar-mi\/#breadcrumb"},"inLanguage":"tr","potentialAction":[{"@type":"ReadAction","target":["https:\/\/www.skechers.com.tr\/blog\/skechers-ayakkabisi-hatali-cikar-mi\/"]}]},{"@type":"BreadcrumbList","@id":"https:\/\/www.skechers.com.tr\/blog\/skechers-ayakkabisi-hatali-cikar-mi\/#breadcrumb","itemListElement":[{"@type":"ListItem","position":1,"name":"Skechers Ayakkab\u0131s\u0131 Hatal\u0131 \u00c7\u0131kar m\u0131?"}]},{"@type":"Person","@id":"https:\/\/www.skechers.com.tr\/blog\/#\/schema\/person\/6d09a0595696524814757d23d22b4c33","name":"Skechers T\u00fcrkiye","image":{"@type":"ImageObject","@id":"https:\/\/www.skechers.com.tr\/blog\/#personlogo","inLanguage":"tr","url":"https:\/\/secure.gravatar.com\/avatar\/0fc2191869a9a020b4606acf264338ae?s=96&d=mm&r=g","contentUrl":"https:\/\/secure.gravatar.com\/avatar\/0fc2191869a9a020b4606acf264338ae?s=96&d=mm&r=g","caption":"Skechers T\u00fcrkiye"},"description":"Skechers spor ayakkab\u0131 \u00fcr\u00fcnleri ile rahatl\u0131\u011f\u0131 ve kaliteyi hisset!"}]}},"_links":{"self":[{"href":"https:\/\/www.skechers.com.tr\/blog\/wp-json\/wp\/v2\/posts\/1298"}],"collection":[{"href":"https:\/\/www.skechers.com.tr\/blog\/wp-json\/wp\/v2\/posts"}],"about":[{"href":"https:\/\/www.skechers.com.tr\/blog\/wp-json\/wp\/v2\/types\/post"}],"author":[{"embeddable":true,"href":"https:\/\/www.skechers.com.tr\/blog\/wp-json\/wp\/v2\/users\/1"}],"replies":[{"embeddable":true,"href":"https:\/\/www.skechers.com.tr\/blog\/wp-json\/wp\/v2\/comments?post=1298"}],"version-history":[{"count":3,"href":"https:\/\/www.skechers.com.tr\/blog\/wp-json\/wp\/v2\/posts\/1298\/revisions"}],"predecessor-version":[{"id":1638,"href":"https:\/\/www.skechers.com.tr\/blog\/wp-json\/wp\/v2\/posts\/1298\/revisions\/1638"}],"wp:featuredmedia":[{"embeddable":true,"href":"https:\/\/www.skechers.com.tr\/blog\/wp-json\/wp\/v2\/media\/1299"}],"wp:attachment":[{"href":"https:\/\/www.skechers.com.tr\/blog\/wp-json\/wp\/v2\/media?parent=1298"}],"wp:term":[{"taxonomy":"category","embeddable":true,"href":"https:\/\/www.skechers.com.tr\/blog\/wp-json\/wp\/v2\/categories?post=1298"},{"taxonomy":"post_tag","embeddable":true,"href":"https:\/\/www.skechers.com.tr\/blog\/wp-json\/wp\/v2\/tags?post=1298"}],"curies":[{"name":"wp","href":"https:\/\/api.w.org\/{rel}","templated":true}]}}