{"id":1287,"date":"2021-03-12T14:07:37","date_gmt":"2021-03-12T14:07:37","guid":{"rendered":"https:\/\/www.skechers.com.tr\/blog\/?p=1287"},"modified":"2021-07-05T16:48:02","modified_gmt":"2021-07-05T16:48:02","slug":"kapsul-gardirobun-olmazsa-olmazi-beyaz-spor-ayakkabilar","status":"publish","type":"post","link":"https:\/\/www.skechers.com.tr\/blog\/kapsul-gardirobun-olmazsa-olmazi-beyaz-spor-ayakkabilar\/","title":{"rendered":"Kaps\u00fcl Gard\u0131robun Olmazsa Olmaz\u0131 Beyaz Spor Ayakkab\u0131lar"},"content":{"rendered":"<p><span style=\"font-weight: 400;\">Her sezon trendler de\u011fi\u015fse de baz\u0131 klasikler de\u011ferini asla yitirmiyor. <\/span><a href=\"https:\/\/www.skechers.com.tr\/blog\/kapsul-gardirop-listesi\/\"><span style=\"font-weight: 400;\">Kaps\u00fcl gard\u0131rop listesi <\/span><\/a><span style=\"font-weight: 400;\">i\u00e7inde bile kendine d\u00f6rt mevsim yer bulan<\/span> <a href=\"https:\/\/www.skechers.com.tr\/spor-ayakkabi-c-6004?renk=beyaz&amp;utm_source=blog&amp;utm_medium=content&amp;utm_campaign=kapsul-gardirobun-olmazsa-olmazi-beyaz-spor-ayakkabilar&amp;utm_term=6004\"><span style=\"font-weight: 400;\">beyaz spor ayakkab\u0131 <\/span><\/a><span style=\"font-weight: 400;\">modelleri, y\u0131llara meydan okuyor. \u0130konik sneaker ve g\u00fcnl\u00fck ayakkab\u0131 se\u00e7enekleri i\u00e7inde uyumuyla \u00f6ne \u00e7\u0131kan modeller, \u00f6zellikle sportif kombinlerin g\u00f6zdesi oluyor. Hem kad\u0131n hem de erkek giyimde, beyaz sportif ayakkab\u0131 kombinleri i\u00e7in bir\u00e7ok \u00f6neri bulunuyor. E\u011fer sen de beyaz ayakkab\u0131lar nas\u0131l kombinlenir diye merak ediyor, biraz ilhama ihtiya\u00e7 duyuyorsan tavsiyelerimize g\u00f6z gezdirebilirsin. Spora giderken, g\u00fcnl\u00fck ya\u015famda konforla hayata e\u015flik ederken, e\u011flenirken, \u00e7al\u0131\u015f\u0131rken veya dinlenirken beyaz ayakkab\u0131lar\u0131nda \u015f\u0131kl\u0131k sergileyebilirsin. Nas\u0131l m\u0131?<\/span><\/p>\n<h2><span style=\"font-weight: 400;\">Beyaz Spor Ayakkab\u0131 Nas\u0131l Giyilir?<\/span><\/h2>\n<p><span style=\"font-weight: 400;\">Beyaz spor ayakkab\u0131 nas\u0131l giyilir sorusunun tek bir yan\u0131t\u0131 yok. Onlar bir\u00e7ok farkl\u0131 kombine e\u015flik edebiliyor. \u00d6rne\u011fin bu sezon, tek renk beyaz kombinler trend ve beyaz ayakkab\u0131lar da bu tak\u0131mlar\u0131 tamamlayan en \u015f\u0131k se\u00e7enekleri olu\u015fturuyor. Ancak \u00e7ok renkli kombinlerde de beyaz ayakkab\u0131lara rastlayabiliyoruz. Cool g\u00f6r\u00fcn\u00fcm\u00fcn s\u0131rr\u0131 olan beyaz ayakkab\u0131lar\u0131n giyilmesi i\u00e7in bir\u00e7ok p\u00fcf noktas\u0131na dikkat \u00e7ekmek gerekiyor.\u00a0<\/span><\/p>\n<p><span style=\"font-weight: 400;\">\u00d6ncelikle \u015f\u0131k bir beyaz spor ayakkab\u0131 kombininde, ayakkab\u0131lar\u0131n temiz olmas\u0131 hayati ihtiya\u00e7lar aras\u0131nda s\u0131ralan\u0131yor. Bembeyaz sneakerlar\u0131n \u00e7amurlu, tozlu, kirli, lekeli halleri, k\u0131yafetler ne kadar uyumlu olursa olsun esteti\u011fe g\u00f6lge d\u00fc\u015f\u00fcr\u00fcyor. <\/span><a href=\"https:\/\/www.skechers.com.tr\/blog\/beyaz-spor-ayakkabi-nasil-temizlenir\/\"><span style=\"font-weight: 400;\">Beyaz spor ayakkab\u0131 nas\u0131l temizlenir <\/span><\/a><span style=\"font-weight: 400;\">\u00f6\u011frenerek \u015f\u0131kl\u0131k i\u00e7in gerekli olan ilk b\u00fcy\u00fck ad\u0131m\u0131 atabilirsin. K\u0131yafet uyumlar\u0131, kombin \u00f6nerileri temizli\u011fin ard\u0131ndan geliyor.\u00a0<\/span><\/p>\n<p><span style=\"font-weight: 400;\">Ayr\u0131ca ayakkab\u0131lar\u0131n \u00fczerindeki her detay\u0131n dikkat \u00e7ekece\u011finden ku\u015fku duymamal\u0131s\u0131n. Beyaz ayakkab\u0131n\u0131n \u00fcst\u00fcndeki her \u00e7izgi, desen veya i\u015faret di\u011fer ayakkab\u0131lardaki gibi g\u00f6r\u00fcnmez de\u011fil. Ayakkab\u0131lardaki her ayr\u0131nt\u0131y\u0131 kombindeki di\u011fer par\u00e7alarla ba\u011flayarak tak\u0131mlamal\u0131s\u0131n veya bu detaylar\u0131 yumu\u015fak renk ge\u00e7i\u015fi i\u00e7in kullanabilirsin. (Nas\u0131l kullanabilece\u011fini a\u015fa\u011f\u0131da bulabilirsin.)<\/span><\/p>\n<p><span style=\"font-weight: 400;\">Son olarak, beyaz spor ayakkab\u0131 giyerken bileklerine ekstra \u00f6zen g\u00f6stermelisin. Rengarenk, desen desen \u00e7oraplar giyebilir veya birka\u00e7 cm\u2019lik aral\u0131ktan g\u00f6z\u00fcken teninle kombini m\u00fckemmelle\u015ftirebilirsin. Di\u011fer kombinlerde \u00e7oraplara pek \u00f6nem vermesen bile, beyaz renk ayakkab\u0131larla giyece\u011fin \u00e7oraplar\u0131 ihmal etmemen gerekti\u011fini bilmelisin.\u00a0<\/span><\/p>\n<figure id=\"attachment_1288\" aria-describedby=\"caption-attachment-1288\" style=\"width: 828px\" class=\"wp-caption aligncenter\"><img decoding=\"async\" loading=\"lazy\" class=\"size-full wp-image-1288\" src=\"https:\/\/www.skechers.com.tr\/blog\/wp-content\/uploads\/2021\/03\/3.jpg\" alt=\"Kaps\u00fcl Gard\u0131robun Olmazsa Olmaz\u0131 Beyaz Spor Ayakkab\u0131lar\" width=\"828\" height=\"480\" srcset=\"https:\/\/www.skechers.com.tr\/blog\/wp-content\/uploads\/2021\/03\/3.jpg 828w, https:\/\/www.skechers.com.tr\/blog\/wp-content\/uploads\/2021\/03\/3-300x174.jpg 300w, https:\/\/www.skechers.com.tr\/blog\/wp-content\/uploads\/2021\/03\/3-768x445.jpg 768w\" sizes=\"(max-width: 828px) 100vw, 828px\" \/><figcaption id=\"caption-attachment-1288\" class=\"wp-caption-text\">Kaps\u00fcl Gard\u0131robun Olmazsa Olmaz\u0131 Beyaz Spor Ayakkab\u0131lar<\/figcaption><\/figure>\n<h3><span style=\"font-weight: 400;\">Beyaz Spor Ayakkab\u0131 Kombinleri<\/span><\/h3>\n<ul>\n<li style=\"font-weight: 400;\" aria-level=\"1\"><span style=\"font-weight: 400;\">Ton s\u00fcr ton kombinler: Bembeyaz \u015f\u0131kl\u0131k ba\u015ftan a\u015fa\u011f\u0131 imajna yans\u0131yor. Hem kad\u0131n hem de erkek giyimde trend olan tek renk kombinini rahatl\u0131kla beyazdan yapabilirsin. Burada tek dikkat etmen gereken nokta, beyazlar\u0131n alt tonu oluyor. Sar\u0131 alt tonlu bir beyazla mavi alt tonlu beyaz rengi bir arada kullanmamaya \u00f6zen g\u00f6stermelisin. Cool ve estetik g\u00f6r\u00fcn\u00fcm sunan bembeyaz kombinlerde \u015fi\u015fme montlar, para\u015f\u00fct kuma\u015fl\u0131 pantolonlar, \u00f6rme kazaklar veya sweatshirtler \u00e7ok kullan\u0131l\u0131yor. Kombini beyaz spor ayakkab\u0131 ile tamamlarken aksesuarlarda da g\u00fcm\u00fc\u015f yans\u0131malar\u0131 tercih edebilirsin.\u00a0<\/span><\/li>\n<li style=\"font-weight: 400;\" aria-level=\"1\"><span style=\"font-weight: 400;\">Neon renkleri tamamla: Canl\u0131 renklerle kombinlenen beyaz ayakkab\u0131lar, kombinde tamamlac\u0131 oluyor. Fu\u015fya bir kazak, k\u0131rm\u0131z\u0131 bir pantolon veya turuncu bir sweatshirt ile saks mavisi bir e\u015fofman giydi\u011finde alt\u0131na kolayl\u0131kla beyaz ayakkab\u0131 se\u00e7ebilirsin. G\u00f6ze \u00e7arpan renklerdeki z\u0131tl\u0131\u011f\u0131n uyumunu dengeleyecek ayakkab\u0131larla, renkler aras\u0131nda m\u00fckemmel ge\u00e7i\u015f yaratman m\u00fcmk\u00fcn.\u00a0<\/span><\/li>\n<li style=\"font-weight: 400;\" aria-level=\"1\"><span style=\"font-weight: 400;\">Jeanlerin vazge\u00e7ilmezi: A\u00e7\u0131k renk jeanlerin beyaz spor ayakkab\u0131larla olan a\u015fk\u0131n\u0131 bilmeyen kalmam\u0131\u015ft\u0131r herhalde. Sen de dolab\u0131ndaki a\u00e7\u0131k mavi denim pantolonu bir g\u00f6mlek, <\/span><a href=\"https:\/\/www.skechers.com.tr\/spor-tisort-c-6102?utm_source=blog&amp;utm_medium=content&amp;utm_campaign=kapsul-gardirobun-olmazsa-olmazi-beyaz-spor-ayakkabilar&amp;utm_term=6102\"><span style=\"font-weight: 400;\">spor ti\u015f\u00f6rt <\/span><\/a><span style=\"font-weight: 400;\">veya kap\u00fc\u015fonlu sweatshirt ile kombinlerken alt\u0131na d\u00fc\u015f\u00fcnmeden beyaz sporlar\u0131 giyebilirsin. Yaln\u0131z e\u011fer jeanin rengi koyuysa ayna kar\u015f\u0131s\u0131nda denemen gerekiyor. Koyu renklerle beyaz uyumu her modelde yakalanamayabiliyor. Denerken jeanin pa\u00e7alar\u0131n\u0131 bir kat k\u0131v\u0131rarak tersindeki a\u00e7\u0131k rengi ge\u00e7i\u015fi yumu\u015fatmak i\u00e7in kullanabilir, bileklerinden tenini g\u00f6stererek koyu rengi biraz rahatlatabilirsin.\u00a0<\/span><\/li>\n<li style=\"font-weight: 400;\" aria-level=\"1\"><span style=\"font-weight: 400;\">Retro bir imaj i\u00e7in: Beyaz sneaker ve sportif ayakkab\u0131 modelleri i\u00e7inde y\u00fcksek tabanl\u0131, blok desenli retro modeller s\u0131k s\u0131k g\u00f6r\u00fcl\u00fcyor. 70\u2019lere, 80\u2019lere ve 90\u2019lara g\u00f6z k\u0131rpan retro ayakkab\u0131lar\u0131 retro k\u0131yafetlerle bir arada giyerek ge\u00e7mi\u015ften izler ta\u015f\u0131yan bir g\u00f6r\u00fcn\u00fcme sahip olabilir. 80\u2019ler s\u00f6z konusu oldu\u011funda parlak kuma\u015flar\u0131, k\u0131v\u0131rc\u0131k ve kabar\u0131k sa\u00e7lar\u0131 kullanmay\u0131 ihmal etmemeli, 70\u2019leri ekose desenler ve t\u00fcvit kuma\u015flarla canland\u0131rabilirsin. 90\u2019lara \u0131\u015f\u0131nlanmak i\u00e7in k\u0131sa veya bilekten ge\u00e7meli olan <\/span><a href=\"https:\/\/www.skechers.com.tr\/kadin-tayt-c-1109?utm_source=blog&amp;utm_medium=content&amp;utm_campaign=kapsul-gardirobun-olmazsa-olmazi-beyaz-spor-ayakkabilar&amp;utm_term=1109\"><span style=\"font-weight: 400;\">spor tayt <\/span><\/a><span style=\"font-weight: 400;\">modellerini ve g\u00f6be\u011fi a\u00e7\u0131k bodyleri kullanabilirsin.\u00a0<\/span><\/li>\n<\/ul>\n<figure id=\"attachment_1290\" aria-describedby=\"caption-attachment-1290\" style=\"width: 828px\" class=\"wp-caption aligncenter\"><img decoding=\"async\" loading=\"lazy\" class=\"size-full wp-image-1290\" src=\"https:\/\/www.skechers.com.tr\/blog\/wp-content\/uploads\/2021\/03\/2.jpg\" alt=\"Beyaz Spor Ayakkab\u0131 Kombinleri\" width=\"828\" height=\"480\" srcset=\"https:\/\/www.skechers.com.tr\/blog\/wp-content\/uploads\/2021\/03\/2.jpg 828w, https:\/\/www.skechers.com.tr\/blog\/wp-content\/uploads\/2021\/03\/2-300x174.jpg 300w, https:\/\/www.skechers.com.tr\/blog\/wp-content\/uploads\/2021\/03\/2-768x445.jpg 768w\" sizes=\"(max-width: 828px) 100vw, 828px\" \/><figcaption id=\"caption-attachment-1290\" class=\"wp-caption-text\">Beyaz Spor Ayakkab\u0131 Kombinleri<\/figcaption><\/figure>\n<h3><span style=\"font-weight: 400;\">Siyah Beyaz Kombinler<\/span><\/h3>\n<p><span style=\"font-weight: 400;\">Siyah ve beyaz\u0131n bir arada kullan\u0131m\u0131 risksiz \u015f\u0131kl\u0131k vadeder zannediliyor, oysa moda uzmanlar\u0131, stilistler iki kontrast rengin ekstra \u00f6zen gerektirdi\u011finin alt\u0131n\u0131 \u00e7iziyor. \u0130kisi de \u00e7arp\u0131c\u0131 ve iddial\u0131 renkler olan siyah ve beyaz, yanl\u0131\u015f kullan\u0131ld\u0131\u011f\u0131nda, r\u00fck\u00fc\u015fl\u00fc\u011f\u00fc beraberinde getiriyor. Peki, siyah beyaz\u0131 bir arada kullan\u0131rken nelere dikkat etmelisin? \u0130ki renk aras\u0131nda sert ge\u00e7i\u015f yapmak kombini bo\u011fuyor. Simsiyah bir k\u0131yafetin alt\u0131na beyaz spor ayakkab\u0131lar\u0131 giyerken arada ge\u00e7i\u015f i\u00e7in bir renk veya ten dekoltesi kullanmak \u015fart ko\u015fuluyor. \u00d6rne\u011fin sportif pantolonu bilek boyunda se\u00e7erek birka\u00e7 parmak ten g\u00f6stermeyi tercih edebilirsin. Benzer bir \u015fekilde, koyu renk kombinin i\u00e7inde gri, k\u0131rm\u0131z\u0131 veya bordo renk bir detay kullanarak, beyaz ayakkab\u0131ya ge\u00e7erken kombinde b\u00fct\u00fcnl\u00fck sa\u011flayabilirsin. Bu aksesuar bir bere olabiliyor veya ayakkab\u0131n\u0131n \u00fczerindeki k\u00fc\u00e7\u00fck bir \u00e7izgi, bir i\u015fleme, desen bile i\u015fe yar\u0131yor. Kaban\u0131n\u0131n d\u00fc\u011fmelerini veya ayakkab\u0131lar\u0131n\u0131n ba\u011fc\u0131klar\u0131n\u0131 de\u011fi\u015ftirerek ge\u00e7i\u015fin sertli\u011fini k\u0131rabilir, beyaz ve siyah\u0131n bir arada kullan\u0131ld\u0131\u011f\u0131 <\/span><a href=\"https:\/\/www.skechers.com.tr\/blog\/sneakers-kombinleri\/\"><span style=\"font-weight: 400;\">sneakers kombinleri <\/span><\/a><span style=\"font-weight: 400;\">i\u00e7inde b\u00fcy\u00fck fark yaratabilirsin.\u00a0<\/span><\/p>\n<h3><span style=\"font-weight: 400;\">Kaps\u00fcl Gard\u0131robun Olmazsa Olmaz\u0131 Beyaz Spor Ayakkab\u0131lar<\/span><\/h3>\n<p><span style=\"font-weight: 400;\">Beyaz spor ayakkab\u0131lar kaps\u00fcl gard\u0131roplar\u0131n olmazsa olmaz listelerinde kendine yer buluyor. Bir mevsim i\u00e7in yaln\u0131zca 33 par\u00e7an\u0131n ayr\u0131ld\u0131\u011f\u0131, az e\u015fyayla ya\u015fama trendinin bir par\u00e7as\u0131 olan kaps\u00fcl dolaplarda bile bulunan modeller, kolay kombinlenebilmeleri ve kullan\u0131\u015fl\u0131 olmalar\u0131yla dikkat \u00e7ekiyor. Hemen hemen her kombine e\u015flik edebilen, k\u00fc\u00e7\u00fck dokunu\u015flarla uyum vadeden ayakkab\u0131lar, minimalist bir k\u0131yafet dolab\u0131na sahip olanlar\u0131n bile temel ihtiya\u00e7lar\u0131 aras\u0131nda g\u00f6r\u00fcl\u00fcyor. Herkesin dolab\u0131nda muhakkak olmal\u0131 denilen ayakkab\u0131lardan beyaz se\u00e7enekler \u00e7e\u015fit \u00e7e\u015fit alternatifle Skechers\u2019ta seni bekliyor.\u00a0<\/span><\/p>\n<figure id=\"attachment_1291\" aria-describedby=\"caption-attachment-1291\" style=\"width: 828px\" class=\"wp-caption aligncenter\"><img decoding=\"async\" loading=\"lazy\" class=\"size-full wp-image-1291\" src=\"https:\/\/www.skechers.com.tr\/blog\/wp-content\/uploads\/2021\/03\/4.jpg\" alt=\"Skechers Beyaz Spor Ayakkab\u0131 Modelleri\" width=\"828\" height=\"480\" srcset=\"https:\/\/www.skechers.com.tr\/blog\/wp-content\/uploads\/2021\/03\/4.jpg 828w, https:\/\/www.skechers.com.tr\/blog\/wp-content\/uploads\/2021\/03\/4-300x174.jpg 300w, https:\/\/www.skechers.com.tr\/blog\/wp-content\/uploads\/2021\/03\/4-768x445.jpg 768w\" sizes=\"(max-width: 828px) 100vw, 828px\" \/><figcaption id=\"caption-attachment-1291\" class=\"wp-caption-text\">Skechers Beyaz Spor Ayakkab\u0131 Modelleri<\/figcaption><\/figure>\n<h3><span style=\"font-weight: 400;\">Skechers Beyaz Spor Ayakkab\u0131 Modelleri<\/span><\/h3>\n<p><span style=\"font-weight: 400;\">Skechers\u00a0 beyaz spor ayakkab\u0131 modelleri kullan\u0131c\u0131lar\u0131n\u0131 sezon trendlerini \u00fczerinde ta\u015f\u0131maya davet ediyor. Hem klasik hem de yenilik\u00e7i opsiyonlar sunan Skechers\u2019ta, retro g\u00f6r\u00fcn\u00fcm sergileyen \u00e7e\u015fitlere de rastlayabilirsin.\u00a0<\/span><\/p>\n<ul>\n<li style=\"font-weight: 400;\" aria-level=\"1\"><span style=\"font-weight: 400;\">Retro beyaz ayakkab\u0131lar, blok renk ge\u00e7i\u015fleri, farkl\u0131 materyallerin bir arada kullan\u0131ld\u0131\u011f\u0131 tasar\u0131mlar, bir arada farkl\u0131 desenler ve y\u00fcksek tabanlar bulunduruyor. \u00d6zellikle D\u2019lites serisinin beyaz modellerine bakarak arad\u0131\u011f\u0131n retro beyaz spor ayakkab\u0131ya sahip olabilirsin.\u00a0<\/span><\/li>\n<li style=\"font-weight: 400;\" aria-level=\"1\"><span style=\"font-weight: 400;\">Sade zevkleri olan ve detaylarda saklanan \u015f\u0131kl\u0131\u011f\u0131 stilinde vurgulamay\u0131 sevenlerin tercihi ise g\u00fcnl\u00fck modeller oluyor. Bembeyaz renkteki Skecher ayakkab\u0131lar\u0131n \u00fczerindeki S logosu bile beyaz renkte yer al\u0131yor. D\u0131\u015f tabanda g\u00f6ze \u00e7arpan metalik yans\u0131malar veya sayada kullan\u0131lan file kuma\u015flar, ayakkab\u0131lara fark kat\u0131yor.\u00a0<\/span><\/li>\n<li style=\"font-weight: 400;\" aria-level=\"1\"><span style=\"font-weight: 400;\">Skechers\u2019\u0131n air tabanl\u0131 rahat ayakkab\u0131 alternatiflerinde beyaz rengi g\u00f6rebilirsin. Gold, bej gibi uyumlu tonlarla bir arada kullan\u0131lan ayakkab\u0131lar, sportif tarza sahip olanlar\u0131n g\u00f6zdesi haline geliyor.\u00a0<\/span><\/li>\n<li style=\"font-weight: 400;\" aria-level=\"1\"><span style=\"font-weight: 400;\">Skechers\u2019\u0131n renkli taban modas\u0131nda \u00e7\u0131\u011f\u0131r a\u00e7an tasar\u0131mlar\u0131 da beyaz sayalarla tamamlanabiliyor. Rengarenk bir taban\u0131n \u00fcst\u00fcnde yer alan bembeyaz kuma\u015f b\u00f6l\u00fcm, beyaz ayakkab\u0131 giyerken renkli stilinden \u00f6d\u00fcn vermek istemeyenleri memnun ediyor.\u00a0<\/span><\/li>\n<\/ul>\n<p><span style=\"font-weight: 400;\">Skechers y\u00fcr\u00fcy\u00fc\u015f ayakkab\u0131lar\u0131, ko\u015fu ayakkab\u0131lar\u0131, g\u00fcnl\u00fck modelleri ve hatta terlik se\u00e7enekleri bile beyaz renk sevenlerin alabilece\u011fi alternatifler sunuyor. Hemen her seride, farkl\u0131 ihtiya\u00e7lar i\u00e7in tasarlanan modellerde, beyaz ayakkab\u0131 modas\u0131na uyabilece\u011fin bir se\u00e7enek bulabilirsin. Tarz\u0131na, kullan\u0131m al\u0131\u015fkanl\u0131\u011f\u0131na, ihtiyac\u0131na en uygun beyaz ayakkab\u0131 Skechers\u2019ta seni bekliyor. Skechers, her renk ve modeldeki konforlu ayakkab\u0131lar\u0131n\u0131n yan\u0131nda <a href=\"https:\/\/www.skechers.com.tr\/spor-giyim-6100?utm_source=blog&amp;utm_medium=content&amp;utm_campaign=kapsul-gardirobun-olmazsa-olmazlari&amp;utm_term=6100\">spor k\u0131yafetleri<\/a> \u00fcr\u00fcnleriyle de seninle. Kad\u0131n ve <\/span><a href=\"https:\/\/www.skechers.com.tr\/erkek-spor-tisort-c-2102?utm_source=blog&amp;utm_medium=content&amp;utm_campaign=kapsul-gardirobun-olmazsa-olmazi-beyaz-spor-ayakkabilar&amp;utm_term=2102\"><span style=\"font-weight: 400;\">erkek spor ti\u015f\u00f6rt <\/span><\/a><span style=\"font-weight: 400;\">se\u00e7enekleri, e\u015fofmanlar, \u015fortlar ve montlar hem yaz hem de<\/span><a href=\"https:\/\/www.skechers.com.tr\/blog\/kis-kombinleri\/\"><span style=\"font-weight: 400;\"> k\u0131\u015f kombinleri <\/span><\/a><span style=\"font-weight: 400;\">i\u00e7in giyim modelleri, koleksiyonlarda kendine yer buluyor. \u0130ster kaps\u00fcl gard\u0131robun ister geni\u015f giyim koleksiyonun i\u00e7in sana en uygun alternatifi Skechers\u2019ta bulabilir hemen sipari\u015f verebilirsin. <\/span><\/p>\n","protected":false},"excerpt":{"rendered":"<p>Her sezon trendler de\u011fi\u015fse de baz\u0131 klasikler de\u011ferini asla yitirmiyor. Kaps\u00fcl gard\u0131rop listesi i\u00e7inde bile kendine d\u00f6rt mevsim yer bulan beyaz spor ayakkab\u0131 modelleri, y\u0131llara meydan okuyor. \u0130konik sneaker ve g\u00fcnl\u00fck ayakkab\u0131 se\u00e7enekleri i\u00e7inde uyumuyla \u00f6ne \u00e7\u0131kan modeller, \u00f6zellikle sportif kombinlerin g\u00f6zdesi oluyor. Hem kad\u0131n hem de erkek giyimde, beyaz sportif ayakkab\u0131 kombinleri i\u00e7in bir\u00e7ok [&hellip;]<\/p>\n","protected":false},"author":1,"featured_media":1289,"comment_status":"open","ping_status":"open","sticky":false,"template":"","format":"standard","meta":[],"categories":[1,26],"tags":[],"yoast_head":"<!-- This site is optimized with the Yoast SEO plugin v18.5.1 - https:\/\/yoast.com\/wordpress\/plugins\/seo\/ -->\n<title>Kaps\u00fcl Gard\u0131robun Olmazsa Olmaz\u0131 Beyaz Spor Ayakkab\u0131lar<\/title>\n<meta name=\"description\" content=\"Kaps\u00fcl gard\u0131robun olmazsa olmaz\u0131 beyaz spor ayakkab\u0131 modelleri, kombinlere kolayl\u0131kla uyum sa\u011fl\u0131yor. Skechers beyaz spor ayakkab\u0131lar seninle.\" \/>\n<meta name=\"robots\" content=\"index, follow, max-snippet:-1, max-image-preview:large, max-video-preview:-1\" \/>\n<link rel=\"canonical\" href=\"https:\/\/www.skechers.com.tr\/blog\/kapsul-gardirobun-olmazsa-olmazi-beyaz-spor-ayakkabilar\/\" \/>\n<meta property=\"og:locale\" content=\"tr_TR\" \/>\n<meta property=\"og:type\" content=\"article\" \/>\n<meta property=\"og:title\" content=\"Kaps\u00fcl Gard\u0131robun Olmazsa Olmaz\u0131 Beyaz Spor Ayakkab\u0131lar\" \/>\n<meta property=\"og:description\" content=\"Kaps\u00fcl gard\u0131robun olmazsa olmaz\u0131 beyaz spor ayakkab\u0131 modelleri, kombinlere kolayl\u0131kla uyum sa\u011fl\u0131yor. Skechers beyaz spor ayakkab\u0131lar seninle.\" \/>\n<meta property=\"og:url\" content=\"https:\/\/www.skechers.com.tr\/blog\/kapsul-gardirobun-olmazsa-olmazi-beyaz-spor-ayakkabilar\/\" \/>\n<meta property=\"og:site_name\" content=\"Skechers Blog\" \/>\n<meta property=\"article:published_time\" content=\"2021-03-12T14:07:37+00:00\" \/>\n<meta property=\"article:modified_time\" content=\"2021-07-05T16:48:02+00:00\" \/>\n<meta property=\"og:image\" content=\"https:\/\/www.skechers.com.tr\/blog\/wp-content\/uploads\/2021\/03\/1.jpg\" \/>\n\t<meta property=\"og:image:width\" content=\"828\" \/>\n\t<meta property=\"og:image:height\" content=\"480\" \/>\n\t<meta property=\"og:image:type\" content=\"image\/jpeg\" \/>\n<meta name=\"twitter:card\" content=\"summary_large_image\" \/>\n<meta name=\"twitter:label1\" content=\"Yazan:\" \/>\n\t<meta name=\"twitter:data1\" content=\"Skechers T\u00fcrkiye\" \/>\n\t<meta name=\"twitter:label2\" content=\"Tahmini okuma s\u00fcresi\" \/>\n\t<meta name=\"twitter:data2\" content=\"6 dakika\" \/>\n<script type=\"application\/ld+json\" class=\"yoast-schema-graph\">{\"@context\":\"https:\/\/schema.org\",\"@graph\":[{\"@type\":\"WebSite\",\"@id\":\"https:\/\/www.skechers.com.tr\/blog\/#website\",\"url\":\"https:\/\/www.skechers.com.tr\/blog\/\",\"name\":\"Skechers Blog\",\"description\":\"Skechers\",\"potentialAction\":[{\"@type\":\"SearchAction\",\"target\":{\"@type\":\"EntryPoint\",\"urlTemplate\":\"https:\/\/www.skechers.com.tr\/blog\/?s={search_term_string}\"},\"query-input\":\"required name=search_term_string\"}],\"inLanguage\":\"tr\"},{\"@type\":\"ImageObject\",\"@id\":\"https:\/\/www.skechers.com.tr\/blog\/kapsul-gardirobun-olmazsa-olmazi-beyaz-spor-ayakkabilar\/#primaryimage\",\"inLanguage\":\"tr\",\"url\":\"https:\/\/www.skechers.com.tr\/blog\/wp-content\/uploads\/2021\/03\/1.jpg\",\"contentUrl\":\"https:\/\/www.skechers.com.tr\/blog\/wp-content\/uploads\/2021\/03\/1.jpg\",\"width\":828,\"height\":480,\"caption\":\"Beyaz Spor Ayakkab\u0131 Nas\u0131l Giyilir?\"},{\"@type\":\"WebPage\",\"@id\":\"https:\/\/www.skechers.com.tr\/blog\/kapsul-gardirobun-olmazsa-olmazi-beyaz-spor-ayakkabilar\/#webpage\",\"url\":\"https:\/\/www.skechers.com.tr\/blog\/kapsul-gardirobun-olmazsa-olmazi-beyaz-spor-ayakkabilar\/\",\"name\":\"Kaps\u00fcl Gard\u0131robun Olmazsa Olmaz\u0131 Beyaz Spor Ayakkab\u0131lar\",\"isPartOf\":{\"@id\":\"https:\/\/www.skechers.com.tr\/blog\/#website\"},\"primaryImageOfPage\":{\"@id\":\"https:\/\/www.skechers.com.tr\/blog\/kapsul-gardirobun-olmazsa-olmazi-beyaz-spor-ayakkabilar\/#primaryimage\"},\"datePublished\":\"2021-03-12T14:07:37+00:00\",\"dateModified\":\"2021-07-05T16:48:02+00:00\",\"author\":{\"@id\":\"https:\/\/www.skechers.com.tr\/blog\/#\/schema\/person\/6d09a0595696524814757d23d22b4c33\"},\"description\":\"Kaps\u00fcl gard\u0131robun olmazsa olmaz\u0131 beyaz spor ayakkab\u0131 modelleri, kombinlere kolayl\u0131kla uyum sa\u011fl\u0131yor. Skechers beyaz spor ayakkab\u0131lar seninle.\",\"breadcrumb\":{\"@id\":\"https:\/\/www.skechers.com.tr\/blog\/kapsul-gardirobun-olmazsa-olmazi-beyaz-spor-ayakkabilar\/#breadcrumb\"},\"inLanguage\":\"tr\",\"potentialAction\":[{\"@type\":\"ReadAction\",\"target\":[\"https:\/\/www.skechers.com.tr\/blog\/kapsul-gardirobun-olmazsa-olmazi-beyaz-spor-ayakkabilar\/\"]}]},{\"@type\":\"BreadcrumbList\",\"@id\":\"https:\/\/www.skechers.com.tr\/blog\/kapsul-gardirobun-olmazsa-olmazi-beyaz-spor-ayakkabilar\/#breadcrumb\",\"itemListElement\":[{\"@type\":\"ListItem\",\"position\":1,\"name\":\"Kaps\u00fcl Gard\u0131robun Olmazsa Olmaz\u0131 Beyaz Spor Ayakkab\u0131lar\"}]},{\"@type\":\"Person\",\"@id\":\"https:\/\/www.skechers.com.tr\/blog\/#\/schema\/person\/6d09a0595696524814757d23d22b4c33\",\"name\":\"Skechers T\u00fcrkiye\",\"image\":{\"@type\":\"ImageObject\",\"@id\":\"https:\/\/www.skechers.com.tr\/blog\/#personlogo\",\"inLanguage\":\"tr\",\"url\":\"https:\/\/secure.gravatar.com\/avatar\/0fc2191869a9a020b4606acf264338ae?s=96&d=mm&r=g\",\"contentUrl\":\"https:\/\/secure.gravatar.com\/avatar\/0fc2191869a9a020b4606acf264338ae?s=96&d=mm&r=g\",\"caption\":\"Skechers T\u00fcrkiye\"},\"description\":\"Skechers spor ayakkab\u0131 \u00fcr\u00fcnleri ile rahatl\u0131\u011f\u0131 ve kaliteyi hisset!\"}]}<\/script>\n<!-- \/ Yoast SEO plugin. -->","yoast_head_json":{"title":"Kaps\u00fcl Gard\u0131robun Olmazsa Olmaz\u0131 Beyaz Spor Ayakkab\u0131lar","description":"Kaps\u00fcl gard\u0131robun olmazsa olmaz\u0131 beyaz spor ayakkab\u0131 modelleri, kombinlere kolayl\u0131kla uyum sa\u011fl\u0131yor. Skechers beyaz spor ayakkab\u0131lar seninle.","robots":{"index":"index","follow":"follow","max-snippet":"max-snippet:-1","max-image-preview":"max-image-preview:large","max-video-preview":"max-video-preview:-1"},"canonical":"https:\/\/www.skechers.com.tr\/blog\/kapsul-gardirobun-olmazsa-olmazi-beyaz-spor-ayakkabilar\/","og_locale":"tr_TR","og_type":"article","og_title":"Kaps\u00fcl Gard\u0131robun Olmazsa Olmaz\u0131 Beyaz Spor Ayakkab\u0131lar","og_description":"Kaps\u00fcl gard\u0131robun olmazsa olmaz\u0131 beyaz spor ayakkab\u0131 modelleri, kombinlere kolayl\u0131kla uyum sa\u011fl\u0131yor. Skechers beyaz spor ayakkab\u0131lar seninle.","og_url":"https:\/\/www.skechers.com.tr\/blog\/kapsul-gardirobun-olmazsa-olmazi-beyaz-spor-ayakkabilar\/","og_site_name":"Skechers Blog","article_published_time":"2021-03-12T14:07:37+00:00","article_modified_time":"2021-07-05T16:48:02+00:00","og_image":[{"width":828,"height":480,"url":"https:\/\/www.skechers.com.tr\/blog\/wp-content\/uploads\/2021\/03\/1.jpg","type":"image\/jpeg"}],"twitter_card":"summary_large_image","twitter_misc":{"Yazan:":"Skechers T\u00fcrkiye","Tahmini okuma s\u00fcresi":"6 dakika"},"schema":{"@context":"https:\/\/schema.org","@graph":[{"@type":"WebSite","@id":"https:\/\/www.skechers.com.tr\/blog\/#website","url":"https:\/\/www.skechers.com.tr\/blog\/","name":"Skechers Blog","description":"Skechers","potentialAction":[{"@type":"SearchAction","target":{"@type":"EntryPoint","urlTemplate":"https:\/\/www.skechers.com.tr\/blog\/?s={search_term_string}"},"query-input":"required name=search_term_string"}],"inLanguage":"tr"},{"@type":"ImageObject","@id":"https:\/\/www.skechers.com.tr\/blog\/kapsul-gardirobun-olmazsa-olmazi-beyaz-spor-ayakkabilar\/#primaryimage","inLanguage":"tr","url":"https:\/\/www.skechers.com.tr\/blog\/wp-content\/uploads\/2021\/03\/1.jpg","contentUrl":"https:\/\/www.skechers.com.tr\/blog\/wp-content\/uploads\/2021\/03\/1.jpg","width":828,"height":480,"caption":"Beyaz Spor Ayakkab\u0131 Nas\u0131l Giyilir?"},{"@type":"WebPage","@id":"https:\/\/www.skechers.com.tr\/blog\/kapsul-gardirobun-olmazsa-olmazi-beyaz-spor-ayakkabilar\/#webpage","url":"https:\/\/www.skechers.com.tr\/blog\/kapsul-gardirobun-olmazsa-olmazi-beyaz-spor-ayakkabilar\/","name":"Kaps\u00fcl Gard\u0131robun Olmazsa Olmaz\u0131 Beyaz Spor Ayakkab\u0131lar","isPartOf":{"@id":"https:\/\/www.skechers.com.tr\/blog\/#website"},"primaryImageOfPage":{"@id":"https:\/\/www.skechers.com.tr\/blog\/kapsul-gardirobun-olmazsa-olmazi-beyaz-spor-ayakkabilar\/#primaryimage"},"datePublished":"2021-03-12T14:07:37+00:00","dateModified":"2021-07-05T16:48:02+00:00","author":{"@id":"https:\/\/www.skechers.com.tr\/blog\/#\/schema\/person\/6d09a0595696524814757d23d22b4c33"},"description":"Kaps\u00fcl gard\u0131robun olmazsa olmaz\u0131 beyaz spor ayakkab\u0131 modelleri, kombinlere kolayl\u0131kla uyum sa\u011fl\u0131yor. Skechers beyaz spor ayakkab\u0131lar seninle.","breadcrumb":{"@id":"https:\/\/www.skechers.com.tr\/blog\/kapsul-gardirobun-olmazsa-olmazi-beyaz-spor-ayakkabilar\/#breadcrumb"},"inLanguage":"tr","potentialAction":[{"@type":"ReadAction","target":["https:\/\/www.skechers.com.tr\/blog\/kapsul-gardirobun-olmazsa-olmazi-beyaz-spor-ayakkabilar\/"]}]},{"@type":"BreadcrumbList","@id":"https:\/\/www.skechers.com.tr\/blog\/kapsul-gardirobun-olmazsa-olmazi-beyaz-spor-ayakkabilar\/#breadcrumb","itemListElement":[{"@type":"ListItem","position":1,"name":"Kaps\u00fcl Gard\u0131robun Olmazsa Olmaz\u0131 Beyaz Spor Ayakkab\u0131lar"}]},{"@type":"Person","@id":"https:\/\/www.skechers.com.tr\/blog\/#\/schema\/person\/6d09a0595696524814757d23d22b4c33","name":"Skechers T\u00fcrkiye","image":{"@type":"ImageObject","@id":"https:\/\/www.skechers.com.tr\/blog\/#personlogo","inLanguage":"tr","url":"https:\/\/secure.gravatar.com\/avatar\/0fc2191869a9a020b4606acf264338ae?s=96&d=mm&r=g","contentUrl":"https:\/\/secure.gravatar.com\/avatar\/0fc2191869a9a020b4606acf264338ae?s=96&d=mm&r=g","caption":"Skechers T\u00fcrkiye"},"description":"Skechers spor ayakkab\u0131 \u00fcr\u00fcnleri ile rahatl\u0131\u011f\u0131 ve kaliteyi hisset!"}]}},"_links":{"self":[{"href":"https:\/\/www.skechers.com.tr\/blog\/wp-json\/wp\/v2\/posts\/1287"}],"collection":[{"href":"https:\/\/www.skechers.com.tr\/blog\/wp-json\/wp\/v2\/posts"}],"about":[{"href":"https:\/\/www.skechers.com.tr\/blog\/wp-json\/wp\/v2\/types\/post"}],"author":[{"embeddable":true,"href":"https:\/\/www.skechers.com.tr\/blog\/wp-json\/wp\/v2\/users\/1"}],"replies":[{"embeddable":true,"href":"https:\/\/www.skechers.com.tr\/blog\/wp-json\/wp\/v2\/comments?post=1287"}],"version-history":[{"count":3,"href":"https:\/\/www.skechers.com.tr\/blog\/wp-json\/wp\/v2\/posts\/1287\/revisions"}],"predecessor-version":[{"id":1872,"href":"https:\/\/www.skechers.com.tr\/blog\/wp-json\/wp\/v2\/posts\/1287\/revisions\/1872"}],"wp:featuredmedia":[{"embeddable":true,"href":"https:\/\/www.skechers.com.tr\/blog\/wp-json\/wp\/v2\/media\/1289"}],"wp:attachment":[{"href":"https:\/\/www.skechers.com.tr\/blog\/wp-json\/wp\/v2\/media?parent=1287"}],"wp:term":[{"taxonomy":"category","embeddable":true,"href":"https:\/\/www.skechers.com.tr\/blog\/wp-json\/wp\/v2\/categories?post=1287"},{"taxonomy":"post_tag","embeddable":true,"href":"https:\/\/www.skechers.com.tr\/blog\/wp-json\/wp\/v2\/tags?post=1287"}],"curies":[{"name":"wp","href":"https:\/\/api.w.org\/{rel}","templated":true}]}}