{"id":1150,"date":"2021-01-05T13:22:01","date_gmt":"2021-01-05T13:22:01","guid":{"rendered":"https:\/\/www.skechers.com.tr\/blog\/?p=1150"},"modified":"2021-01-05T13:22:01","modified_gmt":"2021-01-05T13:22:01","slug":"skechers-ayakkabi-kayar-mi","status":"publish","type":"post","link":"https:\/\/www.skechers.com.tr\/blog\/skechers-ayakkabi-kayar-mi\/","title":{"rendered":"Skechers Ayakkab\u0131 Kayar m\u0131?"},"content":{"rendered":"<p><span style=\"font-weight: 400;\">Ayakkab\u0131 tabanlar\u0131n\u0131n kaymas\u0131, kullan\u0131c\u0131lar\u0131n en s\u0131k ya\u015fad\u0131\u011f\u0131 problemler aras\u0131nda s\u0131ralan\u0131yor. S\u00f6z konusu, sandalet, terlik, spor ayakkab\u0131 veya bot olabiliyor. Ayaklar\u0131n yere sa\u011flam basmas\u0131na engel olan kayma problemi, kullan\u0131c\u0131lar\u0131n ya\u015fam kalitelerini direkt etkiliyor. \u00c7o\u011funlukla kalitesiz materyallerden, yanl\u0131\u015f taban ve ayakkab\u0131 se\u00e7iminden kaynaklanan problem, zemin ve taban uyumu ile ilgili de olabiliyor. Kayma problemi bir\u00e7ok ayakkab\u0131 kullan\u0131c\u0131s\u0131 i\u00e7in \u00e7aresiz g\u00f6r\u00fclse de asl\u0131nda sorunun nedeni anla\u015f\u0131ld\u0131\u011f\u0131nda \u00e7\u00f6z\u00fcm de kolayl\u0131kla bulunuyor. Kullan\u0131c\u0131 deneyimine dayanan kayma durumunun \u00fcstesinden, ihtiya\u00e7lara ve kullan\u0131m al\u0131\u015fkanl\u0131klar\u0131na uygun ayakkab\u0131 se\u00e7ilerek gelinebiliyor. Ayakkab\u0131 neden kayar, Skechers\u2019ta kayma sorunu ya\u015fan\u0131r m\u0131, kaymayla ilgili bir \u015fikayet geldi\u011finde s\u00fcre\u00e7 nas\u0131l ilerler merak ediyorsan, yaz\u0131m\u0131zda t\u00fcm yan\u0131tlar\u0131 bulabilirsin.\u00a0<\/span><\/p>\n<h2>Ayakkab\u0131 Neden Kayar?<\/h2>\n<ul>\n<li style=\"font-weight: 400;\" aria-level=\"1\"><span style=\"font-weight: 400;\">Zeminlerin \u0131slak olmas\u0131 durumunda ayakkab\u0131larda kayma daha s\u0131k g\u00f6r\u00fcl\u00fcyor. \u00d6zellikle polikarbon alt taban yap\u0131s\u0131na sahip ayakkab\u0131lar, \u0131slak alanlarda daha \u00e7ok kay\u0131yor.\u00a0<\/span><\/li>\n<li style=\"font-weight: 400;\" aria-level=\"1\"><span style=\"font-weight: 400;\">E\u011fer yap\u0131lan egzersize uygun olmayan ayakkab\u0131lar giyildiyse, yine kaymadan \u015fikayet edilebiliyor.\u00a0<\/span><\/li>\n<li style=\"font-weight: 400;\" aria-level=\"1\"><span style=\"font-weight: 400;\">Kullan\u0131c\u0131lar, ayakkab\u0131y\u0131 ayak numaralar\u0131na uygun almad\u0131\u011f\u0131nda ayakkab\u0131n\u0131n kayd\u0131\u011f\u0131 ve ayaktan \u00e7\u0131kt\u0131\u011f\u0131 biliniyor.\u00a0<\/span><\/li>\n<li style=\"font-weight: 400;\" aria-level=\"1\"><span style=\"font-weight: 400;\">Ayakkab\u0131n\u0131n kayma nedenlerinden biri de yerdeki kimyasallar veya buz tabakas\u0131 olabiliyor. Cam, fayans, buz veya ya\u011fl\u0131, sabunlu y\u00fczeyler ayakkab\u0131lar\u0131 kayd\u0131r\u0131yor.\u00a0<\/span><\/li>\n<li style=\"font-weight: 400;\" aria-level=\"1\"><span style=\"font-weight: 400;\">Ayakkab\u0131lar\u0131n alt y\u00fczeyinin p\u00fcr\u00fczs\u00fcz ve \u00e7ok ince olmas\u0131, kaymay\u0131 kolayla\u015ft\u0131r\u0131yor. Bu sorun genellikle k\u00f6sele \u015feklinde tabir edilen ayakkab\u0131larda g\u00f6r\u00fcl\u00fcyor.\u00a0<\/span><\/li>\n<li style=\"font-weight: 400;\" aria-level=\"1\"><span style=\"font-weight: 400;\">Kullan\u0131c\u0131n\u0131n y\u00fcr\u00fcme\/ayak \u015fekli, dalg\u0131nl\u0131\u011f\u0131 kaymaya neden olabiliyor. Ki\u015fiye \u00f6zel bu sebepler bas\u0131\u015f sorununa, anatomiye uygun <\/span><a href=\"https:\/\/www.skechers.com.tr\/arch-fit-c-4017?utm_source=blog&amp;utm_medium=content&amp;utm_campaign=skechers-ayakkabi-kayar-mi&amp;utm_term=4017\">ortopedik ayakkab\u0131<\/a><span style=\"font-weight: 400;\"> se\u00e7imi ve dikkat \u00e7al\u0131\u015fmalar\u0131yla azalt\u0131labiliyor.\u00a0<\/span><\/li>\n<\/ul>\n<h3><b>Ayakkab\u0131lar\u0131n Kaymas\u0131 Nas\u0131l \u00d6nlenir?\u00a0<\/b><\/h3>\n<p><span style=\"font-weight: 400;\">Ayakkab\u0131lar\u0131n kaymas\u0131n\u0131 \u00f6nlemek i\u00e7in \u00fcr\u00fcnden ve kullan\u0131c\u0131dan beklenen farkl\u0131 noktalar bulunuyor. \u00d6ncelikle kullan\u0131c\u0131lar\u0131n ayaklar\u0131n\u0131 saran, tam ayak numaralar\u0131na uygun ayakkab\u0131lar almas\u0131 gerekiyor. Ayakkab\u0131lar\u0131 al\u0131rken denemek ve zeminde kayma durumuna bakmak tavsiye ediliyor. Ard\u0131ndan kullan\u0131c\u0131lar\u0131n alacaklar\u0131 ayakkab\u0131lar\u0131n teknik \u00f6zelliklerini iyice incelemeleri ve beklentilerine uygun olup olmad\u0131\u011f\u0131na dikkat etmeleri \u00f6neriliyor. \u00d6rne\u011fin, outdoor etkinliklerde kullanacaklarsa<a href=\"https:\/\/www.skechers.com.tr\/su-gecirmez-ayakkabilar-c-6012?utm_source=blog&amp;utm_medium=content&amp;utm_campaign=skechers-ayakkabi-kayar-mi&amp;utm_term=6012\"> su ge\u00e7irmez ayakkab\u0131<\/a> \u00e7e\u015fitlerini incelemeleri gerekiyor.\u00a0<\/span><\/p>\n<p><span style=\"font-weight: 400;\">S\u0131k s\u0131k ya\u011f\u0131\u015f alan b\u00f6lgelerde oturuyor ve ya\u011fmurda, \u0131slak zeminlerde s\u0131k s\u0131k d\u0131\u015far\u0131da vakit ge\u00e7iriyorsan, ayakkab\u0131 se\u00e7iminde yer tutu\u015fu y\u00fcksek olan kau\u00e7uk tabanlar\u0131 tercih etmen \u00f6nem ta\u015f\u0131yor. Polikarbon alt taban yap\u0131s\u0131na sahip \u00fcr\u00fcnler, hafif ve yumu\u015fak yap\u0131lar\u0131 ile kullan\u0131mda avantaj sa\u011flasa da, s\u00fcrt\u00fcnme kuvvetine daha az maruz kal\u0131yor. Bu nedenle polikarbon tabanl\u0131 \u00fcr\u00fcnlerin kuru zeminde kullan\u0131lmas\u0131na \u00f6zen g\u00f6steriliyor. Ayakkab\u0131n\u0131n kaymas\u0131n\u0131n \u00f6n\u00fcne ge\u00e7mek i\u00e7in ya\u011f\u0131\u015fl\u0131 havalarda, \u0131slak zeminlerde polikarbon tabanl\u0131 modeller yerine kau\u00e7uk tabanl\u0131 ayakkab\u0131lar giymek en etkili \u00f6nlem olarak g\u00f6steriliyor. Polikarbon alt taban yap\u0131s\u0131na sahip \u00fcr\u00fcnler, hafif ve yumu\u015fak yap\u0131lar\u0131na ba\u011fl\u0131 olarak s\u00fcrt\u00fcnme kuvvetine daha az maruz kal\u0131yor. Bu t\u00fcr \u00fcr\u00fcnlerin kuru zeminde kullan\u0131lmas\u0131na \u00f6zen g\u00f6sterilmesi gerekiyor.\u00a0<\/span><\/p>\n<figure id=\"attachment_1152\" aria-describedby=\"caption-attachment-1152\" style=\"width: 828px\" class=\"wp-caption aligncenter\"><img decoding=\"async\" loading=\"lazy\" class=\"size-full wp-image-1152\" src=\"https:\/\/www.skechers.com.tr\/blog\/wp-content\/uploads\/2021\/01\/kaymaz2.jpg\" alt=\"Skechers'\u0131n taban\u0131 nas\u0131ld\u0131r?\" width=\"828\" height=\"400\" srcset=\"https:\/\/www.skechers.com.tr\/blog\/wp-content\/uploads\/2021\/01\/kaymaz2.jpg 828w, https:\/\/www.skechers.com.tr\/blog\/wp-content\/uploads\/2021\/01\/kaymaz2-300x145.jpg 300w, https:\/\/www.skechers.com.tr\/blog\/wp-content\/uploads\/2021\/01\/kaymaz2-768x371.jpg 768w\" sizes=\"(max-width: 828px) 100vw, 828px\" \/><figcaption id=\"caption-attachment-1152\" class=\"wp-caption-text\">Skechers&#8217;\u0131n taban\u0131 nas\u0131ld\u0131r?<\/figcaption><\/figure>\n<h3><b>Skechers&#8217;\u0131n Taban\u0131 Nas\u0131ld\u0131r?<\/b><\/h3>\n<p><span style=\"font-weight: 400;\">Skechers\u2019\u0131n taban \u00f6zelliklerini incelemeden \u00f6nce genel taban sistemlerinin yap\u0131lar\u0131n\u0131 yak\u0131ndan tan\u0131mak gerekiyor. Ayakkab\u0131lar\u0131n tabanlar\u0131 i\u00e7 taban, orta taban ve d\u0131\u015f taban olarak \u00fc\u00e7e ayr\u0131l\u0131yor.\u00a0<\/span><\/p>\n<ul>\n<li style=\"font-weight: 400;\" aria-level=\"1\"><span style=\"font-weight: 400;\">\u0130\u00e7 taban ayakkab\u0131n\u0131n ayak ile temas etti\u011fi i\u00e7 k\u0131s\u0131m anlam\u0131na geliyor. Skechers i\u00e7 tabanda Memory Foam, Air Cooled Memory Foam gibi \u00f6zel teknolojilerle aya\u011f\u0131n nazik\u00e7e sar\u0131lmas\u0131n\u0131, rahat etmesini sa\u011fl\u0131yor. Haf\u0131zal\u0131 k\u00f6p\u00fck i\u00e7 tabanlar sayesinde ayak tam olarak destekleniyor. Do\u011fru se\u00e7ilen numaralar sayesinde, ayakkab\u0131 aya\u011fa tam olarak uyum g\u00f6steriyor.<\/span><\/li>\n<li style=\"font-weight: 400;\" aria-level=\"1\"><span style=\"font-weight: 400;\">Orta taban, ayakkab\u0131n\u0131n i\u00e7 taban\u0131n hemen alt\u0131nda kalan b\u00f6lgesine deniyor. Orta tabanda d\u0131\u015far\u0131dan gelen \u015fok etkilerini azaltmaya y\u00f6nelik\u00a0 yumu\u015fak destekler yer alabiliyor. I\u015f\u0131kl\u0131 ayakkab\u0131lar\u0131n orta taban\u0131ndaki oluklar\u0131n i\u00e7inde led \u0131\u015f\u0131klar bulunuyor. Skechers farkl\u0131 orta taban \u00f6zellikleriyle teknik ve estetik bir\u00e7ok ihtiyac\u0131 kar\u015f\u0131l\u0131yor.\u00a0<\/span><\/li>\n<li style=\"font-weight: 400;\" aria-level=\"1\"><span style=\"font-weight: 400;\">D\u0131\u015f taban, ayakkab\u0131n\u0131n sayadan en uzak, taban\u0131n alt ve d\u0131\u015f katman\u0131n\u0131 belirtiyor. Ayakkab\u0131n\u0131n kayma durumu d\u0131\u015f tabanla ili\u015fkilendiriliyor. D\u0131\u015f taban\u0131n yere de\u011fen k\u0131sm\u0131na ise alt taban ad\u0131 veriliyor. Skechers ayakkab\u0131 alt tabanlar\u0131nda genellikle k\u00f6p\u00fck malzeme kullan\u0131l\u0131yor. Yer tutu\u015fu en y\u00fcksek materyal olan k\u00f6p\u00fck sayesinde ayakkab\u0131lar farkl\u0131 zemin \u015fartlar\u0131nda bile y\u00fcksek yer tutu\u015f sa\u011fl\u0131yor. K\u00f6p\u00fck tabanlar a\u011f\u0131rl\u0131k yapmad\u0131klar\u0131 i\u00e7in ayakkab\u0131lar hafiflikleriyle \u00f6ne \u00e7\u0131k\u0131yor.\u00a0<\/span><\/li>\n<\/ul>\n<p><span style=\"font-weight: 400;\">Skechers ayakkab\u0131 tabanlar\u0131 girintili \u00e7\u0131k\u0131nt\u0131l\u0131, t\u0131rt\u0131kl\u0131 y\u00fczeyleri ile yer tutu\u015funu art\u0131r\u0131yor. Taban dendi\u011finde herkesin akl\u0131na koyu renk tabanlar gelse de, g\u00fcn\u00fcm\u00fcz teknolojisiyle materyaller istenen renkte kullan\u0131c\u0131lara sunulabiliyor. Skechers ayakkab\u0131lar\u0131nda tekni\u011fe verdi\u011fi \u00f6nemi estetikle de destekliyor. K\u00f6p\u00fck materyal, dilenen renklerde renklendirilerek, teknik i\u015flemlerden ge\u00e7irilerek, sayalara uyumlu hale geliyor. \u00d6rne\u011fin<a href=\"https:\/\/www.skechers.com.tr\/spor-ayakkabi-c-6004?renk=beyaz&amp;utm_source=blog&amp;utm_medium=content&amp;utm_campaign=skechers-ayakkabi-kayar-mi&amp;utm_term=6004\"> beyaz spor ayakkab\u0131<\/a>, beyaz k\u00f6p\u00fck tabanla tamamlanarak \u015f\u0131kl\u0131ktan \u00f6d\u00fcn vermeden kullan\u0131c\u0131lara e\u015flik ediyor. Botlardan ayakkab\u0131lara, terliklere kadar Skechers\u2019\u0131n modellerinde \u015f\u0131kl\u0131\u011f\u0131 ve teknik beklentileri kar\u015f\u0131layan tasar\u0131mlara ula\u015fabilirsin. <a href=\"https:\/\/www.skechers.com.tr\/blog\/skechers-deforme-oluyor-mu\/\">Skechers deforme oluyor mu<\/a> a\u00e7\u0131klamam\u0131z\u0131 okuyarak ayakkab\u0131n\u0131n kullan\u0131m \u00f6nerilerine ve teknik donan\u0131m\u0131na hakim olabilirsin.\u00a0<\/span><\/p>\n<figure id=\"attachment_1153\" aria-describedby=\"caption-attachment-1153\" style=\"width: 828px\" class=\"wp-caption aligncenter\"><img decoding=\"async\" loading=\"lazy\" class=\"size-full wp-image-1153\" src=\"https:\/\/www.skechers.com.tr\/blog\/wp-content\/uploads\/2021\/01\/kaymaz3.jpg\" alt=\"Skechers Ayakkab\u0131 Kaymas\u0131 Sorunu\u00a0\" width=\"828\" height=\"400\" srcset=\"https:\/\/www.skechers.com.tr\/blog\/wp-content\/uploads\/2021\/01\/kaymaz3.jpg 828w, https:\/\/www.skechers.com.tr\/blog\/wp-content\/uploads\/2021\/01\/kaymaz3-300x145.jpg 300w, https:\/\/www.skechers.com.tr\/blog\/wp-content\/uploads\/2021\/01\/kaymaz3-768x371.jpg 768w\" sizes=\"(max-width: 828px) 100vw, 828px\" \/><figcaption id=\"caption-attachment-1153\" class=\"wp-caption-text\">Skechers Ayakkab\u0131 Kaymas\u0131 Sorunu<\/figcaption><\/figure>\n<h3><b>Skechers Ayakkab\u0131 Kaymas\u0131 Sorunu\u00a0<\/b><\/h3>\n<p><span style=\"font-weight: 400;\">Skechers ayakkab\u0131lar\u0131n kaymas\u0131yla ilgili yayg\u0131n bir sorun g\u00f6r\u00fclm\u00fcyor. Kaliteli malzemelerden imal edilen, \u00f6zenle testlerden ge\u00e7irilen ve kullan\u0131c\u0131 memnuniyetiyle d\u00fcnyan\u0131n d\u00f6rt bir yan\u0131nda tercih edilen Skechers, tabanlar\u0131yla kullan\u0131c\u0131lardan tam puan al\u0131yor. Ancak kullan\u0131c\u0131lar\u0131n s\u0131k s\u0131k gezdi\u011fi zeminlerin, hareket ettikleri alanlar\u0131n yap\u0131s\u0131n\u0131n, ayakkab\u0131 kaymas\u0131nda etkili oldu\u011fu biliniyor. Taban\u0131n uygun olmad\u0131\u011f\u0131 zeminlerde hareket edildi\u011finde, her ayakkab\u0131da oldu\u011fu gibi Skechers modellerinde de nadiren kayma sorunu ya\u015fanabiliyor.\u00a0<\/span><\/p>\n<p><span style=\"font-weight: 400;\"><a href=\"https:\/\/www.skechers.com.tr\/taban-teknolojisi-c-6300?utm_source=blog&amp;utm_medium=content&amp;utm_campaign=skechers-ayakkabi-kayar-mi&amp;utm_term=6300\">Skechers taban teknolojileri<\/a> egzersiz s\u0131ras\u0131nda ve g\u00fcnl\u00fck ya\u015famda kullan\u0131c\u0131lar\u0131 en \u00fcst d\u00fczeyde desteklemek i\u00e7in tasarlan\u0131yor. <a href=\"https:\/\/www.skechers.com.tr\/blog\/ayak-sagligi\/\">Ayak sa\u011fl\u0131\u011f\u0131<\/a> d\u00fc\u015f\u00fcn\u00fclerek t\u00fcm tasar\u0131mlar ger\u00e7ekle\u015ftiriliyor. Ayakkab\u0131larda genellikle k\u00f6p\u00fck taban kullan\u0131l\u0131yor. Bu sayede \u0131slak zeminlerde bile y\u00fcksek yer tutu\u015f sa\u011flanmas\u0131 hedefleniyor. Kullan\u0131c\u0131lar ko\u015fu, y\u00fcr\u00fcy\u00fc\u015f gibi aktiviteler s\u0131ras\u0131nda ayakkab\u0131lar\u0131ndan g\u00fc\u00e7 alarak hareket edebiliyor. Elbette zemin yap\u0131s\u0131na, ayakkab\u0131n\u0131n zemine uygunlu\u011funa dikkat etmek gerekti\u011fi \u00f6nemle hat\u0131rlat\u0131l\u0131yor.\u00a0<\/span><\/p>\n<p><span style=\"font-weight: 400;\">Genellikle ayakkab\u0131larda ya\u015fanan kayma sorunun taban y\u00fcksekli\u011fi ile ilgisi oldu\u011fu varsay\u0131l\u0131yor.. Oysa taban\u0131n y\u00fcksekli\u011finden ziyade materyali, p\u00fcr\u00fczl\u00fc yap\u0131s\u0131, geni\u015fli\u011fi \u00f6nem ta\u015f\u0131yor. \u0130nce topuklu kad\u0131n ayakkab\u0131lar\u0131 elbette y\u00fczey alan\u0131 dar oldu\u011fu i\u00e7in denge sa\u011flamada zorluk \u00e7\u0131kar\u0131yor. S\u00f6z konusu sportif modeller, g\u00fcnl\u00fck ayakkab\u0131lar, sneakers modelleri oldu\u011funda ise taban\u0131n y\u00fcksekli\u011finin kayma sorunu \u00fczerinden bir se\u00e7im kriteri olmas\u0131 gerekmiyor. Skechers, t\u00fcm modellerinde taban y\u00fcksekli\u011fini kullan\u0131c\u0131ya konfor sa\u011flayacak d\u00fczeyde belirleyerek tasar\u0131mlar\u0131na uyguluyor. <a href=\"https:\/\/www.skechers.com.tr\/blog\/skechers-ayakkabi-garantisi\/\">Skechers ayakkab\u0131 garantisi\u00a0<\/a>ise kullan\u0131c\u0131lara g\u00fcven veriyor.\u00a0<\/span><\/p>\n<h3><b>Skechers Kayan Ayakkab\u0131 \u0130ncelemeleri\u00a0<\/b><\/h3>\n<p><span style=\"font-weight: 400;\">Skechers ayakkab\u0131lar\u0131n kaymas\u0131yla ilgili al\u0131nan nadir \u015fikayetler, \u00f6zenle incelenerek uzman ekipler taraf\u0131ndan sonu\u00e7land\u0131r\u0131l\u0131yor. Skechers\u2019a ayakkab\u0131n\u0131n kaymas\u0131yla ilgili bir inceleme talebi geldi\u011finde, \u00fcr\u00fcn detayl\u0131 analize al\u0131n\u0131yor. \u00dcr\u00fcn\u00fcn teknolojisi, materyal bilgisi \u00fczerinden yap\u0131lan tespitler sonucu inceleme tamamlan\u0131yor.\u00a0<\/span><\/p>\n<p><span style=\"font-weight: 400;\">Kayma durumunun ya\u015fand\u0131\u011f\u0131 zemin, hava \u015fart\u0131, kayman\u0131n tam olarak nas\u0131l ger\u00e7ekle\u015fti\u011fi gibi konularda kullan\u0131c\u0131dan m\u00fcmk\u00fcn oldu\u011funca bilgi almaya \u00e7al\u0131\u015f\u0131l\u0131yor. \u00dcr\u00fcn\u00fcn kullan\u0131ld\u0131\u011f\u0131 zemin bilgileri \u0131\u015f\u0131\u011f\u0131nda, ayn\u0131 model i\u00e7in di\u011fer kullan\u0131c\u0131lar\u0131n da benzer sorunlar\u0131 olup olmad\u0131\u011f\u0131 ara\u015ft\u0131r\u0131l\u0131yor. Belirgin bir \u00fcr\u00fcnde, kullan\u0131c\u0131n\u0131n ya\u015fad\u0131\u011f\u0131na benzer veya ayn\u0131 kayd\u0131rma durumundan s\u00f6z ediliyorsa, konuyla ilgili daha kapsaml\u0131 bir ara\u015ft\u0131rma ba\u015flat\u0131l\u0131yor. Skechers ayakkab\u0131lar\u0131n kaymas\u0131yla ilgili al\u0131nan nadir \u015fikayetlerde, sorunun genellikle kullan\u0131c\u0131n\u0131n y\u00fcr\u00fcme, yere bas\u0131\u015f \u015fekilleri, dalg\u0131nl\u0131\u011f\u0131 nedeniyle sorun oldu\u011fu fark ediliyor. Zemin yap\u0131s\u0131 gibi \u00f6znel durumlar da sorunun ana sebepleri aras\u0131nda s\u0131ralan\u0131yor.\u00a0<\/span><\/p>\n<p><span style=\"font-weight: 400;\">Skechers ayakkab\u0131lar\u0131yla d\u00fcnyan\u0131n bir\u00e7ok \u00fclkesinde konfor arayanlar\u0131n ilk tercihi oluyor. Sayadan tabana dek her detay\u0131nda rahatl\u0131k sunan ayr\u0131nt\u0131lar saklayan Skechers modelleri, hem yeti\u015fkin hem de \u00e7ocuk modelleriyle be\u011feni topluyor. Sen de diledi\u011fin Skechers\u2019\u0131 se\u00e7erek hayat\u0131na de\u011fer katabilir, kullan\u0131m \u00f6nerilerine dikkat ederek uzun \u00f6m\u00fcrl\u00fc ayakkab\u0131lar\u0131nla ya\u015fama ad\u0131m atabilirsin. Hem kendin hem de sevdiklerin i\u00e7in hemen Skechers.com.tr\u2019den ve Skechers ma\u011fazalar\u0131ndan sipari\u015fini verebilirsin.<\/span><\/p>\n","protected":false},"excerpt":{"rendered":"<p>Ayakkab\u0131 tabanlar\u0131n\u0131n kaymas\u0131, kullan\u0131c\u0131lar\u0131n en s\u0131k ya\u015fad\u0131\u011f\u0131 problemler aras\u0131nda s\u0131ralan\u0131yor. S\u00f6z konusu, sandalet, terlik, spor ayakkab\u0131 veya bot olabiliyor. Ayaklar\u0131n yere sa\u011flam basmas\u0131na engel olan kayma problemi, kullan\u0131c\u0131lar\u0131n ya\u015fam kalitelerini direkt etkiliyor. \u00c7o\u011funlukla kalitesiz materyallerden, yanl\u0131\u015f taban ve ayakkab\u0131 se\u00e7iminden kaynaklanan problem, zemin ve taban uyumu ile ilgili de olabiliyor. Kayma problemi bir\u00e7ok ayakkab\u0131 kullan\u0131c\u0131s\u0131 [&hellip;]<\/p>\n","protected":false},"author":1,"featured_media":1151,"comment_status":"open","ping_status":"open","sticky":false,"template":"","format":"standard","meta":[],"categories":[4],"tags":[],"yoast_head":"<!-- This site is optimized with the Yoast SEO plugin v18.5.1 - https:\/\/yoast.com\/wordpress\/plugins\/seo\/ -->\n<title>Skechers Ayakkab\u0131 Kayar m\u0131? - Skechers Blog<\/title>\n<meta name=\"description\" content=\"Skechers ayakkab\u0131 kayar m\u0131 sorusu Skechers Blog&#039;ta yan\u0131tlan\u0131yor. Ayakkab\u0131 neden kayar, kayma nas\u0131l \u00f6nlenir yaz\u0131m\u0131zdan \u00f6\u011frenebilirsin.\" \/>\n<meta name=\"robots\" content=\"index, follow, max-snippet:-1, max-image-preview:large, max-video-preview:-1\" \/>\n<link rel=\"canonical\" href=\"https:\/\/www.skechers.com.tr\/blog\/skechers-ayakkabi-kayar-mi\/\" \/>\n<meta property=\"og:locale\" content=\"tr_TR\" \/>\n<meta property=\"og:type\" content=\"article\" \/>\n<meta property=\"og:title\" content=\"Skechers Ayakkab\u0131 Kayar m\u0131? - Skechers Blog\" \/>\n<meta property=\"og:description\" content=\"Skechers ayakkab\u0131 kayar m\u0131 sorusu Skechers Blog&#039;ta yan\u0131tlan\u0131yor. Ayakkab\u0131 neden kayar, kayma nas\u0131l \u00f6nlenir yaz\u0131m\u0131zdan \u00f6\u011frenebilirsin.\" \/>\n<meta property=\"og:url\" content=\"https:\/\/www.skechers.com.tr\/blog\/skechers-ayakkabi-kayar-mi\/\" \/>\n<meta property=\"og:site_name\" content=\"Skechers Blog\" \/>\n<meta property=\"article:published_time\" content=\"2021-01-05T13:22:01+00:00\" \/>\n<meta property=\"og:image\" content=\"https:\/\/www.skechers.com.tr\/blog\/wp-content\/uploads\/2021\/01\/kaymaz1.jpg\" \/>\n\t<meta property=\"og:image:width\" content=\"828\" \/>\n\t<meta property=\"og:image:height\" content=\"400\" \/>\n\t<meta property=\"og:image:type\" content=\"image\/jpeg\" \/>\n<meta name=\"twitter:card\" content=\"summary_large_image\" \/>\n<meta name=\"twitter:label1\" content=\"Yazan:\" \/>\n\t<meta name=\"twitter:data1\" content=\"Skechers T\u00fcrkiye\" \/>\n\t<meta name=\"twitter:label2\" content=\"Tahmini okuma s\u00fcresi\" \/>\n\t<meta name=\"twitter:data2\" content=\"8 dakika\" \/>\n<script type=\"application\/ld+json\" class=\"yoast-schema-graph\">{\"@context\":\"https:\/\/schema.org\",\"@graph\":[{\"@type\":\"WebSite\",\"@id\":\"https:\/\/www.skechers.com.tr\/blog\/#website\",\"url\":\"https:\/\/www.skechers.com.tr\/blog\/\",\"name\":\"Skechers Blog\",\"description\":\"Skechers\",\"potentialAction\":[{\"@type\":\"SearchAction\",\"target\":{\"@type\":\"EntryPoint\",\"urlTemplate\":\"https:\/\/www.skechers.com.tr\/blog\/?s={search_term_string}\"},\"query-input\":\"required name=search_term_string\"}],\"inLanguage\":\"tr\"},{\"@type\":\"ImageObject\",\"@id\":\"https:\/\/www.skechers.com.tr\/blog\/skechers-ayakkabi-kayar-mi\/#primaryimage\",\"inLanguage\":\"tr\",\"url\":\"https:\/\/www.skechers.com.tr\/blog\/wp-content\/uploads\/2021\/01\/kaymaz1.jpg\",\"contentUrl\":\"https:\/\/www.skechers.com.tr\/blog\/wp-content\/uploads\/2021\/01\/kaymaz1.jpg\",\"width\":828,\"height\":400,\"caption\":\"Skechers ayakkab\u0131 kayar m\u0131?\"},{\"@type\":\"WebPage\",\"@id\":\"https:\/\/www.skechers.com.tr\/blog\/skechers-ayakkabi-kayar-mi\/#webpage\",\"url\":\"https:\/\/www.skechers.com.tr\/blog\/skechers-ayakkabi-kayar-mi\/\",\"name\":\"Skechers Ayakkab\u0131 Kayar m\u0131? - Skechers Blog\",\"isPartOf\":{\"@id\":\"https:\/\/www.skechers.com.tr\/blog\/#website\"},\"primaryImageOfPage\":{\"@id\":\"https:\/\/www.skechers.com.tr\/blog\/skechers-ayakkabi-kayar-mi\/#primaryimage\"},\"datePublished\":\"2021-01-05T13:22:01+00:00\",\"dateModified\":\"2021-01-05T13:22:01+00:00\",\"author\":{\"@id\":\"https:\/\/www.skechers.com.tr\/blog\/#\/schema\/person\/6d09a0595696524814757d23d22b4c33\"},\"description\":\"Skechers ayakkab\u0131 kayar m\u0131 sorusu Skechers Blog'ta yan\u0131tlan\u0131yor. Ayakkab\u0131 neden kayar, kayma nas\u0131l \u00f6nlenir yaz\u0131m\u0131zdan \u00f6\u011frenebilirsin.\",\"breadcrumb\":{\"@id\":\"https:\/\/www.skechers.com.tr\/blog\/skechers-ayakkabi-kayar-mi\/#breadcrumb\"},\"inLanguage\":\"tr\",\"potentialAction\":[{\"@type\":\"ReadAction\",\"target\":[\"https:\/\/www.skechers.com.tr\/blog\/skechers-ayakkabi-kayar-mi\/\"]}]},{\"@type\":\"BreadcrumbList\",\"@id\":\"https:\/\/www.skechers.com.tr\/blog\/skechers-ayakkabi-kayar-mi\/#breadcrumb\",\"itemListElement\":[{\"@type\":\"ListItem\",\"position\":1,\"name\":\"Skechers Ayakkab\u0131 Kayar m\u0131?\"}]},{\"@type\":\"Person\",\"@id\":\"https:\/\/www.skechers.com.tr\/blog\/#\/schema\/person\/6d09a0595696524814757d23d22b4c33\",\"name\":\"Skechers T\u00fcrkiye\",\"image\":{\"@type\":\"ImageObject\",\"@id\":\"https:\/\/www.skechers.com.tr\/blog\/#personlogo\",\"inLanguage\":\"tr\",\"url\":\"https:\/\/secure.gravatar.com\/avatar\/0fc2191869a9a020b4606acf264338ae?s=96&d=mm&r=g\",\"contentUrl\":\"https:\/\/secure.gravatar.com\/avatar\/0fc2191869a9a020b4606acf264338ae?s=96&d=mm&r=g\",\"caption\":\"Skechers T\u00fcrkiye\"},\"description\":\"Skechers spor ayakkab\u0131 \u00fcr\u00fcnleri ile rahatl\u0131\u011f\u0131 ve kaliteyi hisset!\"}]}<\/script>\n<!-- \/ Yoast SEO plugin. -->","yoast_head_json":{"title":"Skechers Ayakkab\u0131 Kayar m\u0131? - Skechers Blog","description":"Skechers ayakkab\u0131 kayar m\u0131 sorusu Skechers Blog'ta yan\u0131tlan\u0131yor. Ayakkab\u0131 neden kayar, kayma nas\u0131l \u00f6nlenir yaz\u0131m\u0131zdan \u00f6\u011frenebilirsin.","robots":{"index":"index","follow":"follow","max-snippet":"max-snippet:-1","max-image-preview":"max-image-preview:large","max-video-preview":"max-video-preview:-1"},"canonical":"https:\/\/www.skechers.com.tr\/blog\/skechers-ayakkabi-kayar-mi\/","og_locale":"tr_TR","og_type":"article","og_title":"Skechers Ayakkab\u0131 Kayar m\u0131? - Skechers Blog","og_description":"Skechers ayakkab\u0131 kayar m\u0131 sorusu Skechers Blog'ta yan\u0131tlan\u0131yor. Ayakkab\u0131 neden kayar, kayma nas\u0131l \u00f6nlenir yaz\u0131m\u0131zdan \u00f6\u011frenebilirsin.","og_url":"https:\/\/www.skechers.com.tr\/blog\/skechers-ayakkabi-kayar-mi\/","og_site_name":"Skechers Blog","article_published_time":"2021-01-05T13:22:01+00:00","og_image":[{"width":828,"height":400,"url":"https:\/\/www.skechers.com.tr\/blog\/wp-content\/uploads\/2021\/01\/kaymaz1.jpg","type":"image\/jpeg"}],"twitter_card":"summary_large_image","twitter_misc":{"Yazan:":"Skechers T\u00fcrkiye","Tahmini okuma s\u00fcresi":"8 dakika"},"schema":{"@context":"https:\/\/schema.org","@graph":[{"@type":"WebSite","@id":"https:\/\/www.skechers.com.tr\/blog\/#website","url":"https:\/\/www.skechers.com.tr\/blog\/","name":"Skechers Blog","description":"Skechers","potentialAction":[{"@type":"SearchAction","target":{"@type":"EntryPoint","urlTemplate":"https:\/\/www.skechers.com.tr\/blog\/?s={search_term_string}"},"query-input":"required name=search_term_string"}],"inLanguage":"tr"},{"@type":"ImageObject","@id":"https:\/\/www.skechers.com.tr\/blog\/skechers-ayakkabi-kayar-mi\/#primaryimage","inLanguage":"tr","url":"https:\/\/www.skechers.com.tr\/blog\/wp-content\/uploads\/2021\/01\/kaymaz1.jpg","contentUrl":"https:\/\/www.skechers.com.tr\/blog\/wp-content\/uploads\/2021\/01\/kaymaz1.jpg","width":828,"height":400,"caption":"Skechers ayakkab\u0131 kayar m\u0131?"},{"@type":"WebPage","@id":"https:\/\/www.skechers.com.tr\/blog\/skechers-ayakkabi-kayar-mi\/#webpage","url":"https:\/\/www.skechers.com.tr\/blog\/skechers-ayakkabi-kayar-mi\/","name":"Skechers Ayakkab\u0131 Kayar m\u0131? - Skechers Blog","isPartOf":{"@id":"https:\/\/www.skechers.com.tr\/blog\/#website"},"primaryImageOfPage":{"@id":"https:\/\/www.skechers.com.tr\/blog\/skechers-ayakkabi-kayar-mi\/#primaryimage"},"datePublished":"2021-01-05T13:22:01+00:00","dateModified":"2021-01-05T13:22:01+00:00","author":{"@id":"https:\/\/www.skechers.com.tr\/blog\/#\/schema\/person\/6d09a0595696524814757d23d22b4c33"},"description":"Skechers ayakkab\u0131 kayar m\u0131 sorusu Skechers Blog'ta yan\u0131tlan\u0131yor. Ayakkab\u0131 neden kayar, kayma nas\u0131l \u00f6nlenir yaz\u0131m\u0131zdan \u00f6\u011frenebilirsin.","breadcrumb":{"@id":"https:\/\/www.skechers.com.tr\/blog\/skechers-ayakkabi-kayar-mi\/#breadcrumb"},"inLanguage":"tr","potentialAction":[{"@type":"ReadAction","target":["https:\/\/www.skechers.com.tr\/blog\/skechers-ayakkabi-kayar-mi\/"]}]},{"@type":"BreadcrumbList","@id":"https:\/\/www.skechers.com.tr\/blog\/skechers-ayakkabi-kayar-mi\/#breadcrumb","itemListElement":[{"@type":"ListItem","position":1,"name":"Skechers Ayakkab\u0131 Kayar m\u0131?"}]},{"@type":"Person","@id":"https:\/\/www.skechers.com.tr\/blog\/#\/schema\/person\/6d09a0595696524814757d23d22b4c33","name":"Skechers T\u00fcrkiye","image":{"@type":"ImageObject","@id":"https:\/\/www.skechers.com.tr\/blog\/#personlogo","inLanguage":"tr","url":"https:\/\/secure.gravatar.com\/avatar\/0fc2191869a9a020b4606acf264338ae?s=96&d=mm&r=g","contentUrl":"https:\/\/secure.gravatar.com\/avatar\/0fc2191869a9a020b4606acf264338ae?s=96&d=mm&r=g","caption":"Skechers T\u00fcrkiye"},"description":"Skechers spor ayakkab\u0131 \u00fcr\u00fcnleri ile rahatl\u0131\u011f\u0131 ve kaliteyi hisset!"}]}},"_links":{"self":[{"href":"https:\/\/www.skechers.com.tr\/blog\/wp-json\/wp\/v2\/posts\/1150"}],"collection":[{"href":"https:\/\/www.skechers.com.tr\/blog\/wp-json\/wp\/v2\/posts"}],"about":[{"href":"https:\/\/www.skechers.com.tr\/blog\/wp-json\/wp\/v2\/types\/post"}],"author":[{"embeddable":true,"href":"https:\/\/www.skechers.com.tr\/blog\/wp-json\/wp\/v2\/users\/1"}],"replies":[{"embeddable":true,"href":"https:\/\/www.skechers.com.tr\/blog\/wp-json\/wp\/v2\/comments?post=1150"}],"version-history":[{"count":1,"href":"https:\/\/www.skechers.com.tr\/blog\/wp-json\/wp\/v2\/posts\/1150\/revisions"}],"predecessor-version":[{"id":1154,"href":"https:\/\/www.skechers.com.tr\/blog\/wp-json\/wp\/v2\/posts\/1150\/revisions\/1154"}],"wp:featuredmedia":[{"embeddable":true,"href":"https:\/\/www.skechers.com.tr\/blog\/wp-json\/wp\/v2\/media\/1151"}],"wp:attachment":[{"href":"https:\/\/www.skechers.com.tr\/blog\/wp-json\/wp\/v2\/media?parent=1150"}],"wp:term":[{"taxonomy":"category","embeddable":true,"href":"https:\/\/www.skechers.com.tr\/blog\/wp-json\/wp\/v2\/categories?post=1150"},{"taxonomy":"post_tag","embeddable":true,"href":"https:\/\/www.skechers.com.tr\/blog\/wp-json\/wp\/v2\/tags?post=1150"}],"curies":[{"name":"wp","href":"https:\/\/api.w.org\/{rel}","templated":true}]}}