{"id":1143,"date":"2021-02-05T13:07:16","date_gmt":"2021-02-05T13:07:16","guid":{"rendered":"https:\/\/www.skechers.com.tr\/blog\/?p=1143"},"modified":"2021-09-07T19:47:29","modified_gmt":"2021-09-07T19:47:29","slug":"isikli-ayakkabi-alirken-nelere-dikkat-edilmelidir","status":"publish","type":"post","link":"https:\/\/www.skechers.com.tr\/blog\/isikli-ayakkabi-alirken-nelere-dikkat-edilmelidir\/","title":{"rendered":"I\u015f\u0131kl\u0131 Ayakkab\u0131 Al\u0131rken Nelere Dikkat Edilmelidir?"},"content":{"rendered":"<p><a href=\"https:\/\/www.skechers.com.tr\/isikli-ayakkabilar-c-6011?utm_source=blog&amp;utm_medium=content&amp;utm_campaign=isikli-ayakkabi-alirken-nelere-dikkat-edilmelidir&amp;utm_term=6011\"><span style=\"font-weight: 400;\">I\u015f\u0131kl\u0131 ayakkab\u0131 <\/span><\/a><span style=\"font-weight: 400;\">modelleri, tabanlar\u0131ndaki led ayd\u0131nlatmalarla di\u011fer ayakkab\u0131lardan ayr\u0131l\u0131yor. Renk renk \u0131\u015f\u0131klarla donat\u0131lan tasar\u0131mlar, \u00f6zellikle \u00e7ocuk ayakkab\u0131lar\u0131nda kullan\u0131l\u0131yor. Son y\u0131llarda \u0131\u015f\u0131kl\u0131 tabanlara renkli \u0131\u015f\u0131kl\u0131 trimler ve metalik kuma\u015flar da ekleniyor. B\u00f6ylelikle parlak ve dikkat \u00e7ekici g\u00f6r\u00fcn\u00fcm\u00fcn \u00e7ok daha fazla olmas\u0131 sa\u011flan\u0131yor. E\u011flenceli ve estetik g\u00f6r\u00fcn\u00fcm vadeden ayakkab\u0131lar aras\u0131nda sportif modeller kadar botlar da bulunuyor. D\u00f6rt mevsim \u0131\u015f\u0131k sa\u00e7an ayakkab\u0131lar\u0131yla \u00e7ocuklar\u0131 e\u011flenceli bir stile kavu\u015fturan \u0131\u015f\u0131kl\u0131 tasar\u0131mlar\u0131 daha yak\u0131ndan tan\u0131mak ister misin?\u00a0<\/span><\/p>\n<h2><span style=\"font-weight: 400;\">I\u015f\u0131kl\u0131 Ayakkab\u0131 Nedir?<\/span><\/h2>\n<p><span style=\"font-weight: 400;\">I\u015f\u0131kl\u0131 ayakkab\u0131lar ad\u0131n\u0131 tabanlar\u0131na yerle\u015ftirilen led \u0131\u015f\u0131kl\u0131 panellerden al\u0131yor. Tasar\u0131mlar\u0131n yan ve arka k\u0131s\u0131mlar\u0131na yerle\u015ftirilen \u0131\u015f\u0131klar, her ad\u0131mda \u00e7evreyi hafif\u00e7e ayd\u0131nlat\u0131yor. I\u015f\u0131kl\u0131 ayakkab\u0131lar\u0131n ilk modelleri g\u00fcn\u00fcm\u00fczden onlarca y\u0131l \u00f6ncesine uzan\u0131yor. \u0130lk tasar\u0131mlar yaln\u0131zca beyaz \u0131\u015f\u0131klar sunarken g\u00fcn\u00fcm\u00fczde; mor, pembe, sar\u0131 gibi farkl\u0131 renklerde \u0131\u015f\u0131kland\u0131rma ayakkab\u0131larda kullan\u0131labiliyor. Hatta kimi modellerde yer alan sens\u00f6rler sayesinde \u0131\u015f\u0131klar ayak hareketlerine senkronize bir \u015fekilde parl\u0131yor. B\u00f6ylece oyun oynarken, dans s\u0131ras\u0131nda \u00e7ocuklar hareketlerini \u0131\u015f\u0131klar\u0131n esteti\u011fi ile s\u00fcsl\u00fcyor. I\u015f\u0131klar\u0131n yanma ritmi, s\u00fcresi de kullan\u0131c\u0131lar taraf\u0131ndan kolayl\u0131kla de\u011fi\u015ftirilebiliyor. Ad\u0131mlar\u0131n\u0131n ritminde, dansa uygun stillerde, h\u0131zl\u0131 veya yava\u015f yanan \u0131\u015f\u0131klar, rengarenk ve dinamik bir tarz\u0131 \u00e7ocuklara arma\u011fan ediyor. S\u00fcrekli yanan \u0131\u015f\u0131klar\u0131n yerini teknolojinin geli\u015fmesiyle a\u00e7\u0131p kapanabilen d\u00fc\u011fmeli \u0131\u015f\u0131klar al\u0131yor.\u00a0<\/span><\/p>\n<figure id=\"attachment_1145\" aria-describedby=\"caption-attachment-1145\" style=\"width: 828px\" class=\"wp-caption aligncenter\"><img decoding=\"async\" loading=\"lazy\" class=\"size-full wp-image-1145\" src=\"https:\/\/www.skechers.com.tr\/blog\/wp-content\/uploads\/2021\/01\/isikli-ayakkabi-2.gif\" alt=\"I\u015f\u0131kl\u0131 Ayakkab\u0131 Nedir?\" width=\"828\" height=\"450\" \/><figcaption id=\"caption-attachment-1145\" class=\"wp-caption-text\">I\u015f\u0131kl\u0131 Ayakkab\u0131 Nedir?<\/figcaption><\/figure>\n<h3><span style=\"font-weight: 400;\">K\u0131z \u00c7ocuk ve Erkek \u00c7ocuk I\u015f\u0131kl\u0131 Ayakkab\u0131lar<\/span><\/h3>\n<p><a href=\"https:\/\/www.skechers.com.tr\/kiz-cocuk-isikli-ayakkabilar-c-3003?utm_source=blog&amp;utm_medium=content&amp;utm_campaign=isikli-ayakkabi-alirken-nelere-dikkat-edilmelidir&amp;utm_term=3003\"><span style=\"font-weight: 400;\">K\u0131z \u00e7ocuk \u0131\u015f\u0131kl\u0131 ayakkab\u0131<\/span><\/a><span style=\"font-weight: 400;\"> tasar\u0131mlar\u0131nda pembe, beyaz renkler s\u0131kl\u0131kla kullan\u0131l\u0131yor. <\/span><a href=\"https:\/\/www.skechers.com.tr\/erkek-cocuk-isikli-ayakkabilar-c-3103?utm_source=blog&amp;utm_medium=content&amp;utm_campaign=isikli-ayakkabi-alirken-nelere-dikkat-edilmelidir&amp;utm_term=3103\"><span style=\"font-weight: 400;\">Erkek \u00e7ocuk \u0131\u015f\u0131kl\u0131 ayakkab\u0131<\/span><\/a><span style=\"font-weight: 400;\"> modelleri ise k\u0131rm\u0131z\u0131, mavi, ye\u015fil gibi tonlarla heyecan verici g\u00f6r\u00fcn\u00fcme kavu\u015fuyor. \u00c7ocuklar ayakkab\u0131lar\u0131n\u0131 oyunda, okulda, yazl\u0131kta diledikleri her yerde rahatl\u0131kla giyiyor. Y\u0131l\u0131n trendlerine uygun \u015f\u0131k tasar\u0131mlar, \u0131\u015f\u0131klarla sezonun en haval\u0131 \u00e7ocu\u011funu i\u015faret ediyor. Birbirinden \u015f\u0131k \u0131\u015f\u0131kl\u0131 ayakkab\u0131lar sayesinde, \u00e7ocuklar\u0131n d\u0131\u015far\u0131 \u00e7\u0131kmaya ve ayakkab\u0131 giymeye kar\u015f\u0131 olan direnci sona eriyor. \u00c7ocuklar \u0131\u015f\u0131kl\u0131 ayakkab\u0131lar\u0131yla gezmeye, onlarla oyun oynamaya bay\u0131l\u0131yor.\u00a0<\/span><\/p>\n<h3><span style=\"font-weight: 400;\">I\u015f\u0131kl\u0131 Ayakkab\u0131lar \u015earj edilir mi?<\/span><\/h3>\n<p><span style=\"font-weight: 400;\">I\u015f\u0131kl\u0131 ayakkab\u0131lar\u0131n hem pilli hem de \u015farjl\u0131 alternatifleri bulunabiliyor. G\u00fc\u00e7 sistemi, \u00e7al\u0131\u015fma prensipleri modellere g\u00f6re de\u011fi\u015fiklik g\u00f6steriyor. \u015earjl\u0131 ayakkab\u0131lar\u0131n bataryas\u0131 bitti\u011finde ayakkab\u0131 taban\u0131nda yer alan USB port \u00fczerinden \u015farj ediliyor. Adapt\u00f6r \u00fczerinden herhangi bir prize tak\u0131larak \u015farja haz\u0131r hale gelen ayakkab\u0131lar\u0131n g\u00fcc\u00fcn\u00fc doldurman\u0131n telefon \u015farj etmekten pek fark\u0131 bulunmuyor. Birka\u00e7 saat i\u00e7inde h\u0131zla \u015farj olan ayakkab\u0131lar, bataryas\u0131 doldu\u011funda fi\u015ften \u00e7ekilerek yeniden giyilebiliyor. Enerji dolu \u00e7ocuklar\u0131n e\u011flenceli yol arkada\u015f\u0131 olan tasar\u0131mlar, ad\u0131m ad\u0131m, t\u00fcm g\u00fcc\u00fcyle, onlara e\u015flik ediyor.\u00a0<\/span><\/p>\n<figure id=\"attachment_1147\" aria-describedby=\"caption-attachment-1147\" style=\"width: 828px\" class=\"wp-caption aligncenter\"><img decoding=\"async\" loading=\"lazy\" class=\"size-full wp-image-1147\" src=\"https:\/\/www.skechers.com.tr\/blog\/wp-content\/uploads\/2021\/01\/isikli-ayakkabi-4.gif\" alt=\"I\u015f\u0131kl\u0131 Ayakkab\u0131lar \u015earj edilir mi?\" width=\"828\" height=\"450\" \/><figcaption id=\"caption-attachment-1147\" class=\"wp-caption-text\">I\u015f\u0131kl\u0131 Ayakkab\u0131lar \u015earj edilir mi?<\/figcaption><\/figure>\n<h3><span style=\"font-weight: 400;\">I\u015f\u0131kl\u0131 Ayakkab\u0131 Se\u00e7erken Nelere Dikkat Edilmelidir?<\/span><\/h3>\n<p><span style=\"font-weight: 400;\">I\u015f\u0131kl\u0131 ayakkab\u0131 se\u00e7erken dikkat edilmesi gereken baz\u0131 noktalar bulunuyor. Ebeveynler \u00e7ocuklar\u0131 i\u00e7in se\u00e7ecekleri ayakkab\u0131lar\u0131n detaylar\u0131na \u00f6zen g\u00f6stererek kolayl\u0131kla do\u011fru se\u00e7imi yapabiliyor.\u00a0<\/span><\/p>\n<ul>\n<li style=\"font-weight: 400;\" aria-level=\"1\"><span style=\"font-weight: 400;\">I\u015f\u0131kl\u0131 \u00e7ocuk ayakkab\u0131lar\u0131n\u0131n kalite belgeleri tam olmal\u0131. I\u015f\u0131kl\u0131 ayakkab\u0131 \u00fcretimi konusunda deneyimli ve d\u00fcnyadaki kalite standartlar\u0131n\u0131 kar\u015f\u0131layan markalar aras\u0131ndan se\u00e7im yap\u0131lmal\u0131. I\u015f\u0131kl\u0131 ayakkab\u0131da ilklerin markas\u0131 olan Skechers, d\u00fcnyadaki standartlar\u0131 kar\u015f\u0131layan ayakkab\u0131lar\u0131yla \u0131\u015f\u0131kl\u0131 ayakkab\u0131da ilk tercih olmaya devam ediyor. D\u00fcnyan\u0131n d\u00f6rt bir yan\u0131ndaki y\u00fczbinlerce \u00e7ocuk, \u0131\u015f\u0131kl\u0131 ayakkab\u0131da Skechers kalitesini se\u00e7iyor.\u00a0<\/span><\/li>\n<li style=\"font-weight: 400;\" aria-level=\"1\"><span style=\"font-weight: 400;\">Ayakkab\u0131lar\u0131n hafif olmas\u0131na, g\u00fc\u00e7 panellerinin \u00e7ocuklar\u0131n ayaklar\u0131na ekstra a\u011f\u0131rl\u0131k yapmamas\u0131na \u00f6zen g\u00f6stermek gerekiyor.\u00a0<\/span><\/li>\n<li style=\"font-weight: 400;\" aria-level=\"1\"><span style=\"font-weight: 400;\">E\u011fer \u00e7ocu\u011fun bas\u0131\u015f problemi varsa, <\/span><a href=\"https:\/\/www.skechers.com.tr\/arch-fit-c-4017?utm_source=blog&amp;utm_medium=content&amp;utm_campaign=isikli-ayakkabi-alirken-nelere-dikkat-edilmelidir&amp;utm_term=4017\"><span style=\"font-weight: 400;\">ortopedik ayakkab\u0131<\/span><\/a><span style=\"font-weight: 400;\"> alternatiflerine y\u00f6nelmek tavsiye ediliyor.\u00a0<\/span><\/li>\n<li style=\"font-weight: 400;\" aria-level=\"1\"><span style=\"font-weight: 400;\">I\u015f\u0131kl\u0131 ayakkab\u0131lar, genellikle \u00e7ocuklara g\u00fcn boyu e\u015flik ediyor. \u00c7ocuklar\u0131n ayaklar\u0131ndan \u00e7\u0131karmak istemedi\u011fi modeller, uzun s\u00fcre ayakta kald\u0131\u011f\u0131 i\u00e7in nefes ald\u0131\u011f\u0131ndan emin olunmas\u0131 gerekli g\u00f6r\u00fcl\u00fcyor. Ayakkab\u0131n\u0131n i\u00e7 taban\u0131n\u0131n konfor sa\u011flamas\u0131 \u00f6nem arz ediyor.\u00a0<\/span><\/li>\n<li style=\"font-weight: 400;\" aria-level=\"1\"><span style=\"font-weight: 400;\">\u00c7ocuklar \u0131\u015f\u0131kl\u0131 tasar\u0131mlar\u0131 oyun oynarken giymeyi seviyor. Tasar\u0131mlar\u0131n oyun esnas\u0131nda yap\u0131lacak sert hareketlere kar\u015f\u0131 ayaklar\u0131 korumas\u0131 \u00f6nem ta\u015f\u0131yor. Orta taban desteklerine, \u015fok emici \u00f6zelliklere bakarak se\u00e7im yap\u0131labiliyor.\u00a0<\/span><\/li>\n<li style=\"font-weight: 400;\" aria-level=\"1\"><span style=\"font-weight: 400;\">\u015e\u0131k ve haval\u0131 g\u00f6r\u00fcn\u00fcm arzu eden \u00e7ocuklar \u0131\u015f\u0131kl\u0131 ayakkab\u0131lar\u0131n\u0131n okula giderken kulland\u0131klar\u0131<\/span><a href=\"https:\/\/www.skechers.com.tr\/cocuk-sirt-cantasi-c-3202?utm_source=blog&amp;utm_medium=content&amp;utm_campaign=isikli-ayakkabi-alirken-nelere-dikkat-edilmelidir&amp;utm_term=3202\"><span style=\"font-weight: 400;\"> \u00e7ocuk s\u0131rt \u00e7antas\u0131 <\/span><\/a><span style=\"font-weight: 400;\">ve <\/span><a href=\"https:\/\/www.skechers.com.tr\/ceketler-ve-montlar-c-6105?utm_source=blog&amp;utm_medium=content&amp;utm_campaign=isikli-ayakkabi-alirken-nelere-dikkat-edilmelidir&amp;utm_term=6105\"><span style=\"font-weight: 400;\">spor mont<\/span><\/a><span style=\"font-weight: 400;\"> ile uyumlu olmas\u0131n\u0131 bekliyor. \u00d6zellikle \u00e7ocuklar i\u00e7in hediye al\u0131yorsan, onlar\u0131n d\u0131\u015f giyimlerine, \u00e7antalar\u0131na ve okul k\u0131yafetlerine uygun se\u00e7enekleri \u00f6n plana almal\u0131s\u0131n.\u00a0<\/span><\/li>\n<\/ul>\n<figure id=\"attachment_1146\" aria-describedby=\"caption-attachment-1146\" style=\"width: 828px\" class=\"wp-caption aligncenter\"><img decoding=\"async\" loading=\"lazy\" class=\"size-full wp-image-1146\" src=\"https:\/\/www.skechers.com.tr\/blog\/wp-content\/uploads\/2021\/01\/isikli-ayakkabi-3.gif\" alt=\"Skechers I\u015f\u0131kl\u0131 Ayakkab\u0131 \u00d6zellikleri Nelerdir?\" width=\"828\" height=\"408\" \/><figcaption id=\"caption-attachment-1146\" class=\"wp-caption-text\">Skechers I\u015f\u0131kl\u0131 Ayakkab\u0131 \u00d6zellikleri Nelerdir?<\/figcaption><\/figure>\n<h3><span style=\"font-weight: 400;\">Skechers I\u015f\u0131kl\u0131 Ayakkab\u0131 \u00d6zellikleri Nelerdir?<\/span><\/h3>\n<p><span style=\"font-weight: 400;\">Skechers\u2019\u0131n \u0131\u015f\u0131kl\u0131 ayakkab\u0131lar\u0131, sundu\u011fu onlarca se\u00e7enekle her zevke uygun bir alternatif olu\u015fturuyor. \u00c7ocuklar i\u00e7in tasarlanan modellerde, onlar\u0131n ilgisini \u00e7eken kalp, y\u0131ld\u0131z, fiyonk ve alev desenleri, s\u0131k s\u0131k kullan\u0131l\u0131yor. I\u015f\u0131klar\u0131n yans\u0131mas\u0131n\u0131 art\u0131rmak ve parlakl\u0131k etkisini peki\u015ftirmek i\u00e7in Skechers modellerinde metalik eklentiler, renkli trimler kendine bolca yer buluyor. Skechers\u2019\u0131n \u00f6zel tasarlad\u0131\u011f\u0131 oyma tabanlar i\u00e7inde rengarenk led \u0131\u015f\u0131klar\u0131 saklarken, \u0131\u015f\u0131k yanmad\u0131\u011f\u0131nda bile ayakkab\u0131lar olduk\u00e7a dikkat \u00e7ekici ve \u015f\u0131k g\u00f6r\u00fcn\u00fcyor.<\/span><\/p>\n<ul>\n<li style=\"font-weight: 400;\" aria-level=\"1\"><span style=\"font-weight: 400;\">Skechers, markas\u0131yla \u00f6zde\u015fle\u015fen konfor \u00f6zelliklerini \u0131\u015f\u0131kl\u0131 tasar\u0131mlarda da sergiliyor. Ayakkab\u0131lar; konforlu i\u00e7 tabanlar\u0131, ayaklar\u0131 nazik\u00e7e saran yast\u0131klama sistemi, dayan\u0131kl\u0131 sayas\u0131 ve taban destekleriyle, s\u0131radan \u0131\u015f\u0131kl\u0131 ayakkab\u0131lardan \u00e7ok daha rahat hissettiriyor.\u00a0<\/span><\/li>\n<li style=\"font-weight: 400;\" aria-level=\"1\"><span style=\"font-weight: 400;\">Uzun \u00f6m\u00fcrl\u00fc ve \u015f\u0131k ayakkab\u0131lar, y\u00fcksek yer tutu\u015f vadediyor.<\/span><\/li>\n<li style=\"font-weight: 400;\" aria-level=\"1\"><span style=\"font-weight: 400;\">Skechers\u2019\u0131n hi\u00e7bir modelinde, \u00e7ocuk sa\u011fl\u0131\u011f\u0131 i\u00e7in zararl\u0131 olan herhangi bir madde kullan\u0131lm\u0131yor.\u00a0<\/span><\/li>\n<li style=\"font-weight: 400;\" aria-level=\"1\"><span style=\"font-weight: 400;\">Kolay giyip \u00e7\u0131kar\u0131lan erkek ve k\u0131z \u00e7ocuk ayakkab\u0131lar\u0131, \u00e7ocuklar\u0131n kendilerini iyi hissetmesi i\u00e7in bir ayakkab\u0131dan beklenen t\u00fcm \u00f6zellikleri ta\u015f\u0131yor. Genellikle k\u00fc\u00e7\u00fck ya\u015f grubu i\u00e7in olan modellerde c\u0131rt c\u0131rt bantlarla tamamlan\u0131yor. \u00c7ocuklar c\u0131rt bantlar sayesinde ayakkab\u0131lar\u0131 kolayl\u0131kla giyip \u00e7\u0131karabiliyor. Ayakkab\u0131lar\u0131n numaras\u0131 ve uygun oldu\u011fu ya\u015f b\u00fcy\u00fcd\u00fck\u00e7e c\u0131rt bantlar, yerini ba\u011fc\u0131klara b\u0131rak\u0131yor.<\/span><\/li>\n<li style=\"font-weight: 400;\" aria-level=\"1\"><span style=\"font-weight: 400;\">B\u00fcy\u00fck numaral\u0131 \u0131\u015f\u0131kl\u0131 ayakkab\u0131lar, \u00e7ocuk koleksiyonunda yer alsa da yeti\u015fkinler taraf\u0131ndan da giyilebiliyor.\u00a0<\/span><\/li>\n<li style=\"font-weight: 400;\" aria-level=\"1\"><span style=\"font-weight: 400;\">\u00c7ocuklar\u0131n kendilerini rahat hissedebilmesi i\u00e7in tasarlanan detaylarla, \u0131\u015f\u0131kl\u0131 ayakkab\u0131 modellerinde de <\/span><a href=\"https:\/\/www.skechers.com.tr\/blog\/ayak-sagligi\/\"><span style=\"font-weight: 400;\">ayak sa\u011fl\u0131\u011f\u0131 <\/span><\/a><span style=\"font-weight: 400;\">g\u00f6zetiliyor. I\u015f\u0131kl\u0131 modeller, hafif led \u0131\u015f\u0131klar ve \u0131\u015f\u0131k panelleriyle tamamland\u0131\u011f\u0131 i\u00e7in \u0131\u015f\u0131klar\u0131n ekstra bir a\u011f\u0131rl\u0131k yapmas\u0131ndan s\u00f6z edilmiyor.<\/span><\/li>\n<li style=\"font-weight: 400;\" aria-level=\"1\"><span style=\"font-weight: 400;\">\u00dcr\u00fcnler, kullan\u0131m \u015fartlar\u0131na uyuldu\u011fu s\u00fcrece herhangi bir g\u00fcvenlik sorunu olu\u015fturmuyor. Tasar\u0131mlar\u0131n g\u00fc\u00e7 sistemi ayakkab\u0131n\u0131n taban b\u00f6l\u00fcm\u00fcnden ge\u00e7iyor ve \u00e7ocuklar\u0131n ula\u015famayaca\u011f\u0131 \u015fekilde tasarlan\u0131yor. Modellere g\u00f6re de\u011fi\u015fse de, g\u00fc\u00e7 d\u00fc\u011fmeleri ise genellikle ayakkab\u0131n\u0131n i\u00e7 taban\u0131nda veya dil k\u0131sm\u0131nda yer al\u0131yor. \u00c7ok k\u00fc\u00e7\u00fck \u00e7ocuklar i\u00e7in haz\u0131rlanan tasar\u0131mlarda genellikle g\u00fc\u00e7 d\u00fc\u011fmesine yer verilmiyor. Bir\u00e7ok testten ge\u00e7erek sunulan tasar\u0131mlar, kullan\u0131c\u0131lar\u0131n g\u00fcvenini hak ediyor. <\/span><a href=\"https:\/\/www.skechers.com.tr\/blog\/skechers-ayakkabi-garantisi\/\"><span style=\"font-weight: 400;\">Skechers ayakkab\u0131 garantisi <\/span><\/a><span style=\"font-weight: 400;\">de ebeveynlere g\u00fcven veriyor.\u00a0<\/span><\/li>\n<\/ul>\n<h3><span style=\"font-weight: 400;\">Skechers I\u015f\u0131kl\u0131 Ayakkab\u0131 ve Botlar<\/span><\/h3>\n<p><span style=\"font-weight: 400;\">Skechers\u2019\u0131n k\u0131\u015fl\u0131k bot koleksiyonunda da \u0131\u015f\u0131kl\u0131 alternatifler g\u00f6ze \u00e7arp\u0131yor. I\u015f\u0131kl\u0131 botlar, bug\u00fcne dek geli\u015ftirilmi\u015f en ileri teknolojiyi ta\u015f\u0131yor. Ayakkab\u0131lar\u0131n \u0131\u015f\u0131klar\u0131 11 farkl\u0131 \u015fekilde yanabiliyor. K\u0131rm\u0131z\u0131dan mora farkl\u0131 bir\u00e7ok renkte parlayan ayakkab\u0131lar\u0131n ritmi, yan\u0131p s\u00f6nme h\u0131z\u0131 de\u011fi\u015febiliyor. \u00c7ocuklar kendilerini rengarenk bir \u015f\u00f6lenin i\u00e7inde bulurken, ayakkab\u0131lar\u0131n \u015farj\u0131 ortalama 5-6 saat yetiyor. K\u0131\u015fl\u0131k botlar, ayaklar\u0131 s\u0131cac\u0131k tutarken bir yandan da e\u011flence sa\u011flayarak \u00e7ocuklar i\u00e7in m\u00fckemmel bir alternatif haline geliyor. Skechers, hem okul \u00f6ncesi hem de okul d\u00f6nemi i\u00e7in tasarlad\u0131\u011f\u0131 ayakkab\u0131 ve botlarla, \u00e7ocuklar\u0131 kendi masallar\u0131n\u0131n prens ve prensesleri olmaya davet ediyor.\u00a0<\/span><\/p>\n<p><span style=\"font-weight: 400;\">Skechers \u0131\u015f\u0131kl\u0131 ayakkab\u0131lar\u0131n\u0131n temizlenmesi de \u00e7ok kolay. Skechers ayakkab\u0131 temizleyici sprey yard\u0131m\u0131yla \u0131\u015f\u0131kl\u0131 tasar\u0131mlar h\u0131zla kirden, tozdan ar\u0131nd\u0131r\u0131l\u0131yor. Y\u00fczeyler bezle silinirken geriye temiz ve \u015f\u0131k ayakkab\u0131lar kal\u0131yor. I\u015f\u0131kl\u0131 modellerin kesinlikle \u00e7ama\u015f\u0131r makinesinde y\u0131kanmamas\u0131 \u00f6neriliyor. E\u011fer ayakkab\u0131larda k\u00f6t\u00fc koku olu\u015fursa temizlemek i\u00e7in Skechers yard\u0131m\u0131na ko\u015fuyor. Skechers k\u00f6t\u00fc koku giderici sprey sayesinde ayakkab\u0131lar yanl\u0131\u015f kullan\u0131m sonucu olu\u015fan k\u00f6t\u00fc kokudan k\u0131sa s\u00fcrede temizleniyor. Ayakkab\u0131lar\u0131 bir g\u00fcn giyip bir g\u00fcn havaland\u0131rmak, olas\u0131 k\u00f6t\u00fc kokular\u0131n \u00f6n\u00fcne ge\u00e7iyor. <\/span><a href=\"https:\/\/www.skechers.com.tr\/blog\/ayakkabi-kokusu-nasil-giderilir\/\"><span style=\"font-weight: 400;\">Ayakkab\u0131 kokusu nas\u0131l giderilir <\/span><\/a><span style=\"font-weight: 400;\">detaylar\u0131yla \u00f6\u011frenmek i\u00e7in blog yaz\u0131m\u0131z\u0131 okuyabilirsin.\u00a0<\/span><span style=\"font-weight: 400;\">Sen de diledi\u011fin \u0131\u015f\u0131kl\u0131 Skechers ayakkab\u0131y\u0131 se\u00e7erek \u00e7ocuklar\u0131na g\u00fczel bir hediye alabilirsin. E\u011fer <\/span><a href=\"https:\/\/www.skechers.com.tr\/blog\/skechers-deforme-oluyor-mu\/\"><span style=\"font-weight: 400;\">Skechers deforme oluyor mu?<\/span><\/a><span style=\"font-weight: 400;\"> gibi sorular\u0131n varsa, yan\u0131tlar\u0131na yaz\u0131m\u0131zdan ula\u015fabilirsin.\u00a0<\/span><\/p>\n","protected":false},"excerpt":{"rendered":"<p>I\u015f\u0131kl\u0131 ayakkab\u0131 modelleri, tabanlar\u0131ndaki led ayd\u0131nlatmalarla di\u011fer ayakkab\u0131lardan ayr\u0131l\u0131yor. Renk renk \u0131\u015f\u0131klarla donat\u0131lan tasar\u0131mlar, \u00f6zellikle \u00e7ocuk ayakkab\u0131lar\u0131nda kullan\u0131l\u0131yor. Son y\u0131llarda \u0131\u015f\u0131kl\u0131 tabanlara renkli \u0131\u015f\u0131kl\u0131 trimler ve metalik kuma\u015flar da ekleniyor. B\u00f6ylelikle parlak ve dikkat \u00e7ekici g\u00f6r\u00fcn\u00fcm\u00fcn \u00e7ok daha fazla olmas\u0131 sa\u011flan\u0131yor. E\u011flenceli ve estetik g\u00f6r\u00fcn\u00fcm vadeden ayakkab\u0131lar aras\u0131nda sportif modeller kadar botlar da bulunuyor. D\u00f6rt [&hellip;]<\/p>\n","protected":false},"author":1,"featured_media":1144,"comment_status":"open","ping_status":"open","sticky":false,"template":"","format":"standard","meta":[],"categories":[26],"tags":[],"yoast_head":"<!-- This site is optimized with the Yoast SEO plugin v18.5.1 - https:\/\/yoast.com\/wordpress\/plugins\/seo\/ -->\n<title>I\u015f\u0131kl\u0131 Ayakkab\u0131 Al\u0131rken Nelere Dikkat Edilmelidir? - Skechers Blog<\/title>\n<meta name=\"description\" content=\"I\u015f\u0131kl\u0131 ayakkab\u0131 al\u0131rken nelere dikkat edilmelidir, \u0131\u015f\u0131kl\u0131 ayakkab\u0131 nedir ve nas\u0131l se\u00e7ilir gibi t\u00fcm sorular\u0131n Skechers Blog&#039;ta yan\u0131tlan\u0131yor.\" \/>\n<meta name=\"robots\" content=\"index, follow, max-snippet:-1, max-image-preview:large, max-video-preview:-1\" \/>\n<link rel=\"canonical\" href=\"https:\/\/www.skechers.com.tr\/blog\/isikli-ayakkabi-alirken-nelere-dikkat-edilmelidir\/\" \/>\n<meta property=\"og:locale\" content=\"tr_TR\" \/>\n<meta property=\"og:type\" content=\"article\" \/>\n<meta property=\"og:title\" content=\"I\u015f\u0131kl\u0131 Ayakkab\u0131 Al\u0131rken Nelere Dikkat Edilmelidir? - Skechers Blog\" \/>\n<meta property=\"og:description\" content=\"I\u015f\u0131kl\u0131 ayakkab\u0131 al\u0131rken nelere dikkat edilmelidir, \u0131\u015f\u0131kl\u0131 ayakkab\u0131 nedir ve nas\u0131l se\u00e7ilir gibi t\u00fcm sorular\u0131n Skechers Blog&#039;ta yan\u0131tlan\u0131yor.\" \/>\n<meta property=\"og:url\" content=\"https:\/\/www.skechers.com.tr\/blog\/isikli-ayakkabi-alirken-nelere-dikkat-edilmelidir\/\" \/>\n<meta property=\"og:site_name\" content=\"Skechers Blog\" \/>\n<meta property=\"article:published_time\" content=\"2021-02-05T13:07:16+00:00\" \/>\n<meta property=\"article:modified_time\" content=\"2021-09-07T19:47:29+00:00\" \/>\n<meta property=\"og:image\" content=\"https:\/\/www.skechers.com.tr\/blog\/wp-content\/uploads\/2021\/01\/isikli-ayakkabi1.gif\" \/>\n\t<meta property=\"og:image:width\" content=\"828\" \/>\n\t<meta property=\"og:image:height\" content=\"440\" \/>\n\t<meta property=\"og:image:type\" content=\"image\/gif\" \/>\n<meta name=\"twitter:card\" content=\"summary_large_image\" \/>\n<meta name=\"twitter:label1\" content=\"Yazan:\" \/>\n\t<meta name=\"twitter:data1\" content=\"Skechers T\u00fcrkiye\" \/>\n\t<meta name=\"twitter:label2\" content=\"Tahmini okuma s\u00fcresi\" \/>\n\t<meta name=\"twitter:data2\" content=\"8 dakika\" \/>\n<script type=\"application\/ld+json\" class=\"yoast-schema-graph\">{\"@context\":\"https:\/\/schema.org\",\"@graph\":[{\"@type\":\"WebSite\",\"@id\":\"https:\/\/www.skechers.com.tr\/blog\/#website\",\"url\":\"https:\/\/www.skechers.com.tr\/blog\/\",\"name\":\"Skechers Blog\",\"description\":\"Skechers\",\"potentialAction\":[{\"@type\":\"SearchAction\",\"target\":{\"@type\":\"EntryPoint\",\"urlTemplate\":\"https:\/\/www.skechers.com.tr\/blog\/?s={search_term_string}\"},\"query-input\":\"required name=search_term_string\"}],\"inLanguage\":\"tr\"},{\"@type\":\"ImageObject\",\"@id\":\"https:\/\/www.skechers.com.tr\/blog\/isikli-ayakkabi-alirken-nelere-dikkat-edilmelidir\/#primaryimage\",\"inLanguage\":\"tr\",\"url\":\"https:\/\/www.skechers.com.tr\/blog\/wp-content\/uploads\/2021\/01\/isikli-ayakkabi1.gif\",\"contentUrl\":\"https:\/\/www.skechers.com.tr\/blog\/wp-content\/uploads\/2021\/01\/isikli-ayakkabi1.gif\",\"width\":828,\"height\":440,\"caption\":\"I\u015f\u0131kl\u0131 Ayakkab\u0131 Al\u0131rken Nelere Dikkat Edilmelidir?\"},{\"@type\":\"WebPage\",\"@id\":\"https:\/\/www.skechers.com.tr\/blog\/isikli-ayakkabi-alirken-nelere-dikkat-edilmelidir\/#webpage\",\"url\":\"https:\/\/www.skechers.com.tr\/blog\/isikli-ayakkabi-alirken-nelere-dikkat-edilmelidir\/\",\"name\":\"I\u015f\u0131kl\u0131 Ayakkab\u0131 Al\u0131rken Nelere Dikkat Edilmelidir? - Skechers Blog\",\"isPartOf\":{\"@id\":\"https:\/\/www.skechers.com.tr\/blog\/#website\"},\"primaryImageOfPage\":{\"@id\":\"https:\/\/www.skechers.com.tr\/blog\/isikli-ayakkabi-alirken-nelere-dikkat-edilmelidir\/#primaryimage\"},\"datePublished\":\"2021-02-05T13:07:16+00:00\",\"dateModified\":\"2021-09-07T19:47:29+00:00\",\"author\":{\"@id\":\"https:\/\/www.skechers.com.tr\/blog\/#\/schema\/person\/6d09a0595696524814757d23d22b4c33\"},\"description\":\"I\u015f\u0131kl\u0131 ayakkab\u0131 al\u0131rken nelere dikkat edilmelidir, \u0131\u015f\u0131kl\u0131 ayakkab\u0131 nedir ve nas\u0131l se\u00e7ilir gibi t\u00fcm sorular\u0131n Skechers Blog'ta yan\u0131tlan\u0131yor.\",\"breadcrumb\":{\"@id\":\"https:\/\/www.skechers.com.tr\/blog\/isikli-ayakkabi-alirken-nelere-dikkat-edilmelidir\/#breadcrumb\"},\"inLanguage\":\"tr\",\"potentialAction\":[{\"@type\":\"ReadAction\",\"target\":[\"https:\/\/www.skechers.com.tr\/blog\/isikli-ayakkabi-alirken-nelere-dikkat-edilmelidir\/\"]}]},{\"@type\":\"BreadcrumbList\",\"@id\":\"https:\/\/www.skechers.com.tr\/blog\/isikli-ayakkabi-alirken-nelere-dikkat-edilmelidir\/#breadcrumb\",\"itemListElement\":[{\"@type\":\"ListItem\",\"position\":1,\"name\":\"I\u015f\u0131kl\u0131 Ayakkab\u0131 Al\u0131rken Nelere Dikkat Edilmelidir?\"}]},{\"@type\":\"Person\",\"@id\":\"https:\/\/www.skechers.com.tr\/blog\/#\/schema\/person\/6d09a0595696524814757d23d22b4c33\",\"name\":\"Skechers T\u00fcrkiye\",\"image\":{\"@type\":\"ImageObject\",\"@id\":\"https:\/\/www.skechers.com.tr\/blog\/#personlogo\",\"inLanguage\":\"tr\",\"url\":\"https:\/\/secure.gravatar.com\/avatar\/0fc2191869a9a020b4606acf264338ae?s=96&d=mm&r=g\",\"contentUrl\":\"https:\/\/secure.gravatar.com\/avatar\/0fc2191869a9a020b4606acf264338ae?s=96&d=mm&r=g\",\"caption\":\"Skechers T\u00fcrkiye\"},\"description\":\"Skechers spor ayakkab\u0131 \u00fcr\u00fcnleri ile rahatl\u0131\u011f\u0131 ve kaliteyi hisset!\"}]}<\/script>\n<!-- \/ Yoast SEO plugin. -->","yoast_head_json":{"title":"I\u015f\u0131kl\u0131 Ayakkab\u0131 Al\u0131rken Nelere Dikkat Edilmelidir? - Skechers Blog","description":"I\u015f\u0131kl\u0131 ayakkab\u0131 al\u0131rken nelere dikkat edilmelidir, \u0131\u015f\u0131kl\u0131 ayakkab\u0131 nedir ve nas\u0131l se\u00e7ilir gibi t\u00fcm sorular\u0131n Skechers Blog'ta yan\u0131tlan\u0131yor.","robots":{"index":"index","follow":"follow","max-snippet":"max-snippet:-1","max-image-preview":"max-image-preview:large","max-video-preview":"max-video-preview:-1"},"canonical":"https:\/\/www.skechers.com.tr\/blog\/isikli-ayakkabi-alirken-nelere-dikkat-edilmelidir\/","og_locale":"tr_TR","og_type":"article","og_title":"I\u015f\u0131kl\u0131 Ayakkab\u0131 Al\u0131rken Nelere Dikkat Edilmelidir? - Skechers Blog","og_description":"I\u015f\u0131kl\u0131 ayakkab\u0131 al\u0131rken nelere dikkat edilmelidir, \u0131\u015f\u0131kl\u0131 ayakkab\u0131 nedir ve nas\u0131l se\u00e7ilir gibi t\u00fcm sorular\u0131n Skechers Blog'ta yan\u0131tlan\u0131yor.","og_url":"https:\/\/www.skechers.com.tr\/blog\/isikli-ayakkabi-alirken-nelere-dikkat-edilmelidir\/","og_site_name":"Skechers Blog","article_published_time":"2021-02-05T13:07:16+00:00","article_modified_time":"2021-09-07T19:47:29+00:00","og_image":[{"width":828,"height":440,"url":"https:\/\/www.skechers.com.tr\/blog\/wp-content\/uploads\/2021\/01\/isikli-ayakkabi1.gif","type":"image\/gif"}],"twitter_card":"summary_large_image","twitter_misc":{"Yazan:":"Skechers T\u00fcrkiye","Tahmini okuma s\u00fcresi":"8 dakika"},"schema":{"@context":"https:\/\/schema.org","@graph":[{"@type":"WebSite","@id":"https:\/\/www.skechers.com.tr\/blog\/#website","url":"https:\/\/www.skechers.com.tr\/blog\/","name":"Skechers Blog","description":"Skechers","potentialAction":[{"@type":"SearchAction","target":{"@type":"EntryPoint","urlTemplate":"https:\/\/www.skechers.com.tr\/blog\/?s={search_term_string}"},"query-input":"required name=search_term_string"}],"inLanguage":"tr"},{"@type":"ImageObject","@id":"https:\/\/www.skechers.com.tr\/blog\/isikli-ayakkabi-alirken-nelere-dikkat-edilmelidir\/#primaryimage","inLanguage":"tr","url":"https:\/\/www.skechers.com.tr\/blog\/wp-content\/uploads\/2021\/01\/isikli-ayakkabi1.gif","contentUrl":"https:\/\/www.skechers.com.tr\/blog\/wp-content\/uploads\/2021\/01\/isikli-ayakkabi1.gif","width":828,"height":440,"caption":"I\u015f\u0131kl\u0131 Ayakkab\u0131 Al\u0131rken Nelere Dikkat Edilmelidir?"},{"@type":"WebPage","@id":"https:\/\/www.skechers.com.tr\/blog\/isikli-ayakkabi-alirken-nelere-dikkat-edilmelidir\/#webpage","url":"https:\/\/www.skechers.com.tr\/blog\/isikli-ayakkabi-alirken-nelere-dikkat-edilmelidir\/","name":"I\u015f\u0131kl\u0131 Ayakkab\u0131 Al\u0131rken Nelere Dikkat Edilmelidir? - Skechers Blog","isPartOf":{"@id":"https:\/\/www.skechers.com.tr\/blog\/#website"},"primaryImageOfPage":{"@id":"https:\/\/www.skechers.com.tr\/blog\/isikli-ayakkabi-alirken-nelere-dikkat-edilmelidir\/#primaryimage"},"datePublished":"2021-02-05T13:07:16+00:00","dateModified":"2021-09-07T19:47:29+00:00","author":{"@id":"https:\/\/www.skechers.com.tr\/blog\/#\/schema\/person\/6d09a0595696524814757d23d22b4c33"},"description":"I\u015f\u0131kl\u0131 ayakkab\u0131 al\u0131rken nelere dikkat edilmelidir, \u0131\u015f\u0131kl\u0131 ayakkab\u0131 nedir ve nas\u0131l se\u00e7ilir gibi t\u00fcm sorular\u0131n Skechers Blog'ta yan\u0131tlan\u0131yor.","breadcrumb":{"@id":"https:\/\/www.skechers.com.tr\/blog\/isikli-ayakkabi-alirken-nelere-dikkat-edilmelidir\/#breadcrumb"},"inLanguage":"tr","potentialAction":[{"@type":"ReadAction","target":["https:\/\/www.skechers.com.tr\/blog\/isikli-ayakkabi-alirken-nelere-dikkat-edilmelidir\/"]}]},{"@type":"BreadcrumbList","@id":"https:\/\/www.skechers.com.tr\/blog\/isikli-ayakkabi-alirken-nelere-dikkat-edilmelidir\/#breadcrumb","itemListElement":[{"@type":"ListItem","position":1,"name":"I\u015f\u0131kl\u0131 Ayakkab\u0131 Al\u0131rken Nelere Dikkat Edilmelidir?"}]},{"@type":"Person","@id":"https:\/\/www.skechers.com.tr\/blog\/#\/schema\/person\/6d09a0595696524814757d23d22b4c33","name":"Skechers T\u00fcrkiye","image":{"@type":"ImageObject","@id":"https:\/\/www.skechers.com.tr\/blog\/#personlogo","inLanguage":"tr","url":"https:\/\/secure.gravatar.com\/avatar\/0fc2191869a9a020b4606acf264338ae?s=96&d=mm&r=g","contentUrl":"https:\/\/secure.gravatar.com\/avatar\/0fc2191869a9a020b4606acf264338ae?s=96&d=mm&r=g","caption":"Skechers T\u00fcrkiye"},"description":"Skechers spor ayakkab\u0131 \u00fcr\u00fcnleri ile rahatl\u0131\u011f\u0131 ve kaliteyi hisset!"}]}},"_links":{"self":[{"href":"https:\/\/www.skechers.com.tr\/blog\/wp-json\/wp\/v2\/posts\/1143"}],"collection":[{"href":"https:\/\/www.skechers.com.tr\/blog\/wp-json\/wp\/v2\/posts"}],"about":[{"href":"https:\/\/www.skechers.com.tr\/blog\/wp-json\/wp\/v2\/types\/post"}],"author":[{"embeddable":true,"href":"https:\/\/www.skechers.com.tr\/blog\/wp-json\/wp\/v2\/users\/1"}],"replies":[{"embeddable":true,"href":"https:\/\/www.skechers.com.tr\/blog\/wp-json\/wp\/v2\/comments?post=1143"}],"version-history":[{"count":6,"href":"https:\/\/www.skechers.com.tr\/blog\/wp-json\/wp\/v2\/posts\/1143\/revisions"}],"predecessor-version":[{"id":2082,"href":"https:\/\/www.skechers.com.tr\/blog\/wp-json\/wp\/v2\/posts\/1143\/revisions\/2082"}],"wp:featuredmedia":[{"embeddable":true,"href":"https:\/\/www.skechers.com.tr\/blog\/wp-json\/wp\/v2\/media\/1144"}],"wp:attachment":[{"href":"https:\/\/www.skechers.com.tr\/blog\/wp-json\/wp\/v2\/media?parent=1143"}],"wp:term":[{"taxonomy":"category","embeddable":true,"href":"https:\/\/www.skechers.com.tr\/blog\/wp-json\/wp\/v2\/categories?post=1143"},{"taxonomy":"post_tag","embeddable":true,"href":"https:\/\/www.skechers.com.tr\/blog\/wp-json\/wp\/v2\/tags?post=1143"}],"curies":[{"name":"wp","href":"https:\/\/api.w.org\/{rel}","templated":true}]}}