{"id":1126,"date":"2020-12-21T14:41:59","date_gmt":"2020-12-21T14:41:59","guid":{"rendered":"https:\/\/www.skechers.com.tr\/blog\/?p=1126"},"modified":"2021-10-20T14:42:57","modified_gmt":"2021-10-20T14:42:57","slug":"neden-ortopedik-ayakkabi-secmeliyiz","status":"publish","type":"post","link":"https:\/\/www.skechers.com.tr\/blog\/neden-ortopedik-ayakkabi-secmeliyiz\/","title":{"rendered":"Neden Ortopedik Ayakkab\u0131 Se\u00e7meliyiz?"},"content":{"rendered":"<p><span style=\"font-weight: 400;\">Ayak anatomisinde sorun olan, bas\u0131\u015f problemi ya\u015fayan ki\u015filer kendilerine uygun ve rahat ayakkab\u0131 bulamamaktan yak\u0131n\u0131yor. Ya\u015f ilerledik\u00e7e, yanl\u0131\u015f ayakkab\u0131 kullanma nedeniyle artan problemler, ya\u015fam kalitesini d\u00fc\u015f\u00fcr\u00fcyor, s\u0131radan bir gezinti bile ki\u015filer i\u00e7in yorucu bir deneyim haline gelebiliyor. Bel, s\u0131rt ve bacaklarda a\u011fr\u0131, ayakta kemik \u00e7\u0131k\u0131nt\u0131lar\u0131 ya\u015fanan problemlerden sadece birka\u00e7\u0131\u2026 A\u011fr\u0131, s\u0131z\u0131 ve rahats\u0131zl\u0131k hissine neden olan problemler, do\u011fru ayakkab\u0131 se\u00e7ilmedi\u011finde daha da art\u0131yor. Y\u0131llar i\u00e7inde k\u00fc\u00e7\u00fck bas\u0131\u015f sorunlar\u0131 bile g\u00f6zle rahatl\u0131kla g\u00f6r\u00fclebilir hal al\u0131yor. Ayak kemerinde, taban\u0131nda bulunan anatomik sorunlara kar\u015f\u0131 konfor sa\u011flayan modeller, sorun ya\u015fayan ki\u015filer i\u00e7in \u00e7\u00f6z\u00fcm oluyor.<a href=\"https:\/\/www.skechers.com.tr\/blog\/ayak-sagligi\/\"> Ayak sa\u011fl\u0131\u011f\u0131<\/a> i\u00e7in olmazsa olmaz bu modeller, ortopedik ayakkab\u0131 ad\u0131yla s\u0131n\u0131fland\u0131r\u0131l\u0131yor.\u00a0<\/span><\/p>\n<h2><b>Ortopedik Ayakkab\u0131 Nedir?<\/b><\/h2>\n<p><span style=\"font-weight: 400;\">Ortopedik ayakkab\u0131lar, aya\u011f\u0131n ta\u015f\u0131y\u0131c\u0131 noktalar\u0131n\u0131 destekleyerek fark yarat\u0131yor. V\u00fccudun ayaklara yapt\u0131\u011f\u0131 bask\u0131y\u0131 yayan, omurgan\u0131n ideal duru\u015funu destekleyen modeller, yanl\u0131\u015f bas\u0131\u015f dolay\u0131s\u0131yla ya\u015fanan yorgunluk, a\u011fr\u0131 ve s\u0131z\u0131 hislerinin hafifletilmesine yard\u0131mc\u0131 oluyor. Di\u011fer ayakkab\u0131lardan daha esnek ve konforlu olan, ayak \u00e7evresini tam saran tasar\u0131mlar, \u00e7ocuklar ve yeti\u015fkinler i\u00e7in farkl\u0131 modeller sunuyor. Ortopedik ayakkab\u0131 gere\u011fi olan ki\u015filer, do\u011fru ayakkab\u0131lar\u0131 se\u00e7erek ya\u015fam kalitelerinin artmas\u0131n\u0131 sa\u011flayabiliyor.\u00a0<\/span><\/p>\n<h3><b>Ortopedik Ayakkab\u0131 Al\u0131rken Nelere Dikkat Edilmelidir?<\/b><\/h3>\n<ul>\n<li style=\"font-weight: 400;\" aria-level=\"1\"><span style=\"font-weight: 400;\">Modellerin esnek olmas\u0131na dikkat edilmesi tavsiye ediliyor.\u00a0<\/span><\/li>\n<li style=\"font-weight: 400;\" aria-level=\"1\"><span style=\"font-weight: 400;\">Modellerin, yeterince nefes alabilmesi ayaklarda mantar gibi enfeksiyonel sorunlar\u0131n \u00f6n\u00fcne ge\u00e7ilmesine yard\u0131mc\u0131 oluyor.\u00a0<\/span><\/li>\n<\/ul>\n<figure id=\"attachment_1129\" aria-describedby=\"caption-attachment-1129\" style=\"width: 828px\" class=\"wp-caption aligncenter\"><img decoding=\"async\" loading=\"lazy\" class=\"size-full wp-image-1129\" src=\"https:\/\/www.skechers.com.tr\/blog\/wp-content\/uploads\/2020\/12\/ortopedik-ayakkabi-nedir.jpg\" alt=\"Ortopedik Ayakkab\u0131 Al\u0131rken Nelere Dikkat Edilmelidir?\" width=\"828\" height=\"552\" srcset=\"https:\/\/www.skechers.com.tr\/blog\/wp-content\/uploads\/2020\/12\/ortopedik-ayakkabi-nedir.jpg 828w, https:\/\/www.skechers.com.tr\/blog\/wp-content\/uploads\/2020\/12\/ortopedik-ayakkabi-nedir-300x200.jpg 300w, https:\/\/www.skechers.com.tr\/blog\/wp-content\/uploads\/2020\/12\/ortopedik-ayakkabi-nedir-768x512.jpg 768w\" sizes=\"(max-width: 828px) 100vw, 828px\" \/><figcaption id=\"caption-attachment-1129\" class=\"wp-caption-text\">Ortopedik Ayakkab\u0131 Al\u0131rken Nelere Dikkat Edilmelidir?<\/figcaption><\/figure>\n<ul>\n<li style=\"font-weight: 400;\" aria-level=\"1\"><span style=\"font-weight: 400;\">Ortopedik ayakkab\u0131lar ayak numaras\u0131na uygun se\u00e7ilmeli. Ayak ba\u015f parma\u011f\u0131yla ayakkab\u0131n\u0131n \u00f6n k\u0131sm\u0131 aras\u0131nda yar\u0131m santimetre kadar bo\u015fluk olmas\u0131 gerekiyor. Yan ve arka k\u0131sm\u0131n ise aya\u011f\u0131 s\u0131kmayacak kadar geni\u015f ancak \u00e7ok bol olmayacak kadar dar olmas\u0131 \u00f6nem arz ediyor. Ne b\u00fcy\u00fck ne de k\u00fc\u00e7\u00fck numaralar almal\u0131s\u0131n. \u00d6zellikle \u00e7ocuklar i\u00e7in ortopedik ayakkab\u0131 se\u00e7ilirken, \u00e7ocu\u011fun daha sonra da giyebilece\u011fi varsay\u0131larak b\u00fcy\u00fck ayakkab\u0131lar al\u0131n\u0131yor. Oysa bu se\u00e7imler, aya\u011f\u0131n desteklenmesini engelledi\u011fi i\u00e7in sorunun artmas\u0131na ve aya\u011fa oturmad\u0131\u011f\u0131 i\u00e7in ayakkab\u0131lar\u0131n daha \u00e7abuk y\u0131pranmas\u0131na neden olabiliyor.\u00a0<\/span><\/li>\n<li style=\"font-weight: 400;\" aria-level=\"1\"><span style=\"font-weight: 400;\">Ortopedik taban bulunduran modeller, ayak ve bacak kaslar\u0131n\u0131n do\u011fru \u015fekilde \u00e7al\u0131\u015fmas\u0131na yard\u0131m ediyor. Ayakkab\u0131 giyildi\u011finde kaslarda zorlanma ya\u015fan\u0131yorsa, bir uzman g\u00f6r\u00fc\u015f\u00fc almak \u00f6neriliyor.\u00a0<\/span><\/li>\n<li style=\"font-weight: 400;\" aria-level=\"1\"><span style=\"font-weight: 400;\">Ayakkab\u0131lar\u0131n\u00a0 nereden al\u0131nd\u0131\u011f\u0131 \u00f6nem ta\u015f\u0131yor. \u00dcr\u00fcn\u00fcn uzman denetimi var m\u0131, nas\u0131l tasarland\u0131, hangi marka taraf\u0131ndan \u00fcretildi ve kalite belgelerine sahip mi gibi sorular\u0131 sat\u0131n alma s\u00fcrecinde \u00fcreticilere sormal\u0131s\u0131n.\u00a0<\/span><\/li>\n<li style=\"font-weight: 400;\" aria-level=\"1\"><span style=\"font-weight: 400;\">Ayakkab\u0131lar\u0131n teknik \u00f6zellikleri se\u00e7im i\u00e7in ana kriter olsa da tasar\u0131m detaylar\u0131n\u0131n da estetik anlay\u0131\u015fa uygun olmas\u0131 tercih ediliyor. Ayakkab\u0131n\u0131n rengi, tasar\u0131m\u0131 zevkini yans\u0131t\u0131yor mu, kolay kombinlenebilir mi inceleyerek se\u00e7imini yapmal\u0131s\u0131n. Farkl\u0131 kombinlerle giyebilece\u011fin kullan\u0131\u015fl\u0131 bir model se\u00e7erek uzun s\u00fcre keyifle \u00fczerinde ta\u015f\u0131yabilirsin.\u00a0<\/span><\/li>\n<li style=\"font-weight: 400;\" aria-level=\"1\"><span style=\"font-weight: 400;\">Ortopedik ayakkab\u0131lar s\u0131k s\u0131k kullan\u0131ld\u0131\u011f\u0131 i\u00e7in modellerin dayan\u0131kl\u0131l\u0131\u011f\u0131, uzun \u00f6m\u00fcrl\u00fc olmas\u0131 ve bak\u0131m\u0131n\u0131n kolayl\u0131\u011f\u0131 se\u00e7im i\u00e7in bir di\u011fer kriteri olu\u015fturuyor. \u00c7ama\u015f\u0131r makinesinde y\u0131kanabilen, kaliteli, dayan\u0131kl\u0131 malzemeden yap\u0131lan ayakkab\u0131lar\u0131n se\u00e7imi kullan\u0131c\u0131lar i\u00e7in avantaj olu\u015fturuyor.\u00a0<\/span><\/li>\n<\/ul>\n<h3><b>Ayak Sa\u011fl\u0131\u011f\u0131 i\u00e7in Ortopedik Ayakkab\u0131\u00a0<\/b><\/h3>\n<p><span style=\"font-weight: 400;\">Ortopedik modeller, medikal ama\u00e7l\u0131 ortaya \u00e7\u0131kt\u0131\u011f\u0131 i\u00e7in ayak sa\u011fl\u0131\u011f\u0131 ve rahat\u0131na uygun alternatifler olarak g\u00f6r\u00fcl\u00fcyor. S\u0131radan bir g\u00fcnl\u00fck ayakkab\u0131 konfor sa\u011flayan detaylar sunsa dahi, ortopedik tasar\u0131mlar aya\u011f\u0131n y\u00fcr\u00fcme paternine uygun \u00f6zel tasar\u0131mlarla farkl\u0131la\u015f\u0131yor. Aya\u011f\u0131n boyutu, bas\u0131\u015f tarz\u0131, taban e\u011frili\u011fi, burun y\u00fcksekli\u011fi, kemer e\u011fimi, kavisi destekleyen i\u00e7 taban gibi detaylara uygun tasar\u0131m, s\u0131radan y\u00fcr\u00fcy\u00fc\u015f ayakkab\u0131s\u0131 modelleri i\u00e7in l\u00fcks g\u00f6r\u00fcl\u00fcrken ortopedik ayakkab\u0131lar i\u00e7in temel gereksinim halini al\u0131yor. \u00d6rne\u011fin<a href=\"https:\/\/www.skechers.com.tr\/erkek-kosu-ayakkabilari-c-2005?utm_source=blog&amp;utm_medium=content&amp;utm_campaign=neden-ortopedik-ayakkabi-secmeliyiz&amp;utm_term=2005\"> ko\u015fu ayakkab\u0131s\u0131<\/a> se\u00e7imi yapan biri, ayakkab\u0131 hakk\u0131nda performans sa\u011flama, enerji d\u00f6n\u00fc\u015f\u00fcm\u00fc, \u015fok emicili\u011fi gibi sorulara yan\u0131t arayabiliyor. Ortopedik ayakkab\u0131larda ise bu beklentiler, aya\u011f\u0131n \u201cnormal ayak taban\u0131\u201d olmamas\u0131na ra\u011fmen rahat edebilmesine d\u00f6n\u00fc\u015f\u00fcyor. Ayak kavisi genel orandan farkl\u0131, bas\u0131\u015f\u0131 i\u00e7e veya d\u0131\u015fa e\u011fimli ki\u015filer, ortopedik ayakkab\u0131 giyerek anatomik bir sorunun hafifletilmesini bekliyor. Bu nedenle ortopedik modeller, ayak sa\u011fl\u0131\u011f\u0131 i\u00e7in destekleyici \u00fcr\u00fcnler olarak kullan\u0131l\u0131yor.\u00a0<\/span><\/p>\n<figure id=\"attachment_1128\" aria-describedby=\"caption-attachment-1128\" style=\"width: 800px\" class=\"wp-caption aligncenter\"><img decoding=\"async\" loading=\"lazy\" class=\"wp-image-1128 size-full\" src=\"https:\/\/www.skechers.com.tr\/blog\/wp-content\/uploads\/2020\/12\/skechers-skechers-womens-arch-fit-big-appeal-14905-1.jpg\" alt=\"Arch Fit \u00d6zellikleri Nelerdir?\" width=\"800\" height=\"650\" srcset=\"https:\/\/www.skechers.com.tr\/blog\/wp-content\/uploads\/2020\/12\/skechers-skechers-womens-arch-fit-big-appeal-14905-1.jpg 800w, https:\/\/www.skechers.com.tr\/blog\/wp-content\/uploads\/2020\/12\/skechers-skechers-womens-arch-fit-big-appeal-14905-1-300x244.jpg 300w, https:\/\/www.skechers.com.tr\/blog\/wp-content\/uploads\/2020\/12\/skechers-skechers-womens-arch-fit-big-appeal-14905-1-768x624.jpg 768w\" sizes=\"(max-width: 800px) 100vw, 800px\" \/><figcaption id=\"caption-attachment-1128\" class=\"wp-caption-text\">Ortopedik Ayakkab\u0131 \u00d6zellikleri Nelerdir?<\/figcaption><\/figure>\n<h3><b>Arch Fit \u00d6zellikleri Nelerdir?<\/b><\/h3>\n<p><span style=\"font-weight: 400;\">Skechers ortopedik ayakkab\u0131 serisi, ayak hastal\u0131klar\u0131 uzmanlar (podiatristler) taraf\u0131ndan tasarlan\u0131yor. Skechers\u2019\u0131n konfor konusunda uzmanla\u015fm\u0131\u015f ekipleri, ayak hastal\u0131klar\u0131 i\u00e7in yap\u0131lan \u00f6zel Ar-Ge \u00e7al\u0131\u015fmalar\u0131nda podiatristlerden destek al\u0131yor. Podiatri sertifikas\u0131 bulunan \u00f6zel ayak kemeri deste\u011fi, her ad\u0131mda kullan\u0131c\u0131lara destek veriyor. \u0130\u00e7 taban formu i\u00e7in 20 y\u0131l\u0131n \u00fczerinde \u00e7al\u0131\u015f\u0131lan ayakkab\u0131lar, 120.000\u2019in \u00fczerindeki ayak \u015feklinin taranmas\u0131yla bug\u00fcnk\u00fc halini al\u0131yor.\u00a0<\/span><\/p>\n<p><span style=\"font-weight: 400;\">Arch Fit, uzman deste\u011fi ve uzun s\u00fcren AR-GE \u00e7al\u0131\u015fmalar\u0131 sayesinde her ayak \u015fekline kusursuz uyum g\u00f6steriyor. Arch Fit ortopedik taban ile a\u011f\u0131rl\u0131k tabana e\u015fit yay\u0131l\u0131rken denge sa\u011flamak kolayla\u015f\u0131yor. Form koruma \u00f6zelli\u011fi de bulunan ayakkab\u0131lar, patent almak i\u00e7in g\u00fcn say\u0131yor.\u00a0<\/span><\/p>\n<p><span style=\"font-weight: 400;\">Arch Fit ayakkab\u0131lar\u0131n hem ba\u011fc\u0131kl\u0131 hem de aya\u011fa ge\u00e7irilebilen, kolay giyilen alternatifleri bulunuyor. Y\u00fcr\u00fcy\u00fc\u015f ve hareket s\u0131ras\u0131nda hafifli\u011fi ile konfor vadeden modeller, ayak taban\u0131n\u0131n her k\u0131sm\u0131n\u0131 m\u00fckemmel \u015fekilde kavrayarak ortopedik ayakkab\u0131lardan beklenen deste\u011fi veriyor.\u00a0<\/span><\/p>\n<figure id=\"attachment_1130\" aria-describedby=\"caption-attachment-1130\" style=\"width: 828px\" class=\"wp-caption aligncenter\"><img decoding=\"async\" loading=\"lazy\" class=\"size-full wp-image-1130\" src=\"https:\/\/www.skechers.com.tr\/blog\/wp-content\/uploads\/2020\/12\/Ayak-Sagligi-icin-Ortopedik-Ayakkabi-.jpg\" alt=\"Ayak Sa\u011fl\u0131\u011f\u0131 i\u00e7in Ortopedik Ayakkab\u0131 \" width=\"828\" height=\"552\" srcset=\"https:\/\/www.skechers.com.tr\/blog\/wp-content\/uploads\/2020\/12\/Ayak-Sagligi-icin-Ortopedik-Ayakkabi-.jpg 828w, https:\/\/www.skechers.com.tr\/blog\/wp-content\/uploads\/2020\/12\/Ayak-Sagligi-icin-Ortopedik-Ayakkabi--300x200.jpg 300w, https:\/\/www.skechers.com.tr\/blog\/wp-content\/uploads\/2020\/12\/Ayak-Sagligi-icin-Ortopedik-Ayakkabi--768x512.jpg 768w\" sizes=\"(max-width: 828px) 100vw, 828px\" \/><figcaption id=\"caption-attachment-1130\" class=\"wp-caption-text\">Ayak Sa\u011fl\u0131\u011f\u0131 i\u00e7in Ortopedik Ayakkab\u0131<\/figcaption><\/figure>\n<h3><b>Ortopedik Ayakkab\u0131 Altl\u0131\u011f\u0131 Nedir, Ne \u0130\u015fe Yarar?<\/b><\/h3>\n<p><span style=\"font-weight: 400;\">Ortopedik tabanl\u0131klar, ayaktaki y\u00fck da\u011f\u0131l\u0131m\u0131n\u0131n normale d\u00f6nmesine yard\u0131mc\u0131 oluyor. Ayakta yer alan tarak kemikleri \u00fczerine fazla bas\u0131n\u00e7 bindi\u011finde sorun bel, s\u0131rt, topuk a\u011fr\u0131lar\u0131 yaratabiliyor. Bas\u0131\u015f problemi ba\u011flant\u0131l\u0131 omurga rahats\u0131zl\u0131klar\u0131n\u0131n yan\u0131nda ba\u015f parmak yan\u0131nda kemik \u00e7\u0131k\u0131nt\u0131s\u0131 da g\u00f6r\u00fclebiliyor.\u00a0<\/span><\/p>\n<p><span style=\"font-weight: 400;\">Kad\u0131nlarda s\u00fcrekli y\u00fcksek topuklu ayakkab\u0131 giymeden veya genetik fakt\u00f6rlerden kaynaklanabilen sorunlara kar\u015f\u0131 uzmanlar bir s\u00fcre ortopedik tabanl\u0131k kullan\u0131m\u0131n\u0131 \u00f6neriyor. Baz\u0131 vakalarda y\u0131llar boyu ortopedik tabanl\u0131k ve ortopedik ayakkab\u0131 kullan\u0131m\u0131 tavsiye ediliyor. S\u00f6z konusu \u00e7ocuklar oldu\u011funda ise genellikle d\u00fcz tabanl\u0131k veya i\u00e7e basma sorunlar\u0131 kar\u015f\u0131m\u0131za \u00e7\u0131k\u0131yor. Bu tip durumlarda uzmanlar, d\u00f6nemsel tabanl\u0131k kullan\u0131m\u0131 ile bas\u0131\u015f problemlerinin \u00fcstesinden gelebiliyor.\u00a0<\/span><\/p>\n<figure id=\"attachment_1131\" aria-describedby=\"caption-attachment-1131\" style=\"width: 828px\" class=\"wp-caption aligncenter\"><img decoding=\"async\" loading=\"lazy\" class=\"size-full wp-image-1131\" src=\"https:\/\/www.skechers.com.tr\/blog\/wp-content\/uploads\/2020\/12\/149023NTPK5_1024x1024-1.jpg\" alt=\"Neden Ortopedik Ayakkab\u0131 Se\u00e7meliyim?\" width=\"828\" height=\"693\" srcset=\"https:\/\/www.skechers.com.tr\/blog\/wp-content\/uploads\/2020\/12\/149023NTPK5_1024x1024-1.jpg 828w, https:\/\/www.skechers.com.tr\/blog\/wp-content\/uploads\/2020\/12\/149023NTPK5_1024x1024-1-300x251.jpg 300w, https:\/\/www.skechers.com.tr\/blog\/wp-content\/uploads\/2020\/12\/149023NTPK5_1024x1024-1-768x643.jpg 768w\" sizes=\"(max-width: 828px) 100vw, 828px\" \/><figcaption id=\"caption-attachment-1131\" class=\"wp-caption-text\">Nas\u0131l Ortopedik Ayakkab\u0131 Se\u00e7meliyim?<\/figcaption><\/figure>\n<p><span style=\"font-weight: 400;\">Skechers ortopedik ayakkab\u0131 aray\u0131\u015f\u0131na, estetikten \u00f6d\u00fcn vermeden yan\u0131t bulabilece\u011fini m\u00fcjdeliyor. Geni\u015f Skechers koleksiyonunda spor ayakkab\u0131lar\u0131n yan\u0131nda <a href=\"https:\/\/www.skechers.com.tr\/bot-c-6006?utm_source=blog&amp;utm_medium=content&amp;utm_campaign=neden-ortopedik-ayakkabi-secmeliyiz&amp;utm_term=6006\">k\u0131\u015fl\u0131k bot<\/a> ve sandalet \u00e7e\u015fitleri de yer al\u0131yor. Sen de Skechers modellerini inceleyerek hemen sipari\u015f verebilirsin.\u00a0<\/span><\/p>\n<p><a href=\"https:\/\/www.skechers.com.tr\/aircooled-memory-foam-c-6303\" target=\"_blank\" rel=\"noopener\"><img decoding=\"async\" loading=\"lazy\" class=\"size-full wp-image-1986 alignleft\" src=\"https:\/\/www.skechers.com.tr\/blog\/wp-content\/uploads\/2020\/12\/memory-foam-blog-cta.png\" alt=\"\" width=\"550\" height=\"117\" srcset=\"https:\/\/www.skechers.com.tr\/blog\/wp-content\/uploads\/2020\/12\/memory-foam-blog-cta.png 550w, https:\/\/www.skechers.com.tr\/blog\/wp-content\/uploads\/2020\/12\/memory-foam-blog-cta-300x64.png 300w\" sizes=\"(max-width: 550px) 100vw, 550px\" \/><\/a><\/p>\n","protected":false},"excerpt":{"rendered":"<p>Ayak anatomisinde sorun olan, bas\u0131\u015f problemi ya\u015fayan ki\u015filer kendilerine uygun ve rahat ayakkab\u0131 bulamamaktan yak\u0131n\u0131yor. Ya\u015f ilerledik\u00e7e, yanl\u0131\u015f ayakkab\u0131 kullanma nedeniyle artan problemler, ya\u015fam kalitesini d\u00fc\u015f\u00fcr\u00fcyor, s\u0131radan bir gezinti bile ki\u015filer i\u00e7in yorucu bir deneyim haline gelebiliyor. Bel, s\u0131rt ve bacaklarda a\u011fr\u0131, ayakta kemik \u00e7\u0131k\u0131nt\u0131lar\u0131 ya\u015fanan problemlerden sadece birka\u00e7\u0131\u2026 A\u011fr\u0131, s\u0131z\u0131 ve rahats\u0131zl\u0131k hissine neden [&hellip;]<\/p>\n","protected":false},"author":1,"featured_media":1127,"comment_status":"open","ping_status":"open","sticky":false,"template":"","format":"standard","meta":[],"categories":[5],"tags":[],"yoast_head":"<!-- This site is optimized with the Yoast SEO plugin v18.5.1 - https:\/\/yoast.com\/wordpress\/plugins\/seo\/ -->\n<title>Neden Ortopedik Ayakkab\u0131 Se\u00e7meliyiz? - Skechers Blog<\/title>\n<meta name=\"description\" content=\"Neden ortopedik ayakkab\u0131 se\u00e7meliyiz merak ediyorsan sen de Skechers Blog&#039;tan bilgi alabilirsin. Ortopedik ayakkab\u0131 seninle!\" \/>\n<meta name=\"robots\" content=\"index, follow, max-snippet:-1, max-image-preview:large, max-video-preview:-1\" \/>\n<link rel=\"canonical\" href=\"https:\/\/www.skechers.com.tr\/blog\/neden-ortopedik-ayakkabi-secmeliyiz\/\" \/>\n<meta property=\"og:locale\" content=\"tr_TR\" \/>\n<meta property=\"og:type\" content=\"article\" \/>\n<meta property=\"og:title\" content=\"Neden Ortopedik Ayakkab\u0131 Se\u00e7meliyiz? - Skechers Blog\" \/>\n<meta property=\"og:description\" content=\"Neden ortopedik ayakkab\u0131 se\u00e7meliyiz merak ediyorsan sen de Skechers Blog&#039;tan bilgi alabilirsin. Ortopedik ayakkab\u0131 seninle!\" \/>\n<meta property=\"og:url\" content=\"https:\/\/www.skechers.com.tr\/blog\/neden-ortopedik-ayakkabi-secmeliyiz\/\" \/>\n<meta property=\"og:site_name\" content=\"Skechers Blog\" \/>\n<meta property=\"article:published_time\" content=\"2020-12-21T14:41:59+00:00\" \/>\n<meta property=\"article:modified_time\" content=\"2021-10-20T14:42:57+00:00\" \/>\n<meta property=\"og:image\" content=\"https:\/\/www.skechers.com.tr\/blog\/wp-content\/uploads\/2020\/12\/5a8f16dbd0bd27133f3d9f2b3862fb00-1.jpg\" \/>\n\t<meta property=\"og:image:width\" content=\"828\" \/>\n\t<meta property=\"og:image:height\" content=\"733\" \/>\n\t<meta property=\"og:image:type\" content=\"image\/jpeg\" \/>\n<meta name=\"twitter:card\" content=\"summary_large_image\" \/>\n<meta name=\"twitter:label1\" content=\"Yazan:\" \/>\n\t<meta name=\"twitter:data1\" content=\"Skechers T\u00fcrkiye\" \/>\n\t<meta name=\"twitter:label2\" content=\"Tahmini okuma s\u00fcresi\" \/>\n\t<meta name=\"twitter:data2\" content=\"5 dakika\" \/>\n<script type=\"application\/ld+json\" class=\"yoast-schema-graph\">{\"@context\":\"https:\/\/schema.org\",\"@graph\":[{\"@type\":\"WebSite\",\"@id\":\"https:\/\/www.skechers.com.tr\/blog\/#website\",\"url\":\"https:\/\/www.skechers.com.tr\/blog\/\",\"name\":\"Skechers Blog\",\"description\":\"Skechers\",\"potentialAction\":[{\"@type\":\"SearchAction\",\"target\":{\"@type\":\"EntryPoint\",\"urlTemplate\":\"https:\/\/www.skechers.com.tr\/blog\/?s={search_term_string}\"},\"query-input\":\"required name=search_term_string\"}],\"inLanguage\":\"tr\"},{\"@type\":\"ImageObject\",\"@id\":\"https:\/\/www.skechers.com.tr\/blog\/neden-ortopedik-ayakkabi-secmeliyiz\/#primaryimage\",\"inLanguage\":\"tr\",\"url\":\"https:\/\/www.skechers.com.tr\/blog\/wp-content\/uploads\/2020\/12\/5a8f16dbd0bd27133f3d9f2b3862fb00-1.jpg\",\"contentUrl\":\"https:\/\/www.skechers.com.tr\/blog\/wp-content\/uploads\/2020\/12\/5a8f16dbd0bd27133f3d9f2b3862fb00-1.jpg\",\"width\":828,\"height\":733,\"caption\":\"Neden Ortopedik Ayakkab\u0131 Se\u00e7meliyiz?\"},{\"@type\":\"WebPage\",\"@id\":\"https:\/\/www.skechers.com.tr\/blog\/neden-ortopedik-ayakkabi-secmeliyiz\/#webpage\",\"url\":\"https:\/\/www.skechers.com.tr\/blog\/neden-ortopedik-ayakkabi-secmeliyiz\/\",\"name\":\"Neden Ortopedik Ayakkab\u0131 Se\u00e7meliyiz? - Skechers Blog\",\"isPartOf\":{\"@id\":\"https:\/\/www.skechers.com.tr\/blog\/#website\"},\"primaryImageOfPage\":{\"@id\":\"https:\/\/www.skechers.com.tr\/blog\/neden-ortopedik-ayakkabi-secmeliyiz\/#primaryimage\"},\"datePublished\":\"2020-12-21T14:41:59+00:00\",\"dateModified\":\"2021-10-20T14:42:57+00:00\",\"author\":{\"@id\":\"https:\/\/www.skechers.com.tr\/blog\/#\/schema\/person\/6d09a0595696524814757d23d22b4c33\"},\"description\":\"Neden ortopedik ayakkab\u0131 se\u00e7meliyiz merak ediyorsan sen de Skechers Blog'tan bilgi alabilirsin. Ortopedik ayakkab\u0131 seninle!\",\"breadcrumb\":{\"@id\":\"https:\/\/www.skechers.com.tr\/blog\/neden-ortopedik-ayakkabi-secmeliyiz\/#breadcrumb\"},\"inLanguage\":\"tr\",\"potentialAction\":[{\"@type\":\"ReadAction\",\"target\":[\"https:\/\/www.skechers.com.tr\/blog\/neden-ortopedik-ayakkabi-secmeliyiz\/\"]}]},{\"@type\":\"BreadcrumbList\",\"@id\":\"https:\/\/www.skechers.com.tr\/blog\/neden-ortopedik-ayakkabi-secmeliyiz\/#breadcrumb\",\"itemListElement\":[{\"@type\":\"ListItem\",\"position\":1,\"name\":\"Neden Ortopedik Ayakkab\u0131 Se\u00e7meliyiz?\"}]},{\"@type\":\"Person\",\"@id\":\"https:\/\/www.skechers.com.tr\/blog\/#\/schema\/person\/6d09a0595696524814757d23d22b4c33\",\"name\":\"Skechers T\u00fcrkiye\",\"image\":{\"@type\":\"ImageObject\",\"@id\":\"https:\/\/www.skechers.com.tr\/blog\/#personlogo\",\"inLanguage\":\"tr\",\"url\":\"https:\/\/secure.gravatar.com\/avatar\/0fc2191869a9a020b4606acf264338ae?s=96&d=mm&r=g\",\"contentUrl\":\"https:\/\/secure.gravatar.com\/avatar\/0fc2191869a9a020b4606acf264338ae?s=96&d=mm&r=g\",\"caption\":\"Skechers T\u00fcrkiye\"},\"description\":\"Skechers spor ayakkab\u0131 \u00fcr\u00fcnleri ile rahatl\u0131\u011f\u0131 ve kaliteyi hisset!\"}]}<\/script>\n<!-- \/ Yoast SEO plugin. -->","yoast_head_json":{"title":"Neden Ortopedik Ayakkab\u0131 Se\u00e7meliyiz? - Skechers Blog","description":"Neden ortopedik ayakkab\u0131 se\u00e7meliyiz merak ediyorsan sen de Skechers Blog'tan bilgi alabilirsin. Ortopedik ayakkab\u0131 seninle!","robots":{"index":"index","follow":"follow","max-snippet":"max-snippet:-1","max-image-preview":"max-image-preview:large","max-video-preview":"max-video-preview:-1"},"canonical":"https:\/\/www.skechers.com.tr\/blog\/neden-ortopedik-ayakkabi-secmeliyiz\/","og_locale":"tr_TR","og_type":"article","og_title":"Neden Ortopedik Ayakkab\u0131 Se\u00e7meliyiz? - Skechers Blog","og_description":"Neden ortopedik ayakkab\u0131 se\u00e7meliyiz merak ediyorsan sen de Skechers Blog'tan bilgi alabilirsin. Ortopedik ayakkab\u0131 seninle!","og_url":"https:\/\/www.skechers.com.tr\/blog\/neden-ortopedik-ayakkabi-secmeliyiz\/","og_site_name":"Skechers Blog","article_published_time":"2020-12-21T14:41:59+00:00","article_modified_time":"2021-10-20T14:42:57+00:00","og_image":[{"width":828,"height":733,"url":"https:\/\/www.skechers.com.tr\/blog\/wp-content\/uploads\/2020\/12\/5a8f16dbd0bd27133f3d9f2b3862fb00-1.jpg","type":"image\/jpeg"}],"twitter_card":"summary_large_image","twitter_misc":{"Yazan:":"Skechers T\u00fcrkiye","Tahmini okuma s\u00fcresi":"5 dakika"},"schema":{"@context":"https:\/\/schema.org","@graph":[{"@type":"WebSite","@id":"https:\/\/www.skechers.com.tr\/blog\/#website","url":"https:\/\/www.skechers.com.tr\/blog\/","name":"Skechers Blog","description":"Skechers","potentialAction":[{"@type":"SearchAction","target":{"@type":"EntryPoint","urlTemplate":"https:\/\/www.skechers.com.tr\/blog\/?s={search_term_string}"},"query-input":"required name=search_term_string"}],"inLanguage":"tr"},{"@type":"ImageObject","@id":"https:\/\/www.skechers.com.tr\/blog\/neden-ortopedik-ayakkabi-secmeliyiz\/#primaryimage","inLanguage":"tr","url":"https:\/\/www.skechers.com.tr\/blog\/wp-content\/uploads\/2020\/12\/5a8f16dbd0bd27133f3d9f2b3862fb00-1.jpg","contentUrl":"https:\/\/www.skechers.com.tr\/blog\/wp-content\/uploads\/2020\/12\/5a8f16dbd0bd27133f3d9f2b3862fb00-1.jpg","width":828,"height":733,"caption":"Neden Ortopedik Ayakkab\u0131 Se\u00e7meliyiz?"},{"@type":"WebPage","@id":"https:\/\/www.skechers.com.tr\/blog\/neden-ortopedik-ayakkabi-secmeliyiz\/#webpage","url":"https:\/\/www.skechers.com.tr\/blog\/neden-ortopedik-ayakkabi-secmeliyiz\/","name":"Neden Ortopedik Ayakkab\u0131 Se\u00e7meliyiz? - Skechers Blog","isPartOf":{"@id":"https:\/\/www.skechers.com.tr\/blog\/#website"},"primaryImageOfPage":{"@id":"https:\/\/www.skechers.com.tr\/blog\/neden-ortopedik-ayakkabi-secmeliyiz\/#primaryimage"},"datePublished":"2020-12-21T14:41:59+00:00","dateModified":"2021-10-20T14:42:57+00:00","author":{"@id":"https:\/\/www.skechers.com.tr\/blog\/#\/schema\/person\/6d09a0595696524814757d23d22b4c33"},"description":"Neden ortopedik ayakkab\u0131 se\u00e7meliyiz merak ediyorsan sen de Skechers Blog'tan bilgi alabilirsin. Ortopedik ayakkab\u0131 seninle!","breadcrumb":{"@id":"https:\/\/www.skechers.com.tr\/blog\/neden-ortopedik-ayakkabi-secmeliyiz\/#breadcrumb"},"inLanguage":"tr","potentialAction":[{"@type":"ReadAction","target":["https:\/\/www.skechers.com.tr\/blog\/neden-ortopedik-ayakkabi-secmeliyiz\/"]}]},{"@type":"BreadcrumbList","@id":"https:\/\/www.skechers.com.tr\/blog\/neden-ortopedik-ayakkabi-secmeliyiz\/#breadcrumb","itemListElement":[{"@type":"ListItem","position":1,"name":"Neden Ortopedik Ayakkab\u0131 Se\u00e7meliyiz?"}]},{"@type":"Person","@id":"https:\/\/www.skechers.com.tr\/blog\/#\/schema\/person\/6d09a0595696524814757d23d22b4c33","name":"Skechers T\u00fcrkiye","image":{"@type":"ImageObject","@id":"https:\/\/www.skechers.com.tr\/blog\/#personlogo","inLanguage":"tr","url":"https:\/\/secure.gravatar.com\/avatar\/0fc2191869a9a020b4606acf264338ae?s=96&d=mm&r=g","contentUrl":"https:\/\/secure.gravatar.com\/avatar\/0fc2191869a9a020b4606acf264338ae?s=96&d=mm&r=g","caption":"Skechers T\u00fcrkiye"},"description":"Skechers spor ayakkab\u0131 \u00fcr\u00fcnleri ile rahatl\u0131\u011f\u0131 ve kaliteyi hisset!"}]}},"_links":{"self":[{"href":"https:\/\/www.skechers.com.tr\/blog\/wp-json\/wp\/v2\/posts\/1126"}],"collection":[{"href":"https:\/\/www.skechers.com.tr\/blog\/wp-json\/wp\/v2\/posts"}],"about":[{"href":"https:\/\/www.skechers.com.tr\/blog\/wp-json\/wp\/v2\/types\/post"}],"author":[{"embeddable":true,"href":"https:\/\/www.skechers.com.tr\/blog\/wp-json\/wp\/v2\/users\/1"}],"replies":[{"embeddable":true,"href":"https:\/\/www.skechers.com.tr\/blog\/wp-json\/wp\/v2\/comments?post=1126"}],"version-history":[{"count":8,"href":"https:\/\/www.skechers.com.tr\/blog\/wp-json\/wp\/v2\/posts\/1126\/revisions"}],"predecessor-version":[{"id":2148,"href":"https:\/\/www.skechers.com.tr\/blog\/wp-json\/wp\/v2\/posts\/1126\/revisions\/2148"}],"wp:featuredmedia":[{"embeddable":true,"href":"https:\/\/www.skechers.com.tr\/blog\/wp-json\/wp\/v2\/media\/1127"}],"wp:attachment":[{"href":"https:\/\/www.skechers.com.tr\/blog\/wp-json\/wp\/v2\/media?parent=1126"}],"wp:term":[{"taxonomy":"category","embeddable":true,"href":"https:\/\/www.skechers.com.tr\/blog\/wp-json\/wp\/v2\/categories?post=1126"},{"taxonomy":"post_tag","embeddable":true,"href":"https:\/\/www.skechers.com.tr\/blog\/wp-json\/wp\/v2\/tags?post=1126"}],"curies":[{"name":"wp","href":"https:\/\/api.w.org\/{rel}","templated":true}]}}