{"id":1071,"date":"2020-12-07T12:09:53","date_gmt":"2020-12-07T12:09:53","guid":{"rendered":"https:\/\/www.skechers.com.tr\/blog\/?p=1071"},"modified":"2021-05-17T08:31:09","modified_gmt":"2021-05-17T08:31:09","slug":"kapsul-gardirop-listesi","status":"publish","type":"post","link":"https:\/\/www.skechers.com.tr\/blog\/kapsul-gardirop-listesi\/","title":{"rendered":"Kaps\u00fcl Gard\u0131rop Listesi &#8211; Kaps\u00fcl Gard\u0131rop Nas\u0131l Olu\u015fturulur?"},"content":{"rendered":"<p><span style=\"font-weight: 400;\">Minimalizm ak\u0131m\u0131 bir modadan fazlas\u0131n\u0131, bir ya\u015fam felsefesini hayat\u0131m\u0131za getiriyor. Azla ya\u015famak, az t\u00fcketmek olarak \u00f6zetlenebilecek minimalizm, giyim al\u0131\u015fkanl\u0131klar\u0131na da sirayet ediyor. Minimal \u015f\u0131kl\u0131k, kaps\u00fcl gard\u0131rop kavram\u0131n\u0131 jet h\u0131z\u0131yla trend halinde y\u0131ld\u0131zla\u015ft\u0131r\u0131yor. T\u00fcketim k\u00fclt\u00fcr\u00fcne kar\u015f\u0131 bir ba\u015fkald\u0131r\u0131y\u0131 ifade eden kaps\u00fcl gard\u0131rop ak\u0131m\u0131, modan\u0131n t\u00fcm kurallar\u0131n\u0131 yeniden belirliyor. Rahatl\u0131k ve kullan\u0131\u015fl\u0131l\u0131k \u00f6n plana \u00e7\u0131karken temel par\u00e7alar\u0131n de\u011feri y\u00fckseliyor. Aksesuarlar kombinlerin ba\u015frollerine ge\u00e7iyor. E\u015fyalar\u0131n yaratt\u0131\u011f\u0131 kaostan \u00f6zg\u00fcrle\u015fmeyi ama\u00e7layan yeni nesil gard\u0131roplar, az ve \u00f6z olan\u0131n izini s\u00fcr\u00fcyor.\u00a0<\/span><\/p>\n<h2><b>Kaps\u00fcl Gard\u0131rop Nedir?<\/b><\/h2>\n<p><span style=\"font-weight: 400;\">1970\u2019li y\u0131llarda \u0130ngiltere\u2019de ortaya \u00e7\u0131kan kaps\u00fcl gard\u0131rop konsepti, milenyum \u00e7a\u011f\u0131ndaki y\u00fckseli\u015fiyle yeni yeni tan\u0131n\u0131yor. Susie Faux ad\u0131ndaki butik sahibinin buldu\u011fu kaps\u00fcl gard\u0131rop kavram\u0131, modas\u0131 ge\u00e7meyen, zamans\u0131z par\u00e7alar\u0131n olu\u015fturdu\u011fu koleksiyonu ifade ediyor. Ki\u015finin tarz\u0131na uygun temel par\u00e7alara sahip olmas\u0131na, rahat hissetmesine ve kaliteli \u00fcr\u00fcnlerin uzun s\u00fcre kullan\u0131lmas\u0131na dayal\u0131 olan bu gard\u0131rop d\u00fczeni, k\u0131yafetlerin farkl\u0131 \u015fekillerde tekrar tekrar kombinlenebilmesine ve d\u00f6n\u00fc\u015f\u00fcml\u00fc olarak giyilebilmesine ba\u011flan\u0131yor.\u00a0<\/span><\/p>\n<p><span style=\"font-weight: 400;\">\u201cNe giyece\u011fime karar veremiyorum\u201d, \u201cDolapta her \u015fey \u00fcst\u00fcme geliyor\u201d, \u201c\u00c7ok k\u0131yafetim var ama giyecek hi\u00e7bir \u015feyim yok\u201d diyenlerin \u00e7\u00f6z\u00fcm\u00fc olan fikir, bir giyim trendinden \u00e7ok ya\u015fam tarz\u0131n\u0131 vurguluyor. \u201c\u00c7ok ama gereksiz, rahats\u0131z, kalitesiz k\u0131yafetlere sahip olmak m\u0131, yoksa kaliteli, konforlu, kullan\u0131\u015fl\u0131 az say\u0131da k\u0131yafetle dolab\u0131 haz\u0131rlamak m\u0131\u201d sorusu, kaps\u00fcl gard\u0131rop ak\u0131m\u0131n\u0131n temelinde yer al\u0131yor. Peki sence hangisi? E\u011fer tercihin rahatl\u0131k, kalite ve kullan\u0131\u015fl\u0131l\u0131ktan yanaysa kaps\u00fcl gard\u0131rop olu\u015fturman\u0131n s\u0131rlar\u0131n\u0131 \u00f6\u011frenebilirsin. \u00dcstelik kaps\u00fcl gard\u0131rop sahibi olman\u0131n bir\u00e7ok faydas\u0131 bulunuyor.\u00a0<\/span><\/p>\n<figure id=\"attachment_1072\" aria-describedby=\"caption-attachment-1072\" style=\"width: 828px\" class=\"wp-caption aligncenter\"><img decoding=\"async\" loading=\"lazy\" class=\"size-full wp-image-1072\" src=\"https:\/\/www.skechers.com.tr\/blog\/wp-content\/uploads\/2020\/12\/3-1.jpg\" alt=\"Kaps\u00fcl Gard\u0131rop Nedir?\" width=\"828\" height=\"400\" srcset=\"https:\/\/www.skechers.com.tr\/blog\/wp-content\/uploads\/2020\/12\/3-1.jpg 828w, https:\/\/www.skechers.com.tr\/blog\/wp-content\/uploads\/2020\/12\/3-1-300x145.jpg 300w, https:\/\/www.skechers.com.tr\/blog\/wp-content\/uploads\/2020\/12\/3-1-768x371.jpg 768w\" sizes=\"(max-width: 828px) 100vw, 828px\" \/><figcaption id=\"caption-attachment-1072\" class=\"wp-caption-text\">Kaps\u00fcl Gard\u0131rop Nedir?<\/figcaption><\/figure>\n<h3><b>Kaps\u00fcl Gard\u0131rop Faydalar\u0131<\/b><\/h3>\n<ul>\n<li style=\"font-weight: 400;\"><span style=\"font-weight: 400;\">Evinde, dolab\u0131nda daha \u00e7ok bo\u015f yer kal\u0131yor.\u00a0<\/span><\/li>\n<li style=\"font-weight: 400;\"><span style=\"font-weight: 400;\">Gereksiz k\u0131yafetler ihtiya\u00e7 sahiplerine ba\u011f\u0131\u015flan\u0131yor.\u00a0<\/span><\/li>\n<li style=\"font-weight: 400;\"><span style=\"font-weight: 400;\">Her g\u00fcn ne giysem derdi sona eriyor, kullan\u0131c\u0131lar birka\u00e7 dakika i\u00e7inde kombinlerini haz\u0131rlayarak g\u00fcne ad\u0131m atabiliyor. <a href=\"https:\/\/www.skechers.com.tr\/blog\/kis-kombinleri\/\">K\u0131\u015f kombinleri<\/a> i\u00e7in daha fazla ipucuna ihtiyac\u0131n varsa Skechers&#8217;\u0131n \u00f6nerilerini okuyabilirsin.\u00a0<\/span><\/li>\n<li style=\"font-weight: 400;\"><span style=\"font-weight: 400;\">Kaps\u00fcl gard\u0131rop sahibi olmak tasarrufu da beraberinde getiriyor. Kaliteli \u00fcr\u00fcnlere verilen \u00fccretler, uzun s\u00fcre kullan\u0131m sa\u011flad\u0131\u011f\u0131 i\u00e7in her al\u0131\u015fveri\u015f g\u00f6n\u00fcl rahatl\u0131\u011f\u0131 ile sonlan\u0131yor.\u00a0<\/span><\/li>\n<li style=\"font-weight: 400;\"><span style=\"font-weight: 400;\">Rahat hissedilen k\u0131yafetler, ki\u015filere \u00f6z g\u00fcven kazand\u0131r\u0131yor.\u00a0<\/span><\/li>\n<li style=\"font-weight: 400;\"><span style=\"font-weight: 400;\">Al\u0131\u015fveri\u015fe ayr\u0131lan zaman, \u015fimdi yeni hobiler i\u00e7in kullan\u0131labiliyor.\u00a0<\/span><\/li>\n<li style=\"font-weight: 400;\"><span style=\"font-weight: 400;\">Bol tak\u0131, aksesuar,\u00a0 <\/span><a href=\"https:\/\/www.skechers.com.tr\/sapka-c-6201?utm_source=blog&amp;utm_medium=content&amp;utm_campaign=kapsul-gardirop-listesi&amp;utm_term=6201\">spor \u015fapka<\/a><span style=\"font-weight: 400;\"> kullan\u0131larak kombinler yenileniyor. K\u00fc\u00e7\u00fck eklentilerin b\u00fcy\u00fck farklar yaratabildi\u011fi bir hayat dersi olarak kaps\u00fcl gard\u0131rop sahiplerince \u00f6\u011freniliyor.\u00a0<\/span><\/li>\n<li style=\"font-weight: 400;\"><span style=\"font-weight: 400;\">Temel par\u00e7alarla kombin yapmak, aksesuarlarla kombinlere yeniden hayat vermek ki\u015filerin yarat\u0131c\u0131l\u0131klar\u0131n\u0131 peki\u015ftiriyor.<a href=\"https:\/\/www.skechers.com.tr\/blog\/sneakers-kombinleri\/\"> Sneakers kombinleri<\/a> bu konuda ilham verebiliyor.\u00a0<\/span><\/li>\n<li style=\"font-weight: 400;\"><span style=\"font-weight: 400;\">Nas\u0131lsa giyerim, zay\u0131flay\u0131nca kombinlerim diye dolapta bekleyen k\u0131yafetlerin olu\u015fturdu\u011fu estetik kaos ve rahats\u0131z edici vicdan azab\u0131 sona eriyor.\u00a0<\/span><\/li>\n<li style=\"font-weight: 400;\"><span style=\"font-weight: 400;\">Zamans\u0131z par\u00e7alar her daim trend g\u00f6r\u00fcnmenin yolunu g\u00f6steriyor.\u00a0\u00a0<\/span><\/li>\n<\/ul>\n<figure id=\"attachment_1074\" aria-describedby=\"caption-attachment-1074\" style=\"width: 828px\" class=\"wp-caption aligncenter\"><img decoding=\"async\" loading=\"lazy\" class=\"size-full wp-image-1074\" src=\"https:\/\/www.skechers.com.tr\/blog\/wp-content\/uploads\/2020\/12\/2-2.jpg\" alt=\"Kaps\u00fcl Gard\u0131rop Nas\u0131l Olu\u015fturulur?\" width=\"828\" height=\"400\" srcset=\"https:\/\/www.skechers.com.tr\/blog\/wp-content\/uploads\/2020\/12\/2-2.jpg 828w, https:\/\/www.skechers.com.tr\/blog\/wp-content\/uploads\/2020\/12\/2-2-300x145.jpg 300w, https:\/\/www.skechers.com.tr\/blog\/wp-content\/uploads\/2020\/12\/2-2-768x371.jpg 768w\" sizes=\"(max-width: 828px) 100vw, 828px\" \/><figcaption id=\"caption-attachment-1074\" class=\"wp-caption-text\">Kaps\u00fcl Gard\u0131rop Nas\u0131l Olu\u015fturulur?<\/figcaption><\/figure>\n<h3><b>Kaps\u00fcl Gard\u0131rop Nas\u0131l Olu\u015fturulur?<\/b><\/h3>\n<p><span style=\"font-weight: 400;\">Kaps\u00fcl gard\u0131rop olu\u015fturmadan \u00f6nce ki\u015filer, ufak bir tasarlama s\u00fcrecine giriyor. \u201cBenim tarz\u0131m ne?\u201d, \u201cHangi par\u00e7alar\u0131 daha \u00e7ok giyiyorum?\u201d, \u201cHangileriyle rahat\u0131m?\u201d, \u201cHangi markalar benim i\u00e7in konfor sa\u011fl\u0131yor?\u201d gibi sorular\u0131n d\u00fcr\u00fcst\u00e7e cevaplanmas\u0131, kaps\u00fcl gard\u0131rop listesi olu\u015fturmadan \u00f6nce gerekli g\u00f6r\u00fcl\u00fcyor. Bu s\u00fcre\u00e7te, dolapta yer alan eskimi\u015f, giyilmeyen, fazlal\u0131k hissi uyand\u0131ran, sevilmeyen, bedene uygun olmayan, bir g\u00fcn giyilecek umuduyla y\u0131llard\u0131r bekleyen k\u0131yafetler ayr\u0131l\u0131yor. (Onlar\u0131 ihtiya\u00e7 sahiplerine ula\u015ft\u0131rabilir veya geri d\u00f6n\u00fc\u015f\u00fcme verebilirsin.)\u00a0<\/span><\/p>\n<p><span style=\"font-weight: 400;\">Tarz\u0131n\u0131 belirlemek i\u00e7in dolab\u0131ndaki favori par\u00e7alar\u0131 incelemen, kaps\u00fcl gard\u0131roplar\u0131yla \u00fcnl\u00fc bloggerlar\u0131 biraz stalklaman, pinterest ve instagramdan ilham alman yetiyor. Ba\u015fta \u00e7ok zorlu gibi g\u00f6r\u00fcnse de, ihtiya\u00e7lara odaklan\u0131larak yap\u0131lan bu eleme h\u0131zla tamamlan\u0131yor. Ard\u0131ndan bir liste olu\u015fturularak eksiklerin tamamlanmas\u0131na s\u0131ra geliyor. Ger\u00e7ek ihtiya\u00e7lar\u0131n\u0131 listeleyerek dolab\u0131n\u0131 az say\u0131da \u00fcr\u00fcnle dolu olan ama \u00e7ok daha kullan\u0131\u015fl\u0131 bir hale getirebilirsin. <\/span><a href=\"https:\/\/www.skechers.com.tr\/blog\/vucut-tipine-gore-giyinme\/\"><span style=\"font-weight: 400;\">V\u00fccut tipine g\u00f6re giyinme<\/span><\/a><span style=\"font-weight: 400;\"> \u00f6nerilerini dikkate alarak seni m\u00fckemmel g\u00f6sterecek k\u0131yafetlerden bir kaps\u00fcl gard\u0131rop haz\u0131rlayabilirsin.\u00a0<\/span><\/p>\n<h3><b>Kaps\u00fcl Gard\u0131rop Listesi<\/b><\/h3>\n<p><span style=\"font-weight: 400;\">D\u00f6rt mevsim kullan\u0131labilecek kaps\u00fcl gard\u0131rop \u00fcr\u00fcnleri \u015f\u00f6yle s\u0131ralan\u0131yor:\u00a0<\/span><\/p>\n<ul>\n<li style=\"font-weight: 400;\"><span style=\"font-weight: 400;\">\u00dcst par\u00e7alar: <\/span>Basic ti\u015f\u00f6rt<span style=\"font-weight: 400;\">, bluz, g\u00f6mlek, triko kazak, kal\u0131n \u00f6rme kazak, sweatshirt, mont ve ceket \u00fcr\u00fcnlerinden edinebilirsin. M\u00fcmk\u00fcn oldu\u011funca az desenli, kolay kombinlenebilir tasar\u0131mlara \u00f6ncelik vermelisin. Spor yap\u0131yorsan listeye bir de <\/span><a href=\"https:\/\/www.skechers.com.tr\/spor-tisort-c-6102?utm_source=blog&amp;utm_medium=content&amp;utm_campaign=kapsul-gardirop-listesi&amp;utm_term=6102\">spor ti\u015f\u00f6rt<\/a> <span style=\"font-weight: 400;\">ve tayt eklemeyi unutmamal\u0131s\u0131n.\u00a0<\/span><\/li>\n<li style=\"font-weight: 400;\"><span style=\"font-weight: 400;\">Alt: Bir denim pantolon, bir e\u015fofman, siyah dar pa\u00e7a pantolon, mini etek, kalem etek alarak alt giyim par\u00e7alar\u0131n\u0131 dolab\u0131na ekleyebilirsin.\u00a0<\/span><\/li>\n<li style=\"font-weight: 400;\"><span style=\"font-weight: 400;\">Ayakkab\u0131: Dolab\u0131nda muhakkak <\/span>beyaz spor ayakkab\u0131<span style=\"font-weight: 400;\">, siyah bir sneaker, <\/span><a href=\"https:\/\/www.skechers.com.tr\/bot-c-6006?utm_source=blog&amp;utm_medium=content&amp;utm_campaign=kapsul-gardirop-listesi&amp;utm_term=6006\">k\u0131\u015fl\u0131k bot <\/a><span style=\"font-weight: 400;\">ve yazl\u0131k sandalet bulundurmal\u0131s\u0131n. Bas\u0131\u015f sorunun varsa <a href=\"https:\/\/www.skechers.com.tr\/arch-fit-c-4017?utm_source=blog&amp;utm_medium=content&amp;utm_campaign=kapsul-gardirop-listesi&amp;utm_term=4017\">ortopedik ayakkab\u0131<\/a> da alabilirsin. Klasik giyiniyorsan bir stiletto ve bir de \u00e7izme alarak ayakkab\u0131 ihtiya\u00e7lar\u0131n\u0131 kar\u015f\u0131layabilirsin.\u00a0<\/span><\/li>\n<li style=\"font-weight: 400;\"><span style=\"font-weight: 400;\">\u00c7anta: Siyah ve kahverengi iki klasik \u00e7anta, bir s\u0131rt \u00e7antas\u0131 ile kaps\u00fcl gard\u0131robun tamam.\u00a0<\/span><\/li>\n<li style=\"font-weight: 400;\"><span style=\"font-weight: 400;\">Di\u011ferleri: K\u0131\u015fl\u0131k ve yazl\u0131k iki elbise almak kurtar\u0131c\u0131 olabiliyor. \u00d6zellikle mini siyah bir elbisenin her kad\u0131n\u0131n dolab\u0131nda bulunmas\u0131 \u00f6neriliyor. Atk\u0131, fular, bere, \u015fapka, eldiven ve kemerde \u00f6zg\u00fcrs\u00fcn, onlarla kombinlerini \u00e7e\u015fitlendirebilirsin. Tak\u0131larda g\u00f6steri\u015fli par\u00e7alar se\u00e7mek daha fazla tercih ediliyor. K\u0131yafetlerde tercih sadelikten yana oldu\u011fu i\u00e7in tak\u0131larla kombini g\u00f6z al\u0131c\u0131 k\u0131lmak kaps\u00fcl dolap sahiplerinin s\u0131rr\u0131 oluyor. K\u0131yafet se\u00e7iminde v\u00fccut tipi de b\u00fcy\u00fck \u00f6nem ta\u015f\u0131yor, <a href=\"https:\/\/www.skechers.com.tr\/blog\/vucut-tipine-gore-giyinme\/\">v\u00fccut tipine g\u00f6re giyinme<\/a> ipu\u00e7lar\u0131n\u0131 de\u011ferlendirebilirsin.\u00a0<\/span><\/li>\n<\/ul>\n<p><a href=\"https:\/\/www.skechers.com.tr\/spor-giyim-6100\"><img decoding=\"async\" loading=\"lazy\" class=\"size-full wp-image-1446 alignnone\" src=\"https:\/\/www.skechers.com.tr\/blog\/wp-content\/uploads\/2021\/05\/spor-giyim-blog-cta.jpg\" alt=\"\" width=\"550\" height=\"117\" srcset=\"https:\/\/www.skechers.com.tr\/blog\/wp-content\/uploads\/2021\/05\/spor-giyim-blog-cta.jpg 550w, https:\/\/www.skechers.com.tr\/blog\/wp-content\/uploads\/2021\/05\/spor-giyim-blog-cta-300x64.jpg 300w\" sizes=\"(max-width: 550px) 100vw, 550px\" \/><\/a><\/p>\n<figure id=\"attachment_1075\" aria-describedby=\"caption-attachment-1075\" style=\"width: 828px\" class=\"wp-caption aligncenter\"><img decoding=\"async\" loading=\"lazy\" class=\"size-full wp-image-1075\" src=\"https:\/\/www.skechers.com.tr\/blog\/wp-content\/uploads\/2020\/12\/4-1.jpg\" alt=\"Beyaz Spor Ayakkab\u0131\" width=\"828\" height=\"400\" srcset=\"https:\/\/www.skechers.com.tr\/blog\/wp-content\/uploads\/2020\/12\/4-1.jpg 828w, https:\/\/www.skechers.com.tr\/blog\/wp-content\/uploads\/2020\/12\/4-1-300x145.jpg 300w, https:\/\/www.skechers.com.tr\/blog\/wp-content\/uploads\/2020\/12\/4-1-768x371.jpg 768w\" sizes=\"(max-width: 828px) 100vw, 828px\" \/><figcaption id=\"caption-attachment-1075\" class=\"wp-caption-text\">Beyaz Spor Ayakkab\u0131<\/figcaption><\/figure>\n<h3><b>K\u0131\u015f i\u00e7in Kaps\u00fcl Gard\u0131rop \u00d6nerileri<\/b><\/h3>\n<p><span style=\"font-weight: 400;\">Dolab\u0131nda mevsim ge\u00e7i\u015flerinde rahatl\u0131kla giyebilece\u011fin ince bir triko bulunmal\u0131. Siyah ve gri gibi kolay kombinlenebilir renklerdeki bu \u00fcr\u00fcnleri, fularlar ve \u015f\u0131k \u015fallarla tamamlayabilirsin. Siyah bir ka\u015fe kaban ve renkli bir \u015fi\u015fme mont, hem sportif hem de \u015f\u0131k zamanlarda d\u0131\u015f giyim ihtiyac\u0131n\u0131 kar\u015f\u0131lamaya yetiyor. K\u0131\u015fl\u0131k aksesuar olarak birka\u00e7 \u00e7e\u015fit eldiven, bere, \u015fapka, atk\u0131 almay\u0131 unutmamal\u0131s\u0131n. Onlarla kombinini renklendirerek yeni bir sen yaratabilirsin. K\u0131\u015fl\u0131k dolaplarda opak \u00e7oraplar da \u00f6nemli yer ediniyor. Kad\u0131nlar, rengarenk \u00e7oraplar\u0131 kombinin y\u0131ld\u0131z\u0131 yaparak dikkatleri bacaklar\u0131na \u00e7ekiyor, b\u00f6ylece basic di\u011fer par\u00e7alar, \u015f\u0131k kombin i\u00e7inde tamamlay\u0131c\u0131 birer unsur haline geliyor ve s\u0131k s\u0131k giyilebiliyor.\u00a0<\/span><\/p>\n<h3><b>Yaz i\u00e7in Kaps\u00fcl Gard\u0131rop \u00d6nerileri<\/b><\/h3>\n<p><span style=\"font-weight: 400;\">Yaz\u0131n g\u00fcnl\u00fck giyimde rahatl\u0131\u011f\u0131n s\u0131rr\u0131 olan pamuklu kuma\u015flar, dolapta muhakkak bulunuyor. Pamuklu bir beyaz, bir de siyah ti\u015f\u00f6rt\u00fcn varsa yaz\u0131 rahatl\u0131kla ge\u00e7irebilirsin. \u0130nce ask\u0131l\u0131 atletler, mini \u015fortlar, etekler ve sandaletle konforlu ve \u015f\u0131k bir yaz seni bekliyor. Kad\u0131n veya erkek t\u00fcm kaps\u00fcl gard\u0131rop sahipleri, yaz\u0131n g\u00fcne\u015ften koruyan spor \u015fapka \u00e7e\u015fitlerinden birden \u00e7ok say\u0131da almay\u0131 \u00f6neriyor. Birka\u00e7 spor ayakkab\u0131 ve terlikle yazl\u0131k kaps\u00fcl koleksiyon tamamlan\u0131yor. Basic par\u00e7alar, ge\u00e7meyen trend etkileriyle sezonun en \u015f\u0131k kad\u0131n ve erkeklerini ilan ediyor.\u00a0<\/span><\/p>\n<figure id=\"attachment_1073\" aria-describedby=\"caption-attachment-1073\" style=\"width: 828px\" class=\"wp-caption aligncenter\"><img decoding=\"async\" loading=\"lazy\" class=\"size-full wp-image-1073\" src=\"https:\/\/www.skechers.com.tr\/blog\/wp-content\/uploads\/2020\/12\/1-1.jpg\" alt=\"Skechers Spor \u00c7anta\" width=\"828\" height=\"400\" srcset=\"https:\/\/www.skechers.com.tr\/blog\/wp-content\/uploads\/2020\/12\/1-1.jpg 828w, https:\/\/www.skechers.com.tr\/blog\/wp-content\/uploads\/2020\/12\/1-1-300x145.jpg 300w, https:\/\/www.skechers.com.tr\/blog\/wp-content\/uploads\/2020\/12\/1-1-768x371.jpg 768w\" sizes=\"(max-width: 828px) 100vw, 828px\" \/><figcaption id=\"caption-attachment-1073\" class=\"wp-caption-text\">Skechers Spor \u00c7anta<\/figcaption><\/figure>\n<h3><b>Kaps\u00fcl Gard\u0131rop ile Kombin \u00d6nerileri<\/b><\/h3>\n<p><span style=\"font-weight: 400;\">Kaps\u00fcl gard\u0131rop sahipleri genellikle dolaplar\u0131n\u0131 3 veya 6 ayl\u0131k periyotlarla, mevsim gereklerini g\u00f6z \u00f6n\u00fcne alarak g\u00fcncelliyor. Her d\u00f6nem i\u00e7in 33 par\u00e7a bulunuyor. Uyumlu, kolay kombinlenebilir renklerdeki k\u0131yafetler, aksesuarlar al\u0131narak dolapta gereksiz, zor kombinlenebilir e\u015fyalara yer olmad\u0131\u011f\u0131 hat\u0131rlat\u0131l\u0131yor. Ev giyim \u00fcr\u00fcnleri bu 33 say\u0131s\u0131n\u0131n d\u0131\u015f\u0131nda b\u0131rak\u0131l\u0131yor. S\u0131k s\u0131k de\u011fi\u015ftirilen pijamalar ve i\u00e7 giyim \u00fcr\u00fcnleri kaps\u00fcl gard\u0131roplar\u0131n d\u0131\u015f\u0131nda bulunuyor.\u00a0<\/span><\/p>\n<p><span style=\"font-weight: 400;\">Rahatl\u0131\u011f\u0131n, \u015f\u0131k hissetmenin \u00f6ne \u00e7\u0131kt\u0131\u011f\u0131 bu trendle beraber, ki\u015filer yarat\u0131c\u0131l\u0131klar\u0131n\u0131 da sergiliyor. Kullan\u0131\u015fl\u0131 sportif mont, sadece bir \u015fapkayla smart casual tarza uygun hale gelebiliyor. Kaps\u00fcl gard\u0131rop i\u00e7in \u00f6neride bulunanlar, kombin haz\u0131rlarken renk uyumunun izinden gidilmesini ve \u015f\u0131kl\u0131\u011f\u0131n aksesuarla sa\u011flanmas\u0131n\u0131 \u00f6neriyor. Her par\u00e7an\u0131n do\u011fru kombin ile her yerde giyilebilece\u011fini ispat eden trend, d\u00fcz siyah bir atleti dantel eldivenlerle tamamlayarak \u015f\u0131k bir gece kombini haline getirebilece\u011fin yeni bir moda bak\u0131\u015f\u0131n\u0131n \u00fcr\u00fcn\u00fc.\u00a0<\/span><\/p>\n<p><span style=\"font-weight: 400;\">Skechers temel par\u00e7alar\u0131n bolca bulundu\u011fu, sade \u015f\u0131kl\u0131\u011f\u0131n baz al\u0131nd\u0131\u011f\u0131, uzun \u00f6m\u00fcrl\u00fc ve \u015f\u0131k koleksiyonu ile seni bekliyor. Sen de hem rahat hissedece\u011fin hem de \u015f\u0131k g\u00f6r\u00fcnece\u011fin spor giyim ve ayakkab\u0131 modellerini Skechers\u2019ta bulabilir, kaps\u00fcl gard\u0131robun rahatl\u0131\u011f\u0131n\u0131 Skechers ile art\u0131rabilirsin. Arad\u0131\u011f\u0131n zamans\u0131z, konforlu ve kaliteli \u00fcr\u00fcnleri Skechers.com.tr\u2019de ve Skechers ma\u011fazalar\u0131nda bulabilirsin.\u00a0<\/span><\/p>\n<p><a href=\"https:\/\/www.skechers.com.tr\/spor-giyim-6100\"><img decoding=\"async\" loading=\"lazy\" class=\"size-full wp-image-1446 alignnone\" src=\"https:\/\/www.skechers.com.tr\/blog\/wp-content\/uploads\/2021\/05\/spor-giyim-blog-cta.jpg\" alt=\"\" width=\"550\" height=\"117\" srcset=\"https:\/\/www.skechers.com.tr\/blog\/wp-content\/uploads\/2021\/05\/spor-giyim-blog-cta.jpg 550w, https:\/\/www.skechers.com.tr\/blog\/wp-content\/uploads\/2021\/05\/spor-giyim-blog-cta-300x64.jpg 300w\" sizes=\"(max-width: 550px) 100vw, 550px\" \/><\/a><\/p>\n","protected":false},"excerpt":{"rendered":"<p>Minimalizm ak\u0131m\u0131 bir modadan fazlas\u0131n\u0131, bir ya\u015fam felsefesini hayat\u0131m\u0131za getiriyor. Azla ya\u015famak, az t\u00fcketmek olarak \u00f6zetlenebilecek minimalizm, giyim al\u0131\u015fkanl\u0131klar\u0131na da sirayet ediyor. Minimal \u015f\u0131kl\u0131k, kaps\u00fcl gard\u0131rop kavram\u0131n\u0131 jet h\u0131z\u0131yla trend halinde y\u0131ld\u0131zla\u015ft\u0131r\u0131yor. T\u00fcketim k\u00fclt\u00fcr\u00fcne kar\u015f\u0131 bir ba\u015fkald\u0131r\u0131y\u0131 ifade eden kaps\u00fcl gard\u0131rop ak\u0131m\u0131, modan\u0131n t\u00fcm kurallar\u0131n\u0131 yeniden belirliyor. Rahatl\u0131k ve kullan\u0131\u015fl\u0131l\u0131k \u00f6n plana \u00e7\u0131karken temel par\u00e7alar\u0131n [&hellip;]<\/p>\n","protected":false},"author":1,"featured_media":1076,"comment_status":"open","ping_status":"open","sticky":false,"template":"","format":"standard","meta":[],"categories":[1],"tags":[],"yoast_head":"<!-- This site is optimized with the Yoast SEO plugin v18.5.1 - https:\/\/yoast.com\/wordpress\/plugins\/seo\/ -->\n<title>Kaps\u00fcl Gard\u0131rop Listesi - Kaps\u00fcl Gard\u0131rop Nas\u0131l Olu\u015fturulur? - Skechers Blog<\/title>\n<meta name=\"description\" content=\"Kaps\u00fcl gard\u0131rop listesi haz\u0131r! Sen de kaps\u00fcl gard\u0131rop nas\u0131l olu\u015fturulur merak ediyorsan Skechers Blog&#039;un okuyabilirsin.\" \/>\n<meta name=\"robots\" content=\"index, follow, max-snippet:-1, max-image-preview:large, max-video-preview:-1\" \/>\n<link rel=\"canonical\" href=\"https:\/\/www.skechers.com.tr\/blog\/kapsul-gardirop-listesi\/\" \/>\n<meta property=\"og:locale\" content=\"tr_TR\" \/>\n<meta property=\"og:type\" content=\"article\" \/>\n<meta property=\"og:title\" content=\"Kaps\u00fcl Gard\u0131rop Listesi - Kaps\u00fcl Gard\u0131rop Nas\u0131l Olu\u015fturulur? - Skechers Blog\" \/>\n<meta property=\"og:description\" content=\"Kaps\u00fcl gard\u0131rop listesi haz\u0131r! Sen de kaps\u00fcl gard\u0131rop nas\u0131l olu\u015fturulur merak ediyorsan Skechers Blog&#039;un okuyabilirsin.\" \/>\n<meta property=\"og:url\" content=\"https:\/\/www.skechers.com.tr\/blog\/kapsul-gardirop-listesi\/\" \/>\n<meta property=\"og:site_name\" content=\"Skechers Blog\" \/>\n<meta property=\"article:published_time\" content=\"2020-12-07T12:09:53+00:00\" \/>\n<meta property=\"article:modified_time\" content=\"2021-05-17T08:31:09+00:00\" \/>\n<meta property=\"og:image\" content=\"https:\/\/www.skechers.com.tr\/blog\/wp-content\/uploads\/2020\/12\/6-1-1.jpg\" \/>\n\t<meta property=\"og:image:width\" content=\"828\" \/>\n\t<meta property=\"og:image:height\" content=\"400\" \/>\n\t<meta property=\"og:image:type\" content=\"image\/jpeg\" \/>\n<meta name=\"twitter:card\" content=\"summary_large_image\" \/>\n<meta name=\"twitter:label1\" content=\"Yazan:\" \/>\n\t<meta name=\"twitter:data1\" content=\"Skechers T\u00fcrkiye\" \/>\n\t<meta name=\"twitter:label2\" content=\"Tahmini okuma s\u00fcresi\" \/>\n\t<meta name=\"twitter:data2\" content=\"6 dakika\" \/>\n<script type=\"application\/ld+json\" class=\"yoast-schema-graph\">{\"@context\":\"https:\/\/schema.org\",\"@graph\":[{\"@type\":\"WebSite\",\"@id\":\"https:\/\/www.skechers.com.tr\/blog\/#website\",\"url\":\"https:\/\/www.skechers.com.tr\/blog\/\",\"name\":\"Skechers Blog\",\"description\":\"Skechers\",\"potentialAction\":[{\"@type\":\"SearchAction\",\"target\":{\"@type\":\"EntryPoint\",\"urlTemplate\":\"https:\/\/www.skechers.com.tr\/blog\/?s={search_term_string}\"},\"query-input\":\"required name=search_term_string\"}],\"inLanguage\":\"tr\"},{\"@type\":\"ImageObject\",\"@id\":\"https:\/\/www.skechers.com.tr\/blog\/kapsul-gardirop-listesi\/#primaryimage\",\"inLanguage\":\"tr\",\"url\":\"https:\/\/www.skechers.com.tr\/blog\/wp-content\/uploads\/2020\/12\/6-1-1.jpg\",\"contentUrl\":\"https:\/\/www.skechers.com.tr\/blog\/wp-content\/uploads\/2020\/12\/6-1-1.jpg\",\"width\":828,\"height\":400,\"caption\":\"Kaps\u00fcl Gard\u0131rop Listesi\"},{\"@type\":\"WebPage\",\"@id\":\"https:\/\/www.skechers.com.tr\/blog\/kapsul-gardirop-listesi\/#webpage\",\"url\":\"https:\/\/www.skechers.com.tr\/blog\/kapsul-gardirop-listesi\/\",\"name\":\"Kaps\u00fcl Gard\u0131rop Listesi - Kaps\u00fcl Gard\u0131rop Nas\u0131l Olu\u015fturulur? - Skechers Blog\",\"isPartOf\":{\"@id\":\"https:\/\/www.skechers.com.tr\/blog\/#website\"},\"primaryImageOfPage\":{\"@id\":\"https:\/\/www.skechers.com.tr\/blog\/kapsul-gardirop-listesi\/#primaryimage\"},\"datePublished\":\"2020-12-07T12:09:53+00:00\",\"dateModified\":\"2021-05-17T08:31:09+00:00\",\"author\":{\"@id\":\"https:\/\/www.skechers.com.tr\/blog\/#\/schema\/person\/6d09a0595696524814757d23d22b4c33\"},\"description\":\"Kaps\u00fcl gard\u0131rop listesi haz\u0131r! Sen de kaps\u00fcl gard\u0131rop nas\u0131l olu\u015fturulur merak ediyorsan Skechers Blog'un okuyabilirsin.\",\"breadcrumb\":{\"@id\":\"https:\/\/www.skechers.com.tr\/blog\/kapsul-gardirop-listesi\/#breadcrumb\"},\"inLanguage\":\"tr\",\"potentialAction\":[{\"@type\":\"ReadAction\",\"target\":[\"https:\/\/www.skechers.com.tr\/blog\/kapsul-gardirop-listesi\/\"]}]},{\"@type\":\"BreadcrumbList\",\"@id\":\"https:\/\/www.skechers.com.tr\/blog\/kapsul-gardirop-listesi\/#breadcrumb\",\"itemListElement\":[{\"@type\":\"ListItem\",\"position\":1,\"name\":\"Kaps\u00fcl Gard\u0131rop Listesi &#8211; Kaps\u00fcl Gard\u0131rop Nas\u0131l Olu\u015fturulur?\"}]},{\"@type\":\"Person\",\"@id\":\"https:\/\/www.skechers.com.tr\/blog\/#\/schema\/person\/6d09a0595696524814757d23d22b4c33\",\"name\":\"Skechers T\u00fcrkiye\",\"image\":{\"@type\":\"ImageObject\",\"@id\":\"https:\/\/www.skechers.com.tr\/blog\/#personlogo\",\"inLanguage\":\"tr\",\"url\":\"https:\/\/secure.gravatar.com\/avatar\/0fc2191869a9a020b4606acf264338ae?s=96&d=mm&r=g\",\"contentUrl\":\"https:\/\/secure.gravatar.com\/avatar\/0fc2191869a9a020b4606acf264338ae?s=96&d=mm&r=g\",\"caption\":\"Skechers T\u00fcrkiye\"},\"description\":\"Skechers spor ayakkab\u0131 \u00fcr\u00fcnleri ile rahatl\u0131\u011f\u0131 ve kaliteyi hisset!\"}]}<\/script>\n<!-- \/ Yoast SEO plugin. -->","yoast_head_json":{"title":"Kaps\u00fcl Gard\u0131rop Listesi - Kaps\u00fcl Gard\u0131rop Nas\u0131l Olu\u015fturulur? - Skechers Blog","description":"Kaps\u00fcl gard\u0131rop listesi haz\u0131r! Sen de kaps\u00fcl gard\u0131rop nas\u0131l olu\u015fturulur merak ediyorsan Skechers Blog'un okuyabilirsin.","robots":{"index":"index","follow":"follow","max-snippet":"max-snippet:-1","max-image-preview":"max-image-preview:large","max-video-preview":"max-video-preview:-1"},"canonical":"https:\/\/www.skechers.com.tr\/blog\/kapsul-gardirop-listesi\/","og_locale":"tr_TR","og_type":"article","og_title":"Kaps\u00fcl Gard\u0131rop Listesi - Kaps\u00fcl Gard\u0131rop Nas\u0131l Olu\u015fturulur? - Skechers Blog","og_description":"Kaps\u00fcl gard\u0131rop listesi haz\u0131r! Sen de kaps\u00fcl gard\u0131rop nas\u0131l olu\u015fturulur merak ediyorsan Skechers Blog'un okuyabilirsin.","og_url":"https:\/\/www.skechers.com.tr\/blog\/kapsul-gardirop-listesi\/","og_site_name":"Skechers Blog","article_published_time":"2020-12-07T12:09:53+00:00","article_modified_time":"2021-05-17T08:31:09+00:00","og_image":[{"width":828,"height":400,"url":"https:\/\/www.skechers.com.tr\/blog\/wp-content\/uploads\/2020\/12\/6-1-1.jpg","type":"image\/jpeg"}],"twitter_card":"summary_large_image","twitter_misc":{"Yazan:":"Skechers T\u00fcrkiye","Tahmini okuma s\u00fcresi":"6 dakika"},"schema":{"@context":"https:\/\/schema.org","@graph":[{"@type":"WebSite","@id":"https:\/\/www.skechers.com.tr\/blog\/#website","url":"https:\/\/www.skechers.com.tr\/blog\/","name":"Skechers Blog","description":"Skechers","potentialAction":[{"@type":"SearchAction","target":{"@type":"EntryPoint","urlTemplate":"https:\/\/www.skechers.com.tr\/blog\/?s={search_term_string}"},"query-input":"required name=search_term_string"}],"inLanguage":"tr"},{"@type":"ImageObject","@id":"https:\/\/www.skechers.com.tr\/blog\/kapsul-gardirop-listesi\/#primaryimage","inLanguage":"tr","url":"https:\/\/www.skechers.com.tr\/blog\/wp-content\/uploads\/2020\/12\/6-1-1.jpg","contentUrl":"https:\/\/www.skechers.com.tr\/blog\/wp-content\/uploads\/2020\/12\/6-1-1.jpg","width":828,"height":400,"caption":"Kaps\u00fcl Gard\u0131rop Listesi"},{"@type":"WebPage","@id":"https:\/\/www.skechers.com.tr\/blog\/kapsul-gardirop-listesi\/#webpage","url":"https:\/\/www.skechers.com.tr\/blog\/kapsul-gardirop-listesi\/","name":"Kaps\u00fcl Gard\u0131rop Listesi - Kaps\u00fcl Gard\u0131rop Nas\u0131l Olu\u015fturulur? - Skechers Blog","isPartOf":{"@id":"https:\/\/www.skechers.com.tr\/blog\/#website"},"primaryImageOfPage":{"@id":"https:\/\/www.skechers.com.tr\/blog\/kapsul-gardirop-listesi\/#primaryimage"},"datePublished":"2020-12-07T12:09:53+00:00","dateModified":"2021-05-17T08:31:09+00:00","author":{"@id":"https:\/\/www.skechers.com.tr\/blog\/#\/schema\/person\/6d09a0595696524814757d23d22b4c33"},"description":"Kaps\u00fcl gard\u0131rop listesi haz\u0131r! Sen de kaps\u00fcl gard\u0131rop nas\u0131l olu\u015fturulur merak ediyorsan Skechers Blog'un okuyabilirsin.","breadcrumb":{"@id":"https:\/\/www.skechers.com.tr\/blog\/kapsul-gardirop-listesi\/#breadcrumb"},"inLanguage":"tr","potentialAction":[{"@type":"ReadAction","target":["https:\/\/www.skechers.com.tr\/blog\/kapsul-gardirop-listesi\/"]}]},{"@type":"BreadcrumbList","@id":"https:\/\/www.skechers.com.tr\/blog\/kapsul-gardirop-listesi\/#breadcrumb","itemListElement":[{"@type":"ListItem","position":1,"name":"Kaps\u00fcl Gard\u0131rop Listesi &#8211; Kaps\u00fcl Gard\u0131rop Nas\u0131l Olu\u015fturulur?"}]},{"@type":"Person","@id":"https:\/\/www.skechers.com.tr\/blog\/#\/schema\/person\/6d09a0595696524814757d23d22b4c33","name":"Skechers T\u00fcrkiye","image":{"@type":"ImageObject","@id":"https:\/\/www.skechers.com.tr\/blog\/#personlogo","inLanguage":"tr","url":"https:\/\/secure.gravatar.com\/avatar\/0fc2191869a9a020b4606acf264338ae?s=96&d=mm&r=g","contentUrl":"https:\/\/secure.gravatar.com\/avatar\/0fc2191869a9a020b4606acf264338ae?s=96&d=mm&r=g","caption":"Skechers T\u00fcrkiye"},"description":"Skechers spor ayakkab\u0131 \u00fcr\u00fcnleri ile rahatl\u0131\u011f\u0131 ve kaliteyi hisset!"}]}},"_links":{"self":[{"href":"https:\/\/www.skechers.com.tr\/blog\/wp-json\/wp\/v2\/posts\/1071"}],"collection":[{"href":"https:\/\/www.skechers.com.tr\/blog\/wp-json\/wp\/v2\/posts"}],"about":[{"href":"https:\/\/www.skechers.com.tr\/blog\/wp-json\/wp\/v2\/types\/post"}],"author":[{"embeddable":true,"href":"https:\/\/www.skechers.com.tr\/blog\/wp-json\/wp\/v2\/users\/1"}],"replies":[{"embeddable":true,"href":"https:\/\/www.skechers.com.tr\/blog\/wp-json\/wp\/v2\/comments?post=1071"}],"version-history":[{"count":4,"href":"https:\/\/www.skechers.com.tr\/blog\/wp-json\/wp\/v2\/posts\/1071\/revisions"}],"predecessor-version":[{"id":1657,"href":"https:\/\/www.skechers.com.tr\/blog\/wp-json\/wp\/v2\/posts\/1071\/revisions\/1657"}],"wp:featuredmedia":[{"embeddable":true,"href":"https:\/\/www.skechers.com.tr\/blog\/wp-json\/wp\/v2\/media\/1076"}],"wp:attachment":[{"href":"https:\/\/www.skechers.com.tr\/blog\/wp-json\/wp\/v2\/media?parent=1071"}],"wp:term":[{"taxonomy":"category","embeddable":true,"href":"https:\/\/www.skechers.com.tr\/blog\/wp-json\/wp\/v2\/categories?post=1071"},{"taxonomy":"post_tag","embeddable":true,"href":"https:\/\/www.skechers.com.tr\/blog\/wp-json\/wp\/v2\/tags?post=1071"}],"curies":[{"name":"wp","href":"https:\/\/api.w.org\/{rel}","templated":true}]}}