{"id":1055,"date":"2020-12-07T11:39:20","date_gmt":"2020-12-07T11:39:20","guid":{"rendered":"https:\/\/www.skechers.com.tr\/blog\/?p=1055"},"modified":"2025-07-08T13:07:06","modified_gmt":"2025-07-08T13:07:06","slug":"skechers-ayakkabi-garantisi","status":"publish","type":"post","link":"https:\/\/www.skechers.com.tr\/blog\/skechers-ayakkabi-garantisi\/","title":{"rendered":"Skechers Ayakkab\u0131 Garantisi"},"content":{"rendered":"<p><span style=\"font-weight: 400;\">Skechers, birbirinden \u015f\u0131k ve kaliteli \u00fcr\u00fcnleriyle kullan\u0131c\u0131lar\u0131n\u0131n konforu deneyimlemesine yard\u0131mc\u0131 oluyor. Kad\u0131n, erkek ve \u00e7ocuk \u00fcr\u00fcnleriyle her ya\u015ftan kullan\u0131c\u0131n\u0131n egzersiz s\u0131ras\u0131nda, g\u00fcnl\u00fck ya\u015famda kendini iyi hissetmesi i\u00e7in destek veren marka, 2 y\u0131l inceleme garantisi s\u00fcresiyle \u00fcr\u00fcnlerini olas\u0131 sorunlara kar\u015f\u0131 g\u00fcvence alt\u0131na al\u0131yor.\u00a0<\/span><\/p>\n<p><span style=\"font-weight: 400;\">Skechers.com.tr. ve Skechers ma\u011fazalar\u0131 \u00fczerinden al\u0131nan t\u00fcm \u00fcr\u00fcnler %100 orijinallik g\u00fcvencesiyle kullan\u0131c\u0131lara ula\u015f\u0131yor ve fatura ile teslimat\u0131 ger\u00e7ekle\u015fiyor. Ayr\u0131ca, sipari\u015f kargoya verildi\u011finde faturan\u0131n bir kopyas\u0131 \u00fcyelik mail adresine otomatik olarak g\u00f6nderiliyor. Kullan\u0131c\u0131lar faturalar\u0131 ile beraber \u00fcr\u00fcnlerin garantisinden yararlanabiliyor, teminat i\u00e7in herhangi bir ek belge sunmaya gerek olmadan al\u0131nan her \u00fcr\u00fcn i\u00e7in, fatura tarihi itibar\u0131yla garanti devreye giriyor.\u00a0<\/span><\/p>\n<h2><span style=\"font-weight: 400;\">Skechers Ayakkab\u0131 Garanti Kapsam\u0131<\/span><\/h2>\n<p><span style=\"font-weight: 400;\">Skechers ayakkab\u0131 garantisi, \u00fcretim ve materyal kaynakl\u0131 sorunlar\u0131 kaps\u0131yor. Fatura tarihi itibar\u0131yla devreye giriyor ve tam 2 y\u0131l ge\u00e7erlili\u011fini koruyor. Sorun ya\u015fanan \u00fcr\u00fcnlerin garanti kapsam\u0131nda olup olmad\u0131\u011f\u0131na inceleme sonucunda karar veriliyor. \u00dcretim ve materyal kaynakl\u0131 en s\u0131k kar\u015f\u0131la\u015f\u0131lan problemler \u015f\u00f6yle s\u0131ralan\u0131yor:\u00a0<\/span><\/p>\n<p><span style=\"font-weight: 400;\">Standart kullan\u0131mda; \u00f6n \u015ferit a\u00e7\u0131lmalar\u0131, nubuk deride \u00e7atlama, saya ve taban ba\u011flant\u0131 k\u0131s\u0131mlar\u0131nda a\u00e7\u0131lma, taban \u015feritlerinde boya \u00e7atlamas\u0131, sol\u00fcsyon kaynakl\u0131 tabanda a\u00e7\u0131lma, ayakkab\u0131n\u0131n e\u015fleri aras\u0131nda \u00fcretimden kaynakl\u0131 fort y\u00fckseklik fark\u0131 olmas\u0131, \u0131\u015f\u0131kl\u0131 modellerde \u0131\u015f\u0131k yanmama sorunu, \u015farj olamama, diki\u015f a\u00e7\u0131lmas\u0131, ba\u011fc\u0131k klipslerinin kopmas\u0131, taban a\u00e7\u0131lmas\u0131, ayakkab\u0131 ve sandaletlerdeki aksesuarlar\u0131n kopmas\u0131 garanti kapsam\u0131nda de\u011ferlendiriliyor. K\u0131sa s\u00fcreli kullan\u0131mda ya\u015fanan fort astar sorunu, deride \u00e7atlama, burun a\u00e7\u0131lmalar\u0131, Memory Foam taban \u00e7\u00f6kmesi, sol\u00fcsyon kaynakl\u0131 yanlarda a\u00e7\u0131lma problemleri garanti teminat\u0131 i\u00e7ine yer alabiliyor.\u00a0<\/span><\/p>\n<p><span style=\"font-weight: 400;\">\u00d6zenli kullan\u0131ma ra\u011fmen kal\u0131p hatas\u0131, materyal kaynakl\u0131 kusurlar gibi sebeplerle olu\u015fan deformasyonlar, garanti teminat\u0131 i\u00e7inde bulunuyor. \u0130nceleme sonucu, \u00fcr\u00fcn\u00fcn garanti kapsam\u0131na girdi\u011fine karar verildi\u011finde \u00fcr\u00fcn de\u011fi\u015fimi ger\u00e7ekle\u015ftiriliyor. <a href=\"https:\/\/www.skechers.com.tr\/blog\/skechers-deforme-oluyor-mu\/\">Skechers deforme oluyor mu<\/a> sorusu hakk\u0131nda detayl\u0131 bilgi i\u00e7in blog yaz\u0131m\u0131z\u0131 okuyabilirsin.\u00a0<\/span><\/p>\n<figure id=\"attachment_1057\" aria-describedby=\"caption-attachment-1057\" style=\"width: 828px\" class=\"wp-caption aligncenter\"><img decoding=\"async\" loading=\"lazy\" class=\"size-full wp-image-1057\" src=\"https:\/\/www.skechers.com.tr\/blog\/wp-content\/uploads\/2020\/12\/1.jpg\" alt=\"Skechers Ayakkab\u0131 Garanti Kapsam\u0131\" width=\"828\" height=\"400\" srcset=\"https:\/\/www.skechers.com.tr\/blog\/wp-content\/uploads\/2020\/12\/1.jpg 828w, https:\/\/www.skechers.com.tr\/blog\/wp-content\/uploads\/2020\/12\/1-300x145.jpg 300w, https:\/\/www.skechers.com.tr\/blog\/wp-content\/uploads\/2020\/12\/1-768x371.jpg 768w\" sizes=\"(max-width: 828px) 100vw, 828px\" \/><figcaption id=\"caption-attachment-1057\" class=\"wp-caption-text\">Skechers Ayakkab\u0131 Garanti Kapsam\u0131<\/figcaption><\/figure>\n<h3><span style=\"font-weight: 400;\">Skechers Ayakkab\u0131 Garanti S\u00fcresi<\/span><\/h3>\n<p><span style=\"font-weight: 400;\">\u00dcr\u00fcn\u00fcn fatura tarihinden itibaren 2 y\u0131l (730 g\u00fcn) s\u00fcresinde inceleme garantisi kapsam\u0131nda \u00fcr\u00fcn de\u011fi\u015fimi onaylanabiliyor. Ya\u015fanan sorunun \u00fcretimden mi yoksa kullan\u0131c\u0131 hatas\u0131ndan m\u0131 kaynakland\u0131\u011f\u0131 yap\u0131lan incelemeler sonucunda belirlenerek problemin garanti kapsam\u0131nda olup olmad\u0131\u011f\u0131na karar veriliyor. Yasal inceleme s\u00fcresi 30 i\u015f g\u00fcn\u00fc olarak belirleniyor. Skechers, \u00fcr\u00fcnleri inceleme s\u00fcresince, 30 i\u015f g\u00fcn\u00fc i\u00e7inde i\u015fleme al\u0131yor, de\u011ferlendiriyor, raporluyor ve \u00fcr\u00fcn sahipleri s\u00fcreci takip edebiliyor.\u00a0<\/span><\/p>\n<figure id=\"attachment_1060\" aria-describedby=\"caption-attachment-1060\" style=\"width: 828px\" class=\"wp-caption aligncenter\"><img decoding=\"async\" loading=\"lazy\" class=\"size-full wp-image-1060\" src=\"https:\/\/www.skechers.com.tr\/blog\/wp-content\/uploads\/2020\/12\/9.jpg\" alt=\"Skechers Ayakkab\u0131 Garanti S\u00fcresi\" width=\"828\" height=\"400\" srcset=\"https:\/\/www.skechers.com.tr\/blog\/wp-content\/uploads\/2020\/12\/9.jpg 828w, https:\/\/www.skechers.com.tr\/blog\/wp-content\/uploads\/2020\/12\/9-300x145.jpg 300w, https:\/\/www.skechers.com.tr\/blog\/wp-content\/uploads\/2020\/12\/9-768x371.jpg 768w\" sizes=\"(max-width: 828px) 100vw, 828px\" \/><figcaption id=\"caption-attachment-1060\" class=\"wp-caption-text\">Skechers Ayakkab\u0131 Garanti S\u00fcresi<\/figcaption><\/figure>\n<h3><span style=\"font-weight: 400;\">Skechers Ayakkab\u0131 Garanti \u015eartlar\u0131 Nelerdir?<\/span><\/h3>\n<p><span style=\"font-weight: 400;\">Ma\u011fazadan sipari\u015f verildi\u011finde, Skechers ayakkab\u0131 garantisinden faydalanmak i\u00e7in inceleme formu doldurmak, imzalayarak \u00fcr\u00fcn\u00fc incelemeye teslim etmek yeterli oluyor. \u00dcr\u00fcnler, fatura ve form ile birlikte inceleme biriminde i\u015fleme al\u0131n\u0131yor. Formda yazan inceleme destek talep numaras\u0131 \u00fczerinden s\u00fcre\u00e7 takip edilebiliyor. Forma yaz\u0131lan ileti\u015fim bilgileri \u00fczerinden kullan\u0131c\u0131lar s\u00fcre\u00e7 hakk\u0131nda bilgilendiriliyor.\u00a0<\/span><\/p>\n<p><span style=\"font-weight: 400;\">E\u011fer internetten sipari\u015f verildiyse, \u00fcr\u00fcn faturas\u0131 ile birlikte Skechers\u2019\u0131n inceleme adresine* g\u00f6nderiliyor. Bu adresten yaln\u0131zca Skechers.com.tr\u2019en yap\u0131lan sipari\u015fler i\u00e7in i\u015flem yap\u0131labiliyor. Anla\u015fmal\u0131 kargo firmas\u0131 arac\u0131l\u0131\u011f\u0131yla<\/span><span style=\"font-weight: 400;\">\u00a0g\u00f6nderim yap\u0131lmas\u0131 durumunda kargo bedeli Skechers taraf\u0131ndan kar\u015f\u0131lan\u0131yor. Kargo teslimat\u0131 s\u0131ras\u0131nda firmaya iade talebi oldu\u011funun beyan edilmesi gerekiyor. Skechers.com.tr sipari\u015flerinde, al\u0131\u015fveri\u015f esnas\u0131nda verilen ileti\u015fim bilgileri \u00fczerinden, inceleme s\u00fcresince m\u00fc\u015fteriler bilgilendiriliyor.\u00a0<\/span><\/p>\n<p><span style=\"font-weight: 400;\">Email ve SMS yoluyla ger\u00e7ekle\u015ftirilen bilgilendirmeler hakk\u0131nda detayl\u0131 bilgi i\u00e7in M\u00fc\u015fteri \u0130leti\u015fim Merkezine ba\u015fvurulabiliyor.<\/span><\/p>\n<p><span style=\"font-weight: 400;\">\u00dcretim veya materyal kaynakl\u0131 sorunlar tespit edildi\u011finde, ma\u011fazadan g\u00f6nderim yapan kullan\u0131c\u0131lar, ma\u011fazalara giderek de\u011fi\u015fim i\u015flemini ger\u00e7ekle\u015ftiriyor. Skechers.com.tr sipari\u015flerinde ise kullan\u0131c\u0131lar\u0131n sms ile bilgilendirilmesinin ard\u0131ndan \u00fccret iadesi yap\u0131l\u0131yor.<\/span><\/p>\n<p><span style=\"font-weight: 400;\">\u0130nceleme sonucunda, e\u011fer \u00fcr\u00fcnde kullan\u0131c\u0131 ve yanl\u0131\u015f kullan\u0131m kaynakl\u0131 bir sorun tespit edilirse, \u00fcr\u00fcn garanti kapsam\u0131 d\u0131\u015f\u0131nda kabul ediliyor. \u0130nceleme sonucunda \u00fcretim kaynakl\u0131 bir hata bulunmad\u0131\u011f\u0131nda t\u00fcketiciler bilgilendirilerek sonu\u00e7 mektubu ile \u00fcr\u00fcnleri, g\u00f6nderim yap\u0131lan ma\u011fazaya veya ki\u015filerin adresine yeniden iletiliyor. Ma\u011fazaya g\u00f6nderilen \u00fcr\u00fcnlerin, en ge\u00e7 30 g\u00fcn i\u00e7inde ma\u011fazadan teslim al\u0131nmas\u0131 gerekiyor, aksi takdirde \u00fcr\u00fcnler imha deposuna sevk edilerek imha ediliyor. T\u00fcketiciler 30 g\u00fcn ge\u00e7mesine ra\u011fmen teslim almad\u0131klar\u0131 \u00fcr\u00fcnler \u00fczerinde herhangi bir hak talep edemiyor.\u00a0<\/span><\/p>\n<figure id=\"attachment_1058\" aria-describedby=\"caption-attachment-1058\" style=\"width: 828px\" class=\"wp-caption aligncenter\"><img decoding=\"async\" loading=\"lazy\" class=\"size-full wp-image-1058\" src=\"https:\/\/www.skechers.com.tr\/blog\/wp-content\/uploads\/2020\/12\/2.jpg\" alt=\"Skechers Ayakkab\u0131 Garanti \u015eartlar\u0131 Nelerdir?\" width=\"828\" height=\"400\" srcset=\"https:\/\/www.skechers.com.tr\/blog\/wp-content\/uploads\/2020\/12\/2.jpg 828w, https:\/\/www.skechers.com.tr\/blog\/wp-content\/uploads\/2020\/12\/2-300x145.jpg 300w, https:\/\/www.skechers.com.tr\/blog\/wp-content\/uploads\/2020\/12\/2-768x371.jpg 768w\" sizes=\"(max-width: 828px) 100vw, 828px\" \/><figcaption id=\"caption-attachment-1058\" class=\"wp-caption-text\">Skechers Ayakkab\u0131 Garanti \u015eartlar\u0131 Nelerdir?<\/figcaption><\/figure>\n<h3><span style=\"font-weight: 400;\">Skechers Ayakkab\u0131 Kullan\u0131m\u0131 Nas\u0131l Olmal\u0131d\u0131r?<\/span><\/h3>\n<p><span style=\"font-weight: 400;\">Skechers ayakkab\u0131, \u00f6zenli kullan\u0131ld\u0131\u011f\u0131nda, kullan\u0131ma ba\u011fl\u0131 bir deformasyon g\u00f6r\u00fclm\u00fcyor. \u00dcr\u00fcnlerinin kullan\u0131m\u0131ndan \u00f6nce, garanti kapsam\u0131n\u0131n bilinmesi kullan\u0131c\u0131lar\u0131n yarar\u0131na g\u00f6r\u00fcl\u00fcyor. Her t\u00fcketicinin; Skechers ayakkab\u0131lar\u0131n bak\u0131m, temizlik ve kullan\u0131m \u00f6nerilerinin dikkatle incelenmesi \u00f6neriliyor.\u00a0<\/span><\/p>\n<ul>\n<li style=\"font-weight: 400;\"><span style=\"font-weight: 400;\">Ayakkab\u0131lar\u0131 giyerken ba\u011fc\u0131klar\u0131n a\u00e7\u0131lmas\u0131, sonra yeniden ba\u011flanmas\u0131 tavsiye ediliyor. B\u00f6ylece, ba\u011fc\u0131klar ba\u011fl\u0131yken giymeye \u00e7al\u0131\u015fma sonucu olu\u015fan deformasyonun \u00f6n\u00fcne ge\u00e7ilebiliyor.\u00a0<\/span><\/li>\n<li style=\"font-weight: 400;\"><span style=\"font-weight: 400;\">Ayakkab\u0131n\u0131n hi\u00e7bir \u015fekilde arka k\u0131sm\u0131na basmamak, fort b\u00f6l\u00fcm\u00fcn\u00fc k\u0131rmamak gerekiyor. Fort k\u0131sm\u0131 k\u0131r\u0131lan hi\u00e7bir ayakkab\u0131 garanti kapsam\u0131na girmiyor.\u00a0<\/span><\/li>\n<li style=\"font-weight: 400;\"><span style=\"font-weight: 400;\">Ayakkab\u0131lar\u0131 \u00e7orapla giymek \u00f6nem ta\u015f\u0131yor.\u00a0<\/span><\/li>\n<li style=\"font-weight: 400;\"><span style=\"font-weight: 400;\">Skechers <a href=\"http:\/\/www.skechers.com.tr?utm_source=blog&amp;utm_medium=content&amp;utm_campaign=skechers-ayakkabi-garantisi\">rahat ayakkab\u0131<\/a> modelleriyle al\u0131\u015fkanl\u0131k yarat\u0131yor ancak ayakkab\u0131lar\u0131 aral\u0131ks\u0131z her g\u00fcn giymek \u00f6nerilmiyor. Ayakkab\u0131lar\u0131 bir g\u00fcn giydikten sonra bir g\u00fcn dinlendirmek gerekiyor. B\u00f6ylece bakteri, koku ve deformasyon olu\u015fumunu engelleyebilirsin. Giymedi\u011fin zamanlarda ayakkab\u0131y\u0131 havaland\u0131rmal\u0131s\u0131n.\u00a0<\/span><\/li>\n<li style=\"font-weight: 400;\"><span style=\"font-weight: 400;\">Ayakkab\u0131lar\u0131n do\u011fru numarada al\u0131nmas\u0131 \u00f6nem ta\u015f\u0131yor. B\u00fcy\u00fck veya k\u00fc\u00e7\u00fck ayakkab\u0131lar almak, deformasyona sebep oluyor. Ayr\u0131ca do\u011fru numara se\u00e7imi <a href=\"https:\/\/www.skechers.com.tr\/blog\/ayak-sagligi\/\">ayak sa\u011fl\u0131\u011f\u0131<\/a> i\u00e7in de \u00f6nemli g\u00f6r\u00fcl\u00fcyor.\u00a0<\/span><\/li>\n<li style=\"font-weight: 400;\"><span style=\"font-weight: 400;\">Dolaplarda depoland\u0131\u011f\u0131nda, ayakkab\u0131lar\u0131n \u015feklinin bozulmamas\u0131 i\u00e7in i\u00e7ine kal\u0131p yerle\u015ftirmek \u00f6neriliyor. Her rafta bir ayakkab\u0131 bulunmas\u0131, \u00fcr\u00fcnlerin \u00fcst \u00fcste konulmamas\u0131 ve ezilmemesi deformasyonun \u00f6nlenmesinde etkili oluyor.\u00a0<\/span><\/li>\n<li style=\"font-weight: 400;\"><span style=\"font-weight: 400;\">\u00dczerinde <\/span><span style=\"font-weight: 400;\">\u201c<a href=\"https:\/\/www.skechers.com.tr\/su-gecirmez-ayakkabilar-c-6012?utm_source=blog&amp;utm_medium=content&amp;utm_campaign=skechers-ayakkabi-garantisi&amp;utm_term=6012\">su ge\u00e7irmez ayakkab\u0131<\/a> \u00f6zelli\u011fi mevcuttur\u201d (Goretex ve Waterproof) ibaresi bulunmayan modellerin su ge\u00e7irebilece\u011fi belirtiliyor. \u00dcst\u00fc el diki\u015fli, sara\u00e7l\u0131, kenardan diki\u015fli, sandalet monta \u00fcr\u00fcnlerin, ya\u011fmurda ve karda kullan\u0131lmas\u0131 \u00f6nerilmiyor.\u00a0<\/span><\/li>\n<li style=\"font-weight: 400;\"><span style=\"font-weight: 400;\">Ayakkab\u0131lar\u0131 g\u00fcne\u015fte b\u0131rakmamal\u0131, yo\u011fun nem ve \u0131slakl\u0131ktan uzak tutmal\u0131s\u0131n.\u00a0<\/span><\/li>\n<li style=\"font-weight: 400;\"><span style=\"font-weight: 400;\">Ayakkab\u0131lar\u0131n modeline uygun bak\u0131m ve temizlik \u00f6nerileri \u00fcr\u00fcn \u00f6zellikleri i\u00e7inde yaz\u0131yor. Ayakkab\u0131lar\u0131, \u00fcr\u00fcn bilgileri i\u00e7erisinde yazan bilgiler \u0131\u015f\u0131\u011f\u0131nda temizlemeli, hi\u00e7bir \u015fekilde a\u011fart\u0131c\u0131 kullanmadan bak\u0131m\u0131n\u0131 ger\u00e7ekle\u015ftirmelisin.<\/span><\/li>\n<li style=\"font-weight: 400;\"><span style=\"font-weight: 400;\">Skechers\u2019\u0131n ayakkab\u0131 bak\u0131m \u00fcr\u00fcnleri kullan\u0131larak ayakkab\u0131larda profesyonel temizlik etkisine ula\u015fabilirsin. Temizlik \u00fcr\u00fcnlerinin kullan\u0131m \u00f6nerileri \u015fi\u015felerin \u00fcst\u00fcnde yer al\u0131yor.\u00a0<\/span><\/li>\n<li style=\"font-weight: 400;\"><span style=\"font-weight: 400;\">E\u011fer bas\u0131\u015f ve ayak taban\u0131 problemin varsa <a href=\"https:\/\/www.skechers.com.tr\/arch-fit-c-4017?utm_source=blog&amp;utm_medium=content&amp;utm_campaign=skechers-ayakkabi-garantisi&amp;utm_term=4017\">ortopedik ayakkab\u0131<\/a> modellerini tercih etmelisin.<\/span><\/li>\n<\/ul>\n<p><!--more--><\/p>\n<p><span style=\"font-weight: 400;\">Kullan\u0131c\u0131lar, Skechers ayakkab\u0131lar\u0131 \u00f6zenli ve \u00f6nerilere uygun bir \u015fekilde kulland\u0131\u011f\u0131nda, deformasyonla ilgili herhangi bir sorun ya\u015fam\u0131yor. Kaliteli, uzun \u00f6m\u00fcrl\u00fc ve estetik modeller sunan Skechers, y\u00fczde y\u00fcz orijinallik garantisi verdi\u011fi ayakkab\u0131lar\u0131yla d\u00fcnyan\u0131n d\u00f6rt bir yan\u0131nda rahatl\u0131\u011f\u0131n kar\u015f\u0131l\u0131\u011f\u0131 oluyor.\u00a0\u00a0<\/span><\/p>\n<figure id=\"attachment_1059\" aria-describedby=\"caption-attachment-1059\" style=\"width: 828px\" class=\"wp-caption aligncenter\"><img decoding=\"async\" loading=\"lazy\" class=\"size-full wp-image-1059\" src=\"https:\/\/www.skechers.com.tr\/blog\/wp-content\/uploads\/2020\/12\/3.gif\" alt=\"Skechers Ayakkab\u0131 Kullan\u0131m\u0131 Nas\u0131l Olmal\u0131d\u0131r?\" width=\"828\" height=\"400\" \/><figcaption id=\"caption-attachment-1059\" class=\"wp-caption-text\">Skechers Ayakkab\u0131 Kullan\u0131m\u0131 Nas\u0131l Olmal\u0131d\u0131r?<\/figcaption><\/figure>\n<h3><span style=\"font-weight: 400;\">Kullan\u0131lan Skechers Ayakkab\u0131n\u0131n Garanti \u015eartlar\u0131 Nelerdir?<\/span><\/h3>\n<p><span style=\"font-weight: 400;\">Kullan\u0131lan ayakkab\u0131lar\u0131n kullan\u0131c\u0131 kaynakl\u0131 hatalar\u0131, garanti kapsam\u0131nda yer alm\u0131yor. Kullan\u0131c\u0131 kaynakl\u0131 hatalar\u0131n ba\u015f\u0131nda, kullan\u0131ma ba\u011fl\u0131 deformasyonlar s\u0131ralan\u0131yor. Kullan\u0131ma ba\u011fl\u0131 darbe ve s\u00fcrt\u00fcnmeler, t\u0131rnak y\u0131rtmas\u0131, yanl\u0131\u015f kullan\u0131ma ba\u011fl\u0131 a\u00e7\u0131lma, ba\u011fc\u0131kl\u0131 giyip \u00e7\u0131karma, topu\u011fa basma sonucu fort k\u0131r\u0131lmas\u0131, \u00e7ekme y\u0131rt\u0131lma, taban a\u015f\u0131nmas\u0131, \u00f6zensiz kullan\u0131m, yanl\u0131\u015f numara se\u00e7imi, a\u011fart\u0131c\u0131 kullanarak y\u0131kama, kimyasal madde ile temizlik, d\u0131\u015f kaynakl\u0131 leke, y\u00fcksek \u0131s\u0131da y\u0131kama, \u00e7ama\u015f\u0131r makinesinde temizlik ile olu\u015fan deformasyonlar garanti kapsam\u0131n\u0131n d\u0131\u015f\u0131nda bulunuyor.\u00a0<\/span><\/p>\n<p><span style=\"font-weight: 400;\">Ayakkab\u0131larda k\u0131sa s\u00fcreli ve \u00f6zenli kullan\u0131ma ra\u011fmen olu\u015fan deri \u00e7atlamas\u0131, sol\u00fcsyona ba\u011fl\u0131 a\u00e7\u0131lma, diki\u015f atmas\u0131, \u0131\u015f\u0131kl\u0131 modellerde \u015farj ve \u0131\u015f\u0131k s\u0131k\u0131nt\u0131s\u0131, <a href=\"https:\/\/www.skechers.com.tr\/blog\/skechers-ic-astar-yirtigi\/\">Skechers i\u00e7 astar y\u0131rt\u0131\u011f\u0131<\/a> problemleri, inceleme sonucu materyal ve \u00fcretim kaynakl\u0131 bulunursa, garanti i\u00e7erisinde de\u011ferlendiriliyor. \u00dcr\u00fcnlerin garanti kapsam\u0131nda olup olmad\u0131\u011f\u0131 uzmanlarca yap\u0131lan ayakkab\u0131 incelemesinin sonucuna g\u00f6re belirleniyor ve kullan\u0131c\u0131lar s\u00fcre\u00e7le ilgili an be an bilgilendiriliyor. Fort k\u0131r\u0131lmas\u0131 gibi bariz kullan\u0131c\u0131 hatas\u0131 bulunan ayakkab\u0131lar de\u011fi\u015fim i\u00e7in kesinlikle de\u011ferlendirmeye al\u0131nm\u0131yor.\u00a0<\/span><\/p>\n<p><span style=\"font-weight: 400;\">*: Skechers <\/span><span style=\"font-weight: 400;\">\u0130nceleme Adresi: (Sadece online al\u0131\u015fveri\u015fler i\u00e7in ge\u00e7erlidir) Ak\u00e7aburgaz Mahallesi Muhsin Yaz\u0131c\u0131o\u011flu Cad. No: 3 Esenyurt &#8211; \u0130STANBUL<\/span><\/p>\n","protected":false},"excerpt":{"rendered":"<p>Skechers, birbirinden \u015f\u0131k ve kaliteli \u00fcr\u00fcnleriyle kullan\u0131c\u0131lar\u0131n\u0131n konforu deneyimlemesine yard\u0131mc\u0131 oluyor. Kad\u0131n, erkek ve \u00e7ocuk \u00fcr\u00fcnleriyle her ya\u015ftan kullan\u0131c\u0131n\u0131n egzersiz s\u0131ras\u0131nda, g\u00fcnl\u00fck ya\u015famda kendini iyi hissetmesi i\u00e7in destek veren marka, 2 y\u0131l inceleme garantisi s\u00fcresiyle \u00fcr\u00fcnlerini olas\u0131 sorunlara kar\u015f\u0131 g\u00fcvence alt\u0131na al\u0131yor.\u00a0 Skechers.com.tr. ve Skechers ma\u011fazalar\u0131 \u00fczerinden al\u0131nan t\u00fcm \u00fcr\u00fcnler %100 orijinallik g\u00fcvencesiyle kullan\u0131c\u0131lara ula\u015f\u0131yor [&hellip;]<\/p>\n","protected":false},"author":1,"featured_media":1056,"comment_status":"open","ping_status":"open","sticky":false,"template":"","format":"standard","meta":[],"categories":[4],"tags":[],"yoast_head":"<!-- This site is optimized with the Yoast SEO plugin v18.5.1 - https:\/\/yoast.com\/wordpress\/plugins\/seo\/ -->\n<title>Skechers Ayakkab\u0131 Garantisi - Skechers Blog | Skechers Ayakkab\u0131 Garanti<\/title>\n<meta name=\"description\" content=\"Skechers ayakkab\u0131 garantisi hakk\u0131nda detayl\u0131 bilgi seninle. Skechers ayakkab\u0131 garanti kapsam\u0131, s\u00fcreci ve daha bir\u00e7ok detay i\u00e7in hemen t\u0131kla.\" \/>\n<meta name=\"robots\" content=\"index, follow, max-snippet:-1, max-image-preview:large, max-video-preview:-1\" \/>\n<link rel=\"canonical\" href=\"https:\/\/www.skechers.com.tr\/blog\/skechers-ayakkabi-garantisi\/\" \/>\n<meta property=\"og:locale\" content=\"tr_TR\" \/>\n<meta property=\"og:type\" content=\"article\" \/>\n<meta property=\"og:title\" content=\"Skechers Ayakkab\u0131 Garantisi - Skechers Blog | Skechers Ayakkab\u0131 Garanti\" \/>\n<meta property=\"og:description\" content=\"Skechers ayakkab\u0131 garantisi hakk\u0131nda detayl\u0131 bilgi seninle. Skechers ayakkab\u0131 garanti kapsam\u0131, s\u00fcreci ve daha bir\u00e7ok detay i\u00e7in hemen t\u0131kla.\" \/>\n<meta property=\"og:url\" content=\"https:\/\/www.skechers.com.tr\/blog\/skechers-ayakkabi-garantisi\/\" \/>\n<meta property=\"og:site_name\" content=\"Skechers Blog\" \/>\n<meta property=\"article:published_time\" content=\"2020-12-07T11:39:20+00:00\" \/>\n<meta property=\"article:modified_time\" content=\"2025-07-08T13:07:06+00:00\" \/>\n<meta property=\"og:image\" content=\"https:\/\/www.skechers.com.tr\/blog\/wp-content\/uploads\/2020\/12\/6.jpg\" \/>\n\t<meta property=\"og:image:width\" content=\"828\" \/>\n\t<meta property=\"og:image:height\" content=\"400\" \/>\n\t<meta property=\"og:image:type\" content=\"image\/jpeg\" \/>\n<meta name=\"twitter:card\" content=\"summary_large_image\" \/>\n<meta name=\"twitter:label1\" content=\"Yazan:\" \/>\n\t<meta name=\"twitter:data1\" content=\"Skechers T\u00fcrkiye\" \/>\n\t<meta name=\"twitter:label2\" content=\"Tahmini okuma s\u00fcresi\" \/>\n\t<meta name=\"twitter:data2\" content=\"8 dakika\" \/>\n<script type=\"application\/ld+json\" class=\"yoast-schema-graph\">{\"@context\":\"https:\/\/schema.org\",\"@graph\":[{\"@type\":\"WebSite\",\"@id\":\"https:\/\/www.skechers.com.tr\/blog\/#website\",\"url\":\"https:\/\/www.skechers.com.tr\/blog\/\",\"name\":\"Skechers Blog\",\"description\":\"Skechers\",\"potentialAction\":[{\"@type\":\"SearchAction\",\"target\":{\"@type\":\"EntryPoint\",\"urlTemplate\":\"https:\/\/www.skechers.com.tr\/blog\/?s={search_term_string}\"},\"query-input\":\"required name=search_term_string\"}],\"inLanguage\":\"tr\"},{\"@type\":\"ImageObject\",\"@id\":\"https:\/\/www.skechers.com.tr\/blog\/skechers-ayakkabi-garantisi\/#primaryimage\",\"inLanguage\":\"tr\",\"url\":\"https:\/\/www.skechers.com.tr\/blog\/wp-content\/uploads\/2020\/12\/6.jpg\",\"contentUrl\":\"https:\/\/www.skechers.com.tr\/blog\/wp-content\/uploads\/2020\/12\/6.jpg\",\"width\":828,\"height\":400,\"caption\":\"Skechers Ayakkab\u0131 Garantisi\"},{\"@type\":\"WebPage\",\"@id\":\"https:\/\/www.skechers.com.tr\/blog\/skechers-ayakkabi-garantisi\/#webpage\",\"url\":\"https:\/\/www.skechers.com.tr\/blog\/skechers-ayakkabi-garantisi\/\",\"name\":\"Skechers Ayakkab\u0131 Garantisi - Skechers Blog | Skechers Ayakkab\u0131 Garanti\",\"isPartOf\":{\"@id\":\"https:\/\/www.skechers.com.tr\/blog\/#website\"},\"primaryImageOfPage\":{\"@id\":\"https:\/\/www.skechers.com.tr\/blog\/skechers-ayakkabi-garantisi\/#primaryimage\"},\"datePublished\":\"2020-12-07T11:39:20+00:00\",\"dateModified\":\"2025-07-08T13:07:06+00:00\",\"author\":{\"@id\":\"https:\/\/www.skechers.com.tr\/blog\/#\/schema\/person\/6d09a0595696524814757d23d22b4c33\"},\"description\":\"Skechers ayakkab\u0131 garantisi hakk\u0131nda detayl\u0131 bilgi seninle. Skechers ayakkab\u0131 garanti kapsam\u0131, s\u00fcreci ve daha bir\u00e7ok detay i\u00e7in hemen t\u0131kla.\",\"breadcrumb\":{\"@id\":\"https:\/\/www.skechers.com.tr\/blog\/skechers-ayakkabi-garantisi\/#breadcrumb\"},\"inLanguage\":\"tr\",\"potentialAction\":[{\"@type\":\"ReadAction\",\"target\":[\"https:\/\/www.skechers.com.tr\/blog\/skechers-ayakkabi-garantisi\/\"]}]},{\"@type\":\"BreadcrumbList\",\"@id\":\"https:\/\/www.skechers.com.tr\/blog\/skechers-ayakkabi-garantisi\/#breadcrumb\",\"itemListElement\":[{\"@type\":\"ListItem\",\"position\":1,\"name\":\"Skechers Ayakkab\u0131 Garantisi\"}]},{\"@type\":\"Person\",\"@id\":\"https:\/\/www.skechers.com.tr\/blog\/#\/schema\/person\/6d09a0595696524814757d23d22b4c33\",\"name\":\"Skechers T\u00fcrkiye\",\"image\":{\"@type\":\"ImageObject\",\"@id\":\"https:\/\/www.skechers.com.tr\/blog\/#personlogo\",\"inLanguage\":\"tr\",\"url\":\"https:\/\/secure.gravatar.com\/avatar\/0fc2191869a9a020b4606acf264338ae?s=96&d=mm&r=g\",\"contentUrl\":\"https:\/\/secure.gravatar.com\/avatar\/0fc2191869a9a020b4606acf264338ae?s=96&d=mm&r=g\",\"caption\":\"Skechers T\u00fcrkiye\"},\"description\":\"Skechers spor ayakkab\u0131 \u00fcr\u00fcnleri ile rahatl\u0131\u011f\u0131 ve kaliteyi hisset!\"}]}<\/script>\n<!-- \/ Yoast SEO plugin. -->","yoast_head_json":{"title":"Skechers Ayakkab\u0131 Garantisi - Skechers Blog | Skechers Ayakkab\u0131 Garanti","description":"Skechers ayakkab\u0131 garantisi hakk\u0131nda detayl\u0131 bilgi seninle. Skechers ayakkab\u0131 garanti kapsam\u0131, s\u00fcreci ve daha bir\u00e7ok detay i\u00e7in hemen t\u0131kla.","robots":{"index":"index","follow":"follow","max-snippet":"max-snippet:-1","max-image-preview":"max-image-preview:large","max-video-preview":"max-video-preview:-1"},"canonical":"https:\/\/www.skechers.com.tr\/blog\/skechers-ayakkabi-garantisi\/","og_locale":"tr_TR","og_type":"article","og_title":"Skechers Ayakkab\u0131 Garantisi - Skechers Blog | Skechers Ayakkab\u0131 Garanti","og_description":"Skechers ayakkab\u0131 garantisi hakk\u0131nda detayl\u0131 bilgi seninle. Skechers ayakkab\u0131 garanti kapsam\u0131, s\u00fcreci ve daha bir\u00e7ok detay i\u00e7in hemen t\u0131kla.","og_url":"https:\/\/www.skechers.com.tr\/blog\/skechers-ayakkabi-garantisi\/","og_site_name":"Skechers Blog","article_published_time":"2020-12-07T11:39:20+00:00","article_modified_time":"2025-07-08T13:07:06+00:00","og_image":[{"width":828,"height":400,"url":"https:\/\/www.skechers.com.tr\/blog\/wp-content\/uploads\/2020\/12\/6.jpg","type":"image\/jpeg"}],"twitter_card":"summary_large_image","twitter_misc":{"Yazan:":"Skechers T\u00fcrkiye","Tahmini okuma s\u00fcresi":"8 dakika"},"schema":{"@context":"https:\/\/schema.org","@graph":[{"@type":"WebSite","@id":"https:\/\/www.skechers.com.tr\/blog\/#website","url":"https:\/\/www.skechers.com.tr\/blog\/","name":"Skechers Blog","description":"Skechers","potentialAction":[{"@type":"SearchAction","target":{"@type":"EntryPoint","urlTemplate":"https:\/\/www.skechers.com.tr\/blog\/?s={search_term_string}"},"query-input":"required name=search_term_string"}],"inLanguage":"tr"},{"@type":"ImageObject","@id":"https:\/\/www.skechers.com.tr\/blog\/skechers-ayakkabi-garantisi\/#primaryimage","inLanguage":"tr","url":"https:\/\/www.skechers.com.tr\/blog\/wp-content\/uploads\/2020\/12\/6.jpg","contentUrl":"https:\/\/www.skechers.com.tr\/blog\/wp-content\/uploads\/2020\/12\/6.jpg","width":828,"height":400,"caption":"Skechers Ayakkab\u0131 Garantisi"},{"@type":"WebPage","@id":"https:\/\/www.skechers.com.tr\/blog\/skechers-ayakkabi-garantisi\/#webpage","url":"https:\/\/www.skechers.com.tr\/blog\/skechers-ayakkabi-garantisi\/","name":"Skechers Ayakkab\u0131 Garantisi - Skechers Blog | Skechers Ayakkab\u0131 Garanti","isPartOf":{"@id":"https:\/\/www.skechers.com.tr\/blog\/#website"},"primaryImageOfPage":{"@id":"https:\/\/www.skechers.com.tr\/blog\/skechers-ayakkabi-garantisi\/#primaryimage"},"datePublished":"2020-12-07T11:39:20+00:00","dateModified":"2025-07-08T13:07:06+00:00","author":{"@id":"https:\/\/www.skechers.com.tr\/blog\/#\/schema\/person\/6d09a0595696524814757d23d22b4c33"},"description":"Skechers ayakkab\u0131 garantisi hakk\u0131nda detayl\u0131 bilgi seninle. Skechers ayakkab\u0131 garanti kapsam\u0131, s\u00fcreci ve daha bir\u00e7ok detay i\u00e7in hemen t\u0131kla.","breadcrumb":{"@id":"https:\/\/www.skechers.com.tr\/blog\/skechers-ayakkabi-garantisi\/#breadcrumb"},"inLanguage":"tr","potentialAction":[{"@type":"ReadAction","target":["https:\/\/www.skechers.com.tr\/blog\/skechers-ayakkabi-garantisi\/"]}]},{"@type":"BreadcrumbList","@id":"https:\/\/www.skechers.com.tr\/blog\/skechers-ayakkabi-garantisi\/#breadcrumb","itemListElement":[{"@type":"ListItem","position":1,"name":"Skechers Ayakkab\u0131 Garantisi"}]},{"@type":"Person","@id":"https:\/\/www.skechers.com.tr\/blog\/#\/schema\/person\/6d09a0595696524814757d23d22b4c33","name":"Skechers T\u00fcrkiye","image":{"@type":"ImageObject","@id":"https:\/\/www.skechers.com.tr\/blog\/#personlogo","inLanguage":"tr","url":"https:\/\/secure.gravatar.com\/avatar\/0fc2191869a9a020b4606acf264338ae?s=96&d=mm&r=g","contentUrl":"https:\/\/secure.gravatar.com\/avatar\/0fc2191869a9a020b4606acf264338ae?s=96&d=mm&r=g","caption":"Skechers T\u00fcrkiye"},"description":"Skechers spor ayakkab\u0131 \u00fcr\u00fcnleri ile rahatl\u0131\u011f\u0131 ve kaliteyi hisset!"}]}},"_links":{"self":[{"href":"https:\/\/www.skechers.com.tr\/blog\/wp-json\/wp\/v2\/posts\/1055"}],"collection":[{"href":"https:\/\/www.skechers.com.tr\/blog\/wp-json\/wp\/v2\/posts"}],"about":[{"href":"https:\/\/www.skechers.com.tr\/blog\/wp-json\/wp\/v2\/types\/post"}],"author":[{"embeddable":true,"href":"https:\/\/www.skechers.com.tr\/blog\/wp-json\/wp\/v2\/users\/1"}],"replies":[{"embeddable":true,"href":"https:\/\/www.skechers.com.tr\/blog\/wp-json\/wp\/v2\/comments?post=1055"}],"version-history":[{"count":10,"href":"https:\/\/www.skechers.com.tr\/blog\/wp-json\/wp\/v2\/posts\/1055\/revisions"}],"predecessor-version":[{"id":3249,"href":"https:\/\/www.skechers.com.tr\/blog\/wp-json\/wp\/v2\/posts\/1055\/revisions\/3249"}],"wp:featuredmedia":[{"embeddable":true,"href":"https:\/\/www.skechers.com.tr\/blog\/wp-json\/wp\/v2\/media\/1056"}],"wp:attachment":[{"href":"https:\/\/www.skechers.com.tr\/blog\/wp-json\/wp\/v2\/media?parent=1055"}],"wp:term":[{"taxonomy":"category","embeddable":true,"href":"https:\/\/www.skechers.com.tr\/blog\/wp-json\/wp\/v2\/categories?post=1055"},{"taxonomy":"post_tag","embeddable":true,"href":"https:\/\/www.skechers.com.tr\/blog\/wp-json\/wp\/v2\/tags?post=1055"}],"curies":[{"name":"wp","href":"https:\/\/api.w.org\/{rel}","templated":true}]}}